{"id":10159,"date":"2020-02-25T11:19:00","date_gmt":"2020-02-25T11:19:00","guid":{"rendered":"https:\/\/euricse.staging.hgblu.com\/?p=10159"},"modified":"2020-02-28T11:20:52","modified_gmt":"2020-02-28T11:20:52","slug":"il-futuro-dellagricoltura-sociale-2","status":"publish","type":"post","link":"https:\/\/euricse.eu\/it\/il-futuro-dellagricoltura-sociale-2\/","title":{"rendered":"Il futuro dell\u2019agricoltura sociale"},"content":{"rendered":"\n<p>Il 21 febbraio, nella cornice di&nbsp;<a href=\"https:\/\/www.facebook.com\/villaitaliapadova\/?__tn__=%2CdK%2AF-R&amp;eid=ARBPeFJcTz62q4j17DRCyxT8OTwTqphtVIg0RGMcmn-Tqp3VJ7qMgvqrwFXAm-m1xHGw8mrvx-BreGiF\">Villa Italia<\/a>&nbsp;a Padova, abbiamo parlato del futuro della cooperazione nell\u2019ambito dell\u2019agricoltura sociale in Veneto. Questo all\u2019indomani dell\u2019approvazione in Consiglio Regionale della legge che includer\u00e0 le fattorie sociali nel sistema sociosanitario del Veneto.<br>L&#8217;evento&nbsp;<a href=\"https:\/\/www.facebook.com\/hashtag\/coop4work?epa=HASHTAG\">#coop4work<\/a>&nbsp;ha visto la partecipazione di Irecoop Veneto, Regione del Veneto, Federsolidariet\u00e0 Nazionale, Confcooperative Veneto ed Universit\u00e0 degli Studi di Padova.<\/p>\n\n\n\n<figure class=\"wp-block-image size-large is-style-default\"><img loading=\"lazy\" decoding=\"async\" width=\"1024\" height=\"768\" src=\"https:\/\/euricse.eu\/wp-content\/uploads\/2020\/02\/87164270_2752493248120503_3671912522266443776_o-1024x768.jpg\" alt=\"\" class=\"wp-image-10162\" srcset=\"https:\/\/euricse.eu\/wp-content\/uploads\/2020\/02\/87164270_2752493248120503_3671912522266443776_o-1024x768.jpg 1024w, https:\/\/euricse.eu\/wp-content\/uploads\/2020\/02\/87164270_2752493248120503_3671912522266443776_o-300x225.jpg 300w, https:\/\/euricse.eu\/wp-content\/uploads\/2020\/02\/87164270_2752493248120503_3671912522266443776_o-533x400.jpg 533w, https:\/\/euricse.eu\/wp-content\/uploads\/2020\/02\/87164270_2752493248120503_3671912522266443776_o-768x576.jpg 768w, https:\/\/euricse.eu\/wp-content\/uploads\/2020\/02\/87164270_2752493248120503_3671912522266443776_o-1536x1152.jpg 1536w, https:\/\/euricse.eu\/wp-content\/uploads\/2020\/02\/87164270_2752493248120503_3671912522266443776_o.jpg 1600w\" sizes=\"auto, (max-width: 1024px) 100vw, 1024px\" \/><\/figure>\n\n\n\n<p>\u201c<em>L\u2019inclusione sociale attraverso l\u2019agricoltura offre opportunit\u00e0 molto ampie di integrazione e di inserimento e pu\u00f2 essere una risposta molto appropriata ai bisogni del territorio<\/em>\u201d spiega Roberto Baldo, presidente di Federsolidariet\u00e0 del Veneto, parte in causa del progetto insieme a Confcooperative Veneto, rappresentata dal presidente Ugo Campagnaro. \u201c<em>Coop4work nasce con l\u2019obiettivo di creare una rete, un confronto stabile e duraturo tra i vari attori \u2013 sottolinea Paola Spinuso, responsabile dell\u2019area agroalimentare Irecooop Veneto \u2013 la finalit\u00e0 \u00e8 quella di conoscere e far conoscere l\u2019agricoltura sociale. Coop4work&nbsp;vuole essere un logo inteso non tanto in senso grafico ma come identit\u00e0<\/em>\u201c.<\/p>\n\n\n\n<p>Agricoltura e sociale sono due mondi che storicamente hanno lavorato insieme. Poi si sono messe di mezzo l\u2019industrializzazione e la meccanizzazione che hanno portato ad un arresto. Oggi per\u00f2 c\u2019\u00e8 una ripresa come \u00e8 emerso dallo studio condotto da Jacopo Sforzi, ricercatore Euricse: \u201c<em>Oggi siamo di fronte ad una maggiore sensibilit\u00e0 verso le produzioni&nbsp;agricole stesse (biologico, consumo critico) e anche i consumatori sono pi\u00f9 attenti a cosa sta dietro ad ogni prodotto. Questo d\u00e0 l\u2019opportunit\u00e0 di tornare a produzioni di tipo manuali, offrendo quindi nuove opportunit\u00e0 di inserimento lavorativo anche a soggetti che hanno tipologie di svantaggio. Si riaprono quindi spazi per modificare le produzioni agricole ma per farlo \u00e8 fondamentale coinvolgere il mondo sociale<\/em>\u201c.&nbsp;<\/p>\n","protected":false},"excerpt":{"rendered":"<p>Il 21 febbraio, nella cornice di&nbsp;Villa Italia&nbsp;a Padova, abbiamo parlato del futuro della cooperazione nell\u2019ambito dell\u2019agricoltura sociale in Veneto. Questo all\u2019indomani dell\u2019approvazione in Consiglio Regionale della legge che includer\u00e0 le fattorie sociali nel sistema sociosanitario del Veneto.L&#8217;evento&nbsp;#coop4work&nbsp;ha visto la partecipazione di Irecoop Veneto, Regione del Veneto, Federsolidariet\u00e0 Nazionale, Confcooperative Veneto ed Universit\u00e0 degli Studi di [&hellip;]<\/p>\n","protected":false},"author":30,"featured_media":10160,"comment_status":"open","ping_status":"closed","sticky":false,"template":"","format":"standard","meta":{"_acf_changed":false,"episode_type":"","audio_file":"","cover_image":"","cover_image_id":"","duration":"","filesize":"","date_recorded":"","explicit":"","block":"","itunes_episode_number":"","itunes_title":"","itunes_season_number":"","itunes_episode_type":"","filesize_raw":"","footnotes":""},"categories":[14,17],"tags":[],"class_list":["post-10159","post","type-post","status-publish","format-standard","has-post-thumbnail","hentry","category-blog-it","category-news-it"],"acf":[],"yoast_head":"<!-- This site is optimized with the Yoast SEO plugin v26.1.1 - https:\/\/yoast.com\/wordpress\/plugins\/seo\/ -->\n<title>Il futuro dell\u2019agricoltura sociale - Euricse<\/title>\n<meta name=\"robots\" content=\"index, follow, max-snippet:-1, max-image-preview:large, max-video-preview:-1\" \/>\n<link rel=\"canonical\" href=\"https:\/\/euricse.eu\/it\/il-futuro-dellagricoltura-sociale-2\/\" \/>\n<meta property=\"og:locale\" content=\"it_IT\" \/>\n<meta property=\"og:type\" content=\"article\" \/>\n<meta property=\"og:title\" content=\"Il futuro dell\u2019agricoltura sociale - Euricse\" \/>\n<meta property=\"og:description\" content=\"Il 21 febbraio, nella cornice di&nbsp;Villa Italia&nbsp;a Padova, abbiamo parlato del futuro della cooperazione nell\u2019ambito dell\u2019agricoltura sociale in Veneto. Questo all\u2019indomani dell\u2019approvazione in Consiglio Regionale della legge che includer\u00e0 le fattorie sociali nel sistema sociosanitario del Veneto.L&#8217;evento&nbsp;#coop4work&nbsp;ha visto la partecipazione di Irecoop Veneto, Regione del Veneto, Federsolidariet\u00e0 Nazionale, Confcooperative Veneto ed Universit\u00e0 degli Studi di [&hellip;]\" \/>\n<meta property=\"og:url\" content=\"https:\/\/euricse.eu\/it\/il-futuro-dellagricoltura-sociale-2\/\" \/>\n<meta property=\"og:site_name\" content=\"Euricse\" \/>\n<meta property=\"article:published_time\" content=\"2020-02-25T11:19:00+00:00\" \/>\n<meta property=\"article:modified_time\" content=\"2020-02-28T11:20:52+00:00\" \/>\n<meta property=\"og:image\" content=\"https:\/\/euricse.eu\/wp-content\/uploads\/2020\/02\/87180384_2752492441453917_6754691265373143040_o.jpg\" \/>\n\t<meta property=\"og:image:width\" content=\"1600\" \/>\n\t<meta property=\"og:image:height\" content=\"1200\" \/>\n\t<meta property=\"og:image:type\" content=\"image\/jpeg\" \/>\n<meta name=\"author\" content=\"redazione\" \/>\n<meta name=\"twitter:card\" content=\"summary_large_image\" \/>\n<meta name=\"twitter:label1\" content=\"Scritto da\" \/>\n\t<meta name=\"twitter:data1\" content=\"redazione\" \/>\n\t<meta name=\"twitter:label2\" content=\"Tempo di lettura stimato\" \/>\n\t<meta name=\"twitter:data2\" content=\"1 minuto\" \/>\n<script type=\"application\/ld+json\" class=\"yoast-schema-graph\">{\"@context\":\"https:\/\/schema.org\",\"@graph\":[{\"@type\":\"WebPage\",\"@id\":\"https:\/\/euricse.eu\/it\/il-futuro-dellagricoltura-sociale-2\/\",\"url\":\"https:\/\/euricse.eu\/it\/il-futuro-dellagricoltura-sociale-2\/\",\"name\":\"Il futuro dell\u2019agricoltura sociale - Euricse\",\"isPartOf\":{\"@id\":\"https:\/\/euricse.eu\/en\/#website\"},\"primaryImageOfPage\":{\"@id\":\"https:\/\/euricse.eu\/it\/il-futuro-dellagricoltura-sociale-2\/#primaryimage\"},\"image\":{\"@id\":\"https:\/\/euricse.eu\/it\/il-futuro-dellagricoltura-sociale-2\/#primaryimage\"},\"thumbnailUrl\":\"https:\/\/euricse.eu\/wp-content\/uploads\/2020\/02\/87180384_2752492441453917_6754691265373143040_o.jpg\",\"datePublished\":\"2020-02-25T11:19:00+00:00\",\"dateModified\":\"2020-02-28T11:20:52+00:00\",\"author\":{\"@id\":\"https:\/\/euricse.eu\/en\/#\/schema\/person\/46be9426d76e3114ba478b69f3d8040b\"},\"breadcrumb\":{\"@id\":\"https:\/\/euricse.eu\/it\/il-futuro-dellagricoltura-sociale-2\/#breadcrumb\"},\"inLanguage\":\"it-IT\",\"potentialAction\":[{\"@type\":\"ReadAction\",\"target\":[\"https:\/\/euricse.eu\/it\/il-futuro-dellagricoltura-sociale-2\/\"]}]},{\"@type\":\"ImageObject\",\"inLanguage\":\"it-IT\",\"@id\":\"https:\/\/euricse.eu\/it\/il-futuro-dellagricoltura-sociale-2\/#primaryimage\",\"url\":\"https:\/\/euricse.eu\/wp-content\/uploads\/2020\/02\/87180384_2752492441453917_6754691265373143040_o.jpg\",\"contentUrl\":\"https:\/\/euricse.eu\/wp-content\/uploads\/2020\/02\/87180384_2752492441453917_6754691265373143040_o.jpg\",\"width\":1600,\"height\":1200},{\"@type\":\"BreadcrumbList\",\"@id\":\"https:\/\/euricse.eu\/it\/il-futuro-dellagricoltura-sociale-2\/#breadcrumb\",\"itemListElement\":[{\"@type\":\"ListItem\",\"position\":1,\"name\":\"Home\",\"item\":\"https:\/\/euricse.eu\/it\/\"},{\"@type\":\"ListItem\",\"position\":2,\"name\":\"Il futuro dell\u2019agricoltura sociale\"}]},{\"@type\":\"WebSite\",\"@id\":\"https:\/\/euricse.eu\/en\/#website\",\"url\":\"https:\/\/euricse.eu\/en\/\",\"name\":\"Euricse\",\"description\":\"Knowledge and innovation for cooperative and social enterprises.\",\"potentialAction\":[{\"@type\":\"SearchAction\",\"target\":{\"@type\":\"EntryPoint\",\"urlTemplate\":\"https:\/\/euricse.eu\/en\/?s={search_term_string}\"},\"query-input\":{\"@type\":\"PropertyValueSpecification\",\"valueRequired\":true,\"valueName\":\"search_term_string\"}}],\"inLanguage\":\"it-IT\"},{\"@type\":\"Person\",\"@id\":\"https:\/\/euricse.eu\/en\/#\/schema\/person\/46be9426d76e3114ba478b69f3d8040b\",\"name\":\"redazione\",\"image\":{\"@type\":\"ImageObject\",\"inLanguage\":\"it-IT\",\"@id\":\"https:\/\/euricse.eu\/en\/#\/schema\/person\/image\/\",\"url\":\"https:\/\/secure.gravatar.com\/avatar\/d1e5fb76fa001722a0822f32de0a8935d9c7a01b0f055f16dc71df73252c3c50?s=96&d=mm&r=g\",\"contentUrl\":\"https:\/\/secure.gravatar.com\/avatar\/d1e5fb76fa001722a0822f32de0a8935d9c7a01b0f055f16dc71df73252c3c50?s=96&d=mm&r=g\",\"caption\":\"redazione\"},\"url\":\"https:\/\/euricse.eu\/it\/author\/marikadmin\/\"}]}<\/script>\n<!-- \/ Yoast SEO plugin. -->","yoast_head_json":{"title":"Il futuro dell\u2019agricoltura sociale - Euricse","robots":{"index":"index","follow":"follow","max-snippet":"max-snippet:-1","max-image-preview":"max-image-preview:large","max-video-preview":"max-video-preview:-1"},"canonical":"https:\/\/euricse.eu\/it\/il-futuro-dellagricoltura-sociale-2\/","og_locale":"it_IT","og_type":"article","og_title":"Il futuro dell\u2019agricoltura sociale - Euricse","og_description":"Il 21 febbraio, nella cornice di&nbsp;Villa Italia&nbsp;a Padova, abbiamo parlato del futuro della cooperazione nell\u2019ambito dell\u2019agricoltura sociale in Veneto. Questo all\u2019indomani dell\u2019approvazione in Consiglio Regionale della legge che includer\u00e0 le fattorie sociali nel sistema sociosanitario del Veneto.L&#8217;evento&nbsp;#coop4work&nbsp;ha visto la partecipazione di Irecoop Veneto, Regione del Veneto, Federsolidariet\u00e0 Nazionale, Confcooperative Veneto ed Universit\u00e0 degli Studi di [&hellip;]","og_url":"https:\/\/euricse.eu\/it\/il-futuro-dellagricoltura-sociale-2\/","og_site_name":"Euricse","article_published_time":"2020-02-25T11:19:00+00:00","article_modified_time":"2020-02-28T11:20:52+00:00","og_image":[{"width":1600,"height":1200,"url":"https:\/\/euricse.eu\/wp-content\/uploads\/2020\/02\/87180384_2752492441453917_6754691265373143040_o.jpg","type":"image\/jpeg"}],"author":"redazione","twitter_card":"summary_large_image","twitter_misc":{"Scritto da":"redazione","Tempo di lettura stimato":"1 minuto"},"schema":{"@context":"https:\/\/schema.org","@graph":[{"@type":"WebPage","@id":"https:\/\/euricse.eu\/it\/il-futuro-dellagricoltura-sociale-2\/","url":"https:\/\/euricse.eu\/it\/il-futuro-dellagricoltura-sociale-2\/","name":"Il futuro dell\u2019agricoltura sociale - Euricse","isPartOf":{"@id":"https:\/\/euricse.eu\/en\/#website"},"primaryImageOfPage":{"@id":"https:\/\/euricse.eu\/it\/il-futuro-dellagricoltura-sociale-2\/#primaryimage"},"image":{"@id":"https:\/\/euricse.eu\/it\/il-futuro-dellagricoltura-sociale-2\/#primaryimage"},"thumbnailUrl":"https:\/\/euricse.eu\/wp-content\/uploads\/2020\/02\/87180384_2752492441453917_6754691265373143040_o.jpg","datePublished":"2020-02-25T11:19:00+00:00","dateModified":"2020-02-28T11:20:52+00:00","author":{"@id":"https:\/\/euricse.eu\/en\/#\/schema\/person\/46be9426d76e3114ba478b69f3d8040b"},"breadcrumb":{"@id":"https:\/\/euricse.eu\/it\/il-futuro-dellagricoltura-sociale-2\/#breadcrumb"},"inLanguage":"it-IT","potentialAction":[{"@type":"ReadAction","target":["https:\/\/euricse.eu\/it\/il-futuro-dellagricoltura-sociale-2\/"]}]},{"@type":"ImageObject","inLanguage":"it-IT","@id":"https:\/\/euricse.eu\/it\/il-futuro-dellagricoltura-sociale-2\/#primaryimage","url":"https:\/\/euricse.eu\/wp-content\/uploads\/2020\/02\/87180384_2752492441453917_6754691265373143040_o.jpg","contentUrl":"https:\/\/euricse.eu\/wp-content\/uploads\/2020\/02\/87180384_2752492441453917_6754691265373143040_o.jpg","width":1600,"height":1200},{"@type":"BreadcrumbList","@id":"https:\/\/euricse.eu\/it\/il-futuro-dellagricoltura-sociale-2\/#breadcrumb","itemListElement":[{"@type":"ListItem","position":1,"name":"Home","item":"https:\/\/euricse.eu\/it\/"},{"@type":"ListItem","position":2,"name":"Il futuro dell\u2019agricoltura sociale"}]},{"@type":"WebSite","@id":"https:\/\/euricse.eu\/en\/#website","url":"https:\/\/euricse.eu\/en\/","name":"Euricse","description":"Knowledge and innovation for cooperative and social enterprises.","potentialAction":[{"@type":"SearchAction","target":{"@type":"EntryPoint","urlTemplate":"https:\/\/euricse.eu\/en\/?s={search_term_string}"},"query-input":{"@type":"PropertyValueSpecification","valueRequired":true,"valueName":"search_term_string"}}],"inLanguage":"it-IT"},{"@type":"Person","@id":"https:\/\/euricse.eu\/en\/#\/schema\/person\/46be9426d76e3114ba478b69f3d8040b","name":"redazione","image":{"@type":"ImageObject","inLanguage":"it-IT","@id":"https:\/\/euricse.eu\/en\/#\/schema\/person\/image\/","url":"https:\/\/secure.gravatar.com\/avatar\/d1e5fb76fa001722a0822f32de0a8935d9c7a01b0f055f16dc71df73252c3c50?s=96&d=mm&r=g","contentUrl":"https:\/\/secure.gravatar.com\/avatar\/d1e5fb76fa001722a0822f32de0a8935d9c7a01b0f055f16dc71df73252c3c50?s=96&d=mm&r=g","caption":"redazione"},"url":"https:\/\/euricse.eu\/it\/author\/marikadmin\/"}]}},"_links":{"self":[{"href":"https:\/\/euricse.eu\/it\/wp-json\/wp\/v2\/posts\/10159","targetHints":{"allow":["GET"]}}],"collection":[{"href":"https:\/\/euricse.eu\/it\/wp-json\/wp\/v2\/posts"}],"about":[{"href":"https:\/\/euricse.eu\/it\/wp-json\/wp\/v2\/types\/post"}],"author":[{"embeddable":true,"href":"https:\/\/euricse.eu\/it\/wp-json\/wp\/v2\/users\/30"}],"replies":[{"embeddable":true,"href":"https:\/\/euricse.eu\/it\/wp-json\/wp\/v2\/comments?post=10159"}],"version-history":[{"count":0,"href":"https:\/\/euricse.eu\/it\/wp-json\/wp\/v2\/posts\/10159\/revisions"}],"wp:featuredmedia":[{"embeddable":true,"href":"https:\/\/euricse.eu\/it\/wp-json\/wp\/v2\/media\/10160"}],"wp:attachment":[{"href":"https:\/\/euricse.eu\/it\/wp-json\/wp\/v2\/media?parent=10159"}],"wp:term":[{"taxonomy":"category","embeddable":true,"href":"https:\/\/euricse.eu\/it\/wp-json\/wp\/v2\/categories?post=10159"},{"taxonomy":"post_tag","embeddable":true,"href":"https:\/\/euricse.eu\/it\/wp-json\/wp\/v2\/tags?post=10159"}],"curies":[{"name":"wp","href":"https:\/\/api.w.org\/{rel}","templated":true}]}}