{"id":10183,"date":"2020-04-01T14:37:01","date_gmt":"2020-04-01T13:37:01","guid":{"rendered":"https:\/\/euricse.staging.hgblu.com\/?p=10183"},"modified":"2020-04-01T15:46:00","modified_gmt":"2020-04-01T14:46:00","slug":"coronavirus-e-terzo-settore","status":"publish","type":"post","link":"https:\/\/euricse.eu\/it\/coronavirus-e-terzo-settore\/","title":{"rendered":"Coronavirus e Terzo Settore"},"content":{"rendered":"\n<p>In questo tempo straordinario di sospensione delle nostre vite quotidiane, in cui tante delle cose che siamo abituati a dare per scontate vengono a mancare, c\u2019\u00e8 una generale \u2013 anche se non certo unanime &#8211; riscoperta di valori a cui la nostra societ\u00e0 e il nostro stile di vita hanno dato sempre meno peso: il tempo per s\u00e9, le relazioni con gli altri, il senso civico, la solidariet\u00e0. Paradossalmente, proprio nel momento in cui le relazioni interpersonali vengono limitate al massimo ci riscopriamo comunit\u00e0. Riscopriamo che i nostri destini sono inesorabilmente intrecciati, che quello che fa ognuno di noi impatta sul prossimo e vice versa. E che in una societ\u00e0 sempre pi\u00f9 individualista \u00e8 la dimensione collettiva quella da cui dipende davvero il nostro futuro.&nbsp;<\/p>\n\n\n\n<p>Cos\u00ec nell\u2019emergenza viene data giusta enfasi ai comportamenti solidaristici: dalla solidariet\u00e0 tra vicini di casa, nei gesti concreti e nei gesti simbolici che rimbalzano in questi giorni da un balcone all\u2019altro, alla solidariet\u00e0 con chi compie il proprio dovere \u201cin prima linea\u201d, sia medico, infermiere o addetto alle pulizie nei reparti di terapia intensiva; alla solidariet\u00e0 sociale in senso ampio nei confronti delle persone, delle imprese e delle organizzazioni che stanno soffrendo le conseguenze anche economiche della crisi sanitaria che sta investendo il mondo intero.&nbsp;&nbsp;<\/p>\n\n\n\n<p>Ecco, in questo richiamo all\u2019importanza della solidariet\u00e0 bisogna stare attenti a non dimenticarsi di chi la solidariet\u00e0 l\u2019ha sempre praticata nel quotidiano, fino a farne l\u2019oggetto del proprio lavoro. Di quelle organizzazioni che nella cura delle relazioni e nell\u2019erogazione di servizi sociali trovano la propria ragion d\u2019essere. E che anche adesso, nel mezzo dell\u2019emergenza sanitaria, continuano ad impegnarsi e ad erogare servizi tra mille difficolt\u00e0 e lontano dall\u2019attenzione mediatica \u2013 dalle associazioni che assistono le persone senza fissa dimora ai lavoratori delle cooperative sociali impegnati nelle pulizie di ospedali e case di riposo.&nbsp;<\/p>\n\n\n\n<p>In altre parole il mondo degli enti di terzo settore, che come noto \u00e8 stato colpito molto duramente dallo stato di emergenza in atto. Quando parliamo di questo mondo parliamo di un patrimonio collettivo di risorse, di relazioni, di competenze su cui tutti abbiamo fatto affidamento e da cui dipende in modo imprescindibile il nostro sistema di welfare. Un patrimonio che rischia di essere significativamente compromesso se non vengono prese misure urgenti per tutelarlo, e che non deve uscire dalla crisi ridimensionato perch\u00e9 nei prossimi mesi e anni ne avremo ancora pi\u00f9 bisogno che nel passato.<\/p>\n\n\n\n<p>Bisogna quindi guardare in primo luogo agli enti pubblici, dal governo nazionale fino alle amministrazioni locali, perch\u00e9 si ricordino di chi eroga i servizi di interesse generale ai loro cittadini, spesso partecipando attivamente anche alla programmazione sociale e alla progettazione degli interventi. E adottino quindi tutti i provvedimenti necessari per far s\u00ec che questa capacit\u00e0 di dare risposta ai bisogni (destinati ad aumentare a seguito di questa crisi) non venga a mancare. Ma bisogna anche pensare a ci\u00f2 che si pu\u00f2 fare per mobilitare risorse private, nelle forme pi\u00f9 disparate: donazioni, lasciti, investimenti, volontariato. Il decreto Cura Italia introduce interventi di sostegno innovativi: spetta ora alle amministrazioni regionali&nbsp; adottarli, adattandoli se necessario ai vari contesti locali.<\/p>\n\n\n\n<p>Se saremo capaci di apprendere da questa emergenza potremmo trovarci a vivere in un mondo pi\u00f9 solidale, pi\u00f9 attento alla dimensione collettiva (dei problemi e delle risposte), pi\u00f9 equilibrato nel suo modello di sviluppo. Il primo banco di prova sar\u00e0 la cura che metteremo nel proteggere le persone e le organizzazioni che hanno sempre operato in questa direzione.<\/p>\n\n\n\n<p><\/p>\n","protected":false},"excerpt":{"rendered":"<p>In questo tempo straordinario di sospensione delle nostre vite quotidiane, in cui tante delle cose che siamo abituati a dare per scontate vengono a mancare, c\u2019\u00e8 una generale \u2013 anche se non certo unanime &#8211; riscoperta di valori a cui la nostra societ\u00e0 e il nostro stile di vita hanno dato sempre meno peso: il [&hellip;]<\/p>\n","protected":false},"author":30,"featured_media":10184,"comment_status":"open","ping_status":"closed","sticky":false,"template":"","format":"standard","meta":{"_acf_changed":false,"episode_type":"","audio_file":"","cover_image":"","cover_image_id":"","duration":"","filesize":"","date_recorded":"","explicit":"","block":"","itunes_episode_number":"","itunes_title":"","itunes_season_number":"","itunes_episode_type":"","filesize_raw":"","footnotes":""},"categories":[14,17],"tags":[280],"class_list":["post-10183","post","type-post","status-publish","format-standard","has-post-thumbnail","hentry","category-blog-it","category-news-it","tag-terzo-settore"],"acf":[],"yoast_head":"<!-- This site is optimized with the Yoast SEO plugin v26.1.1 - https:\/\/yoast.com\/wordpress\/plugins\/seo\/ -->\n<title>Coronavirus e Terzo Settore - Euricse<\/title>\n<meta name=\"robots\" content=\"index, follow, max-snippet:-1, max-image-preview:large, max-video-preview:-1\" \/>\n<link rel=\"canonical\" href=\"https:\/\/euricse.eu\/it\/coronavirus-e-terzo-settore\/\" \/>\n<meta property=\"og:locale\" content=\"it_IT\" \/>\n<meta property=\"og:type\" content=\"article\" \/>\n<meta property=\"og:title\" content=\"Coronavirus e Terzo Settore - Euricse\" \/>\n<meta property=\"og:description\" content=\"In questo tempo straordinario di sospensione delle nostre vite quotidiane, in cui tante delle cose che siamo abituati a dare per scontate vengono a mancare, c\u2019\u00e8 una generale \u2013 anche se non certo unanime &#8211; riscoperta di valori a cui la nostra societ\u00e0 e il nostro stile di vita hanno dato sempre meno peso: il [&hellip;]\" \/>\n<meta property=\"og:url\" content=\"https:\/\/euricse.eu\/it\/coronavirus-e-terzo-settore\/\" \/>\n<meta property=\"og:site_name\" content=\"Euricse\" \/>\n<meta property=\"article:published_time\" content=\"2020-04-01T13:37:01+00:00\" \/>\n<meta property=\"article:modified_time\" content=\"2020-04-01T14:46:00+00:00\" \/>\n<meta property=\"og:image\" content=\"https:\/\/euricse.eu\/wp-content\/uploads\/2020\/04\/pexels-photo-3536511.jpeg\" \/>\n\t<meta property=\"og:image:width\" content=\"1880\" \/>\n\t<meta property=\"og:image:height\" content=\"1256\" \/>\n\t<meta property=\"og:image:type\" content=\"image\/jpeg\" \/>\n<meta name=\"author\" content=\"redazione\" \/>\n<meta name=\"twitter:card\" content=\"summary_large_image\" \/>\n<meta name=\"twitter:label1\" content=\"Scritto da\" \/>\n\t<meta name=\"twitter:data1\" content=\"redazione\" \/>\n\t<meta name=\"twitter:label2\" content=\"Tempo di lettura stimato\" \/>\n\t<meta name=\"twitter:data2\" content=\"3 minuti\" \/>\n<script type=\"application\/ld+json\" class=\"yoast-schema-graph\">{\"@context\":\"https:\/\/schema.org\",\"@graph\":[{\"@type\":\"WebPage\",\"@id\":\"https:\/\/euricse.eu\/it\/coronavirus-e-terzo-settore\/\",\"url\":\"https:\/\/euricse.eu\/it\/coronavirus-e-terzo-settore\/\",\"name\":\"Coronavirus e Terzo Settore - Euricse\",\"isPartOf\":{\"@id\":\"https:\/\/euricse.eu\/en\/#website\"},\"primaryImageOfPage\":{\"@id\":\"https:\/\/euricse.eu\/it\/coronavirus-e-terzo-settore\/#primaryimage\"},\"image\":{\"@id\":\"https:\/\/euricse.eu\/it\/coronavirus-e-terzo-settore\/#primaryimage\"},\"thumbnailUrl\":\"https:\/\/euricse.eu\/wp-content\/uploads\/2020\/04\/pexels-photo-3536511.jpeg\",\"datePublished\":\"2020-04-01T13:37:01+00:00\",\"dateModified\":\"2020-04-01T14:46:00+00:00\",\"author\":{\"@id\":\"https:\/\/euricse.eu\/en\/#\/schema\/person\/46be9426d76e3114ba478b69f3d8040b\"},\"breadcrumb\":{\"@id\":\"https:\/\/euricse.eu\/it\/coronavirus-e-terzo-settore\/#breadcrumb\"},\"inLanguage\":\"it-IT\",\"potentialAction\":[{\"@type\":\"ReadAction\",\"target\":[\"https:\/\/euricse.eu\/it\/coronavirus-e-terzo-settore\/\"]}]},{\"@type\":\"ImageObject\",\"inLanguage\":\"it-IT\",\"@id\":\"https:\/\/euricse.eu\/it\/coronavirus-e-terzo-settore\/#primaryimage\",\"url\":\"https:\/\/euricse.eu\/wp-content\/uploads\/2020\/04\/pexels-photo-3536511.jpeg\",\"contentUrl\":\"https:\/\/euricse.eu\/wp-content\/uploads\/2020\/04\/pexels-photo-3536511.jpeg\",\"width\":1880,\"height\":1256},{\"@type\":\"BreadcrumbList\",\"@id\":\"https:\/\/euricse.eu\/it\/coronavirus-e-terzo-settore\/#breadcrumb\",\"itemListElement\":[{\"@type\":\"ListItem\",\"position\":1,\"name\":\"Home\",\"item\":\"https:\/\/euricse.eu\/it\/\"},{\"@type\":\"ListItem\",\"position\":2,\"name\":\"Coronavirus e Terzo Settore\"}]},{\"@type\":\"WebSite\",\"@id\":\"https:\/\/euricse.eu\/en\/#website\",\"url\":\"https:\/\/euricse.eu\/en\/\",\"name\":\"Euricse\",\"description\":\"Knowledge and innovation for cooperative and social enterprises.\",\"potentialAction\":[{\"@type\":\"SearchAction\",\"target\":{\"@type\":\"EntryPoint\",\"urlTemplate\":\"https:\/\/euricse.eu\/en\/?s={search_term_string}\"},\"query-input\":{\"@type\":\"PropertyValueSpecification\",\"valueRequired\":true,\"valueName\":\"search_term_string\"}}],\"inLanguage\":\"it-IT\"},{\"@type\":\"Person\",\"@id\":\"https:\/\/euricse.eu\/en\/#\/schema\/person\/46be9426d76e3114ba478b69f3d8040b\",\"name\":\"redazione\",\"image\":{\"@type\":\"ImageObject\",\"inLanguage\":\"it-IT\",\"@id\":\"https:\/\/euricse.eu\/en\/#\/schema\/person\/image\/\",\"url\":\"https:\/\/secure.gravatar.com\/avatar\/d1e5fb76fa001722a0822f32de0a8935d9c7a01b0f055f16dc71df73252c3c50?s=96&d=mm&r=g\",\"contentUrl\":\"https:\/\/secure.gravatar.com\/avatar\/d1e5fb76fa001722a0822f32de0a8935d9c7a01b0f055f16dc71df73252c3c50?s=96&d=mm&r=g\",\"caption\":\"redazione\"},\"url\":\"https:\/\/euricse.eu\/it\/author\/marikadmin\/\"}]}<\/script>\n<!-- \/ Yoast SEO plugin. -->","yoast_head_json":{"title":"Coronavirus e Terzo Settore - Euricse","robots":{"index":"index","follow":"follow","max-snippet":"max-snippet:-1","max-image-preview":"max-image-preview:large","max-video-preview":"max-video-preview:-1"},"canonical":"https:\/\/euricse.eu\/it\/coronavirus-e-terzo-settore\/","og_locale":"it_IT","og_type":"article","og_title":"Coronavirus e Terzo Settore - Euricse","og_description":"In questo tempo straordinario di sospensione delle nostre vite quotidiane, in cui tante delle cose che siamo abituati a dare per scontate vengono a mancare, c\u2019\u00e8 una generale \u2013 anche se non certo unanime &#8211; riscoperta di valori a cui la nostra societ\u00e0 e il nostro stile di vita hanno dato sempre meno peso: il [&hellip;]","og_url":"https:\/\/euricse.eu\/it\/coronavirus-e-terzo-settore\/","og_site_name":"Euricse","article_published_time":"2020-04-01T13:37:01+00:00","article_modified_time":"2020-04-01T14:46:00+00:00","og_image":[{"width":1880,"height":1256,"url":"https:\/\/euricse.eu\/wp-content\/uploads\/2020\/04\/pexels-photo-3536511.jpeg","type":"image\/jpeg"}],"author":"redazione","twitter_card":"summary_large_image","twitter_misc":{"Scritto da":"redazione","Tempo di lettura stimato":"3 minuti"},"schema":{"@context":"https:\/\/schema.org","@graph":[{"@type":"WebPage","@id":"https:\/\/euricse.eu\/it\/coronavirus-e-terzo-settore\/","url":"https:\/\/euricse.eu\/it\/coronavirus-e-terzo-settore\/","name":"Coronavirus e Terzo Settore - Euricse","isPartOf":{"@id":"https:\/\/euricse.eu\/en\/#website"},"primaryImageOfPage":{"@id":"https:\/\/euricse.eu\/it\/coronavirus-e-terzo-settore\/#primaryimage"},"image":{"@id":"https:\/\/euricse.eu\/it\/coronavirus-e-terzo-settore\/#primaryimage"},"thumbnailUrl":"https:\/\/euricse.eu\/wp-content\/uploads\/2020\/04\/pexels-photo-3536511.jpeg","datePublished":"2020-04-01T13:37:01+00:00","dateModified":"2020-04-01T14:46:00+00:00","author":{"@id":"https:\/\/euricse.eu\/en\/#\/schema\/person\/46be9426d76e3114ba478b69f3d8040b"},"breadcrumb":{"@id":"https:\/\/euricse.eu\/it\/coronavirus-e-terzo-settore\/#breadcrumb"},"inLanguage":"it-IT","potentialAction":[{"@type":"ReadAction","target":["https:\/\/euricse.eu\/it\/coronavirus-e-terzo-settore\/"]}]},{"@type":"ImageObject","inLanguage":"it-IT","@id":"https:\/\/euricse.eu\/it\/coronavirus-e-terzo-settore\/#primaryimage","url":"https:\/\/euricse.eu\/wp-content\/uploads\/2020\/04\/pexels-photo-3536511.jpeg","contentUrl":"https:\/\/euricse.eu\/wp-content\/uploads\/2020\/04\/pexels-photo-3536511.jpeg","width":1880,"height":1256},{"@type":"BreadcrumbList","@id":"https:\/\/euricse.eu\/it\/coronavirus-e-terzo-settore\/#breadcrumb","itemListElement":[{"@type":"ListItem","position":1,"name":"Home","item":"https:\/\/euricse.eu\/it\/"},{"@type":"ListItem","position":2,"name":"Coronavirus e Terzo Settore"}]},{"@type":"WebSite","@id":"https:\/\/euricse.eu\/en\/#website","url":"https:\/\/euricse.eu\/en\/","name":"Euricse","description":"Knowledge and innovation for cooperative and social enterprises.","potentialAction":[{"@type":"SearchAction","target":{"@type":"EntryPoint","urlTemplate":"https:\/\/euricse.eu\/en\/?s={search_term_string}"},"query-input":{"@type":"PropertyValueSpecification","valueRequired":true,"valueName":"search_term_string"}}],"inLanguage":"it-IT"},{"@type":"Person","@id":"https:\/\/euricse.eu\/en\/#\/schema\/person\/46be9426d76e3114ba478b69f3d8040b","name":"redazione","image":{"@type":"ImageObject","inLanguage":"it-IT","@id":"https:\/\/euricse.eu\/en\/#\/schema\/person\/image\/","url":"https:\/\/secure.gravatar.com\/avatar\/d1e5fb76fa001722a0822f32de0a8935d9c7a01b0f055f16dc71df73252c3c50?s=96&d=mm&r=g","contentUrl":"https:\/\/secure.gravatar.com\/avatar\/d1e5fb76fa001722a0822f32de0a8935d9c7a01b0f055f16dc71df73252c3c50?s=96&d=mm&r=g","caption":"redazione"},"url":"https:\/\/euricse.eu\/it\/author\/marikadmin\/"}]}},"_links":{"self":[{"href":"https:\/\/euricse.eu\/it\/wp-json\/wp\/v2\/posts\/10183","targetHints":{"allow":["GET"]}}],"collection":[{"href":"https:\/\/euricse.eu\/it\/wp-json\/wp\/v2\/posts"}],"about":[{"href":"https:\/\/euricse.eu\/it\/wp-json\/wp\/v2\/types\/post"}],"author":[{"embeddable":true,"href":"https:\/\/euricse.eu\/it\/wp-json\/wp\/v2\/users\/30"}],"replies":[{"embeddable":true,"href":"https:\/\/euricse.eu\/it\/wp-json\/wp\/v2\/comments?post=10183"}],"version-history":[{"count":0,"href":"https:\/\/euricse.eu\/it\/wp-json\/wp\/v2\/posts\/10183\/revisions"}],"wp:featuredmedia":[{"embeddable":true,"href":"https:\/\/euricse.eu\/it\/wp-json\/wp\/v2\/media\/10184"}],"wp:attachment":[{"href":"https:\/\/euricse.eu\/it\/wp-json\/wp\/v2\/media?parent=10183"}],"wp:term":[{"taxonomy":"category","embeddable":true,"href":"https:\/\/euricse.eu\/it\/wp-json\/wp\/v2\/categories?post=10183"},{"taxonomy":"post_tag","embeddable":true,"href":"https:\/\/euricse.eu\/it\/wp-json\/wp\/v2\/tags?post=10183"}],"curies":[{"name":"wp","href":"https:\/\/api.w.org\/{rel}","templated":true}]}}