{"id":10244,"date":"2020-04-15T21:19:35","date_gmt":"2020-04-15T20:19:35","guid":{"rendered":"https:\/\/euricse.staging.hgblu.com\/?p=10244"},"modified":"2020-04-15T21:19:36","modified_gmt":"2020-04-15T20:19:36","slug":"valutare-limpatto-sociale-nei-progetti-sullo-spazio-pubblico","status":"publish","type":"post","link":"https:\/\/euricse.eu\/it\/valutare-limpatto-sociale-nei-progetti-sullo-spazio-pubblico\/","title":{"rendered":"Valutare l&#8217;impatto sociale nei progetti sullo spazio pubblico"},"content":{"rendered":"\n<p><\/p>\n\n\n\n<p>Questo intervento, curato da Sara Depedri, \u00e8 parte degli atti del convegno &#8220;<strong>Quartieri di qualit\u00e0. Una riflessione a partire dagli spazi intorno alle scuole<\/strong>&#8221; del 17 gennaio 2020. L&#8217;evento \u00e8 stato organizzato da <strong>Scuola Pascoli \u2013 Fondazione per la Scuola della Compagnia di San Paolo<\/strong> di Torino.  <\/p>\n\n\n\n<hr class=\"wp-block-separator\"\/>\n\n\n\n<p><\/p>\n\n\n\n<p>Si parte da cosa sia la valutazione dell&#8217;impatto sociale, riportando una definizione, quella usata oggi anche giuridicamente, che delinea la <em><strong>valutazione dell&#8217;impatto<\/strong> come ricaduta di breve medio e lungo periodo, di natura sia quantitativa che qualitativa, di un&#8217;attivit\u00e0 sulla sua collettivit\u00e0 e quindi sulla totalit\u00e0 dei soggetti all&#8217;interno di un determinato territorio<\/em>. Parlare di impatto sociale significa appunto andare innanzitutto al di l\u00e0 di quelli che sono gli elementi esclusivamente monetari. \u00c8 vero che la grande discussione talvolta \u00e8 quella che anche gli elementi di natura qualitativa, anche il benessere delle persone, pu\u00f2 essere poi monetizzato e oggettivizzato, e in questa direzione si sono mossi alcuni dei sistemi di calcolo della valutazione dell&#8217;impatto sociale.<\/p>\n\n\n\n<p>Tuttavia, alcune dimensioni hanno una <strong>natura valoriale<\/strong> che \u00e8 ben diversa da quella monetaria: parliamo della crescita delle persone in termini di felicit\u00e0, di benessere e di elementi culturali, di conoscenza, di capitale sociale (dalla fiducia che si ha nel prossimo, a come si spende il proprio tempo all&#8217;interno della societ\u00e0, alle relazioni che si coltivano).<\/p>\n\n\n\n<p>Questi elementi hanno una natura qualitativa alla quale molto spesso \u00e8 impossibile dare poi un valore economico. Tuttavia, si tratta molto spesso di elementi che possiamo quantificare dal punto di vista numerico, dal punto di vista del risultato, dal punto di vista di indicatori; e quindi il compito di una&nbsp; valutazione&nbsp;dell&#8217;impatto&nbsp;sociale \u00e8 proprio&nbsp;quello di cercare di trovare i giusti indici e i giusti indicatori per riuscire ad&nbsp;esprimere tutte queste ricadute.<\/p>\n\n\n\n<p><strong>Quali sono in sostanza i cambiamenti che un ente o un&#8217;azione producono <\/strong>all&#8217;interno dei territori, all&#8217;interno della societ\u00e0, non guardando soltanto alla loro presenza per un anno ma anche a quelli che sono i movimenti, le interazioni progressive e quindi le ricadute pi\u00f9 di lungo periodo e quello che potr\u00e0 essere lasciato? Si parlava poc&#8217;anzi di un effetto dell&#8217;ambiente intorno alle scuole sulle percezioni dei bambini e sul correlato senso civico nell&#8217;adulto di domani. <strong>Questo \u00e8 impatto sociale<\/strong>.<\/p>\n\n\n\n<p>L&#8217;impatto sociale\n\u00e8\nquindi tanto\npi\u00f9 forte quanto\npi\u00f9 le azioni sono in grado di influenzare\nquel tessuto sociale, quel comportamento. Con ricadute anche\npotenzialmente poi di tipo\neconomico. Ecco perch\u00e9\nla valutazione dell&#8217;impatto sociale, tecnicamente, molte volte si associa anche a una catena di\ncreazione del valore dell&#8217;impatto sociale, nella quale si fanno riflessioni\nsulle risorse che sono state investite nell&#8217;azione, sui processi attivati\n(anche in modo innovativo, come nel caso dell&#8217;attivazione della cittadinanza),\nsu quelli che sono i risultati concreti delle azioni, intendendo i risultati\nverificabili nel breve ma anche appunto le ricadute nel lungo periodo. Una\nvalutazione complessa, realizzata secondo schemi che guardano all&#8217;efficienza, all&#8217;efficacia e agli impatti tutti\ndelle azioni ad interesse sociale.<\/p>\n\n\n\n<p>Fare valutazione dell&#8217;impatto sociale di un&#8217;azione che ha rigenerato e destinato a nuovo uso lo spazio pubblico cosa significa allora? Parto dalla definizione di <strong>spazio pubblico<\/strong>. In una prima accezione, esso pu\u00f2 essere definito come <em>un sistema di vuoti urbani, e ci\u00f2 soprattutto dal punto di vista pi\u00f9 architettonico e urbanistico<\/em>. Dall&#8217;altra tuttavia lo spazio pubblico \u00e8 anche da leggere come &#8220;<strong>bene pubblico<\/strong>&#8220;, quindi -soprattutto dal punto di vista economico ma anche sociologico- come <em>&#8220;risorsa&#8221; con caratteristiche d&#8217;uso sociale, collettivo<\/em>. Comparando le definizioni la differenza \u00e8 assoluta: lo spazio come vuoto da una parte, lo spazio nella sua destinazione d&#8217;uso e nella capacit\u00e0 di sfruttarlo in una determinata finalit\u00e0 sociale dall&#8217;altra. \u00c8 proprio guardando a questa differenza di definizione che possiamo inserire la riflessione sul valutare l&#8217;impatto sociale di azioni che siano fatte all&#8217;interno dello spazio pubblico, azioni che permettono di trasformare il luogo da &#8220;vuoto urbano&#8221; &#8211; da spazio non utilizzato se non per finalit\u00e0 di transito&nbsp; e comunque non percepito &#8211; a spazio nel quale si costruisce relazione sociale, si costruiscono momenti di incontro e di confronto, si genera un valore aggiunto in termini di benessere delle persone e si riducono esternalit\u00e0 negative come quelle legate al degrado dello spazio pubblico. Investire su azioni che rigenerino gli spazi, anche semplicemente aumentando la &#8220;bellezza percepita&#8221; di un luogo pubblico crea una esternalit\u00e0 positiva, un maggiore senso di benessere.<\/p>\n\n\n\n<p>Ci\u00f2 come dimensione di impatto pi\u00f9 semplice ed individuale. Ma nel caso di azioni in cui il cittadino \u00e8 addirittura chiamato ad investire esso stesso nella rigenerazione di un luogo pubblico \u00e8 comprensibile come si attivino cambiamenti comportamentali: <em>dal senso di partecipazione alla volont\u00e0 di contribuzione al bene comune, al nuovo atteggiamento verso il bene pubblico al benessere individuale nel goderne<\/em>. Con un possibile impatto indiretto ulteriore nel lungo periodo, poich\u00e9 le persone sono portate ad assegnare una nuova rilevanza allo spazio pubblico, una nuova destinazione d&#8217;uso, con maggiore probabilit\u00e0 di contribuire successivamente al suo mantenimento o al suo<strong> <\/strong>ulteriore abbellimento, trasformando il senso collettivo di quel luogo.<\/p>\n\n\n\n<p>Chiaro ora il perch\u00e9 ha senso valutare l&#8217;impatto sociale all&#8217;interno dello spazio pubblico&nbsp; e cosa&nbsp; pu\u00f2&nbsp; misurare&nbsp; la&nbsp; valutazione&nbsp; d&#8217;impatto&nbsp; sociale all&#8217;interno dello&nbsp;spazio pubblico. <strong>Essa&nbsp;pu\u00f2&nbsp; misurare quello che non \u00e8 esclusivamente&nbsp;materiale, ma quello che genera miglioramenti nella qualit\u00e0 della vita dei singoli e nella collettivit\u00e0 all&#8217;interno di un territorio, di un quartiere, della citt\u00e0<\/strong>. Su queste dimensioni \u00e8 utile lavorare per dimostrare quanto, sia dal punto di vista economico che dal punto di vista sociale, il mettere insieme anche attori di genere diverso, ente pubblico con attori di terzo settore ma anche con la cittadinanza stessa che si pu\u00f2 fare attiva in questi processi, pu\u00f2 generare un benessere, pu\u00f2 generare valore economico e sociale, non solo di breve ma soprattutto di medio e di lungo periodo.<\/p>\n\n\n\n<div style=\"height:49px\" aria-hidden=\"true\" class=\"wp-block-spacer\"><\/div>\n","protected":false},"excerpt":{"rendered":"<p>Questo intervento, curato da Sara Depedri, \u00e8 parte degli atti del convegno &#8220;Quartieri di qualit\u00e0. Una riflessione a partire dagli spazi intorno alle scuole&#8221; del 17 gennaio 2020. L&#8217;evento \u00e8 stato organizzato da Scuola Pascoli \u2013 Fondazione per la Scuola della Compagnia di San Paolo di Torino. Si parte da cosa sia la valutazione dell&#8217;impatto [&hellip;]<\/p>\n","protected":false},"author":30,"featured_media":10248,"comment_status":"open","ping_status":"closed","sticky":false,"template":"","format":"standard","meta":{"_acf_changed":false,"episode_type":"","audio_file":"","cover_image":"","cover_image_id":"","duration":"","filesize":"","date_recorded":"","explicit":"","block":"","itunes_episode_number":"","itunes_title":"","itunes_season_number":"","itunes_episode_type":"","filesize_raw":"","footnotes":""},"categories":[14],"tags":[261,381],"class_list":["post-10244","post","type-post","status-publish","format-standard","has-post-thumbnail","hentry","category-blog-it","tag-impatto-sociale","tag-impact"],"acf":[],"yoast_head":"<!-- This site is optimized with the Yoast SEO plugin v26.1.1 - https:\/\/yoast.com\/wordpress\/plugins\/seo\/ -->\n<title>Valutare l&#039;impatto sociale nei progetti sullo spazio pubblico - Euricse<\/title>\n<meta name=\"robots\" content=\"index, follow, max-snippet:-1, max-image-preview:large, max-video-preview:-1\" \/>\n<link rel=\"canonical\" href=\"https:\/\/euricse.eu\/it\/valutare-limpatto-sociale-nei-progetti-sullo-spazio-pubblico\/\" \/>\n<meta property=\"og:locale\" content=\"it_IT\" \/>\n<meta property=\"og:type\" content=\"article\" \/>\n<meta property=\"og:title\" content=\"Valutare l&#039;impatto sociale nei progetti sullo spazio pubblico - Euricse\" \/>\n<meta property=\"og:description\" content=\"Questo intervento, curato da Sara Depedri, \u00e8 parte degli atti del convegno &#8220;Quartieri di qualit\u00e0. Una riflessione a partire dagli spazi intorno alle scuole&#8221; del 17 gennaio 2020. L&#8217;evento \u00e8 stato organizzato da Scuola Pascoli \u2013 Fondazione per la Scuola della Compagnia di San Paolo di Torino. Si parte da cosa sia la valutazione dell&#8217;impatto [&hellip;]\" \/>\n<meta property=\"og:url\" content=\"https:\/\/euricse.eu\/it\/valutare-limpatto-sociale-nei-progetti-sullo-spazio-pubblico\/\" \/>\n<meta property=\"og:site_name\" content=\"Euricse\" \/>\n<meta property=\"article:published_time\" content=\"2020-04-15T20:19:35+00:00\" \/>\n<meta property=\"article:modified_time\" content=\"2020-04-15T20:19:36+00:00\" \/>\n<meta property=\"og:image\" content=\"https:\/\/euricse.eu\/wp-content\/uploads\/2020\/04\/pexels-photo-227675.jpeg\" \/>\n\t<meta property=\"og:image:width\" content=\"1880\" \/>\n\t<meta property=\"og:image:height\" content=\"1255\" \/>\n\t<meta property=\"og:image:type\" content=\"image\/jpeg\" \/>\n<meta name=\"author\" content=\"redazione\" \/>\n<meta name=\"twitter:card\" content=\"summary_large_image\" \/>\n<meta name=\"twitter:label1\" content=\"Scritto da\" \/>\n\t<meta name=\"twitter:data1\" content=\"redazione\" \/>\n\t<meta name=\"twitter:label2\" content=\"Tempo di lettura stimato\" \/>\n\t<meta name=\"twitter:data2\" content=\"5 minuti\" \/>\n<script type=\"application\/ld+json\" class=\"yoast-schema-graph\">{\"@context\":\"https:\/\/schema.org\",\"@graph\":[{\"@type\":\"WebPage\",\"@id\":\"https:\/\/euricse.eu\/it\/valutare-limpatto-sociale-nei-progetti-sullo-spazio-pubblico\/\",\"url\":\"https:\/\/euricse.eu\/it\/valutare-limpatto-sociale-nei-progetti-sullo-spazio-pubblico\/\",\"name\":\"Valutare l'impatto sociale nei progetti sullo spazio pubblico - Euricse\",\"isPartOf\":{\"@id\":\"https:\/\/euricse.eu\/en\/#website\"},\"primaryImageOfPage\":{\"@id\":\"https:\/\/euricse.eu\/it\/valutare-limpatto-sociale-nei-progetti-sullo-spazio-pubblico\/#primaryimage\"},\"image\":{\"@id\":\"https:\/\/euricse.eu\/it\/valutare-limpatto-sociale-nei-progetti-sullo-spazio-pubblico\/#primaryimage\"},\"thumbnailUrl\":\"https:\/\/euricse.eu\/wp-content\/uploads\/2020\/04\/pexels-photo-227675.jpeg\",\"datePublished\":\"2020-04-15T20:19:35+00:00\",\"dateModified\":\"2020-04-15T20:19:36+00:00\",\"author\":{\"@id\":\"https:\/\/euricse.eu\/en\/#\/schema\/person\/46be9426d76e3114ba478b69f3d8040b\"},\"breadcrumb\":{\"@id\":\"https:\/\/euricse.eu\/it\/valutare-limpatto-sociale-nei-progetti-sullo-spazio-pubblico\/#breadcrumb\"},\"inLanguage\":\"it-IT\",\"potentialAction\":[{\"@type\":\"ReadAction\",\"target\":[\"https:\/\/euricse.eu\/it\/valutare-limpatto-sociale-nei-progetti-sullo-spazio-pubblico\/\"]}]},{\"@type\":\"ImageObject\",\"inLanguage\":\"it-IT\",\"@id\":\"https:\/\/euricse.eu\/it\/valutare-limpatto-sociale-nei-progetti-sullo-spazio-pubblico\/#primaryimage\",\"url\":\"https:\/\/euricse.eu\/wp-content\/uploads\/2020\/04\/pexels-photo-227675.jpeg\",\"contentUrl\":\"https:\/\/euricse.eu\/wp-content\/uploads\/2020\/04\/pexels-photo-227675.jpeg\",\"width\":1880,\"height\":1255},{\"@type\":\"BreadcrumbList\",\"@id\":\"https:\/\/euricse.eu\/it\/valutare-limpatto-sociale-nei-progetti-sullo-spazio-pubblico\/#breadcrumb\",\"itemListElement\":[{\"@type\":\"ListItem\",\"position\":1,\"name\":\"Home\",\"item\":\"https:\/\/euricse.eu\/it\/\"},{\"@type\":\"ListItem\",\"position\":2,\"name\":\"Valutare l&#8217;impatto sociale nei progetti sullo spazio pubblico\"}]},{\"@type\":\"WebSite\",\"@id\":\"https:\/\/euricse.eu\/en\/#website\",\"url\":\"https:\/\/euricse.eu\/en\/\",\"name\":\"Euricse\",\"description\":\"Knowledge and innovation for cooperative and social enterprises.\",\"potentialAction\":[{\"@type\":\"SearchAction\",\"target\":{\"@type\":\"EntryPoint\",\"urlTemplate\":\"https:\/\/euricse.eu\/en\/?s={search_term_string}\"},\"query-input\":{\"@type\":\"PropertyValueSpecification\",\"valueRequired\":true,\"valueName\":\"search_term_string\"}}],\"inLanguage\":\"it-IT\"},{\"@type\":\"Person\",\"@id\":\"https:\/\/euricse.eu\/en\/#\/schema\/person\/46be9426d76e3114ba478b69f3d8040b\",\"name\":\"redazione\",\"image\":{\"@type\":\"ImageObject\",\"inLanguage\":\"it-IT\",\"@id\":\"https:\/\/euricse.eu\/en\/#\/schema\/person\/image\/\",\"url\":\"https:\/\/secure.gravatar.com\/avatar\/d1e5fb76fa001722a0822f32de0a8935d9c7a01b0f055f16dc71df73252c3c50?s=96&d=mm&r=g\",\"contentUrl\":\"https:\/\/secure.gravatar.com\/avatar\/d1e5fb76fa001722a0822f32de0a8935d9c7a01b0f055f16dc71df73252c3c50?s=96&d=mm&r=g\",\"caption\":\"redazione\"},\"url\":\"https:\/\/euricse.eu\/it\/author\/marikadmin\/\"}]}<\/script>\n<!-- \/ Yoast SEO plugin. -->","yoast_head_json":{"title":"Valutare l'impatto sociale nei progetti sullo spazio pubblico - Euricse","robots":{"index":"index","follow":"follow","max-snippet":"max-snippet:-1","max-image-preview":"max-image-preview:large","max-video-preview":"max-video-preview:-1"},"canonical":"https:\/\/euricse.eu\/it\/valutare-limpatto-sociale-nei-progetti-sullo-spazio-pubblico\/","og_locale":"it_IT","og_type":"article","og_title":"Valutare l'impatto sociale nei progetti sullo spazio pubblico - Euricse","og_description":"Questo intervento, curato da Sara Depedri, \u00e8 parte degli atti del convegno &#8220;Quartieri di qualit\u00e0. Una riflessione a partire dagli spazi intorno alle scuole&#8221; del 17 gennaio 2020. L&#8217;evento \u00e8 stato organizzato da Scuola Pascoli \u2013 Fondazione per la Scuola della Compagnia di San Paolo di Torino. Si parte da cosa sia la valutazione dell&#8217;impatto [&hellip;]","og_url":"https:\/\/euricse.eu\/it\/valutare-limpatto-sociale-nei-progetti-sullo-spazio-pubblico\/","og_site_name":"Euricse","article_published_time":"2020-04-15T20:19:35+00:00","article_modified_time":"2020-04-15T20:19:36+00:00","og_image":[{"width":1880,"height":1255,"url":"https:\/\/euricse.eu\/wp-content\/uploads\/2020\/04\/pexels-photo-227675.jpeg","type":"image\/jpeg"}],"author":"redazione","twitter_card":"summary_large_image","twitter_misc":{"Scritto da":"redazione","Tempo di lettura stimato":"5 minuti"},"schema":{"@context":"https:\/\/schema.org","@graph":[{"@type":"WebPage","@id":"https:\/\/euricse.eu\/it\/valutare-limpatto-sociale-nei-progetti-sullo-spazio-pubblico\/","url":"https:\/\/euricse.eu\/it\/valutare-limpatto-sociale-nei-progetti-sullo-spazio-pubblico\/","name":"Valutare l'impatto sociale nei progetti sullo spazio pubblico - Euricse","isPartOf":{"@id":"https:\/\/euricse.eu\/en\/#website"},"primaryImageOfPage":{"@id":"https:\/\/euricse.eu\/it\/valutare-limpatto-sociale-nei-progetti-sullo-spazio-pubblico\/#primaryimage"},"image":{"@id":"https:\/\/euricse.eu\/it\/valutare-limpatto-sociale-nei-progetti-sullo-spazio-pubblico\/#primaryimage"},"thumbnailUrl":"https:\/\/euricse.eu\/wp-content\/uploads\/2020\/04\/pexels-photo-227675.jpeg","datePublished":"2020-04-15T20:19:35+00:00","dateModified":"2020-04-15T20:19:36+00:00","author":{"@id":"https:\/\/euricse.eu\/en\/#\/schema\/person\/46be9426d76e3114ba478b69f3d8040b"},"breadcrumb":{"@id":"https:\/\/euricse.eu\/it\/valutare-limpatto-sociale-nei-progetti-sullo-spazio-pubblico\/#breadcrumb"},"inLanguage":"it-IT","potentialAction":[{"@type":"ReadAction","target":["https:\/\/euricse.eu\/it\/valutare-limpatto-sociale-nei-progetti-sullo-spazio-pubblico\/"]}]},{"@type":"ImageObject","inLanguage":"it-IT","@id":"https:\/\/euricse.eu\/it\/valutare-limpatto-sociale-nei-progetti-sullo-spazio-pubblico\/#primaryimage","url":"https:\/\/euricse.eu\/wp-content\/uploads\/2020\/04\/pexels-photo-227675.jpeg","contentUrl":"https:\/\/euricse.eu\/wp-content\/uploads\/2020\/04\/pexels-photo-227675.jpeg","width":1880,"height":1255},{"@type":"BreadcrumbList","@id":"https:\/\/euricse.eu\/it\/valutare-limpatto-sociale-nei-progetti-sullo-spazio-pubblico\/#breadcrumb","itemListElement":[{"@type":"ListItem","position":1,"name":"Home","item":"https:\/\/euricse.eu\/it\/"},{"@type":"ListItem","position":2,"name":"Valutare l&#8217;impatto sociale nei progetti sullo spazio pubblico"}]},{"@type":"WebSite","@id":"https:\/\/euricse.eu\/en\/#website","url":"https:\/\/euricse.eu\/en\/","name":"Euricse","description":"Knowledge and innovation for cooperative and social enterprises.","potentialAction":[{"@type":"SearchAction","target":{"@type":"EntryPoint","urlTemplate":"https:\/\/euricse.eu\/en\/?s={search_term_string}"},"query-input":{"@type":"PropertyValueSpecification","valueRequired":true,"valueName":"search_term_string"}}],"inLanguage":"it-IT"},{"@type":"Person","@id":"https:\/\/euricse.eu\/en\/#\/schema\/person\/46be9426d76e3114ba478b69f3d8040b","name":"redazione","image":{"@type":"ImageObject","inLanguage":"it-IT","@id":"https:\/\/euricse.eu\/en\/#\/schema\/person\/image\/","url":"https:\/\/secure.gravatar.com\/avatar\/d1e5fb76fa001722a0822f32de0a8935d9c7a01b0f055f16dc71df73252c3c50?s=96&d=mm&r=g","contentUrl":"https:\/\/secure.gravatar.com\/avatar\/d1e5fb76fa001722a0822f32de0a8935d9c7a01b0f055f16dc71df73252c3c50?s=96&d=mm&r=g","caption":"redazione"},"url":"https:\/\/euricse.eu\/it\/author\/marikadmin\/"}]}},"_links":{"self":[{"href":"https:\/\/euricse.eu\/it\/wp-json\/wp\/v2\/posts\/10244","targetHints":{"allow":["GET"]}}],"collection":[{"href":"https:\/\/euricse.eu\/it\/wp-json\/wp\/v2\/posts"}],"about":[{"href":"https:\/\/euricse.eu\/it\/wp-json\/wp\/v2\/types\/post"}],"author":[{"embeddable":true,"href":"https:\/\/euricse.eu\/it\/wp-json\/wp\/v2\/users\/30"}],"replies":[{"embeddable":true,"href":"https:\/\/euricse.eu\/it\/wp-json\/wp\/v2\/comments?post=10244"}],"version-history":[{"count":0,"href":"https:\/\/euricse.eu\/it\/wp-json\/wp\/v2\/posts\/10244\/revisions"}],"wp:featuredmedia":[{"embeddable":true,"href":"https:\/\/euricse.eu\/it\/wp-json\/wp\/v2\/media\/10248"}],"wp:attachment":[{"href":"https:\/\/euricse.eu\/it\/wp-json\/wp\/v2\/media?parent=10244"}],"wp:term":[{"taxonomy":"category","embeddable":true,"href":"https:\/\/euricse.eu\/it\/wp-json\/wp\/v2\/categories?post=10244"},{"taxonomy":"post_tag","embeddable":true,"href":"https:\/\/euricse.eu\/it\/wp-json\/wp\/v2\/tags?post=10244"}],"curies":[{"name":"wp","href":"https:\/\/api.w.org\/{rel}","templated":true}]}}