{"id":10271,"date":"2020-04-20T09:46:09","date_gmt":"2020-04-20T08:46:09","guid":{"rendered":"https:\/\/euricse.staging.hgblu.com\/?p=10271"},"modified":"2020-04-20T14:07:53","modified_gmt":"2020-04-20T13:07:53","slug":"ricostruiamo-il-paese-proposte-a-costo-zero-per-rafforzare-le-infrastrutture-sociali","status":"publish","type":"post","link":"https:\/\/euricse.eu\/it\/ricostruiamo-il-paese-proposte-a-costo-zero-per-rafforzare-le-infrastrutture-sociali\/","title":{"rendered":"Ricostruiamo il Paese! Proposte &#8211; a costo zero \u2013 per rafforzare le infrastrutture sociali"},"content":{"rendered":"\n<p>In Italia vi sono oltre 20.000 imprese sociali, con pi\u00f9 di 500.000 occupati e oltre 12 miliardi di valore della produzione aggregato impegnate nel welfare, nella cultura e nell\u2019inserimento lavorativo di oltre 50.000 persone svantaggiate. Sono imprese che stanno dando un contributo importante nell\u2019affrontare la crisi indotta da Covid-19, impegnate nella gestione nell\u2019emergenza sanitaria e sociale. In poche settimane hanno modificato la propria offerta di servizi e si sono impegnate per assicurare servizi essenziali ai cittadini e alle comunit\u00e0 in cui operano, ponendo particolare<br> attenzione alle fasce pi\u00f9 deboli della popolazione.<br>Sono organizzazioni in prima linea nel contrasto della pandemia e nello stesso tempo stanno pagando un importante prezzo economico. Molte di queste realt\u00e0 hanno registrato un crollo del fatturato dell\u201980% e registreranno forti perdite di bilancio nel 2020 che rischiano di provocare il default di molte imprese. Le pi\u00f9 colpite sono quelle che inseriscono al lavoro persone svantaggiate \u2013 in larga parte disabili e persone con disturbi psichici \u2013 che, perdendo il lavoro garantito dalle imprese sociali, rischiano di essere definitivamente espulsi dai processi produttivi e di inclusione sociale.<br>Superata l\u2019emergenza le imprese sociali potranno dare un importante contributo alla riorganizzazione del sistema sanitario ed alla ricostruzione del sistema economico ponendo attenzione alle persone pi\u00f9 fragili, ai bisogni ed alle risorse presenti nella comunit\u00e0. La ricostruzione del Paese, infatti, non sar\u00e0 solo una questione di risorse disponibili ma anche di modelli e di strumenti utilizzati.<br>Crediamo che per affrontare la situazione attuale e ricostruire il Paese non siano sufficienti gli interventi a protezione del reddito delle famiglie e a sostegno delle imprese ma che siano necessarie anche misure che difendono e rafforzano le infrastrutture sociali, di cui le imprese sociali sono un elemento fondamentale.<br>Per queste ragioni chiediamo al Governo ed a tutte le forze politiche presenti in Parlamento l\u2019adozione \u2013 in tempi rapidi \u2013 di alcune misure a sostegno delle imprese sociali, molte delle quali sono a costo zero.<\/p>\n\n\n\n<ol class=\"wp-block-list\"><li><em><strong>Proroga dei contratti e delle convenzioni<\/strong><\/em><br>Introdurre la proroga sino al 30 giugno 2023, anche in deroga alle normative in materia di contratti pubblici, di tutti i seguenti atti qualora gi\u00e0 scaduti o in scadenza prima di tale data:<br><strong>a)<\/strong> contratti per la fornitura di servizi socioassistenziali, sociosanitari e socioeducativi e legati alle politiche attive del lavoro;<br><strong>b)<\/strong> contratti per la fornitura di servizi erogati da organizzazioni che garantiscono l\u2019inserimento lavorativo di persone svantaggiate ai sensi dell\u2019art. 5 della legge 381\/1991 o dell\u2019art. 112 del d.lgs. 50\/2016;<br><strong>c)<\/strong> accreditamenti in ambito socioassistenziale, sociosanitario e socioeducativo, fatto salvo il mantenimento, da parte degli enti accreditati, dei requisiti previsti per l\u2019accreditamento;<br><strong>d)<\/strong> convenzioni con Enti del Terzo settore per la realizzazione delle attivit\u00e0 di interesse generale di cui all\u2019art. 5 del d.lgs. 117\/2017.<br> Le proroghe si intendono a condizioni invariate fatti salvi eventuali adeguamenti derivanti da rinnovi contrattuali.<\/li><li><em><strong>Co-progettazione e moratoria degli appalti<\/strong><\/em><br> Stabilire che, al fine di promuovere il coinvolgimento della societ\u00e0 civile nell\u2019emergenza da Covid19 e nella ricostruzione del Paese:<br><strong>a)<\/strong> L\u2019acquisto o la promozione da parte di tutte le amministrazioni pubbliche di beni o servizi di interesse generale di cui all\u2019art. 5 del d.lgs. 117\/2017 sono di norma realizzate tramite procedimenti di coprogettazione ai sensi dell\u2019art. 55 del d.lgs. 117\/2017;<br><strong>b)<\/strong> nei casi in cui si renda necessario procedere tramite affidamento di servizi, tale scelta deve essere motivata dall\u2019amministrazione pubblica, in questo caso \u00e8 preferibile, laddove compatibile, il ricorso alle forme di affidamento di cui all\u2019art. 143 del d.lgs. 50\/2016;<br><strong>c)<\/strong> sino al 30 giugno 2023 \u00e8 fatto divieto alle amministrazioni pubbliche di utilizzare forme di affidamento dei servizi disciplinate dal d.lgs. 50\/2016.<\/li><li><em><strong>Tutela dei lavoratori dei servizi di welfare<\/strong><\/em><br> Stabilire che, al fine di garantire la qualit\u00e0 del lavoro e la qualit\u00e0 dei servizi in ambito educativo, scolastico, socioassistenziale, sociosanitario, sanitario, socioeducativio e delle politiche attive del lavoro sia nel periodo dell\u2019emergenza Covid-19 che nel periodo successivo all\u2019emergenza, i contratti tra amministrazioni pubbliche e enti privati gestori si adeguano automaticamente al rinnovo dei contratti collettivi nazionali di lavoro sottoscritti dalle organizzazioni maggiormente rappresentative. Definire, inoltre, che le rette dei servizi educativi e scolastici, socioassistenziali, sociosanitari, sanitari e socioeducativi si adeguano automaticamente nella componente del costo del lavoro al rinnovo dei contratti collettivi nazionali di lavoro sottoscritti dalle organizzazioni maggiormente rappresentative.<\/li><li><strong><em>Tutela delle persone svantaggiate inserite al lavoro nell\u2019emergenza da Covid19<\/em> <\/strong><br>Stabilire che, al fine di tutelare i percorsi di inserimento lavorativo di persone svantaggiate ai sensi dell\u2019art. 4 della legge 381\/1991 o dell\u2019art. 112 del d.lgs. 50\/2016, in caso di sospensione di attivit\u00e0 causata dalle misure di contenimento dell\u2019emergenza Covid-19 realizzate da imprese sociali che inseriscono al lavoro persone svantaggiate ai sensi dell\u2019art. 4 della legge 381\/1991 o dell\u2019art. 112 del d.lgs. 50\/2016 le pubbliche amministrazioni corrispondono comunque il pagamento dell\u2019importo contrattualmente dovuto, attingendo alle risorse iscritte a bilancio preventivo per l\u2019esecuzione del contratto, a condizione che le imprese interessate attivino percorsi formativi o laboratoriali per<br>tutti i propri lavoratori e mantengano in funzione le strutture produttive, anche sulla base di una rimodulazione concordata con le amministrazioni pubbliche, che sia finalizzata soprattutto a costruire opportunit\u00e0 di inclusione lavorativa per le persone che, a seguito dell&#8217;emergenza Covid- 19, si trovano in condizione di marginalit\u00e0 sociale, economica e lavorativa.<\/li><li><em><strong>Appalti e concessioni riservate<\/strong><\/em><br>Stabilire che, al fine di tutelare i percorsi di inserimento lavorativo delle persone svantaggiate, nella ricostruzione del Paese le amministrazioni pubbliche e le societ\u00e0 controllate dalle amministrazioni pubbliche ogni anno applichino l\u2019Art. 112 del d.lgs. 50\/2016 in procedure di appalto e concessione che rappresentano almeno un decimo del valore delle procedure totali poste in essere nell\u2019anno.<\/li><li><em><strong>Sostegno finanziario e fiscale<\/strong><\/em><br>Estendere a tutte le organizzazioni del Terzo settore le misure di sostegno finanziario e fiscale previste dai diversi provvedimenti adottati dal governo per fronteggiare l\u2019emergenza da Covid19 \u2013 moratoria dei debiti bancari, moratoria dei versamenti fiscali e interventi a sostegno della liquidit\u00e0.<br>La situazione di emergenza che stiamo vivendo pu\u00f2, inoltre, rappresentare l\u2019occasione per introdurre delle innovazioni di processo \u2013 anche queste a costo zero \u2013 che potrebbero generare innovazione nell\u2019intero Terzo settore. Tra queste crediamo che sia rilevante sperimentare procedure per la certificazione delle competenze in contesti formali, non formali (sono gli apprendimenti intenzionali acquisiti tramite attivit\u00e0 di tirocinio, volontariato, etc.) e informali (sono gli apprendimenti non intenzionali acquisiti in contesti familiari, indirettamente nei contesti lavorativi o nel tempo libero) in modo da sfruttare la vocazione all&#8217;inclusivit\u00e0 delle cooperative sociali di inserimento lavorativo che rappresentano delle realt\u00e0 imprenditoriali capaci di includere, oltre agli svantaggiati ex art.4 L.381\/91, anche tutte le persone che da questa crisi si troveranno a vivere (ancora o per la prima volta) una condizione di marginalit\u00e0 e povert\u00e0.<\/li><\/ol>\n\n\n\n<p class=\"has-background has-very-light-gray-background-color\">L\u2019appello \u00e8 il frutto della riflessione fatta in queste settimane da alcune realt\u00e0 della cooperazione sociale. Per aderire scrivere a:<strong> appello.imprese.sociali@gmail.com <\/strong><\/p>\n\n\n\n<!--more-->\n\n\n\n<p><strong>Primi Firmatari<\/strong><br>Marco Gargiulo, Consorzio Nazionale Idee in Rete &#8211; Michele Vignali, Consorzio COOB &#8211; Riccardo De Facci, Coordinamento Nazionale Comunit\u00e0 di Accoglienza \u2013 Andrea Bernardoni, Legacoopsociali Umbria &#8211; Giacomo Panizza, Comunit\u00e0 Progetto SUD &#8211; Georges Tabacchi, Consorzio Sociale Abele Lavoro &#8211; Giacomo Smarrazzo, Consorzio GESCO \u2013 Mauro Perissini, Consorzio Il Mosaico &#8211; Alessandra Garavani, Cooperativa Il Poliedro \u2013 Simmaco Perillo, Consorzio NCO &#8211; Felice Romeo, Consorzio Eventi e trenta &#8211; Sergio Mondello, Consorzio Sol.Co. RISS &#8211; Gigi Bettoli, Legacoopsociali FVG &#8211; Dario Parisini, Consorzio Interland &#8211; Salvatore Stingo, Agricoltura Capodarco &#8211; Paolo Peruzzi, Cooperativa Koin\u00e8 \u2013 Luigi Piccoli, Consorzio Leonardo &#8211; Liana Cicchi, Cooperativa Asad &#8211; Stefano Trovato, Cooperativa Polo 9 &#8211; Davide Iasing, Cooperativa La Collina \u2013 Claudio Martini, Consorzio ASTIR &#8211; Roberto Bonifazi, Consorzio ABN &#8211; Franco Bissaro, Consorzio EVT &#8211; Andrea Massino, Consorzio Coeso \u2013 Lucio Cimarelli, Consorzio Solidariet\u00e0 &#8211; Dino Barbarossa, Fondazione Ebbene &#8211; Sandro Corsi, Cooperativa ACTL &#8211; Paolo Maroso, Cooperativa La Traccia &#8211; Angelo Filipponi, Consorzio Co.M.Uni.Co. &#8211; Lorenzo Sibio, Legacoopsociali Calabria \u2013 Alessio Nincheri, Cooperativa Humanitas &#8211; Gianfranco Piombaroli, Consorzio Auriga \u2013 Giuseppe Catalano, Cooperativa Corinzi 13 &#8211; Serenella Banconi, Cooperativa Il Cerchio \u2013 Antonella Brandone, Consorzio Il Sestante &#8211; Pietro Borghini, Cooperativa La Formica- Gabriele Mecheri, Cooperativa Betadue \u2013 Elena Saglietti,  Consorzio Compagnia di Iniziative Sociali &#8211; Angelo Canini, Cooperativa Aton &#8211; Roberto Romano, Cooperativa San Paolo &#8211; Albano Grilli, Cooperativa CIPSS &#8211; Valentina Bellomaria, Cooperativa Il Sicomoro &#8211; Francesco Saverio Santangelo, Consorzio Athena &#8211; Matteo Tortolini, Cooperativa Nuova Giovanile &#8211; Carlo Alberto Rossetti, Cooperativa Borgorete &#8211; Alessandra Rinaldi, Cooperativa La Senape e il Gelso \u2013 Edvica Ponticelli, Cooperativa Le Ali della Vita &#8211; Luca Bartolini, Cooperativa Futura &#8211; Giancarlo Belotti, Cooperativa Castiglionese \u2013 Fausto Spilla, Cooperativa B+ &#8211; Paolo Marraghini, Cooperativa Il Cenacolo &#8211; Maria Grazia Belli, Cooperativa Il Girasole &#8211; Andrea Bonci, Cooperativa La Mano Amica &#8211; Moreno Magrini, Cooperativa Margherita+ &#8211; Stefano Arcangeli, Cooperativa Alba \u2013 Fabiola Mocetti, Cooperativa Il Quadrifoglio \u2013 Paolo Giovannini, Cooperativa Oasi \u2013 Luciana Laudi, Cooperativa Siun &#8211; Lorenzo Cerboni, Cooperativa Isola \u2013 Gianluca Tomassi, Cooperativa La Torre &#8211; Giovanni Passaniti, Cooperativa La Proposta &#8211; Gisella Sciabolini, Cooperativa Colap \u2013 Francesco Galluzzi, Collecoop \u2013 Anna Camarri, Cooperativa Il Quadrifoglio \u2013 Francesco Ferretti, La Gerbera Group \u2013 Giampaolo Tomassoli, Cooperativa Sopra il Muro \u2013 Stefano Notari, Cooperativa Alis \u2013 Maria Bastioli, Cooperativa Nuova \u2013 Maria Teresa Cavallino, Cooperativa Casaligha \u2013 Maurizio Tiberio, Cooperativa Solidariet\u00e0 \u2013 Alberto Brugi, Cooperativa Solidariet\u00e0 e Crescita \u2013 Sandra Fracchia, Cooperativa Santa Barbara \u2013 Massimo Iacci, Cooperativa Il Melograno \u2013 Silvia Rossi, Cooperativa Linea Aperta \u2013 Daniela Cappelletti, Cooperativa Idea 2000 \u2013 Laura Giannelli, Cooperativa L\u2019Albero e la Rua \u2013 Niccol\u00f2 Balducci, Cooperativa Pegaso \u2013 Luca Pieramonti, Cooperativa Albatros \u2013 Claudio Esposito, Consul Service \u2013 Consuelo Buggiani, Cooperativa Samarcanda \u2013 Lucia Astegiano, Cooperativa La Foglia del Te \u2013 Piero Morini, Cooperativa Servizi e Territorio &#8211; Floriana Ricciarelli, Cooperativa Cassiopea \u2013 Luciana Citarrei, Cooperativa Welfare -Fabrizio Dionigi, Cooperativa Ariel &#8211; Cristiana Marchetti, Cooperativa Borgorete.<br> <\/p>\n","protected":false},"excerpt":{"rendered":"<p>In Italia vi sono oltre 20.000 imprese sociali, con pi\u00f9 di 500.000 occupati e oltre 12 miliardi di valore della produzione aggregato impegnate nel welfare, nella cultura e nell\u2019inserimento lavorativo di oltre 50.000 persone svantaggiate. Sono imprese che stanno dando un contributo importante nell\u2019affrontare la crisi indotta da Covid-19, impegnate nella gestione nell\u2019emergenza sanitaria e [&hellip;]<\/p>\n","protected":false},"author":30,"featured_media":10282,"comment_status":"open","ping_status":"closed","sticky":false,"template":"","format":"standard","meta":{"_acf_changed":false,"episode_type":"","audio_file":"","cover_image":"","cover_image_id":"","duration":"","filesize":"","date_recorded":"","explicit":"","block":"","itunes_episode_number":"","itunes_title":"","itunes_season_number":"","itunes_episode_type":"","filesize_raw":"","footnotes":""},"categories":[14,17],"tags":[],"class_list":["post-10271","post","type-post","status-publish","format-standard","has-post-thumbnail","hentry","category-blog-it","category-news-it"],"acf":[],"yoast_head":"<!-- This site is optimized with the Yoast SEO plugin v26.1.1 - https:\/\/yoast.com\/wordpress\/plugins\/seo\/ -->\n<title>Ricostruiamo il Paese! Proposte - a costo zero \u2013 per rafforzare le infrastrutture sociali - Euricse<\/title>\n<meta name=\"robots\" content=\"index, follow, max-snippet:-1, max-image-preview:large, max-video-preview:-1\" \/>\n<link rel=\"canonical\" href=\"https:\/\/euricse.eu\/it\/ricostruiamo-il-paese-proposte-a-costo-zero-per-rafforzare-le-infrastrutture-sociali\/\" \/>\n<meta property=\"og:locale\" content=\"it_IT\" \/>\n<meta property=\"og:type\" content=\"article\" \/>\n<meta property=\"og:title\" content=\"Ricostruiamo il Paese! Proposte - a costo zero \u2013 per rafforzare le infrastrutture sociali - Euricse\" \/>\n<meta property=\"og:description\" content=\"In Italia vi sono oltre 20.000 imprese sociali, con pi\u00f9 di 500.000 occupati e oltre 12 miliardi di valore della produzione aggregato impegnate nel welfare, nella cultura e nell\u2019inserimento lavorativo di oltre 50.000 persone svantaggiate. Sono imprese che stanno dando un contributo importante nell\u2019affrontare la crisi indotta da Covid-19, impegnate nella gestione nell\u2019emergenza sanitaria e [&hellip;]\" \/>\n<meta property=\"og:url\" content=\"https:\/\/euricse.eu\/it\/ricostruiamo-il-paese-proposte-a-costo-zero-per-rafforzare-le-infrastrutture-sociali\/\" \/>\n<meta property=\"og:site_name\" content=\"Euricse\" \/>\n<meta property=\"article:published_time\" content=\"2020-04-20T08:46:09+00:00\" \/>\n<meta property=\"article:modified_time\" content=\"2020-04-20T13:07:53+00:00\" \/>\n<meta property=\"og:image\" content=\"https:\/\/euricse.eu\/wp-content\/uploads\/2020\/04\/pexels-photo-2138126.jpeg\" \/>\n\t<meta property=\"og:image:width\" content=\"1880\" \/>\n\t<meta property=\"og:image:height\" content=\"1253\" \/>\n\t<meta property=\"og:image:type\" content=\"image\/jpeg\" \/>\n<meta name=\"author\" content=\"redazione\" \/>\n<meta name=\"twitter:card\" content=\"summary_large_image\" \/>\n<meta name=\"twitter:label1\" content=\"Scritto da\" \/>\n\t<meta name=\"twitter:data1\" content=\"redazione\" \/>\n\t<meta name=\"twitter:label2\" content=\"Tempo di lettura stimato\" \/>\n\t<meta name=\"twitter:data2\" content=\"8 minuti\" \/>\n<script type=\"application\/ld+json\" class=\"yoast-schema-graph\">{\"@context\":\"https:\/\/schema.org\",\"@graph\":[{\"@type\":\"WebPage\",\"@id\":\"https:\/\/euricse.eu\/it\/ricostruiamo-il-paese-proposte-a-costo-zero-per-rafforzare-le-infrastrutture-sociali\/\",\"url\":\"https:\/\/euricse.eu\/it\/ricostruiamo-il-paese-proposte-a-costo-zero-per-rafforzare-le-infrastrutture-sociali\/\",\"name\":\"Ricostruiamo il Paese! Proposte - a costo zero \u2013 per rafforzare le infrastrutture sociali - Euricse\",\"isPartOf\":{\"@id\":\"https:\/\/euricse.eu\/en\/#website\"},\"primaryImageOfPage\":{\"@id\":\"https:\/\/euricse.eu\/it\/ricostruiamo-il-paese-proposte-a-costo-zero-per-rafforzare-le-infrastrutture-sociali\/#primaryimage\"},\"image\":{\"@id\":\"https:\/\/euricse.eu\/it\/ricostruiamo-il-paese-proposte-a-costo-zero-per-rafforzare-le-infrastrutture-sociali\/#primaryimage\"},\"thumbnailUrl\":\"https:\/\/euricse.eu\/wp-content\/uploads\/2020\/04\/pexels-photo-2138126.jpeg\",\"datePublished\":\"2020-04-20T08:46:09+00:00\",\"dateModified\":\"2020-04-20T13:07:53+00:00\",\"author\":{\"@id\":\"https:\/\/euricse.eu\/en\/#\/schema\/person\/46be9426d76e3114ba478b69f3d8040b\"},\"breadcrumb\":{\"@id\":\"https:\/\/euricse.eu\/it\/ricostruiamo-il-paese-proposte-a-costo-zero-per-rafforzare-le-infrastrutture-sociali\/#breadcrumb\"},\"inLanguage\":\"it-IT\",\"potentialAction\":[{\"@type\":\"ReadAction\",\"target\":[\"https:\/\/euricse.eu\/it\/ricostruiamo-il-paese-proposte-a-costo-zero-per-rafforzare-le-infrastrutture-sociali\/\"]}]},{\"@type\":\"ImageObject\",\"inLanguage\":\"it-IT\",\"@id\":\"https:\/\/euricse.eu\/it\/ricostruiamo-il-paese-proposte-a-costo-zero-per-rafforzare-le-infrastrutture-sociali\/#primaryimage\",\"url\":\"https:\/\/euricse.eu\/wp-content\/uploads\/2020\/04\/pexels-photo-2138126.jpeg\",\"contentUrl\":\"https:\/\/euricse.eu\/wp-content\/uploads\/2020\/04\/pexels-photo-2138126.jpeg\",\"width\":1880,\"height\":1253},{\"@type\":\"BreadcrumbList\",\"@id\":\"https:\/\/euricse.eu\/it\/ricostruiamo-il-paese-proposte-a-costo-zero-per-rafforzare-le-infrastrutture-sociali\/#breadcrumb\",\"itemListElement\":[{\"@type\":\"ListItem\",\"position\":1,\"name\":\"Home\",\"item\":\"https:\/\/euricse.eu\/it\/\"},{\"@type\":\"ListItem\",\"position\":2,\"name\":\"Ricostruiamo il Paese! Proposte &#8211; a costo zero \u2013 per rafforzare le infrastrutture sociali\"}]},{\"@type\":\"WebSite\",\"@id\":\"https:\/\/euricse.eu\/en\/#website\",\"url\":\"https:\/\/euricse.eu\/en\/\",\"name\":\"Euricse\",\"description\":\"Knowledge and innovation for cooperative and social enterprises.\",\"potentialAction\":[{\"@type\":\"SearchAction\",\"target\":{\"@type\":\"EntryPoint\",\"urlTemplate\":\"https:\/\/euricse.eu\/en\/?s={search_term_string}\"},\"query-input\":{\"@type\":\"PropertyValueSpecification\",\"valueRequired\":true,\"valueName\":\"search_term_string\"}}],\"inLanguage\":\"it-IT\"},{\"@type\":\"Person\",\"@id\":\"https:\/\/euricse.eu\/en\/#\/schema\/person\/46be9426d76e3114ba478b69f3d8040b\",\"name\":\"redazione\",\"image\":{\"@type\":\"ImageObject\",\"inLanguage\":\"it-IT\",\"@id\":\"https:\/\/euricse.eu\/en\/#\/schema\/person\/image\/\",\"url\":\"https:\/\/secure.gravatar.com\/avatar\/d1e5fb76fa001722a0822f32de0a8935d9c7a01b0f055f16dc71df73252c3c50?s=96&d=mm&r=g\",\"contentUrl\":\"https:\/\/secure.gravatar.com\/avatar\/d1e5fb76fa001722a0822f32de0a8935d9c7a01b0f055f16dc71df73252c3c50?s=96&d=mm&r=g\",\"caption\":\"redazione\"},\"url\":\"https:\/\/euricse.eu\/it\/author\/marikadmin\/\"}]}<\/script>\n<!-- \/ Yoast SEO plugin. -->","yoast_head_json":{"title":"Ricostruiamo il Paese! Proposte - a costo zero \u2013 per rafforzare le infrastrutture sociali - Euricse","robots":{"index":"index","follow":"follow","max-snippet":"max-snippet:-1","max-image-preview":"max-image-preview:large","max-video-preview":"max-video-preview:-1"},"canonical":"https:\/\/euricse.eu\/it\/ricostruiamo-il-paese-proposte-a-costo-zero-per-rafforzare-le-infrastrutture-sociali\/","og_locale":"it_IT","og_type":"article","og_title":"Ricostruiamo il Paese! Proposte - a costo zero \u2013 per rafforzare le infrastrutture sociali - Euricse","og_description":"In Italia vi sono oltre 20.000 imprese sociali, con pi\u00f9 di 500.000 occupati e oltre 12 miliardi di valore della produzione aggregato impegnate nel welfare, nella cultura e nell\u2019inserimento lavorativo di oltre 50.000 persone svantaggiate. Sono imprese che stanno dando un contributo importante nell\u2019affrontare la crisi indotta da Covid-19, impegnate nella gestione nell\u2019emergenza sanitaria e [&hellip;]","og_url":"https:\/\/euricse.eu\/it\/ricostruiamo-il-paese-proposte-a-costo-zero-per-rafforzare-le-infrastrutture-sociali\/","og_site_name":"Euricse","article_published_time":"2020-04-20T08:46:09+00:00","article_modified_time":"2020-04-20T13:07:53+00:00","og_image":[{"width":1880,"height":1253,"url":"https:\/\/euricse.eu\/wp-content\/uploads\/2020\/04\/pexels-photo-2138126.jpeg","type":"image\/jpeg"}],"author":"redazione","twitter_card":"summary_large_image","twitter_misc":{"Scritto da":"redazione","Tempo di lettura stimato":"8 minuti"},"schema":{"@context":"https:\/\/schema.org","@graph":[{"@type":"WebPage","@id":"https:\/\/euricse.eu\/it\/ricostruiamo-il-paese-proposte-a-costo-zero-per-rafforzare-le-infrastrutture-sociali\/","url":"https:\/\/euricse.eu\/it\/ricostruiamo-il-paese-proposte-a-costo-zero-per-rafforzare-le-infrastrutture-sociali\/","name":"Ricostruiamo il Paese! Proposte - a costo zero \u2013 per rafforzare le infrastrutture sociali - Euricse","isPartOf":{"@id":"https:\/\/euricse.eu\/en\/#website"},"primaryImageOfPage":{"@id":"https:\/\/euricse.eu\/it\/ricostruiamo-il-paese-proposte-a-costo-zero-per-rafforzare-le-infrastrutture-sociali\/#primaryimage"},"image":{"@id":"https:\/\/euricse.eu\/it\/ricostruiamo-il-paese-proposte-a-costo-zero-per-rafforzare-le-infrastrutture-sociali\/#primaryimage"},"thumbnailUrl":"https:\/\/euricse.eu\/wp-content\/uploads\/2020\/04\/pexels-photo-2138126.jpeg","datePublished":"2020-04-20T08:46:09+00:00","dateModified":"2020-04-20T13:07:53+00:00","author":{"@id":"https:\/\/euricse.eu\/en\/#\/schema\/person\/46be9426d76e3114ba478b69f3d8040b"},"breadcrumb":{"@id":"https:\/\/euricse.eu\/it\/ricostruiamo-il-paese-proposte-a-costo-zero-per-rafforzare-le-infrastrutture-sociali\/#breadcrumb"},"inLanguage":"it-IT","potentialAction":[{"@type":"ReadAction","target":["https:\/\/euricse.eu\/it\/ricostruiamo-il-paese-proposte-a-costo-zero-per-rafforzare-le-infrastrutture-sociali\/"]}]},{"@type":"ImageObject","inLanguage":"it-IT","@id":"https:\/\/euricse.eu\/it\/ricostruiamo-il-paese-proposte-a-costo-zero-per-rafforzare-le-infrastrutture-sociali\/#primaryimage","url":"https:\/\/euricse.eu\/wp-content\/uploads\/2020\/04\/pexels-photo-2138126.jpeg","contentUrl":"https:\/\/euricse.eu\/wp-content\/uploads\/2020\/04\/pexels-photo-2138126.jpeg","width":1880,"height":1253},{"@type":"BreadcrumbList","@id":"https:\/\/euricse.eu\/it\/ricostruiamo-il-paese-proposte-a-costo-zero-per-rafforzare-le-infrastrutture-sociali\/#breadcrumb","itemListElement":[{"@type":"ListItem","position":1,"name":"Home","item":"https:\/\/euricse.eu\/it\/"},{"@type":"ListItem","position":2,"name":"Ricostruiamo il Paese! Proposte &#8211; a costo zero \u2013 per rafforzare le infrastrutture sociali"}]},{"@type":"WebSite","@id":"https:\/\/euricse.eu\/en\/#website","url":"https:\/\/euricse.eu\/en\/","name":"Euricse","description":"Knowledge and innovation for cooperative and social enterprises.","potentialAction":[{"@type":"SearchAction","target":{"@type":"EntryPoint","urlTemplate":"https:\/\/euricse.eu\/en\/?s={search_term_string}"},"query-input":{"@type":"PropertyValueSpecification","valueRequired":true,"valueName":"search_term_string"}}],"inLanguage":"it-IT"},{"@type":"Person","@id":"https:\/\/euricse.eu\/en\/#\/schema\/person\/46be9426d76e3114ba478b69f3d8040b","name":"redazione","image":{"@type":"ImageObject","inLanguage":"it-IT","@id":"https:\/\/euricse.eu\/en\/#\/schema\/person\/image\/","url":"https:\/\/secure.gravatar.com\/avatar\/d1e5fb76fa001722a0822f32de0a8935d9c7a01b0f055f16dc71df73252c3c50?s=96&d=mm&r=g","contentUrl":"https:\/\/secure.gravatar.com\/avatar\/d1e5fb76fa001722a0822f32de0a8935d9c7a01b0f055f16dc71df73252c3c50?s=96&d=mm&r=g","caption":"redazione"},"url":"https:\/\/euricse.eu\/it\/author\/marikadmin\/"}]}},"_links":{"self":[{"href":"https:\/\/euricse.eu\/it\/wp-json\/wp\/v2\/posts\/10271","targetHints":{"allow":["GET"]}}],"collection":[{"href":"https:\/\/euricse.eu\/it\/wp-json\/wp\/v2\/posts"}],"about":[{"href":"https:\/\/euricse.eu\/it\/wp-json\/wp\/v2\/types\/post"}],"author":[{"embeddable":true,"href":"https:\/\/euricse.eu\/it\/wp-json\/wp\/v2\/users\/30"}],"replies":[{"embeddable":true,"href":"https:\/\/euricse.eu\/it\/wp-json\/wp\/v2\/comments?post=10271"}],"version-history":[{"count":0,"href":"https:\/\/euricse.eu\/it\/wp-json\/wp\/v2\/posts\/10271\/revisions"}],"wp:featuredmedia":[{"embeddable":true,"href":"https:\/\/euricse.eu\/it\/wp-json\/wp\/v2\/media\/10282"}],"wp:attachment":[{"href":"https:\/\/euricse.eu\/it\/wp-json\/wp\/v2\/media?parent=10271"}],"wp:term":[{"taxonomy":"category","embeddable":true,"href":"https:\/\/euricse.eu\/it\/wp-json\/wp\/v2\/categories?post=10271"},{"taxonomy":"post_tag","embeddable":true,"href":"https:\/\/euricse.eu\/it\/wp-json\/wp\/v2\/tags?post=10271"}],"curies":[{"name":"wp","href":"https:\/\/api.w.org\/{rel}","templated":true}]}}