{"id":10393,"date":"2020-06-16T14:24:19","date_gmt":"2020-06-16T13:24:19","guid":{"rendered":"https:\/\/euricse.staging.hgblu.com\/?p=10393"},"modified":"2022-05-13T10:26:55","modified_gmt":"2022-05-13T09:26:55","slug":"un-action-plan-per-il-terzo-settore-e-leconomia-sociale-lettera-aperta-al-presidente-conte","status":"publish","type":"post","link":"https:\/\/euricse.eu\/it\/un-action-plan-per-il-terzo-settore-e-leconomia-sociale-lettera-aperta-al-presidente-conte\/","title":{"rendered":"Un action plan per il terzo settore e l&#8217;economia sociale | Lettera aperta al Presidente Conte"},"content":{"rendered":"\r\n\r\n\r\n<p>Con una lettera aperta al Presidente del Consiglio Giuseppe Conte, esponenti della societ\u00e0 civile, operatori, ricercatori e cittadini attivi, chiedono che l\u2019Italia si doti di un piano di azione per il terzo settore e l\u2019economia sociale.<\/p>\r\n\r\n\r\n\r\n<p>La lista dei firmatari dell&#8217;iniziativa, promossa da Carlo Borzaga e Gianluca Salvatori di Euricse e Marco Musella di Iris Network, \u00e8 in continuo aggiornamento.<\/p>\r\n\r\n\r\n\r\n<p class=\"has-background\" style=\"background-color: #ffffff;\"><em>La sottoscrizione avviene a titolo personale e non impegna le organizzazioni di appartenenza.<\/em><br \/><em>Per ulteriori informazioni scrivere a: <strong><a href=\"mailto:euricse@euricse.eu\" target=\"_blank\" rel=\"noreferrer noopener\">euricse@euricse.eu<\/a><\/strong><\/em><\/p>\r\n\r\n\r\n<hr class=\"wp-block-separator\" \/>\r\n\r\n\r\n<p><br \/>I cento giorni della pandemia hanno inferto al corpo della societ\u00e0 italiana una ferita che per rimarginarsi richieder\u00e0 tempo, molte risorse e nuove energie. Preso singolarmente, nessuno di questi tre elementi \u00e8 risolutivo. Il tempo, di per s\u00e9, pu\u00f2 essere sprecato senza una visione lungimirante accompagnata dagli strumenti per realizzarla. Le risorse, anche se copiose, senza idee per utilizzarle strategicamente finiscono disperse in rivoli. E anche le energie rischiano di essere frustrate se mancano gli strumenti e il tempo per trasformarle in forza di cambiamento.<\/p>\r\n\r\n\r\n\r\n<p>A fronte di questo scenario, ci rivolgiamo al Presidente del Consiglio dei Ministri in quanto crediamo che tra le energie indispensabili nella fase del rilancio post Covid-19 quelle del Terzo settore e dell\u2019economia sociale debbano svolgere un ruolo fondamentale, non sostitutivo ma integrativo di quello delle imprese private e delle amministrazioni pubbliche, e in una prospettiva non di breve termine.<\/p>\r\n\r\n\r\n\r\n<p>Non parliamo, solo, di riconoscere il contributo del Terzo settore nella gestione dell\u2019emergenza, attraverso i volontari della protezione civile, le associazioni che hanno curato la distribuzione di viveri e generi di prima necessit\u00e0, le cooperative sociali che hanno garantito i servizi nei luoghi pi\u00f9 esposti al contagio, e molto altro ancora. O del contributo, pi\u00f9 in generale, che le organizzazioni dell\u2019economia sociale garantiscono all\u2019economia italiana nel suo complesso, operando trasversalmente in tutti i settori e dando lavoro a pi\u00f9 di un milione e mezzo di persone.<\/p>\r\n\r\n\r\n\r\n<p>Parliamo del futuro che ci aspetta, delle nuove attivit\u00e0 da sviluppare, dei posti di lavoro che andranno a sostituire quelli persi e che potranno essere creati nel settore della cura e dell\u2019assistenza, nel rafforzamento del sistema sanitario soprattutto nella sua componente territoriale, nei servizi educativi e culturali, nella manutenzione del territorio e nella rivitalizzazione di centri minori e delle aree marginali, nella produzione in forma collettiva di energia da fonti alternative, nello sviluppo di un turismo locale sostenibile, e in molti altri ambiti che oggi neppure immaginiamo. Posti di lavoro declinati in gran parte al femminile e aperti anche a cittadini in condizioni di fragilit\u00e0, creati da organizzazioni che da almeno due decenni &#8211; e in particolare dopo la crisi del 2008 &#8211; costituiscono, in termini sia di crescita del valore aggiunto e propensione all\u2019investimento che di creazione di posti di lavoro, uno dei comparti pi\u00f9 dinamici del nostro Paese. Parliamo della necessit\u00e0 di uno sviluppo economico che non neghi i valori sociali, ma anzi da questi tragga forza. Valori che sono costitutivi delle organizzazioni del Terzo settore e dell\u2019economia sociale e di cui esse sono tra i principali promotori.<\/p>\r\n\r\n\r\n\r\n<p>Perch\u00e9 dopo la crisi sanitaria e quella economica, dovremo impegnarci per evitare una crisi sociale dalle conseguenze devastanti.<\/p>\r\n\r\n\r\n\r\n<p>In questi mesi il Governo non ha trascurato il Terzo settore e le organizzazioni dell\u2019economia sociale. Nei provvedimenti per la ripresa economica si \u00e8 tenuto conto di questi attori importanti della vita nazionale. Proprio per questo \u2013 come operatori, studiosi, cittadini \u2013 chiediamo un ulteriore passo, pi\u00f9 ambizioso. Serve uscire dalla logica dei singoli interventi e tracciare anche per queste organizzazioni una linea di azione complessiva, ancorata a riferimenti chiari sui soggetti da coinvolgere e su tutti i possibili ambiti di attivit\u00e0 e dotata di risorse adeguate a progettare uno sviluppo di lunga durata.<\/p>\r\n\r\n\r\n\r\n<p>Abbiamo un\u2019occasione, anzi due. In Europa sta prendendo forma un grande programma per dare forza al cosiddetto \u201cpilastro sociale\u201d dell\u2019Unione, finora trascurato. Nei prossimi mesi la Commissione europea, dopo una consultazione ampia, dar\u00e0 luce a un <em>Action plan per l\u2019Economia Sociale<\/em>, determinante per la programmazione comunitaria 2021-2027. In quella cornice verranno definiti obiettivi, strumenti e risorse per rafforzare il contributo allo sviluppo economico e sociale europeo del <em>non profit, <\/em>delle imprese sociali, dell\u2019associazionismo, della filantropia e di tutte le organizzazioni che affondano le loro radici nell\u2019esperienza collettiva. <strong>L\u2019Italia deve fare altrettanto: si doti di un <em>Action Plan<\/em> nazionale per tracciare la strategia con cui rendere il Terzo settore e l\u2019economia sociale parte integrante del percorso di rilancio del Paese<\/strong>.\u00a0 Definisca le linee verso cui indirizzare risorse ed energie per sfruttare tutto il potenziale che le organizzazioni non profit e dell\u2019economia sociale possono mettere a disposizione dell\u2019interesse generale. Lo costruisca con una consultazione ampia tra tutti coloro che possono portare un contributo come ha deciso di fare la Commissione europea. Una consultazione che potrebbe opportunamente prendere avvio anche da una ricomposizione dei numerosi contributi e spunti emersi in questi mesi sul tema.<\/p>\r\n\r\n\r\n\r\n<p>La seconda opportunit\u00e0 viene dal programma straordinario <em>Next Generation EU<\/em> e da tutti gli strumenti che la Commissione europea sta mettendo in campo per affrontare la crisi scatenata da Covid-19. L\u2019indicazione che viene dall\u2019Europa \u00e8 che queste ingenti risorse servono non solo a far ripartire l\u2019economia ma anche a irrobustire la coesione sociale. Ci sono specifiche azioni, come <em>REACT-EU<\/em>, pensate proprio a questo scopo. Quindi, <strong>al Presidente del Consiglio<\/strong> <strong>chiediamo che il Piano di azione per il Terzo settore e l\u2019economia sociale venga finanziato con una quota non marginale delle risorse straordinarie e ordinarie che nei prossimi mesi verranno destinate all\u2019Italia<\/strong>.<\/p>\r\n\r\n\r\n\r\n<p>Serve un allineamento tra tempo, risorse ed energie. Serve un\u2019azione di largo respiro e con uno sguardo lungo. Nessuna delle questioni che oggi siamo chiamati ad affrontare ha probabilit\u00e0 di essere risolta senza questa prospettiva e senza il contributo del Terzo settore e dell\u2019economia sociale. \u00c8 essenziale per\u00f2 che questo contributo non resti sotto il suo potenziale o vada disperso in mille frammenti. Perci\u00f2 servono un Piano di azione nazionale e gli strumenti per realizzarlo.<\/p>\r\n\r\n\r\n\r\n<p>Amendola Adalgiso | <em>Universit\u00e0 degli Studi di Salerno, Cattedra \u201cAntonio Genovesi\u201d di Economia Civile<\/em><\/p>\r\n\r\n\r\n\r\n<p>Arena Gregorio | <em>Presidente Labsus<\/em><\/p>\r\n\r\n\r\n\r\n<p>Argiolas Giuseppe | <em>Rettore Istituto Universitario Sophia (Firenze)<\/em><\/p>\r\n\r\n\r\n\r\n<p>Armellini Fabio | <em>CEO e co-founder Lift4Food<\/em><\/p>\r\n\r\n\r\n\r\n<p>Barbetta Gian Paolo | <em>Universit\u00e0 Cattolica del Sacro Cuore<\/em><\/p>\r\n\r\n\r\n\r\n<p>Bartolomeo Matteo |<em> Avanzi<\/em><\/p>\r\n\r\n\r\n\r\n<p>Bernardoni Andrea | <em>Legacoopsociali Nazionale<\/em><\/p>\r\n\r\n\r\n\r\n<p>Bianchi Donatella | <em>Presidente WWF Italia<\/em><\/p>\r\n\r\n\r\n\r\n<p>Bobba Luigi | <em>Presidente di Terzjus, ex sottosegretario al Ministero del Lavoro<\/em><\/p>\r\n\r\n\r\n\r\n<p>Bodini Riccardo |<em> Direttore Euricse<\/em><\/p>\r\n\r\n\r\n\r\n<p>Bonacina Riccardo |<em>Founder and editorial coordinator VITA<\/em><\/p>\r\n\r\n\r\n\r\n<p>Borgomeo Carlo | <em>Presidente Fondazione Con il Sud<\/em><\/p>\r\n\r\n\r\n\r\n<p>Borzaga Carlo | <em>Presidente Euricse<\/em><\/p>\r\n\r\n\r\n\r\n<p>Brancati Raffaele | <em>Direttore MET e Presidente Donzelli Editore<\/em><\/p>\r\n\r\n\r\n\r\n<p>Bruni Luigino | <em>Universit\u00e0 di Roma LUMSA<\/em><\/p>\r\n\r\n\r\n\r\n<p>Calderini Mario | <em>Politecnico di Milano<\/em><\/p>\r\n\r\n\r\n\r\n<p>Canu Antonio |<em> Presidente WWF Oasi<\/em><\/p>\r\n\r\n\r\n\r\n<p>Capoleva Paola | <em>Presidente Csv Lazio<\/em><\/p>\r\n\r\n\r\n\r\n<p>Caporossi Paola | <em>Direttore Fondazione Etica<\/em><\/p>\r\n\r\n\r\n\r\n<p>Carazzone Carola | Segretario Generale Assifero<\/p>\r\n\r\n\r\n\r\n<p>Carpinelli Michele | <em>Fondazione Aurora<\/em><\/p>\r\n\r\n\r\n\r\n<p>Chiappero Martinetti Enrica | <em>Universit\u00e0 degli Studi di Pavia<\/em><\/p>\r\n\r\n\r\n\r\n<p>Cisternino Guido |<em> Resp. Terzo settore e economica civile UBI Banca<\/em><\/p>\r\n\r\n\r\n\r\n<p>Colombo Gherardo | <em>Ex magistrato, presidente Casa Editrice Garzanti<\/em><\/p>\r\n\r\n\r\n\r\n<p>Consiglio Stefano |<em> Universit\u00e0 di Napoli Federico II<\/em><\/p>\r\n\r\n\r\n\r\n<p>Cotturri Giuseppe |<em> Universit\u00e0 degli Studi di Bari<\/em><\/p>\r\n\r\n\r\n\r\n<p>Daffi Matteo | <em>Brand strategist, Artefice Group<\/em><\/p>\r\n\r\n\r\n\r\n<p>Dal Maso Matteo | <em>Avanzi &#8211; MakeACube<\/em><\/p>\r\n\r\n\r\n\r\n<p>De Bortoli Ferruccio | <em>Presidente Vidas<\/em><\/p>\r\n\r\n\r\n\r\n<p>De Liguori Beniamino | <em>Fondazione Adriano Olivetti<\/em><\/p>\r\n\r\n\r\n\r\n<p>De Luca Cristina | <em>Presidente IPRS<\/em><\/p>\r\n\r\n\r\n\r\n<p>De Paoli Monica | Notaio<\/p>\r\n\r\n\r\n\r\n<p>Destefanis Sergio Pietro |<em> Universit\u00e0 degli Studi di Salerno<\/em><\/p>\r\n\r\n\r\n\r\n<p>Di Gregorio Marco | <em>Giornalista<\/em><\/p>\r\n\r\n\r\n\r\n<p>Di Meglio Roberto | <em>programme manager, ILO<\/em><\/p>\r\n\r\n\r\n\r\n<p>Fanfani Marco |<em> Ceo TBWA Italia<\/em><\/p>\r\n\r\n\r\n\r\n<p>Fantozzi Pietro |<em> Universit\u00e0 della Calabria<\/em><\/p>\r\n\r\n\r\n\r\n<p>Ferrera Maurizio |<em> Universit\u00e0 degli Studi di Milano<\/em><\/p>\r\n\r\n\r\n\r\n<p>Fici Antonio | <em>Universit\u00e0 del Molise<\/em><\/p>\r\n\r\n\r\n\r\n<p>Francesca Manolita |<em> Universit\u00e0 del Salento<\/em><\/p>\r\n\r\n\r\n\r\n<p>Ghezzi Gioia | <em>presidente EIT Governing Board<\/em><\/p>\r\n\r\n\r\n\r\n<p>Giugni Lilia |<em> Centre for Social Innovation, Cambridge Judge Business School<\/em><\/p>\r\n\r\n\r\n\r\n<p>Gori Cristiano | <em>Universit\u00e0 degli Studi di Trento<\/em><\/p>\r\n\r\n\r\n\r\n<p>Grandori Anna | <em>Universit\u00e0 Bocconi<\/em><\/p>\r\n\r\n\r\n\r\n<p>Guerini Giuseppe | Presidente Cecop-Cicopa<\/p>\r\n\r\n\r\n\r\n<p>Gui Benedetto | <em>Istituto Universitario Sophia (Firenze)<\/em><\/p>\r\n\r\n\r\n\r\n<p>Guzzetti Giuseppe | <em>Gi\u00e0 presidente Fondazione Cariplo, gi\u00e0 presidente ACRI<\/em><\/p>\r\n\r\n\r\n\r\n<p>Maffettone Sebastiano | <em>Universit\u00e0 Luiss Guido Carli<\/em><\/p>\r\n\r\n\r\n\r\n<p>Maino Franca | <em>Universit\u00e0 degli Studi di Milano, Direttrice del Laboratorio Percorsi di secondo welfare<\/em><\/p>\r\n\r\n\r\n\r\n<p>Manes Vincenzo | <em>Presidente Fondazione Italia Sociale<\/em><\/p>\r\n\r\n\r\n\r\n<p>Marcucci Marialina |Robert F. Kennedy Human Rights &#8211; Italia<\/p>\r\n\r\n\r\n\r\n<p>Marocchi Gianfranco | <em>Direttore rivista Impresa Sociale, vicedirettore Welforum<\/em><\/p>\r\n\r\n\r\n\r\n<p>Marzocchi Franco | <em>Presidente Aiccon<\/em><\/p>\r\n\r\n\r\n\r\n<p>Massari Monica |<em> Universit\u00e0 degli Studi di Milano<\/em><\/p>\r\n\r\n\r\n\r\n<p>Miniaci Raffaele |<em> Universit\u00e0 degli Studi di Brescia, presidente Centro Studi Socialis<\/em><\/p>\r\n\r\n\r\n\r\n<p>Montanelli Lauro | <em>Donor Italia<\/em><\/p>\r\n\r\n\r\n\r\n<p>Morganti Marco | <em>Responsabile Impact\u00a0Gruppo Intesa Sanpaolo<\/em><\/p>\r\n\r\n\r\n\r\n<p>Mosca Michele | <em>Universit\u00e0 degli Studi di Napoli Federico II<\/em><\/p>\r\n\r\n\r\n\r\n<p>Musella Marco | <em>Presidente Iris Network, Universit\u00e0 di Napoli Federico II<\/em><\/p>\r\n\r\n\r\n\r\n<p>Nappo Nunzia | <em>Universit\u00e0 di Napoli Federico II<\/em><\/p>\r\n\r\n\r\n\r\n<p>Negri Zamagni Vera |<em> Universit\u00e0 degli Studi di Bologna, vicepresidente CEFA<\/em><\/p>\r\n\r\n\r\n\r\n<p>Pagani Fabrizio | <em><em>Presidente M&amp;M &#8211; Idee per un Paese migliore<\/em><\/em><\/p>\r\n\r\n\r\n\r\n<p>Pagliai Valentina | <em>Robert F. Kennedy Human Rights &#8211; Italia<\/em><\/p>\r\n\r\n\r\n\r\n<p>Pasi Francesca | <em>Avvocato, Segretario Fondazione Fratelli Confalonieri<\/em><\/p>\r\n\r\n\r\n\r\n<p>Pelligra Vittorio | <em>Universit\u00e0 degli Studi di Cagliari<\/em><\/p>\r\n\r\n\r\n\r\n<p>Perali Federico |<em> Universit\u00e0 degli Studi di Verona<\/em><\/p>\r\n\r\n\r\n\r\n<p>Petillo Ornella |<em>Presidente Associazione Pi\u00f9 A.R.I.<\/em><\/p>\r\n\r\n\r\n\r\n<p>Porcari Serena | <em>Presidente Dynamo Academy<\/em><\/p>\r\n\r\n\r\n\r\n<p>Pozzoli Stefano | <em>Universit\u00e0 di Firenze<\/em><\/p>\r\n\r\n\r\n\r\n<p>Prato Ledo | <em>docente IULM, Segretario generale Associazione Mecenate 90<\/em><\/p>\r\n\r\n\r\n\r\n<p>Provasi Giancarlo | <em>Universit\u00e0 degli Studi di Brescia<\/em><\/p>\r\n\r\n\r\n\r\n<p>Randazzo Gianluca |<em>Responsabile sostenibilit\u00e0 Banca Mediolanum<\/em><\/p>\r\n\r\n\r\n\r\n<p>Razzano Renzo |<em> CSV Lazio<\/em><\/p>\r\n\r\n\r\n\r\n<p>Reina Rocco |<em> Universit\u00e0 della Magna Grecia di Catanzaro<\/em><\/p>\r\n\r\n\r\n\r\n<p>Sabbadini Linda Laura | Direttore centrale ISTAT<\/p>\r\n\r\n\r\n\r\n<p>Sacconi Lorenzo | <em>Universit\u00e0 degli Studi di Milano,<\/em>\u00a0<em>direttore EconomEtica<\/em>\u00a0<\/p>\r\n\r\n\r\n\r\n<p>Sachy Marta |<em> Fondazione Aurora<\/em><\/p>\r\n\r\n\r\n\r\n<p>Salvatori Gianluca | <em>Segretario generale Euricse, segretario generale Fondazione Italia Sociale<\/em><\/p>\r\n\r\n\r\n\r\n<p>Savoldi Pierfranco | <em>Fondazione Italia Sociale<\/em><\/p>\r\n\r\n\r\n\r\n<p>Scalvini Felice | <em>Presidente Assifero<\/em><\/p>\r\n\r\n\r\n\r\n<p>Schenkel Marina | <em>Universit\u00e0 degli Studi di Udine<\/em><\/p>\r\n\r\n\r\n\r\n<p>Sclavi Marianella | <em>Sociologa<\/em><\/p>\r\n\r\n\r\n\r\n<p>Sepio Gabriele |<em> Segretario generale Terzjus<\/em><\/p>\r\n\r\n\r\n\r\n<p>Tani Simone|<em> programme manager, Citt\u00e0 metropolitana di Firenze<\/em><\/p>\r\n\r\n\r\n\r\n<p>Tramezzani Riccardo| <em>Responsabile UBI Comunit\u00e0 UBI Banca<\/em><\/p>\r\n\r\n\r\n\r\n<p>Trotta Annarita |<em> Universit\u00e0 della Magna Grecia di Catanzaro<\/em><\/p>\r\n\r\n\r\n\r\n<p>Turrini Olga | <em>Gi\u00e0 dirigente ISFOL<\/em><\/p>\r\n\r\n\r\n\r\n<p>Vallet Luigino |<em> presidente onorario Fondazione Comunitaria della Valle d&#8217;Aosta<\/em><\/p>\r\n\r\n\r\n\r\n<p>Venturini Alessandra | <em>Universit\u00e0 degli Studi di Torino, Ex-vicedirettore Migration Policy Centre (MPC)<\/em><\/p>\r\n\r\n\r\n\r\n<p>Vernieri Marco | <em>Gi\u00e0 Chief HR ICCREA<\/em><\/p>\r\n\r\n\r\n\r\n<p>Zamagni Stefano | <em>Presidente della Pontificia accademia delle scienze sociali, Universit\u00e0 di Bologna<\/em><\/p>\r\n\r\n\r\n<hr class=\"wp-block-separator\" \/>\r\n\r\n\r\n<p class=\"has-text-color has-very-dark-gray-color\">Con il sostegno di:<\/p>\r\n\r\n\r\n\r\n<div class=\"wp-block-columns is-layout-flex wp-container-core-columns-is-layout-9d6595d7 wp-block-columns-is-layout-flex\">\r\n<div class=\"wp-block-column is-layout-flow wp-block-column-is-layout-flow\">\r\n<p class=\"has-text-align-center\">Antonio Panero <br \/>*<br \/>Sara Capitanio<br \/>* <br \/>Maria Grazia Sighele <br \/>*<br \/>Andrea Trentini <br \/>*<br \/>Bruna Travaglia <br \/>*<br \/>Anna Tovazzi <br \/>*<br \/>Roberto Bertolini<br \/>* <br \/>Maria Grazia Valduga<br \/>* <br \/>Maria Regina Brun <br \/>*<br \/>Corrado Beiato <br \/>*<br \/>Veronica Barini<br \/>*<br \/>Francesca Righi <br \/>*<br \/>Eliseo Tacchella <br \/>*<br \/>Fiordanna Dosso<br \/>* <br \/>Luisa Zanotelli <br \/>*<br \/>Lorenza Vettor<br \/>* <br \/>Renzo De Stefani <br \/>*<br \/>Claudio Merighi <br \/>*<br \/>Roberto Fiorini <br \/>*<br \/>Maria Rosa Capotorto<br \/>* <br \/>Vito Intino Bari<br \/>*<br \/>Carlo Pulcini <br \/>*<br \/>Luigi Landolfi <br \/>*<br \/>Maria Carla Acler <br \/>*<br \/>Cristina Corsi <br \/>*<br \/>Vito Davide Ciavirella<br \/>* <br \/>Sebastiano Ciavirella <br \/>*<br \/>Cinzia Scalia <br \/>*<br \/>Emanuele Cusa<br \/>* <br \/>Laura Corazza <br \/>*<br \/>Laura Peruzzo <br \/>*<br \/>Alessandro Catellani<br \/>* <br \/>Ester Gubert <br \/>*<br \/>Luisa Antoniolli<br \/>* <br \/>Margherita Vacca <br \/>*<br \/>Tommaso D&#8217;Alterio <br \/>*<br \/>Giovanni Solinas <br \/>*<br \/>Andrea Angelo<br \/>*<br \/>Emanuele Alecci<br \/>*<br \/>Alessandro Padovani<br \/>*<br \/>Benedetto Campione<br \/>*<br \/>Martina Visentin<br \/>*<br \/>Donatella Gasperi<br \/>*<br \/>Nicholas Moser<br \/>*<br \/>Enrico Muller<br \/>*<br \/>Giulia Cordella<br \/>*<br \/>Alessandro Martello<br \/>*<br \/>Adriana Alessandrini<br \/>*<br \/>Costanza La Mantia<br \/>*<br \/>Isabella Polloni <br \/>*<br \/>Marco Salvadori <br \/>*<br \/>Ema Maggio<br \/>*<br \/>Chiara Chiappa <br \/>*<br \/>Marco Bernardi<\/p>\r\n\r\n\r\n\r\n<p>&nbsp;<\/p>\r\n\r\n\r\n\r\n<p>&nbsp;<\/p>\r\n<\/div>\r\n\r\n\r\n\r\n<div class=\"wp-block-column is-layout-flow wp-block-column-is-layout-flow\">\r\n<p class=\"has-text-align-center\">Beatrice Pace <br \/>*<br \/>Federico Maggiora <br \/>*<br \/>Chiara Lunel <br \/>*<br \/>Ilana Gotz <br \/>*<br \/>Marzia Ravazzini <br \/>*<br \/>Fabio Bazzanella <br \/>*<br \/>Paolo Tigrino <br \/>*<br \/>Monica Ricci <br \/>*<br \/>Alessia Bertolini <br \/>*<br \/>Milena Rizzardi <br \/>*<br \/>Marcello Bogetti <br \/>*<br \/>Piercarlo Gera<br \/>*<br \/>Roberto De Micco <br \/>*<br \/>Giulio Petitta <br \/>*<br \/>Eleonora Lenti <br \/>*<br \/>Rosella Guarneri <br \/>*<br \/>Luciano Bedin <br \/>*<br \/>Francesco Fassi <br \/>*<br \/>Giuseppe Critelli <br \/>*<br \/>Valentina Chieco <br \/>*<br \/>Elisabetta Ottavia <br \/>*<br \/>Giovanna Ferretti <br \/>*<br \/>Giorgio Del Zanna <br \/>*<br \/>Umberto Zandrini <br \/>*<br \/>Giuseppe Vincenzo<br \/>Mancuso<br \/>*<br \/>Emilio Mastroianni <br \/>*<br \/>Vera Huber <br \/>*<br \/>Myra Stark <br \/>*<br \/>Rocco Moretti<br \/>*<br \/>Maria Gonzo Fedel <br \/>*<br \/>Giovanni Salzano <br \/>*<br \/>Michele Pellegrini <br \/>*<br \/>Nicola De Min <br \/>*<br \/>Bruno Cassola <br \/>*<br \/>Annalea Pillitteri <br \/>*<br \/>Alberto Signor <br \/>*<br \/>Marco Biazzo <br \/>*<br \/>Vittorio Caracciolo <br \/>*<br \/>Caterina Bruschi <br \/>*<br \/>Pamela Bolognini <br \/>*<br \/>Laura Angeletti <br \/>*<br \/>Bruno Merlini <br \/>*<br \/>Nadia Russo <br \/>*<br \/>Alessandro Fabbri <br \/>*<br \/>Mauro Svaldi <br \/>*<br \/>Fabio Armellini <br \/>*<br \/>Elena pozzi<br \/>*<br \/>Amelia Iannotta <br \/>*<br \/>Antonio Morlando <br \/>*<br \/>Alice Sartori <br \/>*<br \/>Massimo Occello <br \/>*<br \/>Immacolata Ciardi <br \/>*<br \/>Elisa Polo<\/p>\r\n\r\n\r\n\r\n<p>&nbsp;<\/p>\r\n\r\n\r\n\r\n<p>&nbsp;<\/p>\r\n<\/div>\r\n\r\n\r\n\r\n<div class=\"wp-block-column is-layout-flow wp-block-column-is-layout-flow\">\r\n<p class=\"has-text-align-center\">Alfonso Cotera Fretel <br \/>*<br \/>Melchiorre Lino Orler <br \/>*<br \/>Cinzia Festa <br \/>*<br \/>Davide Festa <br \/>*<br \/>Rosa Rizzato <br \/>*<br \/>Claudia Borrelli <br \/>*<br \/>Angelica Padula <br \/>*<br \/>Alessandra Dal Colle <br \/>*<br \/>Ezio Gionco <br \/>*<br \/>Valentina Mancusi <br \/>*<br \/>Mauro Angeloni <br \/>*<br \/>Francesca Sorci <br \/>*<br \/>Maria Solidea Olmi<br \/>Monzani<br \/>*<br \/>Giovanna Galli <br \/>*<br \/>Monica Danelutti <br \/>*<br \/>Simone Gentili <br \/>*<br \/>Antonio Angelino <br \/>*<br \/>Antonietta Bazzocchi <br \/>*<br \/>Erika Baglione <br \/>*<br \/>Karl Tragust<br \/>*<br \/>antonietta tempesta <br \/>*<br \/>Elisabetta Carollo <br \/>*<br \/>Rosario Bressi <br \/>*<br \/>Silvia Romanzani <br \/>*<br \/>Brigida . Monda <br \/>*<br \/>Emanuela Rossi <br \/>*<br \/>Micaela Bertoldi <br \/>*<br \/>Davide Veronese <br \/>*<br \/>Fran\u00e7ois de Brabant <br \/>*<br \/>Roberto Dal Corso <br \/>*<br \/>Elisabetta Artoni <br \/>*<br \/>Pietro Lostia <br \/>*<br \/>Antonio Scrimieri <br \/>*<br \/>Edmondo Esposito <br \/>*<br \/>Alessandro Tolomelli <br \/>*<br \/>Gabriele Pluchino <br \/>*<br \/>Pierino Di Cello <br \/>*<br \/>Danilo Salerno <br \/>* <br \/>Silvana Bartolini <br \/>*<br \/>Rosanna Ferrari <br \/>*<br \/>Giuseppe Di Francesco <br \/>*<br \/>Francesca Amici <br \/>*<br \/>Anna Maria Arioli <br \/>*<br \/>Gabriele Lionello <br \/>*<br \/>Giancarlo Barzaghi <br \/>*<br \/>Stefano Maines <br \/>*<br \/>Anna M. Merlo<br \/>*<br \/>Cristina Rapone <br \/>*<br \/>Pieralfonso Iacono<br \/>*<br \/>Roberto Baldo<\/p>\r\n<\/div>\r\n<\/div>\r\n\r\n\r\n\r\n<p>&nbsp;<\/p>\r\n","protected":false},"excerpt":{"rendered":"<p>Con una lettera aperta al Presidente del Consiglio Giuseppe Conte, esponenti della societ\u00e0 civile, operatori, ricercatori e cittadini attivi, chiedono che l\u2019Italia si doti di un piano di azione per il terzo settore e l\u2019economia sociale.<\/p>\n","protected":false},"author":30,"featured_media":10394,"comment_status":"closed","ping_status":"closed","sticky":false,"template":"","format":"standard","meta":{"_acf_changed":false,"episode_type":"","audio_file":"","cover_image":"","cover_image_id":"","duration":"","filesize":"","date_recorded":"","explicit":"","block":"","itunes_episode_number":"","itunes_title":"","itunes_season_number":"","itunes_episode_type":"","filesize_raw":"","footnotes":""},"categories":[17],"tags":[121,280,841],"class_list":["post-10393","post","type-post","status-publish","format-standard","has-post-thumbnail","hentry","category-news-it","tag-economia-sociale","tag-terzo-settore","tag-action-plan"],"acf":[],"yoast_head":"<!-- This site is optimized with the Yoast SEO plugin v26.1.1 - https:\/\/yoast.com\/wordpress\/plugins\/seo\/ -->\n<title>Un action plan per il terzo settore e l&#039;economia sociale | Lettera aperta al Presidente Conte - Euricse<\/title>\n<meta name=\"robots\" content=\"index, follow, max-snippet:-1, max-image-preview:large, max-video-preview:-1\" \/>\n<link rel=\"canonical\" href=\"https:\/\/euricse.eu\/it\/un-action-plan-per-il-terzo-settore-e-leconomia-sociale-lettera-aperta-al-presidente-conte\/\" \/>\n<meta property=\"og:locale\" content=\"it_IT\" \/>\n<meta property=\"og:type\" content=\"article\" \/>\n<meta property=\"og:title\" content=\"Un action plan per il terzo settore e l&#039;economia sociale | Lettera aperta al Presidente Conte - Euricse\" \/>\n<meta property=\"og:description\" content=\"Con una lettera aperta al Presidente del Consiglio Giuseppe Conte, esponenti della societ\u00e0 civile, operatori, ricercatori e cittadini attivi, chiedono che l\u2019Italia si doti di un piano di azione per il terzo settore e l\u2019economia sociale.\" \/>\n<meta property=\"og:url\" content=\"https:\/\/euricse.eu\/it\/un-action-plan-per-il-terzo-settore-e-leconomia-sociale-lettera-aperta-al-presidente-conte\/\" \/>\n<meta property=\"og:site_name\" content=\"Euricse\" \/>\n<meta property=\"article:published_time\" content=\"2020-06-16T13:24:19+00:00\" \/>\n<meta property=\"article:modified_time\" content=\"2022-05-13T09:26:55+00:00\" \/>\n<meta property=\"og:image\" content=\"https:\/\/euricse.eu\/wp-content\/uploads\/2020\/06\/pexels-photo-2431436.jpeg\" \/>\n\t<meta property=\"og:image:width\" content=\"1880\" \/>\n\t<meta property=\"og:image:height\" content=\"1239\" \/>\n\t<meta property=\"og:image:type\" content=\"image\/jpeg\" \/>\n<meta name=\"author\" content=\"redazione\" \/>\n<meta name=\"twitter:card\" content=\"summary_large_image\" \/>\n<meta name=\"twitter:label1\" content=\"Scritto da\" \/>\n\t<meta name=\"twitter:data1\" content=\"redazione\" \/>\n\t<meta name=\"twitter:label2\" content=\"Tempo di lettura stimato\" \/>\n\t<meta name=\"twitter:data2\" content=\"10 minuti\" \/>\n<script type=\"application\/ld+json\" class=\"yoast-schema-graph\">{\"@context\":\"https:\/\/schema.org\",\"@graph\":[{\"@type\":\"WebPage\",\"@id\":\"https:\/\/euricse.eu\/it\/un-action-plan-per-il-terzo-settore-e-leconomia-sociale-lettera-aperta-al-presidente-conte\/\",\"url\":\"https:\/\/euricse.eu\/it\/un-action-plan-per-il-terzo-settore-e-leconomia-sociale-lettera-aperta-al-presidente-conte\/\",\"name\":\"Un action plan per il terzo settore e l'economia sociale | Lettera aperta al Presidente Conte - Euricse\",\"isPartOf\":{\"@id\":\"https:\/\/euricse.eu\/en\/#website\"},\"primaryImageOfPage\":{\"@id\":\"https:\/\/euricse.eu\/it\/un-action-plan-per-il-terzo-settore-e-leconomia-sociale-lettera-aperta-al-presidente-conte\/#primaryimage\"},\"image\":{\"@id\":\"https:\/\/euricse.eu\/it\/un-action-plan-per-il-terzo-settore-e-leconomia-sociale-lettera-aperta-al-presidente-conte\/#primaryimage\"},\"thumbnailUrl\":\"https:\/\/euricse.eu\/wp-content\/uploads\/2020\/06\/pexels-photo-2431436.jpeg\",\"datePublished\":\"2020-06-16T13:24:19+00:00\",\"dateModified\":\"2022-05-13T09:26:55+00:00\",\"author\":{\"@id\":\"https:\/\/euricse.eu\/en\/#\/schema\/person\/46be9426d76e3114ba478b69f3d8040b\"},\"breadcrumb\":{\"@id\":\"https:\/\/euricse.eu\/it\/un-action-plan-per-il-terzo-settore-e-leconomia-sociale-lettera-aperta-al-presidente-conte\/#breadcrumb\"},\"inLanguage\":\"it-IT\",\"potentialAction\":[{\"@type\":\"ReadAction\",\"target\":[\"https:\/\/euricse.eu\/it\/un-action-plan-per-il-terzo-settore-e-leconomia-sociale-lettera-aperta-al-presidente-conte\/\"]}]},{\"@type\":\"ImageObject\",\"inLanguage\":\"it-IT\",\"@id\":\"https:\/\/euricse.eu\/it\/un-action-plan-per-il-terzo-settore-e-leconomia-sociale-lettera-aperta-al-presidente-conte\/#primaryimage\",\"url\":\"https:\/\/euricse.eu\/wp-content\/uploads\/2020\/06\/pexels-photo-2431436.jpeg\",\"contentUrl\":\"https:\/\/euricse.eu\/wp-content\/uploads\/2020\/06\/pexels-photo-2431436.jpeg\",\"width\":1880,\"height\":1239},{\"@type\":\"BreadcrumbList\",\"@id\":\"https:\/\/euricse.eu\/it\/un-action-plan-per-il-terzo-settore-e-leconomia-sociale-lettera-aperta-al-presidente-conte\/#breadcrumb\",\"itemListElement\":[{\"@type\":\"ListItem\",\"position\":1,\"name\":\"Home\",\"item\":\"https:\/\/euricse.eu\/it\/\"},{\"@type\":\"ListItem\",\"position\":2,\"name\":\"Un action plan per il terzo settore e l&#8217;economia sociale | Lettera aperta al Presidente Conte\"}]},{\"@type\":\"WebSite\",\"@id\":\"https:\/\/euricse.eu\/en\/#website\",\"url\":\"https:\/\/euricse.eu\/en\/\",\"name\":\"Euricse\",\"description\":\"Knowledge and innovation for cooperative and social enterprises.\",\"potentialAction\":[{\"@type\":\"SearchAction\",\"target\":{\"@type\":\"EntryPoint\",\"urlTemplate\":\"https:\/\/euricse.eu\/en\/?s={search_term_string}\"},\"query-input\":{\"@type\":\"PropertyValueSpecification\",\"valueRequired\":true,\"valueName\":\"search_term_string\"}}],\"inLanguage\":\"it-IT\"},{\"@type\":\"Person\",\"@id\":\"https:\/\/euricse.eu\/en\/#\/schema\/person\/46be9426d76e3114ba478b69f3d8040b\",\"name\":\"redazione\",\"image\":{\"@type\":\"ImageObject\",\"inLanguage\":\"it-IT\",\"@id\":\"https:\/\/euricse.eu\/en\/#\/schema\/person\/image\/\",\"url\":\"https:\/\/secure.gravatar.com\/avatar\/d1e5fb76fa001722a0822f32de0a8935d9c7a01b0f055f16dc71df73252c3c50?s=96&d=mm&r=g\",\"contentUrl\":\"https:\/\/secure.gravatar.com\/avatar\/d1e5fb76fa001722a0822f32de0a8935d9c7a01b0f055f16dc71df73252c3c50?s=96&d=mm&r=g\",\"caption\":\"redazione\"},\"url\":\"https:\/\/euricse.eu\/it\/author\/marikadmin\/\"}]}<\/script>\n<!-- \/ Yoast SEO plugin. -->","yoast_head_json":{"title":"Un action plan per il terzo settore e l'economia sociale | Lettera aperta al Presidente Conte - Euricse","robots":{"index":"index","follow":"follow","max-snippet":"max-snippet:-1","max-image-preview":"max-image-preview:large","max-video-preview":"max-video-preview:-1"},"canonical":"https:\/\/euricse.eu\/it\/un-action-plan-per-il-terzo-settore-e-leconomia-sociale-lettera-aperta-al-presidente-conte\/","og_locale":"it_IT","og_type":"article","og_title":"Un action plan per il terzo settore e l'economia sociale | Lettera aperta al Presidente Conte - Euricse","og_description":"Con una lettera aperta al Presidente del Consiglio Giuseppe Conte, esponenti della societ\u00e0 civile, operatori, ricercatori e cittadini attivi, chiedono che l\u2019Italia si doti di un piano di azione per il terzo settore e l\u2019economia sociale.","og_url":"https:\/\/euricse.eu\/it\/un-action-plan-per-il-terzo-settore-e-leconomia-sociale-lettera-aperta-al-presidente-conte\/","og_site_name":"Euricse","article_published_time":"2020-06-16T13:24:19+00:00","article_modified_time":"2022-05-13T09:26:55+00:00","og_image":[{"width":1880,"height":1239,"url":"https:\/\/euricse.eu\/wp-content\/uploads\/2020\/06\/pexels-photo-2431436.jpeg","type":"image\/jpeg"}],"author":"redazione","twitter_card":"summary_large_image","twitter_misc":{"Scritto da":"redazione","Tempo di lettura stimato":"10 minuti"},"schema":{"@context":"https:\/\/schema.org","@graph":[{"@type":"WebPage","@id":"https:\/\/euricse.eu\/it\/un-action-plan-per-il-terzo-settore-e-leconomia-sociale-lettera-aperta-al-presidente-conte\/","url":"https:\/\/euricse.eu\/it\/un-action-plan-per-il-terzo-settore-e-leconomia-sociale-lettera-aperta-al-presidente-conte\/","name":"Un action plan per il terzo settore e l'economia sociale | Lettera aperta al Presidente Conte - Euricse","isPartOf":{"@id":"https:\/\/euricse.eu\/en\/#website"},"primaryImageOfPage":{"@id":"https:\/\/euricse.eu\/it\/un-action-plan-per-il-terzo-settore-e-leconomia-sociale-lettera-aperta-al-presidente-conte\/#primaryimage"},"image":{"@id":"https:\/\/euricse.eu\/it\/un-action-plan-per-il-terzo-settore-e-leconomia-sociale-lettera-aperta-al-presidente-conte\/#primaryimage"},"thumbnailUrl":"https:\/\/euricse.eu\/wp-content\/uploads\/2020\/06\/pexels-photo-2431436.jpeg","datePublished":"2020-06-16T13:24:19+00:00","dateModified":"2022-05-13T09:26:55+00:00","author":{"@id":"https:\/\/euricse.eu\/en\/#\/schema\/person\/46be9426d76e3114ba478b69f3d8040b"},"breadcrumb":{"@id":"https:\/\/euricse.eu\/it\/un-action-plan-per-il-terzo-settore-e-leconomia-sociale-lettera-aperta-al-presidente-conte\/#breadcrumb"},"inLanguage":"it-IT","potentialAction":[{"@type":"ReadAction","target":["https:\/\/euricse.eu\/it\/un-action-plan-per-il-terzo-settore-e-leconomia-sociale-lettera-aperta-al-presidente-conte\/"]}]},{"@type":"ImageObject","inLanguage":"it-IT","@id":"https:\/\/euricse.eu\/it\/un-action-plan-per-il-terzo-settore-e-leconomia-sociale-lettera-aperta-al-presidente-conte\/#primaryimage","url":"https:\/\/euricse.eu\/wp-content\/uploads\/2020\/06\/pexels-photo-2431436.jpeg","contentUrl":"https:\/\/euricse.eu\/wp-content\/uploads\/2020\/06\/pexels-photo-2431436.jpeg","width":1880,"height":1239},{"@type":"BreadcrumbList","@id":"https:\/\/euricse.eu\/it\/un-action-plan-per-il-terzo-settore-e-leconomia-sociale-lettera-aperta-al-presidente-conte\/#breadcrumb","itemListElement":[{"@type":"ListItem","position":1,"name":"Home","item":"https:\/\/euricse.eu\/it\/"},{"@type":"ListItem","position":2,"name":"Un action plan per il terzo settore e l&#8217;economia sociale | Lettera aperta al Presidente Conte"}]},{"@type":"WebSite","@id":"https:\/\/euricse.eu\/en\/#website","url":"https:\/\/euricse.eu\/en\/","name":"Euricse","description":"Knowledge and innovation for cooperative and social enterprises.","potentialAction":[{"@type":"SearchAction","target":{"@type":"EntryPoint","urlTemplate":"https:\/\/euricse.eu\/en\/?s={search_term_string}"},"query-input":{"@type":"PropertyValueSpecification","valueRequired":true,"valueName":"search_term_string"}}],"inLanguage":"it-IT"},{"@type":"Person","@id":"https:\/\/euricse.eu\/en\/#\/schema\/person\/46be9426d76e3114ba478b69f3d8040b","name":"redazione","image":{"@type":"ImageObject","inLanguage":"it-IT","@id":"https:\/\/euricse.eu\/en\/#\/schema\/person\/image\/","url":"https:\/\/secure.gravatar.com\/avatar\/d1e5fb76fa001722a0822f32de0a8935d9c7a01b0f055f16dc71df73252c3c50?s=96&d=mm&r=g","contentUrl":"https:\/\/secure.gravatar.com\/avatar\/d1e5fb76fa001722a0822f32de0a8935d9c7a01b0f055f16dc71df73252c3c50?s=96&d=mm&r=g","caption":"redazione"},"url":"https:\/\/euricse.eu\/it\/author\/marikadmin\/"}]}},"_links":{"self":[{"href":"https:\/\/euricse.eu\/it\/wp-json\/wp\/v2\/posts\/10393","targetHints":{"allow":["GET"]}}],"collection":[{"href":"https:\/\/euricse.eu\/it\/wp-json\/wp\/v2\/posts"}],"about":[{"href":"https:\/\/euricse.eu\/it\/wp-json\/wp\/v2\/types\/post"}],"author":[{"embeddable":true,"href":"https:\/\/euricse.eu\/it\/wp-json\/wp\/v2\/users\/30"}],"replies":[{"embeddable":true,"href":"https:\/\/euricse.eu\/it\/wp-json\/wp\/v2\/comments?post=10393"}],"version-history":[{"count":1,"href":"https:\/\/euricse.eu\/it\/wp-json\/wp\/v2\/posts\/10393\/revisions"}],"predecessor-version":[{"id":15789,"href":"https:\/\/euricse.eu\/it\/wp-json\/wp\/v2\/posts\/10393\/revisions\/15789"}],"wp:featuredmedia":[{"embeddable":true,"href":"https:\/\/euricse.eu\/it\/wp-json\/wp\/v2\/media\/10394"}],"wp:attachment":[{"href":"https:\/\/euricse.eu\/it\/wp-json\/wp\/v2\/media?parent=10393"}],"wp:term":[{"taxonomy":"category","embeddable":true,"href":"https:\/\/euricse.eu\/it\/wp-json\/wp\/v2\/categories?post=10393"},{"taxonomy":"post_tag","embeddable":true,"href":"https:\/\/euricse.eu\/it\/wp-json\/wp\/v2\/tags?post=10393"}],"curies":[{"name":"wp","href":"https:\/\/api.w.org\/{rel}","templated":true}]}}