{"id":10497,"date":"2020-07-24T09:00:24","date_gmt":"2020-07-24T08:00:24","guid":{"rendered":"https:\/\/euricse.staging.hgblu.com\/?p=10497"},"modified":"2020-09-01T14:52:56","modified_gmt":"2020-09-01T13:52:56","slug":"comunita-attorno-alle-fragilita-nuovo-bando-con-fondazione-caritro","status":"publish","type":"post","link":"https:\/\/euricse.eu\/it\/comunita-attorno-alle-fragilita-nuovo-bando-con-fondazione-caritro\/","title":{"rendered":"Comunit\u00e0 attorno alle fragilit\u00e0: nuovo bando con Fondazione Caritro"},"content":{"rendered":"\n<p style=\"font-size:18px\"><strong>Fondazione Caritro, in collaborazione con Euricse, promuove una nuova iniziativa per favorire la ripartenza ed il ritorno alla normalit\u00e0 delle realt\u00e0 del territorio trentino dopo lo stato emergenziale dovuto al Covid-19.<\/strong><\/p>\n\n\n\n<p class=\"has-normal-font-size\">L\u2019intento degli interventi straordinari della Fondazione che si aggiungono alla programmazione ordinaria nei settori della <em>ricerca, istruzione, cultura e sociale <\/em>\u00e8 di facilitare e sostenere le realt\u00e0 del territorio nel progettare iniziative e attivit\u00e0 da sviluppare con logiche di rete, di comunit\u00e0 e di breve periodo.<br>Per facilitare la ripartenza e per garantire adeguati livelli di flessibilit\u00e0 per gli interlocutori, gli interventi condivisi con altri interlocutori partner del sistema trentino prevedono interventi e modalit\u00e0 straordinarie rispetto al sostegno ordinario di Fondazione.<\/p>\n\n\n\n<p class=\"has-normal-font-size\"><strong>Finalit\u00e0 generali<\/strong><br>Favorire la ripartenza ed il rafforzamento del sistema di welfare locale incentivando interventi co-progettati da reti di comunit\u00e0 che si attivano per contrastare fragilit\u00e0 familiari e sociali amplificate o emerse durante l\u2019emergenza Covid.<\/p>\n\n\n\n<p class=\"has-normal-font-size\"><strong>Obiettivi del bando<\/strong><br>* sostenere progetti con obiettivi e risultati sociali concreti di breve periodo * stimolare gli enti di terzo settore a ripensare e sperimentare modalit\u00e0 per affrontare fragilit\u00e0 familiari e sociali anche in riferimento dall\u2019emergenza sanitaria <br>* rafforzare la sostenibilit\u00e0 e la generativit\u00e0 degli interventi grazie al coinvolgimento di pi\u00f9 partner diversi <br>* favorire la condivisione e trasferibilit\u00e0 delle buone pratiche sperimentate ad altre realt\u00e0 e contesti del sistema del welfare locale<\/p>\n\n\n\n<p class=\"has-normal-font-size\"><strong>Ambiti tematici<\/strong><br>* servizi di prossimit\u00e0: reti per il contrasto a fragilit\u00e0 amplificate o emerse con l\u2019emergenza Covid<br>* conciliazione vita-lavoro: reti per supportare lavoratori e famiglie nella gestione delle esigenze rese pi\u00f9 complesse con l\u2019emergenza Covid <\/p>\n\n\n\n<p class=\"has-normal-font-size\"><strong>Enti destinatari del bando<\/strong><br>Reti di comunit\u00e0 composte da almeno 3 realt\u00e0.<\/p>\n\n\n\n<p class=\"has-normal-font-size\"><strong>Requisiti formali dei progetti<\/strong><br>* capofila della rete: ente non-profit (ONLUS, ODV oppure APS) che agisce sul territorio provinciale nell\u2019ambito dei servizi del welfare sociale (ciascun capofila pu\u00f2 presentare non pi\u00f9 di un progetto)<br>* partner della rete: qualsiasi tipologia di realt\u00e0 (enti pubblici, enti di terzo settore, imprese, etc.). L\u2019eterogeneit\u00e0 e la congruit\u00e0 dei partner coinvolti rispetto ai contenuti ed attivit\u00e0 del progetto viene considerato elemento premiante per la selezione.<br>* avvio entro il 2020 e durata non superiore a 12 mesi<br>* svolgimento in Provincia Autonoma di Trento<br>* attivazione dei primi servizi per i destinatari entro tre mesi dall\u2019avvio dei progetti<\/p>\n\n\n\n<p class=\"has-normal-font-size\">I progetti devono essere presentati entro il <strong>15 settembre alle ore 17.00<\/strong>.<\/p>\n\n\n\n<p class=\"has-normal-font-size\">Per maggiori informazioni visita il sito <a href=\"https:\/\/www.fondazionecaritro.it\/component\/k2\/item\/1005-bando-comunita-attorno-alle-fragilita\" target=\"_blank\" rel=\"noreferrer noopener\">https:\/\/www.fondazionecaritro.it\/component\/k2\/item\/1005-bando-comunita-attorno-alle-fragilita<\/a><\/p>\n\n\n\n<p class=\"has-normal-font-size\">Scarica il <a href=\"https:\/\/euricse.eu\/wp-content\/uploads\/2020\/07\/BandoZCOMUNITAZATTORNOZALLEZFRAGILITAZ17-7-2020.pdf\">bando completo<\/a><\/p>\n\n\n\n<p><\/p>\n","protected":false},"excerpt":{"rendered":"<p>Fondazione Caritro, in collaborazione con Euricse, promuove una nuova iniziativa per favorire la ripartenza ed il ritorno alla normalit\u00e0 delle realt\u00e0 del territorio trentino dopo lo stato emergenziale dovuto al Covid-19. L\u2019intento degli interventi straordinari della Fondazione che si aggiungono alla programmazione ordinaria nei settori della ricerca, istruzione, cultura e sociale \u00e8 di facilitare e [&hellip;]<\/p>\n","protected":false},"author":30,"featured_media":10580,"comment_status":"open","ping_status":"closed","sticky":false,"template":"","format":"standard","meta":{"_acf_changed":false,"episode_type":"","audio_file":"","cover_image":"","cover_image_id":"","duration":"","filesize":"","date_recorded":"","explicit":"","block":"","itunes_episode_number":"","itunes_title":"","itunes_season_number":"","itunes_episode_type":"","filesize_raw":"","footnotes":""},"categories":[17],"tags":[646,676,842],"class_list":["post-10497","post","type-post","status-publish","format-standard","has-post-thumbnail","hentry","category-news-it","tag-trentino","tag-bando","tag-welfare-locale"],"acf":[],"yoast_head":"<!-- This site is optimized with the Yoast SEO plugin v26.1.1 - https:\/\/yoast.com\/wordpress\/plugins\/seo\/ -->\n<title>Comunit\u00e0 attorno alle fragilit\u00e0: nuovo bando con Fondazione Caritro - Euricse<\/title>\n<meta name=\"robots\" content=\"index, follow, max-snippet:-1, max-image-preview:large, max-video-preview:-1\" \/>\n<link rel=\"canonical\" href=\"https:\/\/euricse.eu\/it\/comunita-attorno-alle-fragilita-nuovo-bando-con-fondazione-caritro\/\" \/>\n<meta property=\"og:locale\" content=\"it_IT\" \/>\n<meta property=\"og:type\" content=\"article\" \/>\n<meta property=\"og:title\" content=\"Comunit\u00e0 attorno alle fragilit\u00e0: nuovo bando con Fondazione Caritro - Euricse\" \/>\n<meta property=\"og:description\" content=\"Fondazione Caritro, in collaborazione con Euricse, promuove una nuova iniziativa per favorire la ripartenza ed il ritorno alla normalit\u00e0 delle realt\u00e0 del territorio trentino dopo lo stato emergenziale dovuto al Covid-19. L\u2019intento degli interventi straordinari della Fondazione che si aggiungono alla programmazione ordinaria nei settori della ricerca, istruzione, cultura e sociale \u00e8 di facilitare e [&hellip;]\" \/>\n<meta property=\"og:url\" content=\"https:\/\/euricse.eu\/it\/comunita-attorno-alle-fragilita-nuovo-bando-con-fondazione-caritro\/\" \/>\n<meta property=\"og:site_name\" content=\"Euricse\" \/>\n<meta property=\"article:published_time\" content=\"2020-07-24T08:00:24+00:00\" \/>\n<meta property=\"article:modified_time\" content=\"2020-09-01T13:52:56+00:00\" \/>\n<meta property=\"og:image\" content=\"https:\/\/euricse.eu\/wp-content\/uploads\/2020\/07\/Banner_fargilita-Copia.jpg\" \/>\n\t<meta property=\"og:image:width\" content=\"1976\" \/>\n\t<meta property=\"og:image:height\" content=\"1581\" \/>\n\t<meta property=\"og:image:type\" content=\"image\/jpeg\" \/>\n<meta name=\"author\" content=\"redazione\" \/>\n<meta name=\"twitter:card\" content=\"summary_large_image\" \/>\n<meta name=\"twitter:label1\" content=\"Scritto da\" \/>\n\t<meta name=\"twitter:data1\" content=\"redazione\" \/>\n\t<meta name=\"twitter:label2\" content=\"Tempo di lettura stimato\" \/>\n\t<meta name=\"twitter:data2\" content=\"2 minuti\" \/>\n<script type=\"application\/ld+json\" class=\"yoast-schema-graph\">{\"@context\":\"https:\/\/schema.org\",\"@graph\":[{\"@type\":\"WebPage\",\"@id\":\"https:\/\/euricse.eu\/it\/comunita-attorno-alle-fragilita-nuovo-bando-con-fondazione-caritro\/\",\"url\":\"https:\/\/euricse.eu\/it\/comunita-attorno-alle-fragilita-nuovo-bando-con-fondazione-caritro\/\",\"name\":\"Comunit\u00e0 attorno alle fragilit\u00e0: nuovo bando con Fondazione Caritro - Euricse\",\"isPartOf\":{\"@id\":\"https:\/\/euricse.eu\/en\/#website\"},\"primaryImageOfPage\":{\"@id\":\"https:\/\/euricse.eu\/it\/comunita-attorno-alle-fragilita-nuovo-bando-con-fondazione-caritro\/#primaryimage\"},\"image\":{\"@id\":\"https:\/\/euricse.eu\/it\/comunita-attorno-alle-fragilita-nuovo-bando-con-fondazione-caritro\/#primaryimage\"},\"thumbnailUrl\":\"https:\/\/euricse.eu\/wp-content\/uploads\/2020\/07\/Banner_fargilita-Copia.jpg\",\"datePublished\":\"2020-07-24T08:00:24+00:00\",\"dateModified\":\"2020-09-01T13:52:56+00:00\",\"author\":{\"@id\":\"https:\/\/euricse.eu\/en\/#\/schema\/person\/46be9426d76e3114ba478b69f3d8040b\"},\"breadcrumb\":{\"@id\":\"https:\/\/euricse.eu\/it\/comunita-attorno-alle-fragilita-nuovo-bando-con-fondazione-caritro\/#breadcrumb\"},\"inLanguage\":\"it-IT\",\"potentialAction\":[{\"@type\":\"ReadAction\",\"target\":[\"https:\/\/euricse.eu\/it\/comunita-attorno-alle-fragilita-nuovo-bando-con-fondazione-caritro\/\"]}]},{\"@type\":\"ImageObject\",\"inLanguage\":\"it-IT\",\"@id\":\"https:\/\/euricse.eu\/it\/comunita-attorno-alle-fragilita-nuovo-bando-con-fondazione-caritro\/#primaryimage\",\"url\":\"https:\/\/euricse.eu\/wp-content\/uploads\/2020\/07\/Banner_fargilita-Copia.jpg\",\"contentUrl\":\"https:\/\/euricse.eu\/wp-content\/uploads\/2020\/07\/Banner_fargilita-Copia.jpg\",\"width\":1976,\"height\":1581},{\"@type\":\"BreadcrumbList\",\"@id\":\"https:\/\/euricse.eu\/it\/comunita-attorno-alle-fragilita-nuovo-bando-con-fondazione-caritro\/#breadcrumb\",\"itemListElement\":[{\"@type\":\"ListItem\",\"position\":1,\"name\":\"Home\",\"item\":\"https:\/\/euricse.eu\/it\/\"},{\"@type\":\"ListItem\",\"position\":2,\"name\":\"Comunit\u00e0 attorno alle fragilit\u00e0: nuovo bando con Fondazione Caritro\"}]},{\"@type\":\"WebSite\",\"@id\":\"https:\/\/euricse.eu\/en\/#website\",\"url\":\"https:\/\/euricse.eu\/en\/\",\"name\":\"Euricse\",\"description\":\"Knowledge and innovation for cooperative and social enterprises.\",\"potentialAction\":[{\"@type\":\"SearchAction\",\"target\":{\"@type\":\"EntryPoint\",\"urlTemplate\":\"https:\/\/euricse.eu\/en\/?s={search_term_string}\"},\"query-input\":{\"@type\":\"PropertyValueSpecification\",\"valueRequired\":true,\"valueName\":\"search_term_string\"}}],\"inLanguage\":\"it-IT\"},{\"@type\":\"Person\",\"@id\":\"https:\/\/euricse.eu\/en\/#\/schema\/person\/46be9426d76e3114ba478b69f3d8040b\",\"name\":\"redazione\",\"image\":{\"@type\":\"ImageObject\",\"inLanguage\":\"it-IT\",\"@id\":\"https:\/\/euricse.eu\/en\/#\/schema\/person\/image\/\",\"url\":\"https:\/\/secure.gravatar.com\/avatar\/d1e5fb76fa001722a0822f32de0a8935d9c7a01b0f055f16dc71df73252c3c50?s=96&d=mm&r=g\",\"contentUrl\":\"https:\/\/secure.gravatar.com\/avatar\/d1e5fb76fa001722a0822f32de0a8935d9c7a01b0f055f16dc71df73252c3c50?s=96&d=mm&r=g\",\"caption\":\"redazione\"},\"url\":\"https:\/\/euricse.eu\/it\/author\/marikadmin\/\"}]}<\/script>\n<!-- \/ Yoast SEO plugin. -->","yoast_head_json":{"title":"Comunit\u00e0 attorno alle fragilit\u00e0: nuovo bando con Fondazione Caritro - Euricse","robots":{"index":"index","follow":"follow","max-snippet":"max-snippet:-1","max-image-preview":"max-image-preview:large","max-video-preview":"max-video-preview:-1"},"canonical":"https:\/\/euricse.eu\/it\/comunita-attorno-alle-fragilita-nuovo-bando-con-fondazione-caritro\/","og_locale":"it_IT","og_type":"article","og_title":"Comunit\u00e0 attorno alle fragilit\u00e0: nuovo bando con Fondazione Caritro - Euricse","og_description":"Fondazione Caritro, in collaborazione con Euricse, promuove una nuova iniziativa per favorire la ripartenza ed il ritorno alla normalit\u00e0 delle realt\u00e0 del territorio trentino dopo lo stato emergenziale dovuto al Covid-19. L\u2019intento degli interventi straordinari della Fondazione che si aggiungono alla programmazione ordinaria nei settori della ricerca, istruzione, cultura e sociale \u00e8 di facilitare e [&hellip;]","og_url":"https:\/\/euricse.eu\/it\/comunita-attorno-alle-fragilita-nuovo-bando-con-fondazione-caritro\/","og_site_name":"Euricse","article_published_time":"2020-07-24T08:00:24+00:00","article_modified_time":"2020-09-01T13:52:56+00:00","og_image":[{"width":1976,"height":1581,"url":"https:\/\/euricse.eu\/wp-content\/uploads\/2020\/07\/Banner_fargilita-Copia.jpg","type":"image\/jpeg"}],"author":"redazione","twitter_card":"summary_large_image","twitter_misc":{"Scritto da":"redazione","Tempo di lettura stimato":"2 minuti"},"schema":{"@context":"https:\/\/schema.org","@graph":[{"@type":"WebPage","@id":"https:\/\/euricse.eu\/it\/comunita-attorno-alle-fragilita-nuovo-bando-con-fondazione-caritro\/","url":"https:\/\/euricse.eu\/it\/comunita-attorno-alle-fragilita-nuovo-bando-con-fondazione-caritro\/","name":"Comunit\u00e0 attorno alle fragilit\u00e0: nuovo bando con Fondazione Caritro - Euricse","isPartOf":{"@id":"https:\/\/euricse.eu\/en\/#website"},"primaryImageOfPage":{"@id":"https:\/\/euricse.eu\/it\/comunita-attorno-alle-fragilita-nuovo-bando-con-fondazione-caritro\/#primaryimage"},"image":{"@id":"https:\/\/euricse.eu\/it\/comunita-attorno-alle-fragilita-nuovo-bando-con-fondazione-caritro\/#primaryimage"},"thumbnailUrl":"https:\/\/euricse.eu\/wp-content\/uploads\/2020\/07\/Banner_fargilita-Copia.jpg","datePublished":"2020-07-24T08:00:24+00:00","dateModified":"2020-09-01T13:52:56+00:00","author":{"@id":"https:\/\/euricse.eu\/en\/#\/schema\/person\/46be9426d76e3114ba478b69f3d8040b"},"breadcrumb":{"@id":"https:\/\/euricse.eu\/it\/comunita-attorno-alle-fragilita-nuovo-bando-con-fondazione-caritro\/#breadcrumb"},"inLanguage":"it-IT","potentialAction":[{"@type":"ReadAction","target":["https:\/\/euricse.eu\/it\/comunita-attorno-alle-fragilita-nuovo-bando-con-fondazione-caritro\/"]}]},{"@type":"ImageObject","inLanguage":"it-IT","@id":"https:\/\/euricse.eu\/it\/comunita-attorno-alle-fragilita-nuovo-bando-con-fondazione-caritro\/#primaryimage","url":"https:\/\/euricse.eu\/wp-content\/uploads\/2020\/07\/Banner_fargilita-Copia.jpg","contentUrl":"https:\/\/euricse.eu\/wp-content\/uploads\/2020\/07\/Banner_fargilita-Copia.jpg","width":1976,"height":1581},{"@type":"BreadcrumbList","@id":"https:\/\/euricse.eu\/it\/comunita-attorno-alle-fragilita-nuovo-bando-con-fondazione-caritro\/#breadcrumb","itemListElement":[{"@type":"ListItem","position":1,"name":"Home","item":"https:\/\/euricse.eu\/it\/"},{"@type":"ListItem","position":2,"name":"Comunit\u00e0 attorno alle fragilit\u00e0: nuovo bando con Fondazione Caritro"}]},{"@type":"WebSite","@id":"https:\/\/euricse.eu\/en\/#website","url":"https:\/\/euricse.eu\/en\/","name":"Euricse","description":"Knowledge and innovation for cooperative and social enterprises.","potentialAction":[{"@type":"SearchAction","target":{"@type":"EntryPoint","urlTemplate":"https:\/\/euricse.eu\/en\/?s={search_term_string}"},"query-input":{"@type":"PropertyValueSpecification","valueRequired":true,"valueName":"search_term_string"}}],"inLanguage":"it-IT"},{"@type":"Person","@id":"https:\/\/euricse.eu\/en\/#\/schema\/person\/46be9426d76e3114ba478b69f3d8040b","name":"redazione","image":{"@type":"ImageObject","inLanguage":"it-IT","@id":"https:\/\/euricse.eu\/en\/#\/schema\/person\/image\/","url":"https:\/\/secure.gravatar.com\/avatar\/d1e5fb76fa001722a0822f32de0a8935d9c7a01b0f055f16dc71df73252c3c50?s=96&d=mm&r=g","contentUrl":"https:\/\/secure.gravatar.com\/avatar\/d1e5fb76fa001722a0822f32de0a8935d9c7a01b0f055f16dc71df73252c3c50?s=96&d=mm&r=g","caption":"redazione"},"url":"https:\/\/euricse.eu\/it\/author\/marikadmin\/"}]}},"_links":{"self":[{"href":"https:\/\/euricse.eu\/it\/wp-json\/wp\/v2\/posts\/10497","targetHints":{"allow":["GET"]}}],"collection":[{"href":"https:\/\/euricse.eu\/it\/wp-json\/wp\/v2\/posts"}],"about":[{"href":"https:\/\/euricse.eu\/it\/wp-json\/wp\/v2\/types\/post"}],"author":[{"embeddable":true,"href":"https:\/\/euricse.eu\/it\/wp-json\/wp\/v2\/users\/30"}],"replies":[{"embeddable":true,"href":"https:\/\/euricse.eu\/it\/wp-json\/wp\/v2\/comments?post=10497"}],"version-history":[{"count":0,"href":"https:\/\/euricse.eu\/it\/wp-json\/wp\/v2\/posts\/10497\/revisions"}],"wp:featuredmedia":[{"embeddable":true,"href":"https:\/\/euricse.eu\/it\/wp-json\/wp\/v2\/media\/10580"}],"wp:attachment":[{"href":"https:\/\/euricse.eu\/it\/wp-json\/wp\/v2\/media?parent=10497"}],"wp:term":[{"taxonomy":"category","embeddable":true,"href":"https:\/\/euricse.eu\/it\/wp-json\/wp\/v2\/categories?post=10497"},{"taxonomy":"post_tag","embeddable":true,"href":"https:\/\/euricse.eu\/it\/wp-json\/wp\/v2\/tags?post=10497"}],"curies":[{"name":"wp","href":"https:\/\/api.w.org\/{rel}","templated":true}]}}