{"id":10656,"date":"2020-09-23T13:08:30","date_gmt":"2020-09-23T12:08:30","guid":{"rendered":"https:\/\/euricse.staging.hgblu.com\/?p=10656"},"modified":"2020-09-23T13:08:31","modified_gmt":"2020-09-23T12:08:31","slug":"fondi-europei-per-il-rilancio-chapeau-alla-francia","status":"publish","type":"post","link":"https:\/\/euricse.eu\/it\/fondi-europei-per-il-rilancio-chapeau-alla-francia\/","title":{"rendered":"Fondi europei per il rilancio, chapeau alla Francia"},"content":{"rendered":"\n<p><em>Riproponiamo la riflessione del nostro segretario generale, <strong><a href=\"https:\/\/euricse.eu\/it\/people\/gianluca-salvatori\/\">Gianluca Salvatori<\/a><\/strong>, recentemente pubblicata su <a href=\"http:\/\/www.vita.it\/it\/article\/2020\/09\/19\/recovery-plan-lesempio-di-macron-che-litalia-non-capisce\/156687\/?fbclid=IwAR2jdzpyFvSTt5hx_wlfU-yE5xq1iudGHjyfnFagCX66UvMeeYRSUslp1BI\" target=\"_blank\" rel=\"noreferrer noopener\">Vita<\/a> online.<\/em><\/p>\n\n\n\n<h3 class=\"wp-block-heading\">France Relance, un piano intelligente<\/h3>\n\n\n\n<p>Si chiama <em><a href=\"https:\/\/www.gouvernement.fr\/france-relance\" target=\"_blank\" rel=\"noreferrer noopener\">France Relance<\/a><\/em> ed \u00e8 il piano del governo francese per l\u2019utilizzo dei fondi di <em><a href=\"https:\/\/ec.europa.eu\/info\/live-work-travel-eu\/health\/coronavirus-response\/recovery-plan-europe_en\" target=\"_blank\" rel=\"noreferrer noopener\">Next Generation EU<\/a><\/em>. Quando Macron lo ha presentato l\u2019accento \u00e8 stato posto sulla dimensione strategica della visione che lo ispira. E non era un\u2019affermazione retorica. Tutto, nel piano francese di rilancio, mostra una chiara volont\u00e0 di concentrare sforzi e risorse. A partire dalla scelta di utilizzare le risorse straordinarie provenienti dall\u2019Europa in tre macro-aree (<strong>ecologia, competitivit\u00e0, coesione<\/strong>), venticinque temi, sessantotto misure. Indicando, tra queste, almeno alcuni impegni direttamente riferiti a <strong>emergenze sociali:<\/strong> in particolare, lotta alla povert\u00e0 e inserimento lavorativo di persone svantaggiate.<\/p>\n\n\n\n<div class=\"wp-block-image\"><figure class=\"aligncenter size-large is-resized\"><img loading=\"lazy\" decoding=\"async\" src=\"https:\/\/euricse.eu\/wp-content\/uploads\/2020\/09\/pexels-pixabay-269790-1024x681.jpg\" alt=\"\" class=\"wp-image-10660\" width=\"512\" height=\"341\" srcset=\"https:\/\/euricse.eu\/wp-content\/uploads\/2020\/09\/pexels-pixabay-269790-1024x681.jpg 1024w, https:\/\/euricse.eu\/wp-content\/uploads\/2020\/09\/pexels-pixabay-269790-300x200.jpg 300w, https:\/\/euricse.eu\/wp-content\/uploads\/2020\/09\/pexels-pixabay-269790-601x400.jpg 601w, https:\/\/euricse.eu\/wp-content\/uploads\/2020\/09\/pexels-pixabay-269790-768x511.jpg 768w, https:\/\/euricse.eu\/wp-content\/uploads\/2020\/09\/pexels-pixabay-269790-1536x1022.jpg 1536w, https:\/\/euricse.eu\/wp-content\/uploads\/2020\/09\/pexels-pixabay-269790-2048x1363.jpg 2048w\" sizes=\"auto, (max-width: 512px) 100vw, 512px\" \/><\/figure><\/div>\n\n\n\n<p>Ma quel che pi\u00f9 conta, il piano francese parte da una premessa. Sin dalle prime pagine indica nell\u2019<strong>economia sociale<\/strong> una delle chiavi di lettura attraverso cui leggere l\u2019intera strategia di rilancio. Non quindi un settore tra i tanti al quale destinare una frazione delle risorse disponibili, cercando di non scontentare nessuno, bens\u00ec l\u2019indicazione di un modello economico di cui incoraggiare lo sviluppo. Si legge nel piano Macron: \u201cLe strutture dell\u2019economia sociale e solidale hanno un ruolo di primo piano (\u2026) come \u00e8 emerso con evidenza all\u2019apice della crisi e di questo si terr\u00e0 conto nella fase di rilancio. I soggetti dell\u2019economia sociale e solidale sono parte della resilienza dell\u2019economia francese. Contribuiscono allo sviluppo di un modello di crescita sostenibile e solidale. Fondamentale sar\u00e0 la loro funzione per accompagnare la transizione ecologica e nell\u2019affrontare la battaglia per il lavoro e l\u2019inclusione sociale\u201d.<\/p>\n\n\n\n<h3 class=\"wp-block-heading\">L&#8217;Italia e gli errori da non ripetere<\/h3>\n\n\n\n<p>Parole cristalline, che tracciano una linea netta. <em>Next Generation<\/em> non pu\u00f2 ripetere stancamente i modelli del passato, nell\u2019illusione di tornare indietro. Bisogna guardare oltre, leggendo nella crisi. Ed \u00e8 proprio l\u2019esperienza pesante che ci ha imposto la pandemia ad indicare che gli investimenti per la ripartenza devono assumere l\u2019economia sociale come priorit\u00e0. <em>Chapeau<\/em> alla Francia dunque, che da tempo \u00e8 impegnata a ritagliarsi su questo tema un ruolo di leadership, investendo politicamente nel <em>non profit<\/em> per la creazione di sviluppo e benessere sociale.<\/p>\n\n\n\n<p>E l\u2019Italia? Anche senza commentare i 556 progetti raccolti dal Governo dopo l\u2019assemblaggio estivo di Ministeri, agenzie e societ\u00e0 partecipate \u2013 e di cui subito dopo la pubblicazione ci si \u00e8 affrettati a ridimensionare il ruolo \u2013 la situazione \u00e8 presto detta. L\u2019<strong>economia sociale \u00e8 fuori dal radar<\/strong> e nemmeno il terzo settore \u00e8 considerato (bench\u00e9, per inciso, nel nostro paese abbia numeri e svolga funzioni pi\u00f9 rilevanti che in Francia, anche per una storia di cronica debolezza del sistema pubblico). Se tra le centinaia di progetti presentati neppure uno sfiora il tema, l\u2019assenza pi\u00f9 vistosa \u00e8 per\u00f2 nelle\u00a0linee guida\u00a0per il <strong>Piano nazionale di rilancio e resilienza<\/strong> (<a href=\"http:\/\/www.politicheeuropee.gov.it\/media\/5378\/linee-guida-pnrr-2020.pdf\" target=\"_blank\" rel=\"noreferrer noopener\">Pnrr<\/a>).<\/p>\n\n\n\n<h3 class=\"wp-block-heading\">Terzo settore, questo sconosciuto<\/h3>\n\n\n\n<p>Nel documento di indirizzo presentato alle Camere di terzo settore si parla in un solo luogo, quando si cita la necessit\u00e0 di nebulosi <em>innovation ecosystems<\/em>, descritti come \u201dluoghi di contaminazione di didattica avanzata, ricerca, laboratori pubblico-privati e terzo settore\u201d. A parte questo bizzarro passaggio, null\u2019altro. Cosicch\u00e9 quando il testo del Governo passa a trattare di equit\u00e0 sociale, creazione di occupazione, <em>reskilling <\/em>dei lavoratori, \u00a0presidi socio-sanitari territoriali, riqualificazione di aree urbane e aree interne, viene da chiedersi: ma come pensano di attuarli questi obiettivi, con interventi pubblici a tutto spiano? Con quali competenze e modelli? Perch\u00e9 non c\u2019\u00e8 neppure un riferimento alle organizzazioni non profit e alle imprese sociali, che su questi temi hanno gi\u00e0 dimostrato con i fatti di produrre risultati?<\/p>\n\n\n\n<p>L\u2019occasione \u00e8 davvero storica. Le possibilit\u00e0 di intervento offerte dal piano <em>Next Generation EU<\/em> chiss\u00e0 quando mai si ripresenteranno. Sicuramente non per un paio di generazioni. \u00c8 il momento di alzare lo sguardo e pensare con una prospettiva di lungo, lunghissimo respiro. Il piano francese coglie un punto cruciale: non si pu\u00f2 fare a meno del contributo dell\u2019economia sociale per lo sviluppo di un modello di crescita sostenibile e solidale. \u00c8 chiedere troppo che anche in Italia questa consapevolezza si faccia strada nei programmi del Governo?<\/p>\n","protected":false},"excerpt":{"rendered":"<p>L\u2019occasione \u00e8 davvero storica. Le possibilit\u00e0 di intervento offerte dal piano Next Generation EU chiss\u00e0 quando mai si ripresenteranno. Sicuramente non per un paio di generazioni. \u00c8 il momento di alzare lo sguardo e pensare con una prospettiva di lungo, lunghissimo respiro. Il piano francese coglie un punto cruciale: non si pu\u00f2 fare a meno del contributo dell\u2019economia sociale per lo sviluppo di un modello di crescita sostenibile e solidale. \u00c8 chiedere troppo che anche in Italia questa consapevolezza si faccia strada nei programmi del Governo?<\/p>\n","protected":false},"author":30,"featured_media":10660,"comment_status":"open","ping_status":"closed","sticky":false,"template":"","format":"standard","meta":{"_acf_changed":false,"episode_type":"","audio_file":"","cover_image":"","cover_image_id":"","duration":"","filesize":"","date_recorded":"","explicit":"","block":"","itunes_episode_number":"","itunes_title":"","itunes_season_number":"","itunes_episode_type":"","filesize_raw":"","footnotes":""},"categories":[14],"tags":[118,121,280,401,858,861,862],"class_list":["post-10656","post","type-post","status-publish","format-standard","has-post-thumbnail","hentry","category-blog-it","tag-europa","tag-economia-sociale","tag-terzo-settore","tag-sviluppo-locale","tag-economia-cooperativa","tag-emergenza","tag-covid"],"acf":[],"yoast_head":"<!-- This site is optimized with the Yoast SEO plugin v26.1.1 - https:\/\/yoast.com\/wordpress\/plugins\/seo\/ -->\n<title>Fondi europei per il rilancio, chapeau alla Francia - Euricse<\/title>\n<meta name=\"robots\" content=\"index, follow, max-snippet:-1, max-image-preview:large, max-video-preview:-1\" \/>\n<link rel=\"canonical\" href=\"https:\/\/euricse.eu\/it\/fondi-europei-per-il-rilancio-chapeau-alla-francia\/\" \/>\n<meta property=\"og:locale\" content=\"it_IT\" \/>\n<meta property=\"og:type\" content=\"article\" \/>\n<meta property=\"og:title\" content=\"Fondi europei per il rilancio, chapeau alla Francia - Euricse\" \/>\n<meta property=\"og:description\" content=\"L\u2019occasione \u00e8 davvero storica. Le possibilit\u00e0 di intervento offerte dal piano Next Generation EU chiss\u00e0 quando mai si ripresenteranno. Sicuramente non per un paio di generazioni. \u00c8 il momento di alzare lo sguardo e pensare con una prospettiva di lungo, lunghissimo respiro. Il piano francese coglie un punto cruciale: non si pu\u00f2 fare a meno del contributo dell\u2019economia sociale per lo sviluppo di un modello di crescita sostenibile e solidale. \u00c8 chiedere troppo che anche in Italia questa consapevolezza si faccia strada nei programmi del Governo?\" \/>\n<meta property=\"og:url\" content=\"https:\/\/euricse.eu\/it\/fondi-europei-per-il-rilancio-chapeau-alla-francia\/\" \/>\n<meta property=\"og:site_name\" content=\"Euricse\" \/>\n<meta property=\"article:published_time\" content=\"2020-09-23T12:08:30+00:00\" \/>\n<meta property=\"article:modified_time\" content=\"2020-09-23T12:08:31+00:00\" \/>\n<meta property=\"og:image\" content=\"https:\/\/euricse.eu\/wp-content\/uploads\/2020\/09\/pexels-pixabay-269790-scaled.jpg\" \/>\n\t<meta property=\"og:image:width\" content=\"2560\" \/>\n\t<meta property=\"og:image:height\" content=\"1703\" \/>\n\t<meta property=\"og:image:type\" content=\"image\/jpeg\" \/>\n<meta name=\"author\" content=\"redazione\" \/>\n<meta name=\"twitter:card\" content=\"summary_large_image\" \/>\n<meta name=\"twitter:label1\" content=\"Scritto da\" \/>\n\t<meta name=\"twitter:data1\" content=\"redazione\" \/>\n\t<meta name=\"twitter:label2\" content=\"Tempo di lettura stimato\" \/>\n\t<meta name=\"twitter:data2\" content=\"3 minuti\" \/>\n<script type=\"application\/ld+json\" class=\"yoast-schema-graph\">{\"@context\":\"https:\/\/schema.org\",\"@graph\":[{\"@type\":\"WebPage\",\"@id\":\"https:\/\/euricse.eu\/it\/fondi-europei-per-il-rilancio-chapeau-alla-francia\/\",\"url\":\"https:\/\/euricse.eu\/it\/fondi-europei-per-il-rilancio-chapeau-alla-francia\/\",\"name\":\"Fondi europei per il rilancio, chapeau alla Francia - Euricse\",\"isPartOf\":{\"@id\":\"https:\/\/euricse.eu\/en\/#website\"},\"primaryImageOfPage\":{\"@id\":\"https:\/\/euricse.eu\/it\/fondi-europei-per-il-rilancio-chapeau-alla-francia\/#primaryimage\"},\"image\":{\"@id\":\"https:\/\/euricse.eu\/it\/fondi-europei-per-il-rilancio-chapeau-alla-francia\/#primaryimage\"},\"thumbnailUrl\":\"https:\/\/euricse.eu\/wp-content\/uploads\/2020\/09\/pexels-pixabay-269790-scaled.jpg\",\"datePublished\":\"2020-09-23T12:08:30+00:00\",\"dateModified\":\"2020-09-23T12:08:31+00:00\",\"author\":{\"@id\":\"https:\/\/euricse.eu\/en\/#\/schema\/person\/46be9426d76e3114ba478b69f3d8040b\"},\"breadcrumb\":{\"@id\":\"https:\/\/euricse.eu\/it\/fondi-europei-per-il-rilancio-chapeau-alla-francia\/#breadcrumb\"},\"inLanguage\":\"it-IT\",\"potentialAction\":[{\"@type\":\"ReadAction\",\"target\":[\"https:\/\/euricse.eu\/it\/fondi-europei-per-il-rilancio-chapeau-alla-francia\/\"]}]},{\"@type\":\"ImageObject\",\"inLanguage\":\"it-IT\",\"@id\":\"https:\/\/euricse.eu\/it\/fondi-europei-per-il-rilancio-chapeau-alla-francia\/#primaryimage\",\"url\":\"https:\/\/euricse.eu\/wp-content\/uploads\/2020\/09\/pexels-pixabay-269790-scaled.jpg\",\"contentUrl\":\"https:\/\/euricse.eu\/wp-content\/uploads\/2020\/09\/pexels-pixabay-269790-scaled.jpg\",\"width\":2560,\"height\":1703},{\"@type\":\"BreadcrumbList\",\"@id\":\"https:\/\/euricse.eu\/it\/fondi-europei-per-il-rilancio-chapeau-alla-francia\/#breadcrumb\",\"itemListElement\":[{\"@type\":\"ListItem\",\"position\":1,\"name\":\"Home\",\"item\":\"https:\/\/euricse.eu\/it\/\"},{\"@type\":\"ListItem\",\"position\":2,\"name\":\"Fondi europei per il rilancio, chapeau alla Francia\"}]},{\"@type\":\"WebSite\",\"@id\":\"https:\/\/euricse.eu\/en\/#website\",\"url\":\"https:\/\/euricse.eu\/en\/\",\"name\":\"Euricse\",\"description\":\"Knowledge and innovation for cooperative and social enterprises.\",\"potentialAction\":[{\"@type\":\"SearchAction\",\"target\":{\"@type\":\"EntryPoint\",\"urlTemplate\":\"https:\/\/euricse.eu\/en\/?s={search_term_string}\"},\"query-input\":{\"@type\":\"PropertyValueSpecification\",\"valueRequired\":true,\"valueName\":\"search_term_string\"}}],\"inLanguage\":\"it-IT\"},{\"@type\":\"Person\",\"@id\":\"https:\/\/euricse.eu\/en\/#\/schema\/person\/46be9426d76e3114ba478b69f3d8040b\",\"name\":\"redazione\",\"image\":{\"@type\":\"ImageObject\",\"inLanguage\":\"it-IT\",\"@id\":\"https:\/\/euricse.eu\/en\/#\/schema\/person\/image\/\",\"url\":\"https:\/\/secure.gravatar.com\/avatar\/d1e5fb76fa001722a0822f32de0a8935d9c7a01b0f055f16dc71df73252c3c50?s=96&d=mm&r=g\",\"contentUrl\":\"https:\/\/secure.gravatar.com\/avatar\/d1e5fb76fa001722a0822f32de0a8935d9c7a01b0f055f16dc71df73252c3c50?s=96&d=mm&r=g\",\"caption\":\"redazione\"},\"url\":\"https:\/\/euricse.eu\/it\/author\/marikadmin\/\"}]}<\/script>\n<!-- \/ Yoast SEO plugin. -->","yoast_head_json":{"title":"Fondi europei per il rilancio, chapeau alla Francia - Euricse","robots":{"index":"index","follow":"follow","max-snippet":"max-snippet:-1","max-image-preview":"max-image-preview:large","max-video-preview":"max-video-preview:-1"},"canonical":"https:\/\/euricse.eu\/it\/fondi-europei-per-il-rilancio-chapeau-alla-francia\/","og_locale":"it_IT","og_type":"article","og_title":"Fondi europei per il rilancio, chapeau alla Francia - Euricse","og_description":"L\u2019occasione \u00e8 davvero storica. Le possibilit\u00e0 di intervento offerte dal piano Next Generation EU chiss\u00e0 quando mai si ripresenteranno. Sicuramente non per un paio di generazioni. \u00c8 il momento di alzare lo sguardo e pensare con una prospettiva di lungo, lunghissimo respiro. Il piano francese coglie un punto cruciale: non si pu\u00f2 fare a meno del contributo dell\u2019economia sociale per lo sviluppo di un modello di crescita sostenibile e solidale. \u00c8 chiedere troppo che anche in Italia questa consapevolezza si faccia strada nei programmi del Governo?","og_url":"https:\/\/euricse.eu\/it\/fondi-europei-per-il-rilancio-chapeau-alla-francia\/","og_site_name":"Euricse","article_published_time":"2020-09-23T12:08:30+00:00","article_modified_time":"2020-09-23T12:08:31+00:00","og_image":[{"width":2560,"height":1703,"url":"https:\/\/euricse.eu\/wp-content\/uploads\/2020\/09\/pexels-pixabay-269790-scaled.jpg","type":"image\/jpeg"}],"author":"redazione","twitter_card":"summary_large_image","twitter_misc":{"Scritto da":"redazione","Tempo di lettura stimato":"3 minuti"},"schema":{"@context":"https:\/\/schema.org","@graph":[{"@type":"WebPage","@id":"https:\/\/euricse.eu\/it\/fondi-europei-per-il-rilancio-chapeau-alla-francia\/","url":"https:\/\/euricse.eu\/it\/fondi-europei-per-il-rilancio-chapeau-alla-francia\/","name":"Fondi europei per il rilancio, chapeau alla Francia - Euricse","isPartOf":{"@id":"https:\/\/euricse.eu\/en\/#website"},"primaryImageOfPage":{"@id":"https:\/\/euricse.eu\/it\/fondi-europei-per-il-rilancio-chapeau-alla-francia\/#primaryimage"},"image":{"@id":"https:\/\/euricse.eu\/it\/fondi-europei-per-il-rilancio-chapeau-alla-francia\/#primaryimage"},"thumbnailUrl":"https:\/\/euricse.eu\/wp-content\/uploads\/2020\/09\/pexels-pixabay-269790-scaled.jpg","datePublished":"2020-09-23T12:08:30+00:00","dateModified":"2020-09-23T12:08:31+00:00","author":{"@id":"https:\/\/euricse.eu\/en\/#\/schema\/person\/46be9426d76e3114ba478b69f3d8040b"},"breadcrumb":{"@id":"https:\/\/euricse.eu\/it\/fondi-europei-per-il-rilancio-chapeau-alla-francia\/#breadcrumb"},"inLanguage":"it-IT","potentialAction":[{"@type":"ReadAction","target":["https:\/\/euricse.eu\/it\/fondi-europei-per-il-rilancio-chapeau-alla-francia\/"]}]},{"@type":"ImageObject","inLanguage":"it-IT","@id":"https:\/\/euricse.eu\/it\/fondi-europei-per-il-rilancio-chapeau-alla-francia\/#primaryimage","url":"https:\/\/euricse.eu\/wp-content\/uploads\/2020\/09\/pexels-pixabay-269790-scaled.jpg","contentUrl":"https:\/\/euricse.eu\/wp-content\/uploads\/2020\/09\/pexels-pixabay-269790-scaled.jpg","width":2560,"height":1703},{"@type":"BreadcrumbList","@id":"https:\/\/euricse.eu\/it\/fondi-europei-per-il-rilancio-chapeau-alla-francia\/#breadcrumb","itemListElement":[{"@type":"ListItem","position":1,"name":"Home","item":"https:\/\/euricse.eu\/it\/"},{"@type":"ListItem","position":2,"name":"Fondi europei per il rilancio, chapeau alla Francia"}]},{"@type":"WebSite","@id":"https:\/\/euricse.eu\/en\/#website","url":"https:\/\/euricse.eu\/en\/","name":"Euricse","description":"Knowledge and innovation for cooperative and social enterprises.","potentialAction":[{"@type":"SearchAction","target":{"@type":"EntryPoint","urlTemplate":"https:\/\/euricse.eu\/en\/?s={search_term_string}"},"query-input":{"@type":"PropertyValueSpecification","valueRequired":true,"valueName":"search_term_string"}}],"inLanguage":"it-IT"},{"@type":"Person","@id":"https:\/\/euricse.eu\/en\/#\/schema\/person\/46be9426d76e3114ba478b69f3d8040b","name":"redazione","image":{"@type":"ImageObject","inLanguage":"it-IT","@id":"https:\/\/euricse.eu\/en\/#\/schema\/person\/image\/","url":"https:\/\/secure.gravatar.com\/avatar\/d1e5fb76fa001722a0822f32de0a8935d9c7a01b0f055f16dc71df73252c3c50?s=96&d=mm&r=g","contentUrl":"https:\/\/secure.gravatar.com\/avatar\/d1e5fb76fa001722a0822f32de0a8935d9c7a01b0f055f16dc71df73252c3c50?s=96&d=mm&r=g","caption":"redazione"},"url":"https:\/\/euricse.eu\/it\/author\/marikadmin\/"}]}},"_links":{"self":[{"href":"https:\/\/euricse.eu\/it\/wp-json\/wp\/v2\/posts\/10656","targetHints":{"allow":["GET"]}}],"collection":[{"href":"https:\/\/euricse.eu\/it\/wp-json\/wp\/v2\/posts"}],"about":[{"href":"https:\/\/euricse.eu\/it\/wp-json\/wp\/v2\/types\/post"}],"author":[{"embeddable":true,"href":"https:\/\/euricse.eu\/it\/wp-json\/wp\/v2\/users\/30"}],"replies":[{"embeddable":true,"href":"https:\/\/euricse.eu\/it\/wp-json\/wp\/v2\/comments?post=10656"}],"version-history":[{"count":0,"href":"https:\/\/euricse.eu\/it\/wp-json\/wp\/v2\/posts\/10656\/revisions"}],"wp:featuredmedia":[{"embeddable":true,"href":"https:\/\/euricse.eu\/it\/wp-json\/wp\/v2\/media\/10660"}],"wp:attachment":[{"href":"https:\/\/euricse.eu\/it\/wp-json\/wp\/v2\/media?parent=10656"}],"wp:term":[{"taxonomy":"category","embeddable":true,"href":"https:\/\/euricse.eu\/it\/wp-json\/wp\/v2\/categories?post=10656"},{"taxonomy":"post_tag","embeddable":true,"href":"https:\/\/euricse.eu\/it\/wp-json\/wp\/v2\/tags?post=10656"}],"curies":[{"name":"wp","href":"https:\/\/api.w.org\/{rel}","templated":true}]}}