{"id":10665,"date":"2020-09-25T08:40:36","date_gmt":"2020-09-25T07:40:36","guid":{"rendered":"https:\/\/euricse.staging.hgblu.com\/?p=10665"},"modified":"2020-09-28T08:50:32","modified_gmt":"2020-09-28T07:50:32","slug":"adriano-olivetti-dynamo-executive-school-la-prima-tappa-ad-ivrea","status":"publish","type":"post","link":"https:\/\/euricse.eu\/it\/adriano-olivetti-dynamo-executive-school-la-prima-tappa-ad-ivrea\/","title":{"rendered":"Adriano Olivetti Dynamo Executive School, la prima tappa ad Ivrea"},"content":{"rendered":"\n<figure class=\"wp-block-image size-large is-resized\"><img loading=\"lazy\" decoding=\"async\" src=\"https:\/\/euricse.eu\/wp-content\/uploads\/2020\/09\/dynamoivrea.jpeg\" alt=\"\" class=\"wp-image-10674\" width=\"512\" height=\"342\" srcset=\"https:\/\/euricse.eu\/wp-content\/uploads\/2020\/09\/dynamoivrea.jpeg 1024w, https:\/\/euricse.eu\/wp-content\/uploads\/2020\/09\/dynamoivrea-300x200.jpeg 300w, https:\/\/euricse.eu\/wp-content\/uploads\/2020\/09\/dynamoivrea-599x400.jpeg 599w, https:\/\/euricse.eu\/wp-content\/uploads\/2020\/09\/dynamoivrea-768x513.jpeg 768w\" sizes=\"auto, (max-width: 512px) 100vw, 512px\" \/><\/figure>\n\n\n\n<p>Comprendere le trasformazioni della realt\u00e0 sociale; acquisire strumenti concreti per la gestione di progetti e cambiamenti; integrare le strategie aziendali per contribuire alla creazione di valore condiviso e bene comune; approfondire la dimensione sociale S dei criteri ESG (Environment, Social and Governance) in una visione di lungo periodo. Sono questi i key benefits della <strong>Adriano Olivetti Dynamo Executive School<\/strong>, il <a href=\"https:\/\/www.dynamoacademy.org\/corsi\/fondamenti-dellimpresa-responsabile\/?fbclid=IwAR0htg5CeIldeo2AT20EgY8u6VWa28Lf9S4liJcUktBF1_snbr4CQrXMy2E\" target=\"_blank\" rel=\"noreferrer noopener\">corso<\/a> rivolto a imprenditori, amministratori e manager di aziende private o pubbliche organizzato da <strong>Dynamo Academy<\/strong> in collaborazione con <strong>Fondazione Adriano Olivetti<\/strong> ed <strong>Euricse<\/strong> e il sostegno di Bmw. <\/p>\n\n\n\n<p>Gioved\u00ec 24 settembre \u00e8 partito il primo modulo, in presenza, ospitato alla&nbsp;<a href=\"https:\/\/www.linkedin.com\/company\/fondazione-adriano-olivetti\/\">Fondazione Adriano Olivetti<\/a>&nbsp;di Ivrea, con il coinvolgimento di corsisti appartenenti a importanti realt\u00e0 imprenditoriali come lo <a href=\"https:\/\/www.stradeanas.it\/it\" target=\"_blank\" rel=\"noreferrer noopener\">Anas<\/a>, <a href=\"https:\/\/www.fideuram.it\/\" target=\"_blank\" rel=\"noreferrer noopener\">Fideuram<\/a>, <a href=\"https:\/\/www.intesasanpaolo.com\/\">Intesa San Paolo<\/a> e <a href=\"https:\/\/www.iccreabanca.it\/it-IT\/Pagine\/default.aspx\">Iccrea<\/a>. La seconda tappa sar\u00e0 invece al Campus&nbsp;<a href=\"https:\/\/www.linkedin.com\/company\/dynamo-camp-onlus\/\">Dynamo<\/a> di Pistoia dall&#8217;<strong>11 al 16 ottobre<\/strong>. In entrambi i momenti i corsisti saranno invitati ad esplorare la possibilit\u00e0 di coniugare business efficiente con creazione di valore sociale, con un metodo sistematico e un approccio integrato, che coniuga&nbsp;&nbsp;lezioni frontali, lavori di gruppo, testimonianze dirette ed experience outdoor.<\/p>\n\n\n\n<p><a href=\"https:\/\/euricse.eu\/it\/people\/paolo-fontana-2\/\">Paolo Fontana<\/a> si occupa dei <strong>project work<\/strong>. &#8220;Il project work serve per aiutare ciascun partecipante a tradurre gli stimoli e le conoscenze offerte dai vari docenti e testimoni in una concreta idea progettuale da applicare alla propria organizzazione di appartenenza&#8221;, ha spiegato il referente della formazione Euricse. &#8220;La sfida \u00e8 quella di arricchire e migliorare le pratiche manageriali affinch\u00e9 il concetto di responsabilit\u00e0 dell&#8217;impresa diventi un&#8217;innovativa opportunit\u00e0 di sviluppo e non un mero adempimento&#8221;. <\/p>\n\n\n\n<div class=\"wp-block-image\"><figure class=\"aligncenter size-large is-resized\"><img loading=\"lazy\" decoding=\"async\" src=\"https:\/\/euricse.eu\/wp-content\/uploads\/2020\/09\/paolo1ivrea.jpeg\" alt=\"\" class=\"wp-image-10672\" width=\"512\" height=\"342\" srcset=\"https:\/\/euricse.eu\/wp-content\/uploads\/2020\/09\/paolo1ivrea.jpeg 1024w, https:\/\/euricse.eu\/wp-content\/uploads\/2020\/09\/paolo1ivrea-300x200.jpeg 300w, https:\/\/euricse.eu\/wp-content\/uploads\/2020\/09\/paolo1ivrea-599x400.jpeg 599w, https:\/\/euricse.eu\/wp-content\/uploads\/2020\/09\/paolo1ivrea-768x513.jpeg 768w\" sizes=\"auto, (max-width: 512px) 100vw, 512px\" \/><\/figure><\/div>\n\n\n\n<p>Sabato 26 settembre all&#8217;Executive school \u00e8 intervenuto come docente il segretario generale Euricse, <a href=\"https:\/\/euricse.eu\/it\/people\/gianluca-salvatori\/\" target=\"_blank\" rel=\"noreferrer noopener\">Gianluca Salvatori<\/a>. &#8220;Da questi mesi di emergenza \u00e8 emersa una immagine rinvigorita dell\u2019intervento pubblico, percepito come l\u2019attore principale in grado di fronteggiare le conseguenze sociali e economiche della crisi. Che impatto avr\u00e0 questa percezione sul ruolo delle imprese che in gran numero avevano cominciato a parlare la lingua della responsabilit\u00e0 sociale?&#8221;, \u00e8 la domanda che ha posto ai corsisti. <\/p>\n\n\n\n<p>Il ricercatore <a href=\"https:\/\/euricse.eu\/it\/people\/jacopo-sforzi\/\" target=\"_blank\" rel=\"noreferrer noopener\">Jacopo Sforzi<\/a> sar\u00e0 invece protagonista a <strong>Pistoia<\/strong>, il 15 ottobre. \u201cRibaltando la famosa citazione di Olivetti, ci chiederemo se le comunit\u00e0 possono darsi dei fini per rispondere, in modo imprenditoriale e collettivo, ai propri fabbisogni e se le imprese, attivando collaborazioni con il nonprofit, possono cogliere nuove opportunit\u00e0 di sviluppo partecipando a progetti locali ad elevato impatto sociale positivo\u201d, ha anticipato. <\/p>\n\n\n\n<figure class=\"wp-block-image size-large is-resized\"><img loading=\"lazy\" decoding=\"async\" src=\"https:\/\/euricse.eu\/wp-content\/uploads\/2020\/09\/executive-4.jpeg\" alt=\"\" class=\"wp-image-10685\" width=\"512\" height=\"342\" srcset=\"https:\/\/euricse.eu\/wp-content\/uploads\/2020\/09\/executive-4.jpeg 1024w, https:\/\/euricse.eu\/wp-content\/uploads\/2020\/09\/executive-4-300x200.jpeg 300w, https:\/\/euricse.eu\/wp-content\/uploads\/2020\/09\/executive-4-599x400.jpeg 599w, https:\/\/euricse.eu\/wp-content\/uploads\/2020\/09\/executive-4-768x513.jpeg 768w\" sizes=\"auto, (max-width: 512px) 100vw, 512px\" \/><\/figure>\n\n\n\n<p>&#8220;Ci diamo appuntamento al Dynamo Camp di Limestre &#8211; ha detto <strong>Paolo Fontana<\/strong> &#8211; e oltre a questi temi porteremo con noi anche una piccola nuova consapevolezza: le misure di sicurezza anti-Covid non impediscono ad un gruppo aula di costituirsi e di sentirsi &#8220;unito&#8221;. Distanti, mascherati e igienizzati ma non meno motivati!&#8221;.<\/p>\n","protected":false},"excerpt":{"rendered":"<p>Comprendere le trasformazioni della realt\u00e0 sociale; acquisire strumenti concreti per la gestione di progetti e cambiamenti; integrare le strategie aziendali per contribuire alla creazione di valore condiviso e bene comune; approfondire la dimensione sociale S dei criteri ESG (Environment, Social and Governance) in una visione di lungo periodo. Sono questi i key benefits della Adriano [&hellip;]<\/p>\n","protected":false},"author":30,"featured_media":10685,"comment_status":"open","ping_status":"closed","sticky":false,"template":"","format":"standard","meta":{"_acf_changed":false,"episode_type":"","audio_file":"","cover_image":"","cover_image_id":"","duration":"","filesize":"","date_recorded":"","explicit":"","block":"","itunes_episode_number":"","itunes_title":"","itunes_season_number":"","itunes_episode_type":"","filesize_raw":"","footnotes":""},"categories":[17],"tags":[264,864,865],"class_list":["post-10665","post","type-post","status-publish","format-standard","has-post-thumbnail","hentry","category-news-it","tag-formazione","tag-executive-school-2","tag-impresa-responsabile"],"acf":[],"yoast_head":"<!-- This site is optimized with the Yoast SEO plugin v26.1.1 - https:\/\/yoast.com\/wordpress\/plugins\/seo\/ -->\n<title>Adriano Olivetti Dynamo Executive School, la prima tappa ad Ivrea - Euricse<\/title>\n<meta name=\"robots\" content=\"index, follow, max-snippet:-1, max-image-preview:large, max-video-preview:-1\" \/>\n<link rel=\"canonical\" href=\"https:\/\/euricse.eu\/it\/adriano-olivetti-dynamo-executive-school-la-prima-tappa-ad-ivrea\/\" \/>\n<meta property=\"og:locale\" content=\"it_IT\" \/>\n<meta property=\"og:type\" content=\"article\" \/>\n<meta property=\"og:title\" content=\"Adriano Olivetti Dynamo Executive School, la prima tappa ad Ivrea - Euricse\" \/>\n<meta property=\"og:description\" content=\"Comprendere le trasformazioni della realt\u00e0 sociale; acquisire strumenti concreti per la gestione di progetti e cambiamenti; integrare le strategie aziendali per contribuire alla creazione di valore condiviso e bene comune; approfondire la dimensione sociale S dei criteri ESG (Environment, Social and Governance) in una visione di lungo periodo. Sono questi i key benefits della Adriano [&hellip;]\" \/>\n<meta property=\"og:url\" content=\"https:\/\/euricse.eu\/it\/adriano-olivetti-dynamo-executive-school-la-prima-tappa-ad-ivrea\/\" \/>\n<meta property=\"og:site_name\" content=\"Euricse\" \/>\n<meta property=\"article:published_time\" content=\"2020-09-25T07:40:36+00:00\" \/>\n<meta property=\"article:modified_time\" content=\"2020-09-28T07:50:32+00:00\" \/>\n<meta property=\"og:image\" content=\"https:\/\/euricse.eu\/wp-content\/uploads\/2020\/09\/executive-4.jpeg\" \/>\n\t<meta property=\"og:image:width\" content=\"1024\" \/>\n\t<meta property=\"og:image:height\" content=\"684\" \/>\n\t<meta property=\"og:image:type\" content=\"image\/jpeg\" \/>\n<meta name=\"author\" content=\"redazione\" \/>\n<meta name=\"twitter:card\" content=\"summary_large_image\" \/>\n<meta name=\"twitter:label1\" content=\"Scritto da\" \/>\n\t<meta name=\"twitter:data1\" content=\"redazione\" \/>\n\t<meta name=\"twitter:label2\" content=\"Tempo di lettura stimato\" \/>\n\t<meta name=\"twitter:data2\" content=\"2 minuti\" \/>\n<script type=\"application\/ld+json\" class=\"yoast-schema-graph\">{\"@context\":\"https:\/\/schema.org\",\"@graph\":[{\"@type\":\"WebPage\",\"@id\":\"https:\/\/euricse.eu\/it\/adriano-olivetti-dynamo-executive-school-la-prima-tappa-ad-ivrea\/\",\"url\":\"https:\/\/euricse.eu\/it\/adriano-olivetti-dynamo-executive-school-la-prima-tappa-ad-ivrea\/\",\"name\":\"Adriano Olivetti Dynamo Executive School, la prima tappa ad Ivrea - Euricse\",\"isPartOf\":{\"@id\":\"https:\/\/euricse.eu\/en\/#website\"},\"primaryImageOfPage\":{\"@id\":\"https:\/\/euricse.eu\/it\/adriano-olivetti-dynamo-executive-school-la-prima-tappa-ad-ivrea\/#primaryimage\"},\"image\":{\"@id\":\"https:\/\/euricse.eu\/it\/adriano-olivetti-dynamo-executive-school-la-prima-tappa-ad-ivrea\/#primaryimage\"},\"thumbnailUrl\":\"https:\/\/euricse.eu\/wp-content\/uploads\/2020\/09\/executive-4.jpeg\",\"datePublished\":\"2020-09-25T07:40:36+00:00\",\"dateModified\":\"2020-09-28T07:50:32+00:00\",\"author\":{\"@id\":\"https:\/\/euricse.eu\/en\/#\/schema\/person\/46be9426d76e3114ba478b69f3d8040b\"},\"breadcrumb\":{\"@id\":\"https:\/\/euricse.eu\/it\/adriano-olivetti-dynamo-executive-school-la-prima-tappa-ad-ivrea\/#breadcrumb\"},\"inLanguage\":\"it-IT\",\"potentialAction\":[{\"@type\":\"ReadAction\",\"target\":[\"https:\/\/euricse.eu\/it\/adriano-olivetti-dynamo-executive-school-la-prima-tappa-ad-ivrea\/\"]}]},{\"@type\":\"ImageObject\",\"inLanguage\":\"it-IT\",\"@id\":\"https:\/\/euricse.eu\/it\/adriano-olivetti-dynamo-executive-school-la-prima-tappa-ad-ivrea\/#primaryimage\",\"url\":\"https:\/\/euricse.eu\/wp-content\/uploads\/2020\/09\/executive-4.jpeg\",\"contentUrl\":\"https:\/\/euricse.eu\/wp-content\/uploads\/2020\/09\/executive-4.jpeg\",\"width\":1024,\"height\":684},{\"@type\":\"BreadcrumbList\",\"@id\":\"https:\/\/euricse.eu\/it\/adriano-olivetti-dynamo-executive-school-la-prima-tappa-ad-ivrea\/#breadcrumb\",\"itemListElement\":[{\"@type\":\"ListItem\",\"position\":1,\"name\":\"Home\",\"item\":\"https:\/\/euricse.eu\/it\/\"},{\"@type\":\"ListItem\",\"position\":2,\"name\":\"Adriano Olivetti Dynamo Executive School, la prima tappa ad Ivrea\"}]},{\"@type\":\"WebSite\",\"@id\":\"https:\/\/euricse.eu\/en\/#website\",\"url\":\"https:\/\/euricse.eu\/en\/\",\"name\":\"Euricse\",\"description\":\"Knowledge and innovation for cooperative and social enterprises.\",\"potentialAction\":[{\"@type\":\"SearchAction\",\"target\":{\"@type\":\"EntryPoint\",\"urlTemplate\":\"https:\/\/euricse.eu\/en\/?s={search_term_string}\"},\"query-input\":{\"@type\":\"PropertyValueSpecification\",\"valueRequired\":true,\"valueName\":\"search_term_string\"}}],\"inLanguage\":\"it-IT\"},{\"@type\":\"Person\",\"@id\":\"https:\/\/euricse.eu\/en\/#\/schema\/person\/46be9426d76e3114ba478b69f3d8040b\",\"name\":\"redazione\",\"image\":{\"@type\":\"ImageObject\",\"inLanguage\":\"it-IT\",\"@id\":\"https:\/\/euricse.eu\/en\/#\/schema\/person\/image\/\",\"url\":\"https:\/\/secure.gravatar.com\/avatar\/d1e5fb76fa001722a0822f32de0a8935d9c7a01b0f055f16dc71df73252c3c50?s=96&d=mm&r=g\",\"contentUrl\":\"https:\/\/secure.gravatar.com\/avatar\/d1e5fb76fa001722a0822f32de0a8935d9c7a01b0f055f16dc71df73252c3c50?s=96&d=mm&r=g\",\"caption\":\"redazione\"},\"url\":\"https:\/\/euricse.eu\/it\/author\/marikadmin\/\"}]}<\/script>\n<!-- \/ Yoast SEO plugin. -->","yoast_head_json":{"title":"Adriano Olivetti Dynamo Executive School, la prima tappa ad Ivrea - Euricse","robots":{"index":"index","follow":"follow","max-snippet":"max-snippet:-1","max-image-preview":"max-image-preview:large","max-video-preview":"max-video-preview:-1"},"canonical":"https:\/\/euricse.eu\/it\/adriano-olivetti-dynamo-executive-school-la-prima-tappa-ad-ivrea\/","og_locale":"it_IT","og_type":"article","og_title":"Adriano Olivetti Dynamo Executive School, la prima tappa ad Ivrea - Euricse","og_description":"Comprendere le trasformazioni della realt\u00e0 sociale; acquisire strumenti concreti per la gestione di progetti e cambiamenti; integrare le strategie aziendali per contribuire alla creazione di valore condiviso e bene comune; approfondire la dimensione sociale S dei criteri ESG (Environment, Social and Governance) in una visione di lungo periodo. Sono questi i key benefits della Adriano [&hellip;]","og_url":"https:\/\/euricse.eu\/it\/adriano-olivetti-dynamo-executive-school-la-prima-tappa-ad-ivrea\/","og_site_name":"Euricse","article_published_time":"2020-09-25T07:40:36+00:00","article_modified_time":"2020-09-28T07:50:32+00:00","og_image":[{"width":1024,"height":684,"url":"https:\/\/euricse.eu\/wp-content\/uploads\/2020\/09\/executive-4.jpeg","type":"image\/jpeg"}],"author":"redazione","twitter_card":"summary_large_image","twitter_misc":{"Scritto da":"redazione","Tempo di lettura stimato":"2 minuti"},"schema":{"@context":"https:\/\/schema.org","@graph":[{"@type":"WebPage","@id":"https:\/\/euricse.eu\/it\/adriano-olivetti-dynamo-executive-school-la-prima-tappa-ad-ivrea\/","url":"https:\/\/euricse.eu\/it\/adriano-olivetti-dynamo-executive-school-la-prima-tappa-ad-ivrea\/","name":"Adriano Olivetti Dynamo Executive School, la prima tappa ad Ivrea - Euricse","isPartOf":{"@id":"https:\/\/euricse.eu\/en\/#website"},"primaryImageOfPage":{"@id":"https:\/\/euricse.eu\/it\/adriano-olivetti-dynamo-executive-school-la-prima-tappa-ad-ivrea\/#primaryimage"},"image":{"@id":"https:\/\/euricse.eu\/it\/adriano-olivetti-dynamo-executive-school-la-prima-tappa-ad-ivrea\/#primaryimage"},"thumbnailUrl":"https:\/\/euricse.eu\/wp-content\/uploads\/2020\/09\/executive-4.jpeg","datePublished":"2020-09-25T07:40:36+00:00","dateModified":"2020-09-28T07:50:32+00:00","author":{"@id":"https:\/\/euricse.eu\/en\/#\/schema\/person\/46be9426d76e3114ba478b69f3d8040b"},"breadcrumb":{"@id":"https:\/\/euricse.eu\/it\/adriano-olivetti-dynamo-executive-school-la-prima-tappa-ad-ivrea\/#breadcrumb"},"inLanguage":"it-IT","potentialAction":[{"@type":"ReadAction","target":["https:\/\/euricse.eu\/it\/adriano-olivetti-dynamo-executive-school-la-prima-tappa-ad-ivrea\/"]}]},{"@type":"ImageObject","inLanguage":"it-IT","@id":"https:\/\/euricse.eu\/it\/adriano-olivetti-dynamo-executive-school-la-prima-tappa-ad-ivrea\/#primaryimage","url":"https:\/\/euricse.eu\/wp-content\/uploads\/2020\/09\/executive-4.jpeg","contentUrl":"https:\/\/euricse.eu\/wp-content\/uploads\/2020\/09\/executive-4.jpeg","width":1024,"height":684},{"@type":"BreadcrumbList","@id":"https:\/\/euricse.eu\/it\/adriano-olivetti-dynamo-executive-school-la-prima-tappa-ad-ivrea\/#breadcrumb","itemListElement":[{"@type":"ListItem","position":1,"name":"Home","item":"https:\/\/euricse.eu\/it\/"},{"@type":"ListItem","position":2,"name":"Adriano Olivetti Dynamo Executive School, la prima tappa ad Ivrea"}]},{"@type":"WebSite","@id":"https:\/\/euricse.eu\/en\/#website","url":"https:\/\/euricse.eu\/en\/","name":"Euricse","description":"Knowledge and innovation for cooperative and social enterprises.","potentialAction":[{"@type":"SearchAction","target":{"@type":"EntryPoint","urlTemplate":"https:\/\/euricse.eu\/en\/?s={search_term_string}"},"query-input":{"@type":"PropertyValueSpecification","valueRequired":true,"valueName":"search_term_string"}}],"inLanguage":"it-IT"},{"@type":"Person","@id":"https:\/\/euricse.eu\/en\/#\/schema\/person\/46be9426d76e3114ba478b69f3d8040b","name":"redazione","image":{"@type":"ImageObject","inLanguage":"it-IT","@id":"https:\/\/euricse.eu\/en\/#\/schema\/person\/image\/","url":"https:\/\/secure.gravatar.com\/avatar\/d1e5fb76fa001722a0822f32de0a8935d9c7a01b0f055f16dc71df73252c3c50?s=96&d=mm&r=g","contentUrl":"https:\/\/secure.gravatar.com\/avatar\/d1e5fb76fa001722a0822f32de0a8935d9c7a01b0f055f16dc71df73252c3c50?s=96&d=mm&r=g","caption":"redazione"},"url":"https:\/\/euricse.eu\/it\/author\/marikadmin\/"}]}},"_links":{"self":[{"href":"https:\/\/euricse.eu\/it\/wp-json\/wp\/v2\/posts\/10665","targetHints":{"allow":["GET"]}}],"collection":[{"href":"https:\/\/euricse.eu\/it\/wp-json\/wp\/v2\/posts"}],"about":[{"href":"https:\/\/euricse.eu\/it\/wp-json\/wp\/v2\/types\/post"}],"author":[{"embeddable":true,"href":"https:\/\/euricse.eu\/it\/wp-json\/wp\/v2\/users\/30"}],"replies":[{"embeddable":true,"href":"https:\/\/euricse.eu\/it\/wp-json\/wp\/v2\/comments?post=10665"}],"version-history":[{"count":0,"href":"https:\/\/euricse.eu\/it\/wp-json\/wp\/v2\/posts\/10665\/revisions"}],"wp:featuredmedia":[{"embeddable":true,"href":"https:\/\/euricse.eu\/it\/wp-json\/wp\/v2\/media\/10685"}],"wp:attachment":[{"href":"https:\/\/euricse.eu\/it\/wp-json\/wp\/v2\/media?parent=10665"}],"wp:term":[{"taxonomy":"category","embeddable":true,"href":"https:\/\/euricse.eu\/it\/wp-json\/wp\/v2\/categories?post=10665"},{"taxonomy":"post_tag","embeddable":true,"href":"https:\/\/euricse.eu\/it\/wp-json\/wp\/v2\/tags?post=10665"}],"curies":[{"name":"wp","href":"https:\/\/api.w.org\/{rel}","templated":true}]}}