{"id":10689,"date":"2020-09-29T08:30:12","date_gmt":"2020-09-29T07:30:12","guid":{"rendered":"https:\/\/euricse.staging.hgblu.com\/?p=10689"},"modified":"2020-09-29T08:30:14","modified_gmt":"2020-09-29T07:30:14","slug":"il-master-in-gestione-di-imprese-sociali-compie-25-anni","status":"publish","type":"post","link":"https:\/\/euricse.eu\/it\/il-master-in-gestione-di-imprese-sociali-compie-25-anni\/","title":{"rendered":"Il Master in Gestione di imprese sociali compie 25 anni"},"content":{"rendered":"\n<p><strong>Un quarto di secolo per il Master GIS, l\u2019iniziativa formativa targata Euricse ed <a href=\"https:\/\/www.unitn.it\/\">Universit\u00e0 di Trento <\/a>per creare i nuovi \u201cmanager del sociale\u201d. \u00c8 il pi\u00f9 antico corso annuale di formazione dedicato al non profit in Italia, con una community formata da oltre 500 persone tra studenti, docenti e imprese e un tasso di occupazione superiore all\u201985%. L\u2019importante traguardo festeggiato con un nuovo sito internet, l\u2019annuncio di un manuale multimediale e un brindisi simbolico tra i referenti istituzionali del Master. Le iscrizioni per la 25\u00b0 edizione chiudono il 12 ottobre; lezioni in presenza al via il 9 novembre.<\/strong><\/p>\n\n\n\n<figure class=\"wp-block-image size-large is-resized\"><img loading=\"lazy\" decoding=\"async\" src=\"https:\/\/euricse.eu\/wp-content\/uploads\/2020\/09\/MasterGIS25-1024x683.jpg\" alt=\"\" class=\"wp-image-10696\" width=\"512\" height=\"342\" srcset=\"https:\/\/euricse.eu\/wp-content\/uploads\/2020\/09\/MasterGIS25-1024x683.jpg 1024w, https:\/\/euricse.eu\/wp-content\/uploads\/2020\/09\/MasterGIS25-300x200.jpg 300w, https:\/\/euricse.eu\/wp-content\/uploads\/2020\/09\/MasterGIS25-600x400.jpg 600w, https:\/\/euricse.eu\/wp-content\/uploads\/2020\/09\/MasterGIS25-768x512.jpg 768w, https:\/\/euricse.eu\/wp-content\/uploads\/2020\/09\/MasterGIS25-1536x1024.jpg 1536w, https:\/\/euricse.eu\/wp-content\/uploads\/2020\/09\/MasterGIS25-2048x1365.jpg 2048w\" sizes=\"auto, (max-width: 512px) 100vw, 512px\" \/><figcaption>Festeggiamento per i 25 anni del Master Gis. Nella foto a sx Marco Bombardelli, Paolo COLLINI  e Carlo BORZAGA. \u00a9UniTrento credits: GiovanniCavulli<\/figcaption><\/figure>\n\n\n\n<h4 class=\"wp-block-heading\"><strong>La storia<\/strong><\/h4>\n\n\n\n<p>Era il <strong>1995 <\/strong>quando l\u2019Istituto Studi Sviluppo Aziende Non profit (ISSAN) dell\u2019Universit\u00e0 di Trento \u2013 oggi Euricse \u2013 promosse la prima edizione del Master sotto forma di corso post laurea di 150 ore. Gi\u00e0 l\u2019anno successivo l\u2019esperienza divenne annuale con l\u2019aggiunta dei tirocini formativi. In seguito alla riforma universitaria ministeriale, nel <strong>2002 <\/strong>il corso post laurea ottenne il titolo legalmente riconosciuto di Master universitario di primo livello, mentre il nome Master GIS venne coniato nel <strong>2006<\/strong>. Nel <strong>2008 <\/strong>la nascita di Euricse, che da allora \u00e8 ente gestore dell\u2019iniziativa formativa. Dal <strong>2016 <\/strong>il Dipartimento di Sociologia e Ricerca Sociale e la Facolt\u00e0 di Giurisprudenza si sono affiancati allo storico sostegno offerto dal Dipartimento di Economia e Management.<\/p>\n\n\n\n<h4 class=\"wp-block-heading\"><strong>Il Master GIS oggi<\/strong><\/h4>\n\n\n\n<p>Il Master GIS si articola in <strong>6 mesi di didattica<\/strong>, organizzata tra lezioni, seminari e laboratori con <strong>25 docenti<\/strong> di estrazione sia accademica sia imprenditoriale, e <strong>5 mesi di tirocinio full time<\/strong> in imprese sociali ed organizzazioni non profit nazionali ed europee. I progetti di stage vengono definiti e personalizzati in raccordo con le organizzazioni ospitanti. Questa \u00e8 stata la chiave che ha permesso di superare gli ostacoli legati alla crisi Covid, assicurando anche ai 17 frequentanti dell\u2019anno accademico 2019\/2020 la possibilit\u00e0 di attivare il tirocinio in parte in presenza e in parte online. Fin dalla sua nascita, il corso formativo ha attratto studenti da tutta Italia. Considerando i dati delle ultime cinque edizioni del Master, il <strong>36%<\/strong> dei corsisti era residente in Trentino, il <strong>61%<\/strong> arrivava dalle altre regioni. A ci\u00f2 si aggiungono gli studenti stranieri che, considerando tutte le precedenti edizioni, costituiscono il 3% del totale.<\/p>\n\n\n\n<p>\u201cIl Master \u00e8 stata l\u2019occasione per creare, presso l\u2019Universit\u00e0 di Trento, una scuola di pensiero e un gruppo di docenti in grado di coprire con competenza tutte le aree tematiche, riconoscibili a livello nazionale sia per l\u2019attivit\u00e0 formativa erogata sia per le pubblicazioni e gli studi sull&#8217;impresa sociale e, pi\u00f9 in generale del Terzo settore\u201d, ha detto <strong>Carlo Borzaga<\/strong>, presidente di Euricse.<\/p>\n\n\n\n<p>\u201cCon oltre 400 diplomati e un tasso medio di placement dell&#8217;87% sono i numeri a parlare della qualit\u00e0 e dell&#8217;efficacia formativa del Master GIS, uno dei primi ad essere attivati nel nostro Ateneo 25 anni fa\u201d, ha commentato il rettore <strong>Paolo Collini<\/strong>. \u201cIl master continua a offrire tassi di occupazione molto elevati in tempi molto brevi anche grazie alla capacit\u00e0 di tessere legami solidi con le imprese e le realt\u00e0 sociali, non soltanto sul territorio provinciale. La formula proposta dal master \u00e8 un modo intelligente per attirare persone che provengono da percorsi formativi e ambiti lavorativi diversi &#8211; una variet\u00e0 che arricchisce anche lo stesso percorso formativo &#8211; e offrire loro una preparazione specifica, molto spendibile in un settore di grande interesse per il mercato del lavoro\u201d.<\/p>\n\n\n\n<figure class=\"wp-block-image size-large is-resized\"><img loading=\"lazy\" decoding=\"async\" src=\"https:\/\/euricse.eu\/wp-content\/uploads\/2020\/09\/MasterGIS25Masch-1-1024x683.jpg\" alt=\"\" class=\"wp-image-10700\" width=\"512\" height=\"342\" srcset=\"https:\/\/euricse.eu\/wp-content\/uploads\/2020\/09\/MasterGIS25Masch-1-1024x683.jpg 1024w, https:\/\/euricse.eu\/wp-content\/uploads\/2020\/09\/MasterGIS25Masch-1-300x200.jpg 300w, https:\/\/euricse.eu\/wp-content\/uploads\/2020\/09\/MasterGIS25Masch-1-600x400.jpg 600w, https:\/\/euricse.eu\/wp-content\/uploads\/2020\/09\/MasterGIS25Masch-1-768x512.jpg 768w, https:\/\/euricse.eu\/wp-content\/uploads\/2020\/09\/MasterGIS25Masch-1-1536x1024.jpg 1536w, https:\/\/euricse.eu\/wp-content\/uploads\/2020\/09\/MasterGIS25Masch-1-2048x1365.jpg 2048w\" sizes=\"auto, (max-width: 512px) 100vw, 512px\" \/><figcaption>Festeggiamento per i 25 anni del Master Gis. Nella foto da sx Marco Bombardelli -Paolo Collini-Carlo Borzaga. \u00a9UniTrento credits: GiovanniCavulli<\/figcaption><\/figure>\n\n\n\n<p>\u201cIl Master forma figure professionali in grado di supportare gli enti del terzo settore nella gestione delle rilevanti problematiche di natura manageriale, organizzativa e giuridica che tali enti si trovano sempre pi\u00f9 spesso ad affrontare\u201d, sottolinea il direttore <strong>Marco Bombardelli<\/strong>.<\/p>\n\n\n\n<h4 class=\"wp-block-heading\"><strong>La 25\u00b0 edizione<\/strong><\/h4>\n\n\n\n<p>Per festeggiare il traguardo raggiunto dal pi\u00f9 antico Master in economia sociale d\u2019Italia, \u00e8 stato creato un <strong>nuovo sito internet<\/strong>, visitabile all\u2019indirizzo <a href=\"http:\/\/www.mastergis.eu\/\">www.mastergis.eu<\/a>, con il racconto delle esperienze di tirocinio degli ultimi frequentanti. Inoltre, \u00e8 stata pensata la stesura di un <strong>manuale multimediale <\/strong>sulle competenze necessarie per la gestione delle imprese sociali che raccoglie i contributi dei docenti del Master. Infine. per avvicinare ancora di pi\u00f9 il corso formativo al territorio, da quest\u2019anno accademico la <strong>didattica sar\u00e0 aperta anche alle imprese<\/strong>: non solo i laureati, ma anche i lavoratori potranno scegliere di frequentare uno o pi\u00f9 moduli didattici, presentando in classe la propria realt\u00e0 e candidandola eventualmente ad ospitare i tirocini.<\/p>\n\n\n\n<p><strong>Le iscrizioni alla 25\u00b0 edizione chiudono il 12 ottobre 2020 alle ore 12<\/strong>, mentre le lezioni iniziano nel mese di novembre e si concludono ad aprile 2021, per poi lasciare spazio al tirocinio. Per qualsiasi informazione scrivere a <a href=\"mailto:formazione@euricse.eu\">formazione@euricse.eu<\/a><\/p>\n\n\n\n<h4 class=\"wp-block-heading\"><strong>I numeri del Master GIS<\/strong><\/h4>\n\n\n\n<p class=\"has-text-align-left\"><strong>25<\/strong> \u2013 docenti e ricercatori<\/p>\n\n\n\n<p class=\"has-text-align-left\"><strong>400<\/strong> \u2013 frequentanti dal 1995 ad oggi<\/p>\n\n\n\n<p class=\"has-text-align-left\"><strong>362<\/strong> \u2013 ore di didattica<\/p>\n\n\n\n<p class=\"has-text-align-left\"><strong>800<\/strong> &#8211; ore di tirocinio<\/p>\n\n\n\n<p class=\"has-text-align-left\"><strong>61%<\/strong> &#8211; studenti da fuori regione<\/p>\n\n\n\n<p class=\"has-text-align-left\"><strong>40%<\/strong> &#8211; iscritti laureati all\u2019Universit\u00e0 di Trento<\/p>\n\n\n\n<p class=\"has-text-align-left\"><strong>85%<\/strong> &#8211; placement nel periodo tra i 6 e i 12 mesi post master<\/p>\n\n\n\n<p class=\"has-text-align-left\"><strong>52%<\/strong> &#8211; corsisti occupati nella stessa organizzazione che li ha ospitati durante il tirocinio<\/p>\n\n\n\n<p><\/p>\n","protected":false},"excerpt":{"rendered":"<p>Un quarto di secolo per il Master GIS, l\u2019iniziativa formativa targata Euricse ed Universit\u00e0 di Trento per creare i nuovi \u201cmanager del sociale\u201d. \u00c8 il pi\u00f9 antico corso annuale di formazione dedicato al non profit in Italia, con una community formata da oltre 500 persone tra studenti, docenti e imprese e un tasso di occupazione superiore all\u201985%. L\u2019importante traguardo festeggiato con un nuovo sito internet, l\u2019annuncio di un manuale multimediale e un brindisi simbolico tra i referenti istituzionali del Master. Le iscrizioni per la 25\u00b0 edizione chiudono il 12 ottobre; lezioni in presenza al via il 9 novembre.<\/p>\n","protected":false},"author":30,"featured_media":10696,"comment_status":"open","ping_status":"closed","sticky":false,"template":"","format":"standard","meta":{"_acf_changed":false,"episode_type":"","audio_file":"","cover_image":"","cover_image_id":"","duration":"","filesize":"","date_recorded":"","explicit":"","block":"","itunes_episode_number":"","itunes_title":"","itunes_season_number":"","itunes_episode_type":"","filesize_raw":"","footnotes":""},"categories":[14,17],"tags":[111,264,292,672,678],"class_list":["post-10689","post","type-post","status-publish","format-standard","has-post-thumbnail","hentry","category-blog-it","category-news-it","tag-imprese-sociali","tag-formazione","tag-master-gis","tag-universita-di-trento","tag-imprese"],"acf":[],"yoast_head":"<!-- This site is optimized with the Yoast SEO plugin v26.1.1 - https:\/\/yoast.com\/wordpress\/plugins\/seo\/ -->\n<title>Il Master in Gestione di imprese sociali compie 25 anni - Euricse<\/title>\n<meta name=\"description\" content=\"Un quarto di secolo per il Master GIS, l\u2019iniziativa formativa targata Euricse ed Universit\u00e0 di Trento per creare i nuovi \u201cmanager del sociale\u201d. \u00c8 il pi\u00f9 antico corso annuale di formazione dedicato al non profit in Italia, con una community formata da oltre 500 persone tra studenti, docenti e imprese e un tasso di occupazione superiore all\u201985%. L\u2019importante traguardo festeggiato con un nuovo sito internet, l\u2019annuncio di un manuale multimediale e un brindisi simbolico tra i referenti istituzionali del Master. Le iscrizioni per la 25\u00b0 edizione chiudono il 12 ottobre; lezioni in presenza al via il 9 novembre.\" \/>\n<meta name=\"robots\" content=\"index, follow, max-snippet:-1, max-image-preview:large, max-video-preview:-1\" \/>\n<link rel=\"canonical\" href=\"https:\/\/euricse.eu\/it\/il-master-in-gestione-di-imprese-sociali-compie-25-anni\/\" \/>\n<meta property=\"og:locale\" content=\"it_IT\" \/>\n<meta property=\"og:type\" content=\"article\" \/>\n<meta property=\"og:title\" content=\"Il Master in Gestione di imprese sociali compie 25 anni - Euricse\" \/>\n<meta property=\"og:description\" content=\"Un quarto di secolo per il Master GIS, l\u2019iniziativa formativa targata Euricse ed Universit\u00e0 di Trento per creare i nuovi \u201cmanager del sociale\u201d. \u00c8 il pi\u00f9 antico corso annuale di formazione dedicato al non profit in Italia, con una community formata da oltre 500 persone tra studenti, docenti e imprese e un tasso di occupazione superiore all\u201985%. L\u2019importante traguardo festeggiato con un nuovo sito internet, l\u2019annuncio di un manuale multimediale e un brindisi simbolico tra i referenti istituzionali del Master. Le iscrizioni per la 25\u00b0 edizione chiudono il 12 ottobre; lezioni in presenza al via il 9 novembre.\" \/>\n<meta property=\"og:url\" content=\"https:\/\/euricse.eu\/it\/il-master-in-gestione-di-imprese-sociali-compie-25-anni\/\" \/>\n<meta property=\"og:site_name\" content=\"Euricse\" \/>\n<meta property=\"article:published_time\" content=\"2020-09-29T07:30:12+00:00\" \/>\n<meta property=\"article:modified_time\" content=\"2020-09-29T07:30:14+00:00\" \/>\n<meta property=\"og:image\" content=\"https:\/\/euricse.eu\/wp-content\/uploads\/2020\/09\/MasterGIS25.jpg\" \/>\n\t<meta property=\"og:image:width\" content=\"2126\" \/>\n\t<meta property=\"og:image:height\" content=\"1417\" \/>\n\t<meta property=\"og:image:type\" content=\"image\/jpeg\" \/>\n<meta name=\"author\" content=\"redazione\" \/>\n<meta name=\"twitter:card\" content=\"summary_large_image\" \/>\n<meta name=\"twitter:label1\" content=\"Scritto da\" \/>\n\t<meta name=\"twitter:data1\" content=\"redazione\" \/>\n\t<meta name=\"twitter:label2\" content=\"Tempo di lettura stimato\" \/>\n\t<meta name=\"twitter:data2\" content=\"4 minuti\" \/>\n<script type=\"application\/ld+json\" class=\"yoast-schema-graph\">{\"@context\":\"https:\/\/schema.org\",\"@graph\":[{\"@type\":\"WebPage\",\"@id\":\"https:\/\/euricse.eu\/it\/il-master-in-gestione-di-imprese-sociali-compie-25-anni\/\",\"url\":\"https:\/\/euricse.eu\/it\/il-master-in-gestione-di-imprese-sociali-compie-25-anni\/\",\"name\":\"Il Master in Gestione di imprese sociali compie 25 anni - Euricse\",\"isPartOf\":{\"@id\":\"https:\/\/euricse.eu\/en\/#website\"},\"primaryImageOfPage\":{\"@id\":\"https:\/\/euricse.eu\/it\/il-master-in-gestione-di-imprese-sociali-compie-25-anni\/#primaryimage\"},\"image\":{\"@id\":\"https:\/\/euricse.eu\/it\/il-master-in-gestione-di-imprese-sociali-compie-25-anni\/#primaryimage\"},\"thumbnailUrl\":\"https:\/\/euricse.eu\/wp-content\/uploads\/2020\/09\/MasterGIS25.jpg\",\"datePublished\":\"2020-09-29T07:30:12+00:00\",\"dateModified\":\"2020-09-29T07:30:14+00:00\",\"author\":{\"@id\":\"https:\/\/euricse.eu\/en\/#\/schema\/person\/46be9426d76e3114ba478b69f3d8040b\"},\"description\":\"Un quarto di secolo per il Master GIS, l\u2019iniziativa formativa targata Euricse ed Universit\u00e0 di Trento per creare i nuovi \u201cmanager del sociale\u201d. \u00c8 il pi\u00f9 antico corso annuale di formazione dedicato al non profit in Italia, con una community formata da oltre 500 persone tra studenti, docenti e imprese e un tasso di occupazione superiore all\u201985%. L\u2019importante traguardo festeggiato con un nuovo sito internet, l\u2019annuncio di un manuale multimediale e un brindisi simbolico tra i referenti istituzionali del Master. Le iscrizioni per la 25\u00b0 edizione chiudono il 12 ottobre; lezioni in presenza al via il 9 novembre.\",\"breadcrumb\":{\"@id\":\"https:\/\/euricse.eu\/it\/il-master-in-gestione-di-imprese-sociali-compie-25-anni\/#breadcrumb\"},\"inLanguage\":\"it-IT\",\"potentialAction\":[{\"@type\":\"ReadAction\",\"target\":[\"https:\/\/euricse.eu\/it\/il-master-in-gestione-di-imprese-sociali-compie-25-anni\/\"]}]},{\"@type\":\"ImageObject\",\"inLanguage\":\"it-IT\",\"@id\":\"https:\/\/euricse.eu\/it\/il-master-in-gestione-di-imprese-sociali-compie-25-anni\/#primaryimage\",\"url\":\"https:\/\/euricse.eu\/wp-content\/uploads\/2020\/09\/MasterGIS25.jpg\",\"contentUrl\":\"https:\/\/euricse.eu\/wp-content\/uploads\/2020\/09\/MasterGIS25.jpg\",\"width\":2126,\"height\":1417,\"caption\":\"Trento 28-09-2020 Facolt\u00e0 di Economia. Festeggiamento per i 25 anni del Master Gis. Nella foto a sx Marco BOMBARDELLI Paolo COLLINI e Carlo BORZAGA.\"},{\"@type\":\"BreadcrumbList\",\"@id\":\"https:\/\/euricse.eu\/it\/il-master-in-gestione-di-imprese-sociali-compie-25-anni\/#breadcrumb\",\"itemListElement\":[{\"@type\":\"ListItem\",\"position\":1,\"name\":\"Home\",\"item\":\"https:\/\/euricse.eu\/it\/\"},{\"@type\":\"ListItem\",\"position\":2,\"name\":\"Il Master in Gestione di imprese sociali compie 25 anni\"}]},{\"@type\":\"WebSite\",\"@id\":\"https:\/\/euricse.eu\/en\/#website\",\"url\":\"https:\/\/euricse.eu\/en\/\",\"name\":\"Euricse\",\"description\":\"Knowledge and innovation for cooperative and social enterprises.\",\"potentialAction\":[{\"@type\":\"SearchAction\",\"target\":{\"@type\":\"EntryPoint\",\"urlTemplate\":\"https:\/\/euricse.eu\/en\/?s={search_term_string}\"},\"query-input\":{\"@type\":\"PropertyValueSpecification\",\"valueRequired\":true,\"valueName\":\"search_term_string\"}}],\"inLanguage\":\"it-IT\"},{\"@type\":\"Person\",\"@id\":\"https:\/\/euricse.eu\/en\/#\/schema\/person\/46be9426d76e3114ba478b69f3d8040b\",\"name\":\"redazione\",\"image\":{\"@type\":\"ImageObject\",\"inLanguage\":\"it-IT\",\"@id\":\"https:\/\/euricse.eu\/en\/#\/schema\/person\/image\/\",\"url\":\"https:\/\/secure.gravatar.com\/avatar\/d1e5fb76fa001722a0822f32de0a8935d9c7a01b0f055f16dc71df73252c3c50?s=96&d=mm&r=g\",\"contentUrl\":\"https:\/\/secure.gravatar.com\/avatar\/d1e5fb76fa001722a0822f32de0a8935d9c7a01b0f055f16dc71df73252c3c50?s=96&d=mm&r=g\",\"caption\":\"redazione\"},\"url\":\"https:\/\/euricse.eu\/it\/author\/marikadmin\/\"}]}<\/script>\n<!-- \/ Yoast SEO plugin. -->","yoast_head_json":{"title":"Il Master in Gestione di imprese sociali compie 25 anni - Euricse","description":"Un quarto di secolo per il Master GIS, l\u2019iniziativa formativa targata Euricse ed Universit\u00e0 di Trento per creare i nuovi \u201cmanager del sociale\u201d. \u00c8 il pi\u00f9 antico corso annuale di formazione dedicato al non profit in Italia, con una community formata da oltre 500 persone tra studenti, docenti e imprese e un tasso di occupazione superiore all\u201985%. L\u2019importante traguardo festeggiato con un nuovo sito internet, l\u2019annuncio di un manuale multimediale e un brindisi simbolico tra i referenti istituzionali del Master. Le iscrizioni per la 25\u00b0 edizione chiudono il 12 ottobre; lezioni in presenza al via il 9 novembre.","robots":{"index":"index","follow":"follow","max-snippet":"max-snippet:-1","max-image-preview":"max-image-preview:large","max-video-preview":"max-video-preview:-1"},"canonical":"https:\/\/euricse.eu\/it\/il-master-in-gestione-di-imprese-sociali-compie-25-anni\/","og_locale":"it_IT","og_type":"article","og_title":"Il Master in Gestione di imprese sociali compie 25 anni - Euricse","og_description":"Un quarto di secolo per il Master GIS, l\u2019iniziativa formativa targata Euricse ed Universit\u00e0 di Trento per creare i nuovi \u201cmanager del sociale\u201d. \u00c8 il pi\u00f9 antico corso annuale di formazione dedicato al non profit in Italia, con una community formata da oltre 500 persone tra studenti, docenti e imprese e un tasso di occupazione superiore all\u201985%. L\u2019importante traguardo festeggiato con un nuovo sito internet, l\u2019annuncio di un manuale multimediale e un brindisi simbolico tra i referenti istituzionali del Master. Le iscrizioni per la 25\u00b0 edizione chiudono il 12 ottobre; lezioni in presenza al via il 9 novembre.","og_url":"https:\/\/euricse.eu\/it\/il-master-in-gestione-di-imprese-sociali-compie-25-anni\/","og_site_name":"Euricse","article_published_time":"2020-09-29T07:30:12+00:00","article_modified_time":"2020-09-29T07:30:14+00:00","og_image":[{"width":2126,"height":1417,"url":"https:\/\/euricse.eu\/wp-content\/uploads\/2020\/09\/MasterGIS25.jpg","type":"image\/jpeg"}],"author":"redazione","twitter_card":"summary_large_image","twitter_misc":{"Scritto da":"redazione","Tempo di lettura stimato":"4 minuti"},"schema":{"@context":"https:\/\/schema.org","@graph":[{"@type":"WebPage","@id":"https:\/\/euricse.eu\/it\/il-master-in-gestione-di-imprese-sociali-compie-25-anni\/","url":"https:\/\/euricse.eu\/it\/il-master-in-gestione-di-imprese-sociali-compie-25-anni\/","name":"Il Master in Gestione di imprese sociali compie 25 anni - Euricse","isPartOf":{"@id":"https:\/\/euricse.eu\/en\/#website"},"primaryImageOfPage":{"@id":"https:\/\/euricse.eu\/it\/il-master-in-gestione-di-imprese-sociali-compie-25-anni\/#primaryimage"},"image":{"@id":"https:\/\/euricse.eu\/it\/il-master-in-gestione-di-imprese-sociali-compie-25-anni\/#primaryimage"},"thumbnailUrl":"https:\/\/euricse.eu\/wp-content\/uploads\/2020\/09\/MasterGIS25.jpg","datePublished":"2020-09-29T07:30:12+00:00","dateModified":"2020-09-29T07:30:14+00:00","author":{"@id":"https:\/\/euricse.eu\/en\/#\/schema\/person\/46be9426d76e3114ba478b69f3d8040b"},"description":"Un quarto di secolo per il Master GIS, l\u2019iniziativa formativa targata Euricse ed Universit\u00e0 di Trento per creare i nuovi \u201cmanager del sociale\u201d. \u00c8 il pi\u00f9 antico corso annuale di formazione dedicato al non profit in Italia, con una community formata da oltre 500 persone tra studenti, docenti e imprese e un tasso di occupazione superiore all\u201985%. L\u2019importante traguardo festeggiato con un nuovo sito internet, l\u2019annuncio di un manuale multimediale e un brindisi simbolico tra i referenti istituzionali del Master. Le iscrizioni per la 25\u00b0 edizione chiudono il 12 ottobre; lezioni in presenza al via il 9 novembre.","breadcrumb":{"@id":"https:\/\/euricse.eu\/it\/il-master-in-gestione-di-imprese-sociali-compie-25-anni\/#breadcrumb"},"inLanguage":"it-IT","potentialAction":[{"@type":"ReadAction","target":["https:\/\/euricse.eu\/it\/il-master-in-gestione-di-imprese-sociali-compie-25-anni\/"]}]},{"@type":"ImageObject","inLanguage":"it-IT","@id":"https:\/\/euricse.eu\/it\/il-master-in-gestione-di-imprese-sociali-compie-25-anni\/#primaryimage","url":"https:\/\/euricse.eu\/wp-content\/uploads\/2020\/09\/MasterGIS25.jpg","contentUrl":"https:\/\/euricse.eu\/wp-content\/uploads\/2020\/09\/MasterGIS25.jpg","width":2126,"height":1417,"caption":"Trento 28-09-2020 Facolt\u00e0 di Economia. Festeggiamento per i 25 anni del Master Gis. Nella foto a sx Marco BOMBARDELLI Paolo COLLINI e Carlo BORZAGA."},{"@type":"BreadcrumbList","@id":"https:\/\/euricse.eu\/it\/il-master-in-gestione-di-imprese-sociali-compie-25-anni\/#breadcrumb","itemListElement":[{"@type":"ListItem","position":1,"name":"Home","item":"https:\/\/euricse.eu\/it\/"},{"@type":"ListItem","position":2,"name":"Il Master in Gestione di imprese sociali compie 25 anni"}]},{"@type":"WebSite","@id":"https:\/\/euricse.eu\/en\/#website","url":"https:\/\/euricse.eu\/en\/","name":"Euricse","description":"Knowledge and innovation for cooperative and social enterprises.","potentialAction":[{"@type":"SearchAction","target":{"@type":"EntryPoint","urlTemplate":"https:\/\/euricse.eu\/en\/?s={search_term_string}"},"query-input":{"@type":"PropertyValueSpecification","valueRequired":true,"valueName":"search_term_string"}}],"inLanguage":"it-IT"},{"@type":"Person","@id":"https:\/\/euricse.eu\/en\/#\/schema\/person\/46be9426d76e3114ba478b69f3d8040b","name":"redazione","image":{"@type":"ImageObject","inLanguage":"it-IT","@id":"https:\/\/euricse.eu\/en\/#\/schema\/person\/image\/","url":"https:\/\/secure.gravatar.com\/avatar\/d1e5fb76fa001722a0822f32de0a8935d9c7a01b0f055f16dc71df73252c3c50?s=96&d=mm&r=g","contentUrl":"https:\/\/secure.gravatar.com\/avatar\/d1e5fb76fa001722a0822f32de0a8935d9c7a01b0f055f16dc71df73252c3c50?s=96&d=mm&r=g","caption":"redazione"},"url":"https:\/\/euricse.eu\/it\/author\/marikadmin\/"}]}},"_links":{"self":[{"href":"https:\/\/euricse.eu\/it\/wp-json\/wp\/v2\/posts\/10689","targetHints":{"allow":["GET"]}}],"collection":[{"href":"https:\/\/euricse.eu\/it\/wp-json\/wp\/v2\/posts"}],"about":[{"href":"https:\/\/euricse.eu\/it\/wp-json\/wp\/v2\/types\/post"}],"author":[{"embeddable":true,"href":"https:\/\/euricse.eu\/it\/wp-json\/wp\/v2\/users\/30"}],"replies":[{"embeddable":true,"href":"https:\/\/euricse.eu\/it\/wp-json\/wp\/v2\/comments?post=10689"}],"version-history":[{"count":0,"href":"https:\/\/euricse.eu\/it\/wp-json\/wp\/v2\/posts\/10689\/revisions"}],"wp:featuredmedia":[{"embeddable":true,"href":"https:\/\/euricse.eu\/it\/wp-json\/wp\/v2\/media\/10696"}],"wp:attachment":[{"href":"https:\/\/euricse.eu\/it\/wp-json\/wp\/v2\/media?parent=10689"}],"wp:term":[{"taxonomy":"category","embeddable":true,"href":"https:\/\/euricse.eu\/it\/wp-json\/wp\/v2\/categories?post=10689"},{"taxonomy":"post_tag","embeddable":true,"href":"https:\/\/euricse.eu\/it\/wp-json\/wp\/v2\/tags?post=10689"}],"curies":[{"name":"wp","href":"https:\/\/api.w.org\/{rel}","templated":true}]}}