{"id":10750,"date":"2020-10-08T11:59:55","date_gmt":"2020-10-08T10:59:55","guid":{"rendered":"https:\/\/euricse.staging.hgblu.com\/?p=10750"},"modified":"2020-10-08T11:59:57","modified_gmt":"2020-10-08T10:59:57","slug":"comunita-intraprendenti-la-nuova-ricerca-euricse-sulla-resilienza-dei-territori","status":"publish","type":"post","link":"https:\/\/euricse.eu\/it\/comunita-intraprendenti-la-nuova-ricerca-euricse-sulla-resilienza-dei-territori\/","title":{"rendered":"Comunit\u00e0 intraprendenti, la nuova ricerca Euricse sulla resilienza dei territori"},"content":{"rendered":"\n<p>Imprese di comunit\u00e0, comunit\u00e0 energetiche, food coop, empori solidali, portinerie di quartiere: questi sono solo alcuni esempi di come gli abitanti di un territorio si auto-organizzano per promuovere il proprio sviluppo socio-economico. Per indagare queste realt\u00e0 \u2013 oggi ancora pi\u00f9 rilevanti nell\u2019ottica della ripresa dalla crisi Covid \u2013 Euricse ha avviato una nuova ricerca, finanziata come primi sottoscrittori da <a href=\"https:\/\/www.fondazioneconilsud.it\/\" target=\"_blank\" rel=\"noreferrer noopener\">Fondazione con il Sud<\/a>, <a href=\"https:\/\/www.fondazionecrc.it\/\" target=\"_blank\" rel=\"noreferrer noopener\">Fondazione CRC<\/a>, <a href=\"http:\/\/www.fondosviluppofvg.it\/\" target=\"_blank\" rel=\"noreferrer noopener\">Fondosviluppo FVG Spa<\/a> e <a href=\"https:\/\/www.alleanzacooperative.it\/\" target=\"_blank\" rel=\"noreferrer noopener\">ACI &#8211; Alleanza delle Cooperative Italiane<\/a>. L\u2019obiettivo \u00e8 individuare la diffusione in Italia di esperienze di auto-organizzazione che abbiano le caratteristiche di \u201c<strong>comunit\u00e0 intraprendenti<\/strong>\u201d, studiarne i tratti distintivi, i contesti che le generano e i principali fattori che ne spiegano la durata nel tempo. Per promuovere il progetto, far conoscere le comunit\u00e0 intraprendenti gi\u00e0 note ed entrare pi\u00f9 facilmente in contatto con le nuove \u00e8 stata creata una pagina dedicata su <a href=\"https:\/\/www.facebook.com\/comunitaintraprendenti\" target=\"_blank\" rel=\"noreferrer noopener\">Facebook <\/a>e sul <a href=\"https:\/\/euricse.eu\/it\/projects\/comunita-intraprendenti\/\" target=\"_blank\" rel=\"noreferrer noopener\">sito<\/a> Euricse.<\/p>\n\n\n\n<figure class=\"wp-block-image size-large\"><img loading=\"lazy\" decoding=\"async\" width=\"1024\" height=\"314\" src=\"https:\/\/euricse.eu\/wp-content\/uploads\/2020\/10\/Logo_oriz_colore_web-1-1024x314.png\" alt=\"\" class=\"wp-image-10751\" srcset=\"https:\/\/euricse.eu\/wp-content\/uploads\/2020\/10\/Logo_oriz_colore_web-1-1024x314.png 1024w, https:\/\/euricse.eu\/wp-content\/uploads\/2020\/10\/Logo_oriz_colore_web-1-300x92.png 300w, https:\/\/euricse.eu\/wp-content\/uploads\/2020\/10\/Logo_oriz_colore_web-1-670x206.png 670w, https:\/\/euricse.eu\/wp-content\/uploads\/2020\/10\/Logo_oriz_colore_web-1-768x236.png 768w, https:\/\/euricse.eu\/wp-content\/uploads\/2020\/10\/Logo_oriz_colore_web-1.png 1511w\" sizes=\"auto, (max-width: 1024px) 100vw, 1024px\" \/><\/figure>\n\n\n\n<h3 class=\"wp-block-heading\">Auto-organizzazione, risorsa per il rilancio<\/h3>\n\n\n\n<p>La capacit\u00e0 delle comunit\u00e0 locali di auto-organizzarsi \u00e8 tornata recentemente di attualit\u00e0 in seguito alla comparsa di forme organizzative innovative in settori quali le filiere di produzione e di consumo sostenibile, l\u2019economia circolare, l\u2019innovazione culturale e l\u2019offerta di servizi in aree urbane e marginali. Esperienze la cui importanza \u00e8 destinata a crescere nell\u2019ottica di risollevarsi dalla crisi seguita all\u2019emergenza da Covid-19, ma anche per contribuire a promuovere modelli di sviluppo socio-economico pi\u00f9 sostenibili e migliorare la qualit\u00e0 di vita degli abitanti dei luoghi in cui operano.<\/p>\n\n\n\n<h3 class=\"wp-block-heading\">I risultati della ricerca in un database e in un rapporto annuale<\/h3>\n\n\n\n<p>Attraverso il progetto \u201cComunit\u00e0 intraprendenti\u201d, Euricse \u2013 che vanta una lunga esperienza di studio sulle imprese di comunit\u00e0 &#8211; realizzer\u00e0 dei rapporti a cadenza annuale orientati ad indagare in modo approfondito, insieme ai sostenitori del progetto, i <strong>meccanismi socio-economici e istituzionali <\/strong>che si trovano alla radice di queste realt\u00e0. La ricerca sar\u00e0 condotta attraverso un\u2019<strong>indagine esplorativa<\/strong> ad ampio raggio, sfruttando la pervasivit\u00e0 dei social network, la raccolta di materiale esistente e la realizzazione di studi di caso. Sulla pagina Facebook \u201cComunit\u00e0 intraprendenti\u201d verranno presentati alcuni <strong>esempi emblematici<\/strong> e, contemporaneamente, si raccoglieranno nuove esperienze da conoscere e analizzare. Oltre ai <strong>rapporti annuali<\/strong>, il percorso di ricerca si tradurr\u00e0 nella costruzione di un <strong>database <\/strong>accessibile online e in una serie di approfondimenti tematici.<\/p>\n\n\n\n<h3 class=\"wp-block-heading\">Un progetto &#8220;diverso&#8221;<\/h3>\n\n\n\n<p>Il progetto \u201cComunit\u00e0 intraprendenti\u201d \u2013 lanciato ufficialmente l\u20198 ottobre con la messa on line della pagina Facebook &#8211; si distingue da iniziative analoghe perch\u00e9 si concentra, in un\u2019<strong>ottica comparativa<\/strong>, sugli elementi innovativi delle esperienze che saranno studiate, sui fattori di contesto che le hanno generate e sulle logiche di coordinamento che permettono di portare benefici alle comunit\u00e0 locali. Lo scopo \u00e8 offrire un\u2019interpretazione scientifica del fenomeno che vada oltre la sola narrazione di storie di successo.<br>\u201cMentre alcune comunit\u00e0 si rassegnano a una condizione di marginalit\u00e0, nell\u2019attesa di essere emancipate dall\u2019intervento pubblico, altre reagiscono e riescono ad avviare autonome iniziative imprenditoriali\u201d, spiega <strong>Jacopo Sforzi<\/strong>, coordinatore del progetto. \u201cSpesso sono iniziative a rischio, ma potenzialmente in grado di determinare significativi miglioramenti nelle condizioni di vita di chi abita quelle comunit\u00e0\u201d.<\/p>\n\n\n\n<figure class=\"wp-block-image size-large\"><img loading=\"lazy\" decoding=\"async\" width=\"1024\" height=\"610\" src=\"https:\/\/euricse.eu\/wp-content\/uploads\/2020\/10\/monticchiello-1024x610.jpg\" alt=\"\" class=\"wp-image-10746\" srcset=\"https:\/\/euricse.eu\/wp-content\/uploads\/2020\/10\/monticchiello-1024x610.jpg 1024w, https:\/\/euricse.eu\/wp-content\/uploads\/2020\/10\/monticchiello-300x179.jpg 300w, https:\/\/euricse.eu\/wp-content\/uploads\/2020\/10\/monticchiello-670x400.jpg 670w, https:\/\/euricse.eu\/wp-content\/uploads\/2020\/10\/monticchiello-768x458.jpg 768w, https:\/\/euricse.eu\/wp-content\/uploads\/2020\/10\/monticchiello.jpg 1175w\" sizes=\"auto, (max-width: 1024px) 100vw, 1024px\" \/><\/figure>\n\n\n\n<h3 class=\"wp-block-heading\">Come candidarsi<\/h3>\n\n\n\n<p>Le realt\u00e0 organizzative che si riconoscono come comunit\u00e0 intraprendenti e fossero interessate a far parte dello studio e ad essere aggiunte al database, possono scrivere al seguente indirizzo mail <strong>comunitaintraprendenti@euricse.eu<\/strong>, visitare la pagina Facebook \u201cComunit\u00e0 intraprendenti\u201d o la <a href=\"https:\/\/euricse.eu\/it\/projects\/comunita-intraprendenti\/\" target=\"_blank\" rel=\"noreferrer noopener\">pagina dedicata<\/a> sul sito di Euricse, dove sar\u00e0 possibile anche compilare un semplice questionario di candidatura.<\/p>\n","protected":false},"excerpt":{"rendered":"<p>Imprese di comunit\u00e0, comunit\u00e0 energetiche, food coop, empori solidali, portinerie di quartiere: questi sono solo alcuni esempi di come gli abitanti di un territorio si auto-organizzano per promuovere il proprio sviluppo socio-economico. Per indagare queste realt\u00e0 \u2013 oggi ancora pi\u00f9 rilevanti nell\u2019ottica della ripresa dalla crisi Covid \u2013 Euricse ha avviato una nuova ricerca, finanziata come primi sottoscrittori da Fondazione con il Sud, Fondazione CRC, Fondosviluppo FVG Spa e ACI &#8211; Alleanza delle Cooperative Italiane.<\/p>\n","protected":false},"author":30,"featured_media":10708,"comment_status":"open","ping_status":"closed","sticky":false,"template":"","format":"standard","meta":{"_acf_changed":false,"episode_type":"","audio_file":"","cover_image":"","cover_image_id":"","duration":"","filesize":"","date_recorded":"","explicit":"","block":"","itunes_episode_number":"","itunes_title":"","itunes_season_number":"","itunes_episode_type":"","filesize_raw":"","footnotes":""},"categories":[17],"tags":[],"class_list":["post-10750","post","type-post","status-publish","format-standard","has-post-thumbnail","hentry","category-news-it"],"acf":[],"yoast_head":"<!-- This site is optimized with the Yoast SEO plugin v26.1.1 - https:\/\/yoast.com\/wordpress\/plugins\/seo\/ -->\n<title>Comunit\u00e0 intraprendenti, la nuova ricerca Euricse sulla resilienza dei territori - Euricse<\/title>\n<meta name=\"description\" content=\"Imprese di comunit\u00e0, comunit\u00e0 energetiche, food coop, empori solidali, portinerie di quartiere: questi sono solo alcuni esempi di come gli abitanti di un territorio si auto-organizzano per promuovere il proprio sviluppo socio-economico. Per indagare queste realt\u00e0 \u2013 oggi ancora pi\u00f9 rilevanti nell\u2019ottica della ripresa dalla crisi Covid \u2013 Euricse ha avviato una nuova ricerca, finanziata come primi sottoscrittori da Fondazione con il Sud, Fondazione CRC, Fondosviluppo FVG Spa e ACI - Alleanza delle Cooperative Italiane.\" \/>\n<meta name=\"robots\" content=\"index, follow, max-snippet:-1, max-image-preview:large, max-video-preview:-1\" \/>\n<link rel=\"canonical\" href=\"https:\/\/euricse.eu\/it\/comunita-intraprendenti-la-nuova-ricerca-euricse-sulla-resilienza-dei-territori\/\" \/>\n<meta property=\"og:locale\" content=\"it_IT\" \/>\n<meta property=\"og:type\" content=\"article\" \/>\n<meta property=\"og:title\" content=\"Comunit\u00e0 intraprendenti, la nuova ricerca Euricse sulla resilienza dei territori - Euricse\" \/>\n<meta property=\"og:description\" content=\"Imprese di comunit\u00e0, comunit\u00e0 energetiche, food coop, empori solidali, portinerie di quartiere: questi sono solo alcuni esempi di come gli abitanti di un territorio si auto-organizzano per promuovere il proprio sviluppo socio-economico. Per indagare queste realt\u00e0 \u2013 oggi ancora pi\u00f9 rilevanti nell\u2019ottica della ripresa dalla crisi Covid \u2013 Euricse ha avviato una nuova ricerca, finanziata come primi sottoscrittori da Fondazione con il Sud, Fondazione CRC, Fondosviluppo FVG Spa e ACI - Alleanza delle Cooperative Italiane.\" \/>\n<meta property=\"og:url\" content=\"https:\/\/euricse.eu\/it\/comunita-intraprendenti-la-nuova-ricerca-euricse-sulla-resilienza-dei-territori\/\" \/>\n<meta property=\"og:site_name\" content=\"Euricse\" \/>\n<meta property=\"article:published_time\" content=\"2020-10-08T10:59:55+00:00\" \/>\n<meta property=\"article:modified_time\" content=\"2020-10-08T10:59:57+00:00\" \/>\n<meta property=\"og:image\" content=\"https:\/\/euricse.eu\/wp-content\/uploads\/2020\/10\/Logo_oriz_colore_web.png\" \/>\n\t<meta property=\"og:image:width\" content=\"1511\" \/>\n\t<meta property=\"og:image:height\" content=\"464\" \/>\n\t<meta property=\"og:image:type\" content=\"image\/png\" \/>\n<meta name=\"author\" content=\"redazione\" \/>\n<meta name=\"twitter:card\" content=\"summary_large_image\" \/>\n<meta name=\"twitter:label1\" content=\"Scritto da\" \/>\n\t<meta name=\"twitter:data1\" content=\"redazione\" \/>\n\t<meta name=\"twitter:label2\" content=\"Tempo di lettura stimato\" \/>\n\t<meta name=\"twitter:data2\" content=\"3 minuti\" \/>\n<script type=\"application\/ld+json\" class=\"yoast-schema-graph\">{\"@context\":\"https:\/\/schema.org\",\"@graph\":[{\"@type\":\"WebPage\",\"@id\":\"https:\/\/euricse.eu\/it\/comunita-intraprendenti-la-nuova-ricerca-euricse-sulla-resilienza-dei-territori\/\",\"url\":\"https:\/\/euricse.eu\/it\/comunita-intraprendenti-la-nuova-ricerca-euricse-sulla-resilienza-dei-territori\/\",\"name\":\"Comunit\u00e0 intraprendenti, la nuova ricerca Euricse sulla resilienza dei territori - Euricse\",\"isPartOf\":{\"@id\":\"https:\/\/euricse.eu\/en\/#website\"},\"primaryImageOfPage\":{\"@id\":\"https:\/\/euricse.eu\/it\/comunita-intraprendenti-la-nuova-ricerca-euricse-sulla-resilienza-dei-territori\/#primaryimage\"},\"image\":{\"@id\":\"https:\/\/euricse.eu\/it\/comunita-intraprendenti-la-nuova-ricerca-euricse-sulla-resilienza-dei-territori\/#primaryimage\"},\"thumbnailUrl\":\"https:\/\/euricse.eu\/wp-content\/uploads\/2020\/10\/Logo_oriz_colore_web.png\",\"datePublished\":\"2020-10-08T10:59:55+00:00\",\"dateModified\":\"2020-10-08T10:59:57+00:00\",\"author\":{\"@id\":\"https:\/\/euricse.eu\/en\/#\/schema\/person\/46be9426d76e3114ba478b69f3d8040b\"},\"description\":\"Imprese di comunit\u00e0, comunit\u00e0 energetiche, food coop, empori solidali, portinerie di quartiere: questi sono solo alcuni esempi di come gli abitanti di un territorio si auto-organizzano per promuovere il proprio sviluppo socio-economico. Per indagare queste realt\u00e0 \u2013 oggi ancora pi\u00f9 rilevanti nell\u2019ottica della ripresa dalla crisi Covid \u2013 Euricse ha avviato una nuova ricerca, finanziata come primi sottoscrittori da Fondazione con il Sud, Fondazione CRC, Fondosviluppo FVG Spa e ACI - Alleanza delle Cooperative Italiane.\",\"breadcrumb\":{\"@id\":\"https:\/\/euricse.eu\/it\/comunita-intraprendenti-la-nuova-ricerca-euricse-sulla-resilienza-dei-territori\/#breadcrumb\"},\"inLanguage\":\"it-IT\",\"potentialAction\":[{\"@type\":\"ReadAction\",\"target\":[\"https:\/\/euricse.eu\/it\/comunita-intraprendenti-la-nuova-ricerca-euricse-sulla-resilienza-dei-territori\/\"]}]},{\"@type\":\"ImageObject\",\"inLanguage\":\"it-IT\",\"@id\":\"https:\/\/euricse.eu\/it\/comunita-intraprendenti-la-nuova-ricerca-euricse-sulla-resilienza-dei-territori\/#primaryimage\",\"url\":\"https:\/\/euricse.eu\/wp-content\/uploads\/2020\/10\/Logo_oriz_colore_web.png\",\"contentUrl\":\"https:\/\/euricse.eu\/wp-content\/uploads\/2020\/10\/Logo_oriz_colore_web.png\",\"width\":1511,\"height\":464},{\"@type\":\"BreadcrumbList\",\"@id\":\"https:\/\/euricse.eu\/it\/comunita-intraprendenti-la-nuova-ricerca-euricse-sulla-resilienza-dei-territori\/#breadcrumb\",\"itemListElement\":[{\"@type\":\"ListItem\",\"position\":1,\"name\":\"Home\",\"item\":\"https:\/\/euricse.eu\/it\/\"},{\"@type\":\"ListItem\",\"position\":2,\"name\":\"Comunit\u00e0 intraprendenti, la nuova ricerca Euricse sulla resilienza dei territori\"}]},{\"@type\":\"WebSite\",\"@id\":\"https:\/\/euricse.eu\/en\/#website\",\"url\":\"https:\/\/euricse.eu\/en\/\",\"name\":\"Euricse\",\"description\":\"Knowledge and innovation for cooperative and social enterprises.\",\"potentialAction\":[{\"@type\":\"SearchAction\",\"target\":{\"@type\":\"EntryPoint\",\"urlTemplate\":\"https:\/\/euricse.eu\/en\/?s={search_term_string}\"},\"query-input\":{\"@type\":\"PropertyValueSpecification\",\"valueRequired\":true,\"valueName\":\"search_term_string\"}}],\"inLanguage\":\"it-IT\"},{\"@type\":\"Person\",\"@id\":\"https:\/\/euricse.eu\/en\/#\/schema\/person\/46be9426d76e3114ba478b69f3d8040b\",\"name\":\"redazione\",\"image\":{\"@type\":\"ImageObject\",\"inLanguage\":\"it-IT\",\"@id\":\"https:\/\/euricse.eu\/en\/#\/schema\/person\/image\/\",\"url\":\"https:\/\/secure.gravatar.com\/avatar\/d1e5fb76fa001722a0822f32de0a8935d9c7a01b0f055f16dc71df73252c3c50?s=96&d=mm&r=g\",\"contentUrl\":\"https:\/\/secure.gravatar.com\/avatar\/d1e5fb76fa001722a0822f32de0a8935d9c7a01b0f055f16dc71df73252c3c50?s=96&d=mm&r=g\",\"caption\":\"redazione\"},\"url\":\"https:\/\/euricse.eu\/it\/author\/marikadmin\/\"}]}<\/script>\n<!-- \/ Yoast SEO plugin. -->","yoast_head_json":{"title":"Comunit\u00e0 intraprendenti, la nuova ricerca Euricse sulla resilienza dei territori - Euricse","description":"Imprese di comunit\u00e0, comunit\u00e0 energetiche, food coop, empori solidali, portinerie di quartiere: questi sono solo alcuni esempi di come gli abitanti di un territorio si auto-organizzano per promuovere il proprio sviluppo socio-economico. Per indagare queste realt\u00e0 \u2013 oggi ancora pi\u00f9 rilevanti nell\u2019ottica della ripresa dalla crisi Covid \u2013 Euricse ha avviato una nuova ricerca, finanziata come primi sottoscrittori da Fondazione con il Sud, Fondazione CRC, Fondosviluppo FVG Spa e ACI - Alleanza delle Cooperative Italiane.","robots":{"index":"index","follow":"follow","max-snippet":"max-snippet:-1","max-image-preview":"max-image-preview:large","max-video-preview":"max-video-preview:-1"},"canonical":"https:\/\/euricse.eu\/it\/comunita-intraprendenti-la-nuova-ricerca-euricse-sulla-resilienza-dei-territori\/","og_locale":"it_IT","og_type":"article","og_title":"Comunit\u00e0 intraprendenti, la nuova ricerca Euricse sulla resilienza dei territori - Euricse","og_description":"Imprese di comunit\u00e0, comunit\u00e0 energetiche, food coop, empori solidali, portinerie di quartiere: questi sono solo alcuni esempi di come gli abitanti di un territorio si auto-organizzano per promuovere il proprio sviluppo socio-economico. Per indagare queste realt\u00e0 \u2013 oggi ancora pi\u00f9 rilevanti nell\u2019ottica della ripresa dalla crisi Covid \u2013 Euricse ha avviato una nuova ricerca, finanziata come primi sottoscrittori da Fondazione con il Sud, Fondazione CRC, Fondosviluppo FVG Spa e ACI - Alleanza delle Cooperative Italiane.","og_url":"https:\/\/euricse.eu\/it\/comunita-intraprendenti-la-nuova-ricerca-euricse-sulla-resilienza-dei-territori\/","og_site_name":"Euricse","article_published_time":"2020-10-08T10:59:55+00:00","article_modified_time":"2020-10-08T10:59:57+00:00","og_image":[{"width":1511,"height":464,"url":"https:\/\/euricse.eu\/wp-content\/uploads\/2020\/10\/Logo_oriz_colore_web.png","type":"image\/png"}],"author":"redazione","twitter_card":"summary_large_image","twitter_misc":{"Scritto da":"redazione","Tempo di lettura stimato":"3 minuti"},"schema":{"@context":"https:\/\/schema.org","@graph":[{"@type":"WebPage","@id":"https:\/\/euricse.eu\/it\/comunita-intraprendenti-la-nuova-ricerca-euricse-sulla-resilienza-dei-territori\/","url":"https:\/\/euricse.eu\/it\/comunita-intraprendenti-la-nuova-ricerca-euricse-sulla-resilienza-dei-territori\/","name":"Comunit\u00e0 intraprendenti, la nuova ricerca Euricse sulla resilienza dei territori - Euricse","isPartOf":{"@id":"https:\/\/euricse.eu\/en\/#website"},"primaryImageOfPage":{"@id":"https:\/\/euricse.eu\/it\/comunita-intraprendenti-la-nuova-ricerca-euricse-sulla-resilienza-dei-territori\/#primaryimage"},"image":{"@id":"https:\/\/euricse.eu\/it\/comunita-intraprendenti-la-nuova-ricerca-euricse-sulla-resilienza-dei-territori\/#primaryimage"},"thumbnailUrl":"https:\/\/euricse.eu\/wp-content\/uploads\/2020\/10\/Logo_oriz_colore_web.png","datePublished":"2020-10-08T10:59:55+00:00","dateModified":"2020-10-08T10:59:57+00:00","author":{"@id":"https:\/\/euricse.eu\/en\/#\/schema\/person\/46be9426d76e3114ba478b69f3d8040b"},"description":"Imprese di comunit\u00e0, comunit\u00e0 energetiche, food coop, empori solidali, portinerie di quartiere: questi sono solo alcuni esempi di come gli abitanti di un territorio si auto-organizzano per promuovere il proprio sviluppo socio-economico. Per indagare queste realt\u00e0 \u2013 oggi ancora pi\u00f9 rilevanti nell\u2019ottica della ripresa dalla crisi Covid \u2013 Euricse ha avviato una nuova ricerca, finanziata come primi sottoscrittori da Fondazione con il Sud, Fondazione CRC, Fondosviluppo FVG Spa e ACI - Alleanza delle Cooperative Italiane.","breadcrumb":{"@id":"https:\/\/euricse.eu\/it\/comunita-intraprendenti-la-nuova-ricerca-euricse-sulla-resilienza-dei-territori\/#breadcrumb"},"inLanguage":"it-IT","potentialAction":[{"@type":"ReadAction","target":["https:\/\/euricse.eu\/it\/comunita-intraprendenti-la-nuova-ricerca-euricse-sulla-resilienza-dei-territori\/"]}]},{"@type":"ImageObject","inLanguage":"it-IT","@id":"https:\/\/euricse.eu\/it\/comunita-intraprendenti-la-nuova-ricerca-euricse-sulla-resilienza-dei-territori\/#primaryimage","url":"https:\/\/euricse.eu\/wp-content\/uploads\/2020\/10\/Logo_oriz_colore_web.png","contentUrl":"https:\/\/euricse.eu\/wp-content\/uploads\/2020\/10\/Logo_oriz_colore_web.png","width":1511,"height":464},{"@type":"BreadcrumbList","@id":"https:\/\/euricse.eu\/it\/comunita-intraprendenti-la-nuova-ricerca-euricse-sulla-resilienza-dei-territori\/#breadcrumb","itemListElement":[{"@type":"ListItem","position":1,"name":"Home","item":"https:\/\/euricse.eu\/it\/"},{"@type":"ListItem","position":2,"name":"Comunit\u00e0 intraprendenti, la nuova ricerca Euricse sulla resilienza dei territori"}]},{"@type":"WebSite","@id":"https:\/\/euricse.eu\/en\/#website","url":"https:\/\/euricse.eu\/en\/","name":"Euricse","description":"Knowledge and innovation for cooperative and social enterprises.","potentialAction":[{"@type":"SearchAction","target":{"@type":"EntryPoint","urlTemplate":"https:\/\/euricse.eu\/en\/?s={search_term_string}"},"query-input":{"@type":"PropertyValueSpecification","valueRequired":true,"valueName":"search_term_string"}}],"inLanguage":"it-IT"},{"@type":"Person","@id":"https:\/\/euricse.eu\/en\/#\/schema\/person\/46be9426d76e3114ba478b69f3d8040b","name":"redazione","image":{"@type":"ImageObject","inLanguage":"it-IT","@id":"https:\/\/euricse.eu\/en\/#\/schema\/person\/image\/","url":"https:\/\/secure.gravatar.com\/avatar\/d1e5fb76fa001722a0822f32de0a8935d9c7a01b0f055f16dc71df73252c3c50?s=96&d=mm&r=g","contentUrl":"https:\/\/secure.gravatar.com\/avatar\/d1e5fb76fa001722a0822f32de0a8935d9c7a01b0f055f16dc71df73252c3c50?s=96&d=mm&r=g","caption":"redazione"},"url":"https:\/\/euricse.eu\/it\/author\/marikadmin\/"}]}},"_links":{"self":[{"href":"https:\/\/euricse.eu\/it\/wp-json\/wp\/v2\/posts\/10750","targetHints":{"allow":["GET"]}}],"collection":[{"href":"https:\/\/euricse.eu\/it\/wp-json\/wp\/v2\/posts"}],"about":[{"href":"https:\/\/euricse.eu\/it\/wp-json\/wp\/v2\/types\/post"}],"author":[{"embeddable":true,"href":"https:\/\/euricse.eu\/it\/wp-json\/wp\/v2\/users\/30"}],"replies":[{"embeddable":true,"href":"https:\/\/euricse.eu\/it\/wp-json\/wp\/v2\/comments?post=10750"}],"version-history":[{"count":0,"href":"https:\/\/euricse.eu\/it\/wp-json\/wp\/v2\/posts\/10750\/revisions"}],"wp:featuredmedia":[{"embeddable":true,"href":"https:\/\/euricse.eu\/it\/wp-json\/wp\/v2\/media\/10708"}],"wp:attachment":[{"href":"https:\/\/euricse.eu\/it\/wp-json\/wp\/v2\/media?parent=10750"}],"wp:term":[{"taxonomy":"category","embeddable":true,"href":"https:\/\/euricse.eu\/it\/wp-json\/wp\/v2\/categories?post=10750"},{"taxonomy":"post_tag","embeddable":true,"href":"https:\/\/euricse.eu\/it\/wp-json\/wp\/v2\/tags?post=10750"}],"curies":[{"name":"wp","href":"https:\/\/api.w.org\/{rel}","templated":true}]}}