{"id":10803,"date":"2020-10-19T13:22:11","date_gmt":"2020-10-19T12:22:11","guid":{"rendered":"https:\/\/euricse.staging.hgblu.com\/?p=10803"},"modified":"2020-10-19T15:18:12","modified_gmt":"2020-10-19T14:18:12","slug":"disegnare-il-futuro-delle-imprese-sociali-trentine","status":"publish","type":"post","link":"https:\/\/euricse.eu\/it\/disegnare-il-futuro-delle-imprese-sociali-trentine\/","title":{"rendered":"Disegnare il futuro delle imprese sociali trentine"},"content":{"rendered":"\n<p>Euricse, in collaborazione con <a href=\"https:\/\/www.consolida.it\/\" target=\"_blank\" rel=\"noreferrer noopener\">Consolida<\/a> e con il supporto di <a href=\"https:\/\/www.fondazionecaritro.it\/\" target=\"_blank\" rel=\"noreferrer noopener\">Fondazione Caritro<\/a>, organizza un percorso online &#8211; riconosciuto dall&#8217;<a href=\"https:\/\/www.unitn.it\/\" target=\"_blank\" rel=\"noreferrer noopener\">Universit\u00e0 di Trento<\/a> come seminario di credito (3 CFU) &#8211; per l&#8217;ideazione e la progettazione di <strong>soluzioni innovative per l&#8217;impresa sociale<\/strong> dedicato sia ai laureandi e laureati under 26 sia ai collaboratori e dipendenti delle cooperative sociali. <\/p>\n\n\n\n<p>Il corso &#8211; basato su seminari e laboratori &#8211; inizier\u00e0 il <strong>12 novembre<\/strong> e si svolger\u00e0 interamente su Zoom. L&#8217;obiettivo \u00e8 aiutare le imprese sociali a individuare e vincere alcune delle sfide necessarie al proprio sviluppo e, al tempo stesso, valorizzare le competenze e le idee dei giovani. Da una parte, quindi, le cooperative potranno identificare le sfide che gli scenari attuali e futuri comportano, mentre gli studenti si potranno specializzare sull&#8217;economia sociale.<\/p>\n\n\n\n<p>Il primo modulo del seminario sar\u00e0 tenuto da docenti e ricercatori di Euricse e sar\u00e0 incentrato sulle opportunit\u00e0 per le imprese sociali, sugli strumenti e le risorse per sviluppare imprese sociali su base comunitaria, impatto, monitoraggio e pianificazione nelle imprese sociali. A dicembre Francesca Fiori, coordinatrice di <a href=\"https:\/\/www.volontariatotrentino.it\/filosofia\" target=\"_blank\" rel=\"noreferrer noopener\">Csv Trentino<\/a>, interverr\u00e0 sul tema &#8220;Progetti efficaci per risposte efficienti&#8221;, l&#8217;attivista culturale Maurizio Busacca su &#8220;Co-design di servizi e innovazione partecipata&#8221;, mentre Vittorino Filippas di CLab Trento si occuper\u00e0 di business plan. A gennaio sar\u00e0 la volta dei due laboratori, con creazione e abbinamento dei gruppi di lavoro. <\/p>\n\n\n\n<p>Le iscrizioni chiudono il <strong>5 novembre<\/strong>. <\/p>\n\n\n\n<p>Per maggiori informazioni e iscrizioni contattare <strong>formazione@euricse.eu<\/strong>. Gli studenti interessati al riconoscimento dei CFU possono iscriversi a questa <a href=\"https:\/\/www.sociologia.unitn.it\/100\/seminari-di-credito\" target=\"_blank\" rel=\"noreferrer noopener\">pagina<\/a>.<\/p>\n\n\n\n<div class=\"wp-block-file\"><a href=\"https:\/\/euricse.eu\/wp-content\/uploads\/2020\/10\/Locandina_Disegnare-il-Futuro.pdf\">Scarica la locandina<\/a><a href=\"https:\/\/euricse.eu\/wp-content\/uploads\/2020\/10\/Locandina_Disegnare-il-Futuro.pdf\" class=\"wp-block-file__button\" download>Download<\/a><\/div>\n","protected":false},"excerpt":{"rendered":"<p>Euricse, in collaborazione con Consolida e con il supporto di Fondazione Caritro e Universit\u00e0 di Trento, organizza un percorso online per l&#8217;ideazione e la progettazione di soluzioni innovative per l&#8217;impresa sociale dedicato sia ai laureandi e laureati under 26 sia ai collaboratori e dipendenti delle cooperative sociali. <\/p>\n","protected":false},"author":30,"featured_media":10810,"comment_status":"open","ping_status":"closed","sticky":false,"template":"","format":"standard","meta":{"_acf_changed":false,"episode_type":"","audio_file":"","cover_image":"","cover_image_id":"","duration":"","filesize":"","date_recorded":"","explicit":"","block":"","itunes_episode_number":"","itunes_title":"","itunes_season_number":"","itunes_episode_type":"","filesize_raw":"","footnotes":""},"categories":[17],"tags":[264,290],"class_list":["post-10803","post","type-post","status-publish","format-standard","has-post-thumbnail","hentry","category-news-it","tag-formazione","tag-impresa-sociale"],"acf":[],"yoast_head":"<!-- This site is optimized with the Yoast SEO plugin v26.1.1 - https:\/\/yoast.com\/wordpress\/plugins\/seo\/ -->\n<title>Disegnare il futuro delle imprese sociali trentine - Euricse<\/title>\n<meta name=\"robots\" content=\"index, follow, max-snippet:-1, max-image-preview:large, max-video-preview:-1\" \/>\n<link rel=\"canonical\" href=\"https:\/\/euricse.eu\/it\/disegnare-il-futuro-delle-imprese-sociali-trentine\/\" \/>\n<meta property=\"og:locale\" content=\"it_IT\" \/>\n<meta property=\"og:type\" content=\"article\" \/>\n<meta property=\"og:title\" content=\"Disegnare il futuro delle imprese sociali trentine - Euricse\" \/>\n<meta property=\"og:description\" content=\"Euricse, in collaborazione con Consolida e con il supporto di Fondazione Caritro e Universit\u00e0 di Trento, organizza un percorso online per l&#039;ideazione e la progettazione di soluzioni innovative per l&#039;impresa sociale dedicato sia ai laureandi e laureati under 26 sia ai collaboratori e dipendenti delle cooperative sociali.\" \/>\n<meta property=\"og:url\" content=\"https:\/\/euricse.eu\/it\/disegnare-il-futuro-delle-imprese-sociali-trentine\/\" \/>\n<meta property=\"og:site_name\" content=\"Euricse\" \/>\n<meta property=\"article:published_time\" content=\"2020-10-19T12:22:11+00:00\" \/>\n<meta property=\"article:modified_time\" content=\"2020-10-19T14:18:12+00:00\" \/>\n<meta property=\"og:image\" content=\"https:\/\/euricse.eu\/wp-content\/uploads\/2020\/10\/ISG-e1603109960799.png\" \/>\n\t<meta property=\"og:image:width\" content=\"1587\" \/>\n\t<meta property=\"og:image:height\" content=\"1004\" \/>\n\t<meta property=\"og:image:type\" content=\"image\/png\" \/>\n<meta name=\"author\" content=\"redazione\" \/>\n<meta name=\"twitter:card\" content=\"summary_large_image\" \/>\n<meta name=\"twitter:label1\" content=\"Scritto da\" \/>\n\t<meta name=\"twitter:data1\" content=\"redazione\" \/>\n\t<meta name=\"twitter:label2\" content=\"Tempo di lettura stimato\" \/>\n\t<meta name=\"twitter:data2\" content=\"1 minuto\" \/>\n<script type=\"application\/ld+json\" class=\"yoast-schema-graph\">{\"@context\":\"https:\/\/schema.org\",\"@graph\":[{\"@type\":\"WebPage\",\"@id\":\"https:\/\/euricse.eu\/it\/disegnare-il-futuro-delle-imprese-sociali-trentine\/\",\"url\":\"https:\/\/euricse.eu\/it\/disegnare-il-futuro-delle-imprese-sociali-trentine\/\",\"name\":\"Disegnare il futuro delle imprese sociali trentine - Euricse\",\"isPartOf\":{\"@id\":\"https:\/\/euricse.eu\/en\/#website\"},\"primaryImageOfPage\":{\"@id\":\"https:\/\/euricse.eu\/it\/disegnare-il-futuro-delle-imprese-sociali-trentine\/#primaryimage\"},\"image\":{\"@id\":\"https:\/\/euricse.eu\/it\/disegnare-il-futuro-delle-imprese-sociali-trentine\/#primaryimage\"},\"thumbnailUrl\":\"https:\/\/euricse.eu\/wp-content\/uploads\/2020\/10\/ISG-e1603109960799.png\",\"datePublished\":\"2020-10-19T12:22:11+00:00\",\"dateModified\":\"2020-10-19T14:18:12+00:00\",\"author\":{\"@id\":\"https:\/\/euricse.eu\/en\/#\/schema\/person\/46be9426d76e3114ba478b69f3d8040b\"},\"breadcrumb\":{\"@id\":\"https:\/\/euricse.eu\/it\/disegnare-il-futuro-delle-imprese-sociali-trentine\/#breadcrumb\"},\"inLanguage\":\"it-IT\",\"potentialAction\":[{\"@type\":\"ReadAction\",\"target\":[\"https:\/\/euricse.eu\/it\/disegnare-il-futuro-delle-imprese-sociali-trentine\/\"]}]},{\"@type\":\"ImageObject\",\"inLanguage\":\"it-IT\",\"@id\":\"https:\/\/euricse.eu\/it\/disegnare-il-futuro-delle-imprese-sociali-trentine\/#primaryimage\",\"url\":\"https:\/\/euricse.eu\/wp-content\/uploads\/2020\/10\/ISG-e1603109960799.png\",\"contentUrl\":\"https:\/\/euricse.eu\/wp-content\/uploads\/2020\/10\/ISG-e1603109960799.png\",\"width\":1587,\"height\":1004},{\"@type\":\"BreadcrumbList\",\"@id\":\"https:\/\/euricse.eu\/it\/disegnare-il-futuro-delle-imprese-sociali-trentine\/#breadcrumb\",\"itemListElement\":[{\"@type\":\"ListItem\",\"position\":1,\"name\":\"Home\",\"item\":\"https:\/\/euricse.eu\/it\/\"},{\"@type\":\"ListItem\",\"position\":2,\"name\":\"Disegnare il futuro delle imprese sociali trentine\"}]},{\"@type\":\"WebSite\",\"@id\":\"https:\/\/euricse.eu\/en\/#website\",\"url\":\"https:\/\/euricse.eu\/en\/\",\"name\":\"Euricse\",\"description\":\"Knowledge and innovation for cooperative and social enterprises.\",\"potentialAction\":[{\"@type\":\"SearchAction\",\"target\":{\"@type\":\"EntryPoint\",\"urlTemplate\":\"https:\/\/euricse.eu\/en\/?s={search_term_string}\"},\"query-input\":{\"@type\":\"PropertyValueSpecification\",\"valueRequired\":true,\"valueName\":\"search_term_string\"}}],\"inLanguage\":\"it-IT\"},{\"@type\":\"Person\",\"@id\":\"https:\/\/euricse.eu\/en\/#\/schema\/person\/46be9426d76e3114ba478b69f3d8040b\",\"name\":\"redazione\",\"image\":{\"@type\":\"ImageObject\",\"inLanguage\":\"it-IT\",\"@id\":\"https:\/\/euricse.eu\/en\/#\/schema\/person\/image\/\",\"url\":\"https:\/\/secure.gravatar.com\/avatar\/d1e5fb76fa001722a0822f32de0a8935d9c7a01b0f055f16dc71df73252c3c50?s=96&d=mm&r=g\",\"contentUrl\":\"https:\/\/secure.gravatar.com\/avatar\/d1e5fb76fa001722a0822f32de0a8935d9c7a01b0f055f16dc71df73252c3c50?s=96&d=mm&r=g\",\"caption\":\"redazione\"},\"url\":\"https:\/\/euricse.eu\/it\/author\/marikadmin\/\"}]}<\/script>\n<!-- \/ Yoast SEO plugin. -->","yoast_head_json":{"title":"Disegnare il futuro delle imprese sociali trentine - Euricse","robots":{"index":"index","follow":"follow","max-snippet":"max-snippet:-1","max-image-preview":"max-image-preview:large","max-video-preview":"max-video-preview:-1"},"canonical":"https:\/\/euricse.eu\/it\/disegnare-il-futuro-delle-imprese-sociali-trentine\/","og_locale":"it_IT","og_type":"article","og_title":"Disegnare il futuro delle imprese sociali trentine - Euricse","og_description":"Euricse, in collaborazione con Consolida e con il supporto di Fondazione Caritro e Universit\u00e0 di Trento, organizza un percorso online per l'ideazione e la progettazione di soluzioni innovative per l'impresa sociale dedicato sia ai laureandi e laureati under 26 sia ai collaboratori e dipendenti delle cooperative sociali.","og_url":"https:\/\/euricse.eu\/it\/disegnare-il-futuro-delle-imprese-sociali-trentine\/","og_site_name":"Euricse","article_published_time":"2020-10-19T12:22:11+00:00","article_modified_time":"2020-10-19T14:18:12+00:00","og_image":[{"width":1587,"height":1004,"url":"https:\/\/euricse.eu\/wp-content\/uploads\/2020\/10\/ISG-e1603109960799.png","type":"image\/png"}],"author":"redazione","twitter_card":"summary_large_image","twitter_misc":{"Scritto da":"redazione","Tempo di lettura stimato":"1 minuto"},"schema":{"@context":"https:\/\/schema.org","@graph":[{"@type":"WebPage","@id":"https:\/\/euricse.eu\/it\/disegnare-il-futuro-delle-imprese-sociali-trentine\/","url":"https:\/\/euricse.eu\/it\/disegnare-il-futuro-delle-imprese-sociali-trentine\/","name":"Disegnare il futuro delle imprese sociali trentine - Euricse","isPartOf":{"@id":"https:\/\/euricse.eu\/en\/#website"},"primaryImageOfPage":{"@id":"https:\/\/euricse.eu\/it\/disegnare-il-futuro-delle-imprese-sociali-trentine\/#primaryimage"},"image":{"@id":"https:\/\/euricse.eu\/it\/disegnare-il-futuro-delle-imprese-sociali-trentine\/#primaryimage"},"thumbnailUrl":"https:\/\/euricse.eu\/wp-content\/uploads\/2020\/10\/ISG-e1603109960799.png","datePublished":"2020-10-19T12:22:11+00:00","dateModified":"2020-10-19T14:18:12+00:00","author":{"@id":"https:\/\/euricse.eu\/en\/#\/schema\/person\/46be9426d76e3114ba478b69f3d8040b"},"breadcrumb":{"@id":"https:\/\/euricse.eu\/it\/disegnare-il-futuro-delle-imprese-sociali-trentine\/#breadcrumb"},"inLanguage":"it-IT","potentialAction":[{"@type":"ReadAction","target":["https:\/\/euricse.eu\/it\/disegnare-il-futuro-delle-imprese-sociali-trentine\/"]}]},{"@type":"ImageObject","inLanguage":"it-IT","@id":"https:\/\/euricse.eu\/it\/disegnare-il-futuro-delle-imprese-sociali-trentine\/#primaryimage","url":"https:\/\/euricse.eu\/wp-content\/uploads\/2020\/10\/ISG-e1603109960799.png","contentUrl":"https:\/\/euricse.eu\/wp-content\/uploads\/2020\/10\/ISG-e1603109960799.png","width":1587,"height":1004},{"@type":"BreadcrumbList","@id":"https:\/\/euricse.eu\/it\/disegnare-il-futuro-delle-imprese-sociali-trentine\/#breadcrumb","itemListElement":[{"@type":"ListItem","position":1,"name":"Home","item":"https:\/\/euricse.eu\/it\/"},{"@type":"ListItem","position":2,"name":"Disegnare il futuro delle imprese sociali trentine"}]},{"@type":"WebSite","@id":"https:\/\/euricse.eu\/en\/#website","url":"https:\/\/euricse.eu\/en\/","name":"Euricse","description":"Knowledge and innovation for cooperative and social enterprises.","potentialAction":[{"@type":"SearchAction","target":{"@type":"EntryPoint","urlTemplate":"https:\/\/euricse.eu\/en\/?s={search_term_string}"},"query-input":{"@type":"PropertyValueSpecification","valueRequired":true,"valueName":"search_term_string"}}],"inLanguage":"it-IT"},{"@type":"Person","@id":"https:\/\/euricse.eu\/en\/#\/schema\/person\/46be9426d76e3114ba478b69f3d8040b","name":"redazione","image":{"@type":"ImageObject","inLanguage":"it-IT","@id":"https:\/\/euricse.eu\/en\/#\/schema\/person\/image\/","url":"https:\/\/secure.gravatar.com\/avatar\/d1e5fb76fa001722a0822f32de0a8935d9c7a01b0f055f16dc71df73252c3c50?s=96&d=mm&r=g","contentUrl":"https:\/\/secure.gravatar.com\/avatar\/d1e5fb76fa001722a0822f32de0a8935d9c7a01b0f055f16dc71df73252c3c50?s=96&d=mm&r=g","caption":"redazione"},"url":"https:\/\/euricse.eu\/it\/author\/marikadmin\/"}]}},"_links":{"self":[{"href":"https:\/\/euricse.eu\/it\/wp-json\/wp\/v2\/posts\/10803","targetHints":{"allow":["GET"]}}],"collection":[{"href":"https:\/\/euricse.eu\/it\/wp-json\/wp\/v2\/posts"}],"about":[{"href":"https:\/\/euricse.eu\/it\/wp-json\/wp\/v2\/types\/post"}],"author":[{"embeddable":true,"href":"https:\/\/euricse.eu\/it\/wp-json\/wp\/v2\/users\/30"}],"replies":[{"embeddable":true,"href":"https:\/\/euricse.eu\/it\/wp-json\/wp\/v2\/comments?post=10803"}],"version-history":[{"count":0,"href":"https:\/\/euricse.eu\/it\/wp-json\/wp\/v2\/posts\/10803\/revisions"}],"wp:featuredmedia":[{"embeddable":true,"href":"https:\/\/euricse.eu\/it\/wp-json\/wp\/v2\/media\/10810"}],"wp:attachment":[{"href":"https:\/\/euricse.eu\/it\/wp-json\/wp\/v2\/media?parent=10803"}],"wp:term":[{"taxonomy":"category","embeddable":true,"href":"https:\/\/euricse.eu\/it\/wp-json\/wp\/v2\/categories?post=10803"},{"taxonomy":"post_tag","embeddable":true,"href":"https:\/\/euricse.eu\/it\/wp-json\/wp\/v2\/tags?post=10803"}],"curies":[{"name":"wp","href":"https:\/\/api.w.org\/{rel}","templated":true}]}}