{"id":10831,"date":"2020-10-26T16:24:00","date_gmt":"2020-10-26T16:24:00","guid":{"rendered":"https:\/\/euricse.staging.hgblu.com\/?p=10831"},"modified":"2020-10-26T16:24:01","modified_gmt":"2020-10-26T16:24:01","slug":"terzo-settore-e-pubblica-amministrazione-la-svolta-della-corte-costituzionale","status":"publish","type":"post","link":"https:\/\/euricse.eu\/it\/terzo-settore-e-pubblica-amministrazione-la-svolta-della-corte-costituzionale\/","title":{"rendered":"Terzo settore e pubblica amministrazione, la svolta della Corte costituzionale"},"content":{"rendered":"\n<p><strong>Euricse ha organizzato il primo convegno nazionale sulle ricadute teoriche e applicative della sentenza 131\/2020 della Corte costituzionale incentrata sui rapporti tra Terzo settore e pubblica amministrazione. Dopo il saluto della giudice costituzionale Daria de Pretis, oggi luned\u00ec 26 ottobre al workshop online sono intervenuti alcuni tra i maggiori esperti italiani sul tema, con pi\u00f9 di 150 persone collegate in streaming da tutta Italia. L\u2019appello degli studiosi: \u201cOra \u00e8 il momento della svolta. Pubblica amministrazione e Terzo settore devono cambiare radicalmente modo di relazionarsi per mettere a disposizione della ripresa tutte le risorse e le intelligenze del paese\u201d.<\/strong><\/p>\n\n\n\n<figure class=\"wp-block-image size-large\"><img loading=\"lazy\" decoding=\"async\" width=\"1024\" height=\"576\" src=\"https:\/\/euricse.eu\/wp-content\/uploads\/2020\/10\/ScreenAll4-1024x576.png\" alt=\"\" class=\"wp-image-10832\" srcset=\"https:\/\/euricse.eu\/wp-content\/uploads\/2020\/10\/ScreenAll4-1024x576.png 1024w, https:\/\/euricse.eu\/wp-content\/uploads\/2020\/10\/ScreenAll4-300x169.png 300w, https:\/\/euricse.eu\/wp-content\/uploads\/2020\/10\/ScreenAll4-670x377.png 670w, https:\/\/euricse.eu\/wp-content\/uploads\/2020\/10\/ScreenAll4-768x432.png 768w, https:\/\/euricse.eu\/wp-content\/uploads\/2020\/10\/ScreenAll4-1536x864.png 1536w, https:\/\/euricse.eu\/wp-content\/uploads\/2020\/10\/ScreenAll4.png 1920w\" sizes=\"auto, (max-width: 1024px) 100vw, 1024px\" \/><\/figure>\n\n\n\n<p><strong>Il contesto<\/strong><\/p>\n\n\n\n<p>La sentenza 131\/2020 della Corte costituzionale riguarda gli articoli 55, 56 e 57 del Codice del terzo settore, approvato nel 2017. Gli articoli prevedono per la pubblica amministrazione la possibilit\u00e0 di instaurare relazioni collaborative con gli enti del Terzo settore, ricorrendo, anzich\u00e9 agli strumenti classici del Codice degli appalti, a quelli della coprogrammazione e coprogettazione. La pronuncia della Consulta rappresenta quindi un punto di svolta, soprattutto in relazione alle resistenze dell\u2019Autorit\u00e0 nazionale anticorruzione (Anac) e del Consiglio di Stato, secondo il quale l\u2019articolo del Codice non sarebbe applicabile, perch\u00e9 in contrasto con il diritto europeo.<\/p>\n\n\n\n<p><strong>Il convegno online<\/strong><\/p>\n\n\n\n<p>Euricse, con il supporto della Provincia autonoma di Trento, ha organizzato luned\u00ec 26 ottobre il primo convegno nazionale sulle conseguenze della sentenza, radunando alcuni tra i massimi studiosi dei rapporti tra ente pubblico e terzo settore. Oltre al presidente di Euricse Carlo Borzaga, sono intervenute le docenti dell\u2019Universit\u00e0 di Trento Paola Iamiceli e Silvia Pellizzari, il docente del Centro di ricerca Maria Eletta Martini di Pisa Luca Gori, il presidente di Assifero Felice Scalvini e il presidente di Labsus, Gregorio Arena.<\/p>\n\n\n\n<p><a href=\"https:\/\/www.youtube.com\/watch?v=Eb-UWYdiOjA\" target=\"_blank\" rel=\"noreferrer noopener\">Qui<\/a> la registrazione del convegno.<\/p>\n\n\n\n<p>I saluti istituzionali sono stati affidati alla giudice della Corte costituzionale <strong>Daria de Pretis<\/strong>. \u201cDa quasi vent\u2019anni la Costituzione riconosce ai cittadini il diritto di svolgere autonomamente attivit\u00e0 di interesse generale e impegna l\u2019amministrazione a favorire queste attivit\u00e0. Tutto questo si salda anche con la riconosciuta funzione sociale della cooperazione e della mutualit\u00e0. La Corte costituzionale \u00e8 chiamata ad applicare questi valori, e a farlo anche sul delicato terreno delle relazioni fra Stato e regioni\u201d.<\/p>\n\n\n\n<figure class=\"wp-block-image size-large\"><img loading=\"lazy\" decoding=\"async\" width=\"1024\" height=\"577\" src=\"https:\/\/euricse.eu\/wp-content\/uploads\/2020\/10\/screendePretis-1024x577.png\" alt=\"\" class=\"wp-image-10834\" srcset=\"https:\/\/euricse.eu\/wp-content\/uploads\/2020\/10\/screendePretis-1024x577.png 1024w, https:\/\/euricse.eu\/wp-content\/uploads\/2020\/10\/screendePretis-300x169.png 300w, https:\/\/euricse.eu\/wp-content\/uploads\/2020\/10\/screendePretis-670x377.png 670w, https:\/\/euricse.eu\/wp-content\/uploads\/2020\/10\/screendePretis-768x433.png 768w, https:\/\/euricse.eu\/wp-content\/uploads\/2020\/10\/screendePretis.png 1163w\" sizes=\"auto, (max-width: 1024px) 100vw, 1024px\" \/><\/figure>\n\n\n\n<p>\u201cNella scelta tra modalit\u00e0 competitive e modalit\u00e0 di tipo pi\u00f9 cooperativo di gestione dei rapporti tra pubblico e Terzo settore, la sentenza tiene conto anche delle ragioni economiche che consigliano di privilegiare i rapporti di tipo cooperativo, tra i quali in particolare la capacit\u00e0 delle organizzazioni di Terzo settore di individuare bisogni, innovare le risposte e apportare risorse aggiuntive\u201d, ha sottolineato <strong>Carlo Borzaga<\/strong>, presidente Euricse.<\/p>\n\n\n\n<p>\u201cLa sentenza, se per un verso riafferma la competenza del legislatore nazionale nel disciplinare le forme riconducibili al Codice del Terzo settore, dall\u2019altra lascia aperta la strada a nuove forme di coinvolgimento di modelli di imprenditoria sociale per ora esterni al perimetro\u201d, \u00e8 stato il focus dell\u2019intervento di <strong>Paola Iamiceli<\/strong>, docente di Diritto privato all\u2019Universit\u00e0 di Trento.<\/p>\n\n\n\n<p>\u201cLa decisione della Corte impegna le amministrazioni pubbliche e il Terzo settore ad attuare con responsabilit\u00e0 e consapevolezza l\u2019articolo 55 del Codice, privilegiando la sinergia tra attori e la messa in comune di mezzi, al posto della competizione per l\u2019individuazione del miglior offerente\u201d, ha messo in evidenza <strong>Silvia Pellizzari<\/strong>, docente di Diritto amministrativo all\u2019Universit\u00e0 di Trento.<\/p>\n\n\n\n<p>\u201cL\u2019articolo 55 \u00e8 la prima complessiva attuazione del principio di sussidiariet\u00e0 orizzontale. La Corte intende innescare un processo di modifica dell\u2019esercizio della funzione amministrativa e del \u2018modo\u2019 di operare degli enti del Terzo settore, verso una sempre pi\u00f9 incisiva attuazione dell\u2019esigente \u2018programma costituzionale\u2019 di protezione dei diritti e tutela della libert\u00e0\u201d, ha affermato <strong>Luca Gori<\/strong>, docente al Centro di ricerca Maria Eletta Martini.<\/p>\n\n\n\n<p>\u201cLa sentenza \u00e8 una sfida al cambiamento non solo per la pubblica amministrazione, bens\u00ec anche, e forse pi\u00f9, per il Terzo settore che, in forte discontinuit\u00e0 col passato, deve ripensare i propri asseti organizzativi e alcuni profili professionali oggi finalizzati a partecipare con successo a confronti competitivi. Lo deve fare per recuperare capacit\u00e0 di leggere i bisogni e di collaborare a vasto raggio per disegnare e implementare le risposte\u201d, \u00e8 stata la riflessione di <strong>Felice Scalvini<\/strong>, presidente Assifero.<\/p>\n\n\n\n<p>\u201cNella traversata del deserto che ci aspetta nei prossimi mesi, forse anni, per colpa del virus, fare comunit\u00e0 sar\u00e0 essenziale per non ritrovarci da soli ad affrontare le difficolt\u00e0. In questo senso la sentenza 131 non \u00e8 solo epocale, ma \u00e8 stata provvidenziale\u201d, ha concluso <strong>Gregorio Arena<\/strong>, presidente di Labsus.<\/p>\n","protected":false},"excerpt":{"rendered":"<p>Euricse ha organizzato il primo convegno nazionale sulle ricadute teoriche e applicative della sentenza 131\/2020 della Corte costituzionale incentrata sui rapporti tra Terzo settore e pubblica amministrazione. Dopo il saluto della giudice costituzionale Daria de Pretis, oggi luned\u00ec 26 ottobre al workshop online sono intervenuti alcuni tra i maggiori esperti italiani sul tema, con pi\u00f9 [&hellip;]<\/p>\n","protected":false},"author":30,"featured_media":10836,"comment_status":"open","ping_status":"closed","sticky":false,"template":"","format":"standard","meta":{"_acf_changed":false,"episode_type":"","audio_file":"","cover_image":"","cover_image_id":"","duration":"","filesize":"","date_recorded":"","explicit":"","block":"","itunes_episode_number":"","itunes_title":"","itunes_season_number":"","itunes_episode_type":"","filesize_raw":"","footnotes":""},"categories":[14],"tags":[280,870,876,877],"class_list":["post-10831","post","type-post","status-publish","format-standard","has-post-thumbnail","hentry","category-blog-it","tag-terzo-settore","tag-corte-costituzionale","tag-amministrazione-condivisa","tag-pubblica-amministrazione-2"],"acf":[],"yoast_head":"<!-- This site is optimized with the Yoast SEO plugin v26.1.1 - https:\/\/yoast.com\/wordpress\/plugins\/seo\/ -->\n<title>Terzo settore e pubblica amministrazione, la svolta della Corte costituzionale - Euricse<\/title>\n<meta name=\"description\" content=\"Euricse ha organizzato il primo convegno nazionale sulle ricadute teoriche e applicative della sentenza 131\/2020 della Corte costituzionale incentrata sui rapporti tra Terzo settore e pubblica amministrazione. Dopo il saluto della giudice costituzionale Daria de Pretis, oggi luned\u00ec 26 ottobre al workshop online sono intervenuti alcuni tra i maggiori esperti italiani sul tema, con pi\u00f9 di 150 persone collegate in streaming da tutta Italia. L\u2019appello degli studiosi: \u201cOra \u00e8 il momento della svolta. Pubblica amministrazione e Terzo settore devono cambiare radicalmente modo di relazionarsi per mettere a disposizione della ripresa tutte le risorse e le intelligenze del paese\u201d.\" \/>\n<meta name=\"robots\" content=\"index, follow, max-snippet:-1, max-image-preview:large, max-video-preview:-1\" \/>\n<link rel=\"canonical\" href=\"https:\/\/euricse.eu\/it\/terzo-settore-e-pubblica-amministrazione-la-svolta-della-corte-costituzionale\/\" \/>\n<meta property=\"og:locale\" content=\"it_IT\" \/>\n<meta property=\"og:type\" content=\"article\" \/>\n<meta property=\"og:title\" content=\"Terzo settore e pubblica amministrazione, la svolta della Corte costituzionale - Euricse\" \/>\n<meta property=\"og:description\" content=\"Euricse ha organizzato il primo convegno nazionale sulle ricadute teoriche e applicative della sentenza 131\/2020 della Corte costituzionale incentrata sui rapporti tra Terzo settore e pubblica amministrazione. Dopo il saluto della giudice costituzionale Daria de Pretis, oggi luned\u00ec 26 ottobre al workshop online sono intervenuti alcuni tra i maggiori esperti italiani sul tema, con pi\u00f9 di 150 persone collegate in streaming da tutta Italia. L\u2019appello degli studiosi: \u201cOra \u00e8 il momento della svolta. Pubblica amministrazione e Terzo settore devono cambiare radicalmente modo di relazionarsi per mettere a disposizione della ripresa tutte le risorse e le intelligenze del paese\u201d.\" \/>\n<meta property=\"og:url\" content=\"https:\/\/euricse.eu\/it\/terzo-settore-e-pubblica-amministrazione-la-svolta-della-corte-costituzionale\/\" \/>\n<meta property=\"og:site_name\" content=\"Euricse\" \/>\n<meta property=\"article:published_time\" content=\"2020-10-26T16:24:00+00:00\" \/>\n<meta property=\"article:modified_time\" content=\"2020-10-26T16:24:01+00:00\" \/>\n<meta property=\"og:image\" content=\"https:\/\/euricse.eu\/wp-content\/uploads\/2020\/10\/ScreenAll3-1024x576.png\" \/>\n\t<meta property=\"og:image:width\" content=\"1024\" \/>\n\t<meta property=\"og:image:height\" content=\"576\" \/>\n\t<meta property=\"og:image:type\" content=\"image\/png\" \/>\n<meta name=\"author\" content=\"redazione\" \/>\n<meta name=\"twitter:card\" content=\"summary_large_image\" \/>\n<meta name=\"twitter:label1\" content=\"Scritto da\" \/>\n\t<meta name=\"twitter:data1\" content=\"redazione\" \/>\n\t<meta name=\"twitter:label2\" content=\"Tempo di lettura stimato\" \/>\n\t<meta name=\"twitter:data2\" content=\"4 minuti\" \/>\n<script type=\"application\/ld+json\" class=\"yoast-schema-graph\">{\"@context\":\"https:\/\/schema.org\",\"@graph\":[{\"@type\":\"WebPage\",\"@id\":\"https:\/\/euricse.eu\/it\/terzo-settore-e-pubblica-amministrazione-la-svolta-della-corte-costituzionale\/\",\"url\":\"https:\/\/euricse.eu\/it\/terzo-settore-e-pubblica-amministrazione-la-svolta-della-corte-costituzionale\/\",\"name\":\"Terzo settore e pubblica amministrazione, la svolta della Corte costituzionale - Euricse\",\"isPartOf\":{\"@id\":\"https:\/\/euricse.eu\/en\/#website\"},\"primaryImageOfPage\":{\"@id\":\"https:\/\/euricse.eu\/it\/terzo-settore-e-pubblica-amministrazione-la-svolta-della-corte-costituzionale\/#primaryimage\"},\"image\":{\"@id\":\"https:\/\/euricse.eu\/it\/terzo-settore-e-pubblica-amministrazione-la-svolta-della-corte-costituzionale\/#primaryimage\"},\"thumbnailUrl\":\"https:\/\/euricse.eu\/wp-content\/uploads\/2020\/10\/ScreenAll3.png\",\"datePublished\":\"2020-10-26T16:24:00+00:00\",\"dateModified\":\"2020-10-26T16:24:01+00:00\",\"author\":{\"@id\":\"https:\/\/euricse.eu\/en\/#\/schema\/person\/46be9426d76e3114ba478b69f3d8040b\"},\"description\":\"Euricse ha organizzato il primo convegno nazionale sulle ricadute teoriche e applicative della sentenza 131\/2020 della Corte costituzionale incentrata sui rapporti tra Terzo settore e pubblica amministrazione. Dopo il saluto della giudice costituzionale Daria de Pretis, oggi luned\u00ec 26 ottobre al workshop online sono intervenuti alcuni tra i maggiori esperti italiani sul tema, con pi\u00f9 di 150 persone collegate in streaming da tutta Italia. L\u2019appello degli studiosi: \u201cOra \u00e8 il momento della svolta. Pubblica amministrazione e Terzo settore devono cambiare radicalmente modo di relazionarsi per mettere a disposizione della ripresa tutte le risorse e le intelligenze del paese\u201d.\",\"breadcrumb\":{\"@id\":\"https:\/\/euricse.eu\/it\/terzo-settore-e-pubblica-amministrazione-la-svolta-della-corte-costituzionale\/#breadcrumb\"},\"inLanguage\":\"it-IT\",\"potentialAction\":[{\"@type\":\"ReadAction\",\"target\":[\"https:\/\/euricse.eu\/it\/terzo-settore-e-pubblica-amministrazione-la-svolta-della-corte-costituzionale\/\"]}]},{\"@type\":\"ImageObject\",\"inLanguage\":\"it-IT\",\"@id\":\"https:\/\/euricse.eu\/it\/terzo-settore-e-pubblica-amministrazione-la-svolta-della-corte-costituzionale\/#primaryimage\",\"url\":\"https:\/\/euricse.eu\/wp-content\/uploads\/2020\/10\/ScreenAll3.png\",\"contentUrl\":\"https:\/\/euricse.eu\/wp-content\/uploads\/2020\/10\/ScreenAll3.png\",\"width\":1920,\"height\":1080},{\"@type\":\"BreadcrumbList\",\"@id\":\"https:\/\/euricse.eu\/it\/terzo-settore-e-pubblica-amministrazione-la-svolta-della-corte-costituzionale\/#breadcrumb\",\"itemListElement\":[{\"@type\":\"ListItem\",\"position\":1,\"name\":\"Home\",\"item\":\"https:\/\/euricse.eu\/it\/\"},{\"@type\":\"ListItem\",\"position\":2,\"name\":\"Terzo settore e pubblica amministrazione, la svolta della Corte costituzionale\"}]},{\"@type\":\"WebSite\",\"@id\":\"https:\/\/euricse.eu\/en\/#website\",\"url\":\"https:\/\/euricse.eu\/en\/\",\"name\":\"Euricse\",\"description\":\"Knowledge and innovation for cooperative and social enterprises.\",\"potentialAction\":[{\"@type\":\"SearchAction\",\"target\":{\"@type\":\"EntryPoint\",\"urlTemplate\":\"https:\/\/euricse.eu\/en\/?s={search_term_string}\"},\"query-input\":{\"@type\":\"PropertyValueSpecification\",\"valueRequired\":true,\"valueName\":\"search_term_string\"}}],\"inLanguage\":\"it-IT\"},{\"@type\":\"Person\",\"@id\":\"https:\/\/euricse.eu\/en\/#\/schema\/person\/46be9426d76e3114ba478b69f3d8040b\",\"name\":\"redazione\",\"image\":{\"@type\":\"ImageObject\",\"inLanguage\":\"it-IT\",\"@id\":\"https:\/\/euricse.eu\/en\/#\/schema\/person\/image\/\",\"url\":\"https:\/\/secure.gravatar.com\/avatar\/d1e5fb76fa001722a0822f32de0a8935d9c7a01b0f055f16dc71df73252c3c50?s=96&d=mm&r=g\",\"contentUrl\":\"https:\/\/secure.gravatar.com\/avatar\/d1e5fb76fa001722a0822f32de0a8935d9c7a01b0f055f16dc71df73252c3c50?s=96&d=mm&r=g\",\"caption\":\"redazione\"},\"url\":\"https:\/\/euricse.eu\/it\/author\/marikadmin\/\"}]}<\/script>\n<!-- \/ Yoast SEO plugin. -->","yoast_head_json":{"title":"Terzo settore e pubblica amministrazione, la svolta della Corte costituzionale - Euricse","description":"Euricse ha organizzato il primo convegno nazionale sulle ricadute teoriche e applicative della sentenza 131\/2020 della Corte costituzionale incentrata sui rapporti tra Terzo settore e pubblica amministrazione. Dopo il saluto della giudice costituzionale Daria de Pretis, oggi luned\u00ec 26 ottobre al workshop online sono intervenuti alcuni tra i maggiori esperti italiani sul tema, con pi\u00f9 di 150 persone collegate in streaming da tutta Italia. L\u2019appello degli studiosi: \u201cOra \u00e8 il momento della svolta. Pubblica amministrazione e Terzo settore devono cambiare radicalmente modo di relazionarsi per mettere a disposizione della ripresa tutte le risorse e le intelligenze del paese\u201d.","robots":{"index":"index","follow":"follow","max-snippet":"max-snippet:-1","max-image-preview":"max-image-preview:large","max-video-preview":"max-video-preview:-1"},"canonical":"https:\/\/euricse.eu\/it\/terzo-settore-e-pubblica-amministrazione-la-svolta-della-corte-costituzionale\/","og_locale":"it_IT","og_type":"article","og_title":"Terzo settore e pubblica amministrazione, la svolta della Corte costituzionale - Euricse","og_description":"Euricse ha organizzato il primo convegno nazionale sulle ricadute teoriche e applicative della sentenza 131\/2020 della Corte costituzionale incentrata sui rapporti tra Terzo settore e pubblica amministrazione. Dopo il saluto della giudice costituzionale Daria de Pretis, oggi luned\u00ec 26 ottobre al workshop online sono intervenuti alcuni tra i maggiori esperti italiani sul tema, con pi\u00f9 di 150 persone collegate in streaming da tutta Italia. L\u2019appello degli studiosi: \u201cOra \u00e8 il momento della svolta. Pubblica amministrazione e Terzo settore devono cambiare radicalmente modo di relazionarsi per mettere a disposizione della ripresa tutte le risorse e le intelligenze del paese\u201d.","og_url":"https:\/\/euricse.eu\/it\/terzo-settore-e-pubblica-amministrazione-la-svolta-della-corte-costituzionale\/","og_site_name":"Euricse","article_published_time":"2020-10-26T16:24:00+00:00","article_modified_time":"2020-10-26T16:24:01+00:00","og_image":[{"width":1024,"height":576,"url":"https:\/\/euricse.eu\/wp-content\/uploads\/2020\/10\/ScreenAll3-1024x576.png","type":"image\/png"}],"author":"redazione","twitter_card":"summary_large_image","twitter_misc":{"Scritto da":"redazione","Tempo di lettura stimato":"4 minuti"},"schema":{"@context":"https:\/\/schema.org","@graph":[{"@type":"WebPage","@id":"https:\/\/euricse.eu\/it\/terzo-settore-e-pubblica-amministrazione-la-svolta-della-corte-costituzionale\/","url":"https:\/\/euricse.eu\/it\/terzo-settore-e-pubblica-amministrazione-la-svolta-della-corte-costituzionale\/","name":"Terzo settore e pubblica amministrazione, la svolta della Corte costituzionale - Euricse","isPartOf":{"@id":"https:\/\/euricse.eu\/en\/#website"},"primaryImageOfPage":{"@id":"https:\/\/euricse.eu\/it\/terzo-settore-e-pubblica-amministrazione-la-svolta-della-corte-costituzionale\/#primaryimage"},"image":{"@id":"https:\/\/euricse.eu\/it\/terzo-settore-e-pubblica-amministrazione-la-svolta-della-corte-costituzionale\/#primaryimage"},"thumbnailUrl":"https:\/\/euricse.eu\/wp-content\/uploads\/2020\/10\/ScreenAll3.png","datePublished":"2020-10-26T16:24:00+00:00","dateModified":"2020-10-26T16:24:01+00:00","author":{"@id":"https:\/\/euricse.eu\/en\/#\/schema\/person\/46be9426d76e3114ba478b69f3d8040b"},"description":"Euricse ha organizzato il primo convegno nazionale sulle ricadute teoriche e applicative della sentenza 131\/2020 della Corte costituzionale incentrata sui rapporti tra Terzo settore e pubblica amministrazione. Dopo il saluto della giudice costituzionale Daria de Pretis, oggi luned\u00ec 26 ottobre al workshop online sono intervenuti alcuni tra i maggiori esperti italiani sul tema, con pi\u00f9 di 150 persone collegate in streaming da tutta Italia. L\u2019appello degli studiosi: \u201cOra \u00e8 il momento della svolta. Pubblica amministrazione e Terzo settore devono cambiare radicalmente modo di relazionarsi per mettere a disposizione della ripresa tutte le risorse e le intelligenze del paese\u201d.","breadcrumb":{"@id":"https:\/\/euricse.eu\/it\/terzo-settore-e-pubblica-amministrazione-la-svolta-della-corte-costituzionale\/#breadcrumb"},"inLanguage":"it-IT","potentialAction":[{"@type":"ReadAction","target":["https:\/\/euricse.eu\/it\/terzo-settore-e-pubblica-amministrazione-la-svolta-della-corte-costituzionale\/"]}]},{"@type":"ImageObject","inLanguage":"it-IT","@id":"https:\/\/euricse.eu\/it\/terzo-settore-e-pubblica-amministrazione-la-svolta-della-corte-costituzionale\/#primaryimage","url":"https:\/\/euricse.eu\/wp-content\/uploads\/2020\/10\/ScreenAll3.png","contentUrl":"https:\/\/euricse.eu\/wp-content\/uploads\/2020\/10\/ScreenAll3.png","width":1920,"height":1080},{"@type":"BreadcrumbList","@id":"https:\/\/euricse.eu\/it\/terzo-settore-e-pubblica-amministrazione-la-svolta-della-corte-costituzionale\/#breadcrumb","itemListElement":[{"@type":"ListItem","position":1,"name":"Home","item":"https:\/\/euricse.eu\/it\/"},{"@type":"ListItem","position":2,"name":"Terzo settore e pubblica amministrazione, la svolta della Corte costituzionale"}]},{"@type":"WebSite","@id":"https:\/\/euricse.eu\/en\/#website","url":"https:\/\/euricse.eu\/en\/","name":"Euricse","description":"Knowledge and innovation for cooperative and social enterprises.","potentialAction":[{"@type":"SearchAction","target":{"@type":"EntryPoint","urlTemplate":"https:\/\/euricse.eu\/en\/?s={search_term_string}"},"query-input":{"@type":"PropertyValueSpecification","valueRequired":true,"valueName":"search_term_string"}}],"inLanguage":"it-IT"},{"@type":"Person","@id":"https:\/\/euricse.eu\/en\/#\/schema\/person\/46be9426d76e3114ba478b69f3d8040b","name":"redazione","image":{"@type":"ImageObject","inLanguage":"it-IT","@id":"https:\/\/euricse.eu\/en\/#\/schema\/person\/image\/","url":"https:\/\/secure.gravatar.com\/avatar\/d1e5fb76fa001722a0822f32de0a8935d9c7a01b0f055f16dc71df73252c3c50?s=96&d=mm&r=g","contentUrl":"https:\/\/secure.gravatar.com\/avatar\/d1e5fb76fa001722a0822f32de0a8935d9c7a01b0f055f16dc71df73252c3c50?s=96&d=mm&r=g","caption":"redazione"},"url":"https:\/\/euricse.eu\/it\/author\/marikadmin\/"}]}},"_links":{"self":[{"href":"https:\/\/euricse.eu\/it\/wp-json\/wp\/v2\/posts\/10831","targetHints":{"allow":["GET"]}}],"collection":[{"href":"https:\/\/euricse.eu\/it\/wp-json\/wp\/v2\/posts"}],"about":[{"href":"https:\/\/euricse.eu\/it\/wp-json\/wp\/v2\/types\/post"}],"author":[{"embeddable":true,"href":"https:\/\/euricse.eu\/it\/wp-json\/wp\/v2\/users\/30"}],"replies":[{"embeddable":true,"href":"https:\/\/euricse.eu\/it\/wp-json\/wp\/v2\/comments?post=10831"}],"version-history":[{"count":0,"href":"https:\/\/euricse.eu\/it\/wp-json\/wp\/v2\/posts\/10831\/revisions"}],"wp:featuredmedia":[{"embeddable":true,"href":"https:\/\/euricse.eu\/it\/wp-json\/wp\/v2\/media\/10836"}],"wp:attachment":[{"href":"https:\/\/euricse.eu\/it\/wp-json\/wp\/v2\/media?parent=10831"}],"wp:term":[{"taxonomy":"category","embeddable":true,"href":"https:\/\/euricse.eu\/it\/wp-json\/wp\/v2\/categories?post=10831"},{"taxonomy":"post_tag","embeddable":true,"href":"https:\/\/euricse.eu\/it\/wp-json\/wp\/v2\/tags?post=10831"}],"curies":[{"name":"wp","href":"https:\/\/api.w.org\/{rel}","templated":true}]}}