{"id":10845,"date":"2020-10-28T09:16:02","date_gmt":"2020-10-28T09:16:02","guid":{"rendered":"https:\/\/euricse.staging.hgblu.com\/?p=10845"},"modified":"2020-10-28T09:16:05","modified_gmt":"2020-10-28T09:16:05","slug":"con-lexecutive-school-dynamo-olivetti-un-salto-verso-un-futuro-sostenibile","status":"publish","type":"post","link":"https:\/\/euricse.eu\/it\/con-lexecutive-school-dynamo-olivetti-un-salto-verso-un-futuro-sostenibile\/","title":{"rendered":"Con l&#8217;Executive school Dynamo Olivetti un salto verso un futuro sostenibile"},"content":{"rendered":"\n<h3 class=\"wp-block-heading\">Il racconto da <em>insider <\/em>del nostro responsabile formazione Paolo Fontana: &#8220;Valorizziamo il patrimonio di relazioni con una nuova reunion&#8221;<\/h3>\n\n\n\n<h4 class=\"wp-block-heading\">di Paolo Fontana<\/h4>\n\n\n\n<figure class=\"wp-block-image size-large\"><img loading=\"lazy\" decoding=\"async\" width=\"1024\" height=\"684\" src=\"https:\/\/euricse.eu\/wp-content\/uploads\/2020\/10\/Team-Euricse-Master-Academy-Olivetti-Alta-1568-1024x684.jpg\" alt=\"\" class=\"wp-image-10848\" srcset=\"https:\/\/euricse.eu\/wp-content\/uploads\/2020\/10\/Team-Euricse-Master-Academy-Olivetti-Alta-1568-1024x684.jpg 1024w, https:\/\/euricse.eu\/wp-content\/uploads\/2020\/10\/Team-Euricse-Master-Academy-Olivetti-Alta-1568-300x200.jpg 300w, https:\/\/euricse.eu\/wp-content\/uploads\/2020\/10\/Team-Euricse-Master-Academy-Olivetti-Alta-1568-599x400.jpg 599w, https:\/\/euricse.eu\/wp-content\/uploads\/2020\/10\/Team-Euricse-Master-Academy-Olivetti-Alta-1568-768x513.jpg 768w, https:\/\/euricse.eu\/wp-content\/uploads\/2020\/10\/Team-Euricse-Master-Academy-Olivetti-Alta-1568-1536x1025.jpg 1536w, https:\/\/euricse.eu\/wp-content\/uploads\/2020\/10\/Team-Euricse-Master-Academy-Olivetti-Alta-1568.jpg 2000w\" sizes=\"auto, (max-width: 1024px) 100vw, 1024px\" \/><\/figure>\n\n\n\n<h3 class=\"wp-block-heading\">Il valore della presenza<\/h3>\n\n\n\n<p><strong>In presenza, efficace ed estremamente stimolante<\/strong>. Dovessi riassumere la III edizione della executive school userei queste tre parole. Gli sforzi degli organizzatori, la collaborazione dei partecipanti e i protocolli di sicurezza rispettati alla lettera hanno infatti reso possibile lo svolgimento <strong>in presenza<\/strong> di tutto il percorso formativo, e gi\u00e0 questo non era scontato. I corsisti hanno cos\u00ec potuto valorizzare al meglio la conoscenza reciproca e gli scambi intercorsi: un patrimonio di relazioni che ci piacerebbe valorizzare anche in futuro, organizzando una nuova \u201c<strong>reunion<\/strong>\u201d dei corsisti di tutte le passate edizioni. Siamo infatti convinti che tenersi aggiornati e continuare il confronto tra imprese e pratiche manageriali assai diverse sia il modo pi\u00f9 utile per tenere accesso il \u201c<strong>sacro fuoco<\/strong>\u201d dell\u2019innovazione.<\/p>\n\n\n\n<figure class=\"wp-block-image size-large\"><img loading=\"lazy\" decoding=\"async\" width=\"1024\" height=\"576\" src=\"https:\/\/euricse.eu\/wp-content\/uploads\/2020\/10\/Foto-Slide-Master-Academy-Olivetti-1835-1024x576.jpg\" alt=\"\" class=\"wp-image-10861\" srcset=\"https:\/\/euricse.eu\/wp-content\/uploads\/2020\/10\/Foto-Slide-Master-Academy-Olivetti-1835-1024x576.jpg 1024w, https:\/\/euricse.eu\/wp-content\/uploads\/2020\/10\/Foto-Slide-Master-Academy-Olivetti-1835-300x169.jpg 300w, https:\/\/euricse.eu\/wp-content\/uploads\/2020\/10\/Foto-Slide-Master-Academy-Olivetti-1835-670x377.jpg 670w, https:\/\/euricse.eu\/wp-content\/uploads\/2020\/10\/Foto-Slide-Master-Academy-Olivetti-1835-768x432.jpg 768w, https:\/\/euricse.eu\/wp-content\/uploads\/2020\/10\/Foto-Slide-Master-Academy-Olivetti-1835-1536x864.jpg 1536w, https:\/\/euricse.eu\/wp-content\/uploads\/2020\/10\/Foto-Slide-Master-Academy-Olivetti-1835-2048x1152.jpg 2048w\" sizes=\"auto, (max-width: 1024px) 100vw, 1024px\" \/><figcaption>Il ricercatore Euricse Jacopo Sforzi durante l&#8217;Executive School<\/figcaption><\/figure>\n\n\n\n<h3 class=\"wp-block-heading\">Agenda 2030, strumento e non solo parametro<\/h3>\n\n\n\n<p><strong>Innovazione <\/strong>che, mai come oggi, deve (e pu\u00f2) tener conto di nuovi fattori se vuole davvero dispiegare tutto il suo potenziale. L\u2019Executive School ha cercato di <strong><em>stimolare<\/em><\/strong> proprio questo: mettere a fuoco le variabili manageriali, culturali e organizzative che possono permettere alle imprese di fare il salto verso un futuro sostenibile, in cui il vantaggio di tutti non sia vincolo ma opportunit\u00e0, in cui gli \u201cobiettivi del millennio\u201d diventino strumenti di valorizzazione aziendale e non solo parametri a cui adeguarsi.<\/p>\n\n\n\n<p> Tutti i docenti che si sono alternati ci hanno accompagnato in questo ideale viaggio dalle radici al futuro: dall\u2019eredit\u00e0 visionaria di <strong>Adriano Olivetti<\/strong> &#8211; toccata con mano presso gli stabilimenti di <strong>Ivrea <\/strong>&#8211; fino alle traiettorie pi\u00f9 innovative e inclusive che possono assumere le imprese. \u00c8 proprio il <strong>pluralismo<\/strong> delle forme d\u2019impresa, la molteplicit\u00e0 di obiettivi che si affiancano al profitto, il saper attivare le comunit\u00e0 locali per rispondere a bisogni e aspirazioni, \u00e8 in tutto questo lo stimolante lascito dell\u2019executive school: la consapevolezza che nessun\u2019altra invenzione umana, come sono le imprese, pu\u00f2 impattare cos\u00ec tanto sull\u2019ecosistema in cui viviamo. \u00c8 giunto il momento di mettere a fuoco questa opportunit\u00e0.<\/p>\n\n\n\n<div class=\"wp-block-image\"><figure class=\"aligncenter size-large\"><img loading=\"lazy\" decoding=\"async\" width=\"1024\" height=\"576\" src=\"https:\/\/euricse.eu\/wp-content\/uploads\/2020\/10\/Foto-Slide-2529-1024x576.jpg\" alt=\"\" class=\"wp-image-10863\" srcset=\"https:\/\/euricse.eu\/wp-content\/uploads\/2020\/10\/Foto-Slide-2529-1024x576.jpg 1024w, https:\/\/euricse.eu\/wp-content\/uploads\/2020\/10\/Foto-Slide-2529-300x169.jpg 300w, https:\/\/euricse.eu\/wp-content\/uploads\/2020\/10\/Foto-Slide-2529-670x377.jpg 670w, https:\/\/euricse.eu\/wp-content\/uploads\/2020\/10\/Foto-Slide-2529-768x432.jpg 768w, https:\/\/euricse.eu\/wp-content\/uploads\/2020\/10\/Foto-Slide-2529-1536x864.jpg 1536w, https:\/\/euricse.eu\/wp-content\/uploads\/2020\/10\/Foto-Slide-2529-2048x1152.jpg 2048w\" sizes=\"auto, (max-width: 1024px) 100vw, 1024px\" \/><figcaption>Il segretario generale Euricse, Gianluca Salvatori<\/figcaption><\/figure><\/div>\n\n\n\n<h3 class=\"wp-block-heading\">La sfida dei project work<\/h3>\n\n\n\n<p>Infine, per passare dalla teoria alla pratica, Euricse ha cercato di accompagnare i partecipanti alla stesura di un project work che aiutasse ciascuno a tradurre gli stimoli ricevuti in idee progettuali, concretamente percorribili. Tutti i partecipanti (provenienti da imprese pubbliche e private, di settori diversi come il bancario, l\u2019informatico o il legale) si sono cos\u00ec cimentati nel tentativo di rendere quanto pi\u00f9 <strong>efficace<\/strong> possibile il processo di apprendimento in atto. Tante le idee e le proposte discusse e, alla fine, una sola consapevolezza: il project work era stato pensato come \u201cl\u2019ultimo miglio\u201d dell\u2019executive school, invece si \u00e8 rivelato il \u201c<strong>primo miglio<\/strong>\u201d del percorso che porter\u00e0 ciascuna impresa partecipante verso un futuro pi\u00f9 inclusivo e sostenibile. Non male!<\/p>\n\n\n\n<figure class=\"wp-block-image size-large\"><img loading=\"lazy\" decoding=\"async\" width=\"1024\" height=\"576\" src=\"https:\/\/euricse.eu\/wp-content\/uploads\/2020\/10\/Foto-Slide-Master-Academy-Olivetti-2084-1024x576.jpg\" alt=\"\" class=\"wp-image-10859\" srcset=\"https:\/\/euricse.eu\/wp-content\/uploads\/2020\/10\/Foto-Slide-Master-Academy-Olivetti-2084-1024x576.jpg 1024w, https:\/\/euricse.eu\/wp-content\/uploads\/2020\/10\/Foto-Slide-Master-Academy-Olivetti-2084-300x169.jpg 300w, https:\/\/euricse.eu\/wp-content\/uploads\/2020\/10\/Foto-Slide-Master-Academy-Olivetti-2084-670x377.jpg 670w, https:\/\/euricse.eu\/wp-content\/uploads\/2020\/10\/Foto-Slide-Master-Academy-Olivetti-2084-768x432.jpg 768w, https:\/\/euricse.eu\/wp-content\/uploads\/2020\/10\/Foto-Slide-Master-Academy-Olivetti-2084-1536x864.jpg 1536w, https:\/\/euricse.eu\/wp-content\/uploads\/2020\/10\/Foto-Slide-Master-Academy-Olivetti-2084-2048x1152.jpg 2048w\" sizes=\"auto, (max-width: 1024px) 100vw, 1024px\" \/><\/figure>\n\n\n\n<p>L\u2019appuntamento, e non vediamo l\u2019ora, \u00e8 per la IV edizione del <strong>2022<\/strong>. Insieme ai partner <a href=\"http:\/\/www.fondazioneadrianolivetti.it\/\" target=\"_blank\" rel=\"noreferrer noopener\">Fondazione Olivetti<\/a> e <a href=\"https:\/\/www.dynamoacademy.org\/\" target=\"_blank\" rel=\"noreferrer noopener\">Dynamo Academy<\/a> siamo gi\u00e0 all\u2019opera per correggere, aggiornare e innovare un gi\u00e0 valido programma!<\/p>\n","protected":false},"excerpt":{"rendered":"<p>Il racconto da insider del nostro responsabile formazione Paolo Fontana: &#8220;Valorizziamo il patrimonio di relazioni con una nuova reunion&#8221; di Paolo Fontana Il valore della presenza In presenza, efficace ed estremamente stimolante. Dovessi riassumere la III edizione della executive school userei queste tre parole. Gli sforzi degli organizzatori, la collaborazione dei partecipanti e i protocolli [&hellip;]<\/p>\n","protected":false},"author":30,"featured_media":10859,"comment_status":"open","ping_status":"closed","sticky":false,"template":"","format":"standard","meta":{"_acf_changed":false,"episode_type":"","audio_file":"","cover_image":"","cover_image_id":"","duration":"","filesize":"","date_recorded":"","explicit":"","block":"","itunes_episode_number":"","itunes_title":"","itunes_season_number":"","itunes_episode_type":"","filesize_raw":"","footnotes":""},"categories":[14,17],"tags":[264,863,864,880],"class_list":["post-10845","post","type-post","status-publish","format-standard","has-post-thumbnail","hentry","category-blog-it","category-news-it","tag-formazione","tag-adriano-olivetti","tag-executive-school-2","tag-dynamo-academy"],"acf":[],"yoast_head":"<!-- This site is optimized with the Yoast SEO plugin v26.1.1 - https:\/\/yoast.com\/wordpress\/plugins\/seo\/ -->\n<title>Con l&#039;Executive school Dynamo Olivetti un salto verso un futuro sostenibile - Euricse<\/title>\n<meta name=\"robots\" content=\"index, follow, max-snippet:-1, max-image-preview:large, max-video-preview:-1\" \/>\n<link rel=\"canonical\" href=\"https:\/\/euricse.eu\/it\/con-lexecutive-school-dynamo-olivetti-un-salto-verso-un-futuro-sostenibile\/\" \/>\n<meta property=\"og:locale\" content=\"it_IT\" \/>\n<meta property=\"og:type\" content=\"article\" \/>\n<meta property=\"og:title\" content=\"Con l&#039;Executive school Dynamo Olivetti un salto verso un futuro sostenibile - Euricse\" \/>\n<meta property=\"og:description\" content=\"Il racconto da insider del nostro responsabile formazione Paolo Fontana: &#8220;Valorizziamo il patrimonio di relazioni con una nuova reunion&#8221; di Paolo Fontana Il valore della presenza In presenza, efficace ed estremamente stimolante. Dovessi riassumere la III edizione della executive school userei queste tre parole. Gli sforzi degli organizzatori, la collaborazione dei partecipanti e i protocolli [&hellip;]\" \/>\n<meta property=\"og:url\" content=\"https:\/\/euricse.eu\/it\/con-lexecutive-school-dynamo-olivetti-un-salto-verso-un-futuro-sostenibile\/\" \/>\n<meta property=\"og:site_name\" content=\"Euricse\" \/>\n<meta property=\"article:published_time\" content=\"2020-10-28T09:16:02+00:00\" \/>\n<meta property=\"article:modified_time\" content=\"2020-10-28T09:16:05+00:00\" \/>\n<meta property=\"og:image\" content=\"https:\/\/euricse.eu\/wp-content\/uploads\/2020\/10\/Foto-Slide-Master-Academy-Olivetti-2084-scaled.jpg\" \/>\n\t<meta property=\"og:image:width\" content=\"2560\" \/>\n\t<meta property=\"og:image:height\" content=\"1440\" \/>\n\t<meta property=\"og:image:type\" content=\"image\/jpeg\" \/>\n<meta name=\"author\" content=\"redazione\" \/>\n<meta name=\"twitter:card\" content=\"summary_large_image\" \/>\n<meta name=\"twitter:label1\" content=\"Scritto da\" \/>\n\t<meta name=\"twitter:data1\" content=\"redazione\" \/>\n\t<meta name=\"twitter:label2\" content=\"Tempo di lettura stimato\" \/>\n\t<meta name=\"twitter:data2\" content=\"3 minuti\" \/>\n<script type=\"application\/ld+json\" class=\"yoast-schema-graph\">{\"@context\":\"https:\/\/schema.org\",\"@graph\":[{\"@type\":\"WebPage\",\"@id\":\"https:\/\/euricse.eu\/it\/con-lexecutive-school-dynamo-olivetti-un-salto-verso-un-futuro-sostenibile\/\",\"url\":\"https:\/\/euricse.eu\/it\/con-lexecutive-school-dynamo-olivetti-un-salto-verso-un-futuro-sostenibile\/\",\"name\":\"Con l'Executive school Dynamo Olivetti un salto verso un futuro sostenibile - Euricse\",\"isPartOf\":{\"@id\":\"https:\/\/euricse.eu\/en\/#website\"},\"primaryImageOfPage\":{\"@id\":\"https:\/\/euricse.eu\/it\/con-lexecutive-school-dynamo-olivetti-un-salto-verso-un-futuro-sostenibile\/#primaryimage\"},\"image\":{\"@id\":\"https:\/\/euricse.eu\/it\/con-lexecutive-school-dynamo-olivetti-un-salto-verso-un-futuro-sostenibile\/#primaryimage\"},\"thumbnailUrl\":\"https:\/\/euricse.eu\/wp-content\/uploads\/2020\/10\/Foto-Slide-Master-Academy-Olivetti-2084-scaled.jpg\",\"datePublished\":\"2020-10-28T09:16:02+00:00\",\"dateModified\":\"2020-10-28T09:16:05+00:00\",\"author\":{\"@id\":\"https:\/\/euricse.eu\/en\/#\/schema\/person\/46be9426d76e3114ba478b69f3d8040b\"},\"breadcrumb\":{\"@id\":\"https:\/\/euricse.eu\/it\/con-lexecutive-school-dynamo-olivetti-un-salto-verso-un-futuro-sostenibile\/#breadcrumb\"},\"inLanguage\":\"it-IT\",\"potentialAction\":[{\"@type\":\"ReadAction\",\"target\":[\"https:\/\/euricse.eu\/it\/con-lexecutive-school-dynamo-olivetti-un-salto-verso-un-futuro-sostenibile\/\"]}]},{\"@type\":\"ImageObject\",\"inLanguage\":\"it-IT\",\"@id\":\"https:\/\/euricse.eu\/it\/con-lexecutive-school-dynamo-olivetti-un-salto-verso-un-futuro-sostenibile\/#primaryimage\",\"url\":\"https:\/\/euricse.eu\/wp-content\/uploads\/2020\/10\/Foto-Slide-Master-Academy-Olivetti-2084-scaled.jpg\",\"contentUrl\":\"https:\/\/euricse.eu\/wp-content\/uploads\/2020\/10\/Foto-Slide-Master-Academy-Olivetti-2084-scaled.jpg\",\"width\":2560,\"height\":1440},{\"@type\":\"BreadcrumbList\",\"@id\":\"https:\/\/euricse.eu\/it\/con-lexecutive-school-dynamo-olivetti-un-salto-verso-un-futuro-sostenibile\/#breadcrumb\",\"itemListElement\":[{\"@type\":\"ListItem\",\"position\":1,\"name\":\"Home\",\"item\":\"https:\/\/euricse.eu\/it\/\"},{\"@type\":\"ListItem\",\"position\":2,\"name\":\"Con l&#8217;Executive school Dynamo Olivetti un salto verso un futuro sostenibile\"}]},{\"@type\":\"WebSite\",\"@id\":\"https:\/\/euricse.eu\/en\/#website\",\"url\":\"https:\/\/euricse.eu\/en\/\",\"name\":\"Euricse\",\"description\":\"Knowledge and innovation for cooperative and social enterprises.\",\"potentialAction\":[{\"@type\":\"SearchAction\",\"target\":{\"@type\":\"EntryPoint\",\"urlTemplate\":\"https:\/\/euricse.eu\/en\/?s={search_term_string}\"},\"query-input\":{\"@type\":\"PropertyValueSpecification\",\"valueRequired\":true,\"valueName\":\"search_term_string\"}}],\"inLanguage\":\"it-IT\"},{\"@type\":\"Person\",\"@id\":\"https:\/\/euricse.eu\/en\/#\/schema\/person\/46be9426d76e3114ba478b69f3d8040b\",\"name\":\"redazione\",\"image\":{\"@type\":\"ImageObject\",\"inLanguage\":\"it-IT\",\"@id\":\"https:\/\/euricse.eu\/en\/#\/schema\/person\/image\/\",\"url\":\"https:\/\/secure.gravatar.com\/avatar\/d1e5fb76fa001722a0822f32de0a8935d9c7a01b0f055f16dc71df73252c3c50?s=96&d=mm&r=g\",\"contentUrl\":\"https:\/\/secure.gravatar.com\/avatar\/d1e5fb76fa001722a0822f32de0a8935d9c7a01b0f055f16dc71df73252c3c50?s=96&d=mm&r=g\",\"caption\":\"redazione\"},\"url\":\"https:\/\/euricse.eu\/it\/author\/marikadmin\/\"}]}<\/script>\n<!-- \/ Yoast SEO plugin. -->","yoast_head_json":{"title":"Con l'Executive school Dynamo Olivetti un salto verso un futuro sostenibile - Euricse","robots":{"index":"index","follow":"follow","max-snippet":"max-snippet:-1","max-image-preview":"max-image-preview:large","max-video-preview":"max-video-preview:-1"},"canonical":"https:\/\/euricse.eu\/it\/con-lexecutive-school-dynamo-olivetti-un-salto-verso-un-futuro-sostenibile\/","og_locale":"it_IT","og_type":"article","og_title":"Con l'Executive school Dynamo Olivetti un salto verso un futuro sostenibile - Euricse","og_description":"Il racconto da insider del nostro responsabile formazione Paolo Fontana: &#8220;Valorizziamo il patrimonio di relazioni con una nuova reunion&#8221; di Paolo Fontana Il valore della presenza In presenza, efficace ed estremamente stimolante. Dovessi riassumere la III edizione della executive school userei queste tre parole. Gli sforzi degli organizzatori, la collaborazione dei partecipanti e i protocolli [&hellip;]","og_url":"https:\/\/euricse.eu\/it\/con-lexecutive-school-dynamo-olivetti-un-salto-verso-un-futuro-sostenibile\/","og_site_name":"Euricse","article_published_time":"2020-10-28T09:16:02+00:00","article_modified_time":"2020-10-28T09:16:05+00:00","og_image":[{"width":2560,"height":1440,"url":"https:\/\/euricse.eu\/wp-content\/uploads\/2020\/10\/Foto-Slide-Master-Academy-Olivetti-2084-scaled.jpg","type":"image\/jpeg"}],"author":"redazione","twitter_card":"summary_large_image","twitter_misc":{"Scritto da":"redazione","Tempo di lettura stimato":"3 minuti"},"schema":{"@context":"https:\/\/schema.org","@graph":[{"@type":"WebPage","@id":"https:\/\/euricse.eu\/it\/con-lexecutive-school-dynamo-olivetti-un-salto-verso-un-futuro-sostenibile\/","url":"https:\/\/euricse.eu\/it\/con-lexecutive-school-dynamo-olivetti-un-salto-verso-un-futuro-sostenibile\/","name":"Con l'Executive school Dynamo Olivetti un salto verso un futuro sostenibile - Euricse","isPartOf":{"@id":"https:\/\/euricse.eu\/en\/#website"},"primaryImageOfPage":{"@id":"https:\/\/euricse.eu\/it\/con-lexecutive-school-dynamo-olivetti-un-salto-verso-un-futuro-sostenibile\/#primaryimage"},"image":{"@id":"https:\/\/euricse.eu\/it\/con-lexecutive-school-dynamo-olivetti-un-salto-verso-un-futuro-sostenibile\/#primaryimage"},"thumbnailUrl":"https:\/\/euricse.eu\/wp-content\/uploads\/2020\/10\/Foto-Slide-Master-Academy-Olivetti-2084-scaled.jpg","datePublished":"2020-10-28T09:16:02+00:00","dateModified":"2020-10-28T09:16:05+00:00","author":{"@id":"https:\/\/euricse.eu\/en\/#\/schema\/person\/46be9426d76e3114ba478b69f3d8040b"},"breadcrumb":{"@id":"https:\/\/euricse.eu\/it\/con-lexecutive-school-dynamo-olivetti-un-salto-verso-un-futuro-sostenibile\/#breadcrumb"},"inLanguage":"it-IT","potentialAction":[{"@type":"ReadAction","target":["https:\/\/euricse.eu\/it\/con-lexecutive-school-dynamo-olivetti-un-salto-verso-un-futuro-sostenibile\/"]}]},{"@type":"ImageObject","inLanguage":"it-IT","@id":"https:\/\/euricse.eu\/it\/con-lexecutive-school-dynamo-olivetti-un-salto-verso-un-futuro-sostenibile\/#primaryimage","url":"https:\/\/euricse.eu\/wp-content\/uploads\/2020\/10\/Foto-Slide-Master-Academy-Olivetti-2084-scaled.jpg","contentUrl":"https:\/\/euricse.eu\/wp-content\/uploads\/2020\/10\/Foto-Slide-Master-Academy-Olivetti-2084-scaled.jpg","width":2560,"height":1440},{"@type":"BreadcrumbList","@id":"https:\/\/euricse.eu\/it\/con-lexecutive-school-dynamo-olivetti-un-salto-verso-un-futuro-sostenibile\/#breadcrumb","itemListElement":[{"@type":"ListItem","position":1,"name":"Home","item":"https:\/\/euricse.eu\/it\/"},{"@type":"ListItem","position":2,"name":"Con l&#8217;Executive school Dynamo Olivetti un salto verso un futuro sostenibile"}]},{"@type":"WebSite","@id":"https:\/\/euricse.eu\/en\/#website","url":"https:\/\/euricse.eu\/en\/","name":"Euricse","description":"Knowledge and innovation for cooperative and social enterprises.","potentialAction":[{"@type":"SearchAction","target":{"@type":"EntryPoint","urlTemplate":"https:\/\/euricse.eu\/en\/?s={search_term_string}"},"query-input":{"@type":"PropertyValueSpecification","valueRequired":true,"valueName":"search_term_string"}}],"inLanguage":"it-IT"},{"@type":"Person","@id":"https:\/\/euricse.eu\/en\/#\/schema\/person\/46be9426d76e3114ba478b69f3d8040b","name":"redazione","image":{"@type":"ImageObject","inLanguage":"it-IT","@id":"https:\/\/euricse.eu\/en\/#\/schema\/person\/image\/","url":"https:\/\/secure.gravatar.com\/avatar\/d1e5fb76fa001722a0822f32de0a8935d9c7a01b0f055f16dc71df73252c3c50?s=96&d=mm&r=g","contentUrl":"https:\/\/secure.gravatar.com\/avatar\/d1e5fb76fa001722a0822f32de0a8935d9c7a01b0f055f16dc71df73252c3c50?s=96&d=mm&r=g","caption":"redazione"},"url":"https:\/\/euricse.eu\/it\/author\/marikadmin\/"}]}},"_links":{"self":[{"href":"https:\/\/euricse.eu\/it\/wp-json\/wp\/v2\/posts\/10845","targetHints":{"allow":["GET"]}}],"collection":[{"href":"https:\/\/euricse.eu\/it\/wp-json\/wp\/v2\/posts"}],"about":[{"href":"https:\/\/euricse.eu\/it\/wp-json\/wp\/v2\/types\/post"}],"author":[{"embeddable":true,"href":"https:\/\/euricse.eu\/it\/wp-json\/wp\/v2\/users\/30"}],"replies":[{"embeddable":true,"href":"https:\/\/euricse.eu\/it\/wp-json\/wp\/v2\/comments?post=10845"}],"version-history":[{"count":0,"href":"https:\/\/euricse.eu\/it\/wp-json\/wp\/v2\/posts\/10845\/revisions"}],"wp:featuredmedia":[{"embeddable":true,"href":"https:\/\/euricse.eu\/it\/wp-json\/wp\/v2\/media\/10859"}],"wp:attachment":[{"href":"https:\/\/euricse.eu\/it\/wp-json\/wp\/v2\/media?parent=10845"}],"wp:term":[{"taxonomy":"category","embeddable":true,"href":"https:\/\/euricse.eu\/it\/wp-json\/wp\/v2\/categories?post=10845"},{"taxonomy":"post_tag","embeddable":true,"href":"https:\/\/euricse.eu\/it\/wp-json\/wp\/v2\/tags?post=10845"}],"curies":[{"name":"wp","href":"https:\/\/api.w.org\/{rel}","templated":true}]}}