{"id":10925,"date":"2020-11-13T08:24:39","date_gmt":"2020-11-13T08:24:39","guid":{"rendered":"https:\/\/euricse.staging.hgblu.com\/?p=10925"},"modified":"2020-11-13T09:59:44","modified_gmt":"2020-11-13T09:59:44","slug":"comunita-intraprendenti-al-festival-resilienze","status":"publish","type":"post","link":"https:\/\/euricse.eu\/it\/comunita-intraprendenti-al-festival-resilienze\/","title":{"rendered":"Comunit\u00e0 intraprendenti al Festival Resilienze"},"content":{"rendered":"\n<h3 class=\"wp-block-heading\">Il 26 novembre l&#8217;appuntamento online con Luciano Vanni di Civitates<\/h3>\n\n\n\n<p>Gioved\u00ec <strong>26 novembre<\/strong> dalle 17 saremo ospiti del <a href=\"https:\/\/www.resilienzefestival.it\/\">Festival Resilienze<\/a> per parlare del nostro progetto <a href=\"https:\/\/euricse.eu\/it\/projects\/comunita-intraprendenti\/\" target=\"_blank\" rel=\"noreferrer noopener\">Comunit\u00e0 Intraprendenti<\/a>. Il webinar \u00e8 inserito nel secondo atto del festival &#8211; quest&#8217;anno completamente online &#8211; dedicata al &#8220;<strong>Coltivare con cura<\/strong>&#8220;. <\/p>\n\n\n\n<p>Resilienze Festival \u00e8 un progetto ideato e prodotto da <a href=\"https:\/\/kilowatt.bo.it\/\" target=\"_blank\" rel=\"noreferrer noopener\">Kilowatt<\/a> che vuole parlare di grandi trasformazioni planetarie mostrando le interazioni, i legami e le connessioni tra ambiente, societ\u00e0, economia e cultura, interrogando i linguaggi dell\u2019arte per esplorare punti di vista alternativi.<\/p>\n\n\n\n<figure class=\"wp-block-image size-large\"><img loading=\"lazy\" decoding=\"async\" width=\"1024\" height=\"578\" src=\"https:\/\/euricse.eu\/wp-content\/uploads\/2020\/11\/comunita\u0300-intraprendenti_26.11-1024x578-1.jpg\" alt=\"\" class=\"wp-image-10930\" srcset=\"https:\/\/euricse.eu\/wp-content\/uploads\/2020\/11\/comunita\u0300-intraprendenti_26.11-1024x578-1.jpg 1024w, https:\/\/euricse.eu\/wp-content\/uploads\/2020\/11\/comunita\u0300-intraprendenti_26.11-1024x578-1-300x169.jpg 300w, https:\/\/euricse.eu\/wp-content\/uploads\/2020\/11\/comunita\u0300-intraprendenti_26.11-1024x578-1-670x378.jpg 670w, https:\/\/euricse.eu\/wp-content\/uploads\/2020\/11\/comunita\u0300-intraprendenti_26.11-1024x578-1-768x434.jpg 768w\" sizes=\"auto, (max-width: 1024px) 100vw, 1024px\" \/><\/figure>\n\n\n\n<p>All&#8217;evento parteciperanno <a href=\"https:\/\/euricse.eu\/it\/people\/jacopo-sforzi\/\" target=\"_blank\" rel=\"noreferrer noopener\">Jacopo Sforzi<\/a>, ricercatore Euricse, <strong>Cristina Burini<\/strong>, ricercatrice Euricse e <strong>Luciano Vanni<\/strong>, ideatore di <a href=\"http:\/\/www.civitates.it\/\" target=\"_blank\" rel=\"noreferrer noopener\">Civitates<\/a>, rete nazionale di comunit\u00e0 locali che condividono buone pratiche, strumenti tecnologici, esperienze di turismo culturale di comunit\u00e0, progetti di rigenerazione urbana e nuovi modelli per uno sviluppo economico. <\/p>\n\n\n\n<p>Registratevi <a href=\"https:\/\/zoom.us\/meeting\/register\/tJcsc-murjIuH91FXg28nvB3UDcMgEQ00-3R%20\" target=\"_blank\" rel=\"noreferrer noopener\">qui<\/a> per lo streaming<\/p>\n\n\n\n<p>Per quanto riguarda il progetto &#8220;Comunit\u00e0 intraprendenti&#8221;, Euricse, con il contributo di\u00a0<a href=\"https:\/\/www.fondazioneconilsud.it\/\"><strong>Fondazione con il Sud<\/strong><\/a>,\u00a0<a href=\"https:\/\/www.fondazionecrc.it\/\"><strong>Fondazione CRC,\u00a0<\/strong><\/a><a href=\"http:\/\/www.fondosviluppofvg.it\/\"><strong>Fondosviluppo FVG Spa<\/strong><\/a>\u00a0e\u00a0<a href=\"https:\/\/www.alleanzacooperative.it\/\"><strong>ACI \u2013<\/strong>\u00a0<strong>Alleanza delle Cooperative Italiane<\/strong><\/a>, ha strutturato un percorso di ricerca con lo scopo di realizzare dei rapporti annuali dedicati a esplorare a fondo questo fenomeno. <\/p>\n\n\n\n<p>Come si riconosce una comunit\u00e0 intraprendente? Scoprilo <a href=\"https:\/\/euricse.eu\/it\/projects\/comunita-intraprendenti\/\" target=\"_blank\" rel=\"noreferrer noopener\">qui<\/a><\/p>\n\n\n\n<p>Per rimanere sempre aggiornato sul progetto, segui la pagina <a href=\"https:\/\/www.facebook.com\/comunitaintraprendenti\/\" target=\"_blank\" rel=\"noreferrer noopener\">Facebook <\/a>dedicata.<\/p>\n","protected":false},"excerpt":{"rendered":"<p>Il 26 novembre l&#8217;appuntamento online con Luciano Vanni di Civitates Gioved\u00ec 26 novembre dalle 17 saremo ospiti del Festival Resilienze per parlare del nostro progetto Comunit\u00e0 Intraprendenti. Il webinar \u00e8 inserito nel secondo atto del festival &#8211; quest&#8217;anno completamente online &#8211; dedicata al &#8220;Coltivare con cura&#8220;. Resilienze Festival \u00e8 un progetto ideato e prodotto da [&hellip;]<\/p>\n","protected":false},"author":30,"featured_media":10933,"comment_status":"open","ping_status":"closed","sticky":false,"template":"","format":"standard","meta":{"_acf_changed":false,"episode_type":"","audio_file":"","cover_image":"","cover_image_id":"","duration":"","filesize":"","date_recorded":"","explicit":"","block":"","itunes_episode_number":"","itunes_title":"","itunes_season_number":"","itunes_episode_type":"","filesize_raw":"","footnotes":""},"categories":[14,15],"tags":[123,281,282,401,836,885],"class_list":["post-10925","post","type-post","status-publish","format-standard","has-post-thumbnail","hentry","category-blog-it","category-eventi","tag-beni-comuni","tag-comunita","tag-imprese-di-comunita","tag-sviluppo-locale","tag-sviluppo-di-comunita","tag-comunita-intraprendenti"],"acf":[],"yoast_head":"<!-- This site is optimized with the Yoast SEO plugin v26.1.1 - https:\/\/yoast.com\/wordpress\/plugins\/seo\/ -->\n<title>Comunit\u00e0 intraprendenti al Festival Resilienze - Euricse<\/title>\n<meta name=\"robots\" content=\"index, follow, max-snippet:-1, max-image-preview:large, max-video-preview:-1\" \/>\n<link rel=\"canonical\" href=\"https:\/\/euricse.eu\/it\/comunita-intraprendenti-al-festival-resilienze\/\" \/>\n<meta property=\"og:locale\" content=\"it_IT\" \/>\n<meta property=\"og:type\" content=\"article\" \/>\n<meta property=\"og:title\" content=\"Comunit\u00e0 intraprendenti al Festival Resilienze - Euricse\" \/>\n<meta property=\"og:description\" content=\"Il 26 novembre l&#8217;appuntamento online con Luciano Vanni di Civitates Gioved\u00ec 26 novembre dalle 17 saremo ospiti del Festival Resilienze per parlare del nostro progetto Comunit\u00e0 Intraprendenti. Il webinar \u00e8 inserito nel secondo atto del festival &#8211; quest&#8217;anno completamente online &#8211; dedicata al &#8220;Coltivare con cura&#8220;. Resilienze Festival \u00e8 un progetto ideato e prodotto da [&hellip;]\" \/>\n<meta property=\"og:url\" content=\"https:\/\/euricse.eu\/it\/comunita-intraprendenti-al-festival-resilienze\/\" \/>\n<meta property=\"og:site_name\" content=\"Euricse\" \/>\n<meta property=\"article:published_time\" content=\"2020-11-13T08:24:39+00:00\" \/>\n<meta property=\"article:modified_time\" content=\"2020-11-13T09:59:44+00:00\" \/>\n<meta property=\"og:image\" content=\"https:\/\/euricse.eu\/wp-content\/uploads\/2020\/11\/creare-comunita\u0300-webinar-1024x576.png\" \/>\n\t<meta property=\"og:image:width\" content=\"1024\" \/>\n\t<meta property=\"og:image:height\" content=\"576\" \/>\n\t<meta property=\"og:image:type\" content=\"image\/png\" \/>\n<meta name=\"author\" content=\"redazione\" \/>\n<meta name=\"twitter:card\" content=\"summary_large_image\" \/>\n<meta name=\"twitter:label1\" content=\"Scritto da\" \/>\n\t<meta name=\"twitter:data1\" content=\"redazione\" \/>\n\t<meta name=\"twitter:label2\" content=\"Tempo di lettura stimato\" \/>\n\t<meta name=\"twitter:data2\" content=\"1 minuto\" \/>\n<script type=\"application\/ld+json\" class=\"yoast-schema-graph\">{\"@context\":\"https:\/\/schema.org\",\"@graph\":[{\"@type\":\"WebPage\",\"@id\":\"https:\/\/euricse.eu\/it\/comunita-intraprendenti-al-festival-resilienze\/\",\"url\":\"https:\/\/euricse.eu\/it\/comunita-intraprendenti-al-festival-resilienze\/\",\"name\":\"Comunit\u00e0 intraprendenti al Festival Resilienze - Euricse\",\"isPartOf\":{\"@id\":\"https:\/\/euricse.eu\/en\/#website\"},\"primaryImageOfPage\":{\"@id\":\"https:\/\/euricse.eu\/it\/comunita-intraprendenti-al-festival-resilienze\/#primaryimage\"},\"image\":{\"@id\":\"https:\/\/euricse.eu\/it\/comunita-intraprendenti-al-festival-resilienze\/#primaryimage\"},\"thumbnailUrl\":\"https:\/\/euricse.eu\/wp-content\/uploads\/2020\/11\/creare-comunita\u0300-webinar.png\",\"datePublished\":\"2020-11-13T08:24:39+00:00\",\"dateModified\":\"2020-11-13T09:59:44+00:00\",\"author\":{\"@id\":\"https:\/\/euricse.eu\/en\/#\/schema\/person\/46be9426d76e3114ba478b69f3d8040b\"},\"breadcrumb\":{\"@id\":\"https:\/\/euricse.eu\/it\/comunita-intraprendenti-al-festival-resilienze\/#breadcrumb\"},\"inLanguage\":\"it-IT\",\"potentialAction\":[{\"@type\":\"ReadAction\",\"target\":[\"https:\/\/euricse.eu\/it\/comunita-intraprendenti-al-festival-resilienze\/\"]}]},{\"@type\":\"ImageObject\",\"inLanguage\":\"it-IT\",\"@id\":\"https:\/\/euricse.eu\/it\/comunita-intraprendenti-al-festival-resilienze\/#primaryimage\",\"url\":\"https:\/\/euricse.eu\/wp-content\/uploads\/2020\/11\/creare-comunita\u0300-webinar.png\",\"contentUrl\":\"https:\/\/euricse.eu\/wp-content\/uploads\/2020\/11\/creare-comunita\u0300-webinar.png\",\"width\":1920,\"height\":1080},{\"@type\":\"BreadcrumbList\",\"@id\":\"https:\/\/euricse.eu\/it\/comunita-intraprendenti-al-festival-resilienze\/#breadcrumb\",\"itemListElement\":[{\"@type\":\"ListItem\",\"position\":1,\"name\":\"Home\",\"item\":\"https:\/\/euricse.eu\/it\/\"},{\"@type\":\"ListItem\",\"position\":2,\"name\":\"Comunit\u00e0 intraprendenti al Festival Resilienze\"}]},{\"@type\":\"WebSite\",\"@id\":\"https:\/\/euricse.eu\/en\/#website\",\"url\":\"https:\/\/euricse.eu\/en\/\",\"name\":\"Euricse\",\"description\":\"Knowledge and innovation for cooperative and social enterprises.\",\"potentialAction\":[{\"@type\":\"SearchAction\",\"target\":{\"@type\":\"EntryPoint\",\"urlTemplate\":\"https:\/\/euricse.eu\/en\/?s={search_term_string}\"},\"query-input\":{\"@type\":\"PropertyValueSpecification\",\"valueRequired\":true,\"valueName\":\"search_term_string\"}}],\"inLanguage\":\"it-IT\"},{\"@type\":\"Person\",\"@id\":\"https:\/\/euricse.eu\/en\/#\/schema\/person\/46be9426d76e3114ba478b69f3d8040b\",\"name\":\"redazione\",\"image\":{\"@type\":\"ImageObject\",\"inLanguage\":\"it-IT\",\"@id\":\"https:\/\/euricse.eu\/en\/#\/schema\/person\/image\/\",\"url\":\"https:\/\/secure.gravatar.com\/avatar\/d1e5fb76fa001722a0822f32de0a8935d9c7a01b0f055f16dc71df73252c3c50?s=96&d=mm&r=g\",\"contentUrl\":\"https:\/\/secure.gravatar.com\/avatar\/d1e5fb76fa001722a0822f32de0a8935d9c7a01b0f055f16dc71df73252c3c50?s=96&d=mm&r=g\",\"caption\":\"redazione\"},\"url\":\"https:\/\/euricse.eu\/it\/author\/marikadmin\/\"}]}<\/script>\n<!-- \/ Yoast SEO plugin. -->","yoast_head_json":{"title":"Comunit\u00e0 intraprendenti al Festival Resilienze - Euricse","robots":{"index":"index","follow":"follow","max-snippet":"max-snippet:-1","max-image-preview":"max-image-preview:large","max-video-preview":"max-video-preview:-1"},"canonical":"https:\/\/euricse.eu\/it\/comunita-intraprendenti-al-festival-resilienze\/","og_locale":"it_IT","og_type":"article","og_title":"Comunit\u00e0 intraprendenti al Festival Resilienze - Euricse","og_description":"Il 26 novembre l&#8217;appuntamento online con Luciano Vanni di Civitates Gioved\u00ec 26 novembre dalle 17 saremo ospiti del Festival Resilienze per parlare del nostro progetto Comunit\u00e0 Intraprendenti. Il webinar \u00e8 inserito nel secondo atto del festival &#8211; quest&#8217;anno completamente online &#8211; dedicata al &#8220;Coltivare con cura&#8220;. Resilienze Festival \u00e8 un progetto ideato e prodotto da [&hellip;]","og_url":"https:\/\/euricse.eu\/it\/comunita-intraprendenti-al-festival-resilienze\/","og_site_name":"Euricse","article_published_time":"2020-11-13T08:24:39+00:00","article_modified_time":"2020-11-13T09:59:44+00:00","og_image":[{"width":1024,"height":576,"url":"https:\/\/euricse.eu\/wp-content\/uploads\/2020\/11\/creare-comunita\u0300-webinar-1024x576.png","type":"image\/png"}],"author":"redazione","twitter_card":"summary_large_image","twitter_misc":{"Scritto da":"redazione","Tempo di lettura stimato":"1 minuto"},"schema":{"@context":"https:\/\/schema.org","@graph":[{"@type":"WebPage","@id":"https:\/\/euricse.eu\/it\/comunita-intraprendenti-al-festival-resilienze\/","url":"https:\/\/euricse.eu\/it\/comunita-intraprendenti-al-festival-resilienze\/","name":"Comunit\u00e0 intraprendenti al Festival Resilienze - Euricse","isPartOf":{"@id":"https:\/\/euricse.eu\/en\/#website"},"primaryImageOfPage":{"@id":"https:\/\/euricse.eu\/it\/comunita-intraprendenti-al-festival-resilienze\/#primaryimage"},"image":{"@id":"https:\/\/euricse.eu\/it\/comunita-intraprendenti-al-festival-resilienze\/#primaryimage"},"thumbnailUrl":"https:\/\/euricse.eu\/wp-content\/uploads\/2020\/11\/creare-comunita\u0300-webinar.png","datePublished":"2020-11-13T08:24:39+00:00","dateModified":"2020-11-13T09:59:44+00:00","author":{"@id":"https:\/\/euricse.eu\/en\/#\/schema\/person\/46be9426d76e3114ba478b69f3d8040b"},"breadcrumb":{"@id":"https:\/\/euricse.eu\/it\/comunita-intraprendenti-al-festival-resilienze\/#breadcrumb"},"inLanguage":"it-IT","potentialAction":[{"@type":"ReadAction","target":["https:\/\/euricse.eu\/it\/comunita-intraprendenti-al-festival-resilienze\/"]}]},{"@type":"ImageObject","inLanguage":"it-IT","@id":"https:\/\/euricse.eu\/it\/comunita-intraprendenti-al-festival-resilienze\/#primaryimage","url":"https:\/\/euricse.eu\/wp-content\/uploads\/2020\/11\/creare-comunita\u0300-webinar.png","contentUrl":"https:\/\/euricse.eu\/wp-content\/uploads\/2020\/11\/creare-comunita\u0300-webinar.png","width":1920,"height":1080},{"@type":"BreadcrumbList","@id":"https:\/\/euricse.eu\/it\/comunita-intraprendenti-al-festival-resilienze\/#breadcrumb","itemListElement":[{"@type":"ListItem","position":1,"name":"Home","item":"https:\/\/euricse.eu\/it\/"},{"@type":"ListItem","position":2,"name":"Comunit\u00e0 intraprendenti al Festival Resilienze"}]},{"@type":"WebSite","@id":"https:\/\/euricse.eu\/en\/#website","url":"https:\/\/euricse.eu\/en\/","name":"Euricse","description":"Knowledge and innovation for cooperative and social enterprises.","potentialAction":[{"@type":"SearchAction","target":{"@type":"EntryPoint","urlTemplate":"https:\/\/euricse.eu\/en\/?s={search_term_string}"},"query-input":{"@type":"PropertyValueSpecification","valueRequired":true,"valueName":"search_term_string"}}],"inLanguage":"it-IT"},{"@type":"Person","@id":"https:\/\/euricse.eu\/en\/#\/schema\/person\/46be9426d76e3114ba478b69f3d8040b","name":"redazione","image":{"@type":"ImageObject","inLanguage":"it-IT","@id":"https:\/\/euricse.eu\/en\/#\/schema\/person\/image\/","url":"https:\/\/secure.gravatar.com\/avatar\/d1e5fb76fa001722a0822f32de0a8935d9c7a01b0f055f16dc71df73252c3c50?s=96&d=mm&r=g","contentUrl":"https:\/\/secure.gravatar.com\/avatar\/d1e5fb76fa001722a0822f32de0a8935d9c7a01b0f055f16dc71df73252c3c50?s=96&d=mm&r=g","caption":"redazione"},"url":"https:\/\/euricse.eu\/it\/author\/marikadmin\/"}]}},"_links":{"self":[{"href":"https:\/\/euricse.eu\/it\/wp-json\/wp\/v2\/posts\/10925","targetHints":{"allow":["GET"]}}],"collection":[{"href":"https:\/\/euricse.eu\/it\/wp-json\/wp\/v2\/posts"}],"about":[{"href":"https:\/\/euricse.eu\/it\/wp-json\/wp\/v2\/types\/post"}],"author":[{"embeddable":true,"href":"https:\/\/euricse.eu\/it\/wp-json\/wp\/v2\/users\/30"}],"replies":[{"embeddable":true,"href":"https:\/\/euricse.eu\/it\/wp-json\/wp\/v2\/comments?post=10925"}],"version-history":[{"count":0,"href":"https:\/\/euricse.eu\/it\/wp-json\/wp\/v2\/posts\/10925\/revisions"}],"wp:featuredmedia":[{"embeddable":true,"href":"https:\/\/euricse.eu\/it\/wp-json\/wp\/v2\/media\/10933"}],"wp:attachment":[{"href":"https:\/\/euricse.eu\/it\/wp-json\/wp\/v2\/media?parent=10925"}],"wp:term":[{"taxonomy":"category","embeddable":true,"href":"https:\/\/euricse.eu\/it\/wp-json\/wp\/v2\/categories?post=10925"},{"taxonomy":"post_tag","embeddable":true,"href":"https:\/\/euricse.eu\/it\/wp-json\/wp\/v2\/tags?post=10925"}],"curies":[{"name":"wp","href":"https:\/\/api.w.org\/{rel}","templated":true}]}}