{"id":10952,"date":"2020-11-24T16:39:21","date_gmt":"2020-11-24T16:39:21","guid":{"rendered":"https:\/\/euricse.staging.hgblu.com\/?p=10952"},"modified":"2020-11-24T17:17:06","modified_gmt":"2020-11-24T17:17:06","slug":"migranti-in-trentino-ogni-euro-speso-raddoppia-il-suo-valore","status":"publish","type":"post","link":"https:\/\/euricse.eu\/it\/migranti-in-trentino-ogni-euro-speso-raddoppia-il-suo-valore\/","title":{"rendered":"Migranti in Trentino, ogni euro speso \u201craddoppia\u201d il suo valore"},"content":{"rendered":"\n<h3 class=\"wp-block-heading\"><strong>Presentata oggi la ricerca sull\u2019accoglienza in Provincia commissionata da un pool di organizzazioni locali<\/strong><\/h3>\n\n\n\n<p><strong>Il Trentino sta rinunciando a quanto costruito negli ultimi dieci anni in tema di accoglienza, compreso l\u2019effetto \u201cmoltiplicatore\u201d di ogni euro speso per i migranti. \u00c8 quanto emerso dalla ricerca commissionata ad Euricse dalla rete di organizzazioni Arcobaleno, Centro Astalli, Atas, Cgil e Kaleidoscopio e pubblicata nella collana \u201cQuaderni\u201d da Fondazione Migrantes. Il volume \u2013 che indaga l\u2019impatto del sistema di accoglienza trentino da un punto di vista sociale ed economico e valuta i cambiamenti introdotti dal Decreto \u201cSicurezza e immigrazione\u201d del 2018 &#8211; \u00e8 stato presentato oggi, marted\u00ec 24 novembre, in un evento online alla presenza dei curatori Paolo Boccagni e Serena Piovesan (Universit\u00e0 di Trento), Giulia Galera (Euricse), Leila Giannetto (FIERI, Torino).<\/strong><\/p>\n\n\n\n<figure class=\"wp-block-image size-large\"><img loading=\"lazy\" decoding=\"async\" width=\"1024\" height=\"863\" src=\"https:\/\/euricse.eu\/wp-content\/uploads\/2020\/11\/screenTramonto-1024x863.png\" alt=\"\" class=\"wp-image-10969\" srcset=\"https:\/\/euricse.eu\/wp-content\/uploads\/2020\/11\/screenTramonto-1024x863.png 1024w, https:\/\/euricse.eu\/wp-content\/uploads\/2020\/11\/screenTramonto-300x253.png 300w, https:\/\/euricse.eu\/wp-content\/uploads\/2020\/11\/screenTramonto-475x400.png 475w, https:\/\/euricse.eu\/wp-content\/uploads\/2020\/11\/screenTramonto-768x647.png 768w, https:\/\/euricse.eu\/wp-content\/uploads\/2020\/11\/screenTramonto.png 1107w\" sizes=\"auto, (max-width: 1024px) 100vw, 1024px\" \/><\/figure>\n\n\n\n<p><strong>La genesi della ricerca<\/strong><\/p>\n\n\n\n<p>Il volume, pubblicato da <strong><a href=\"https:\/\/www.migrantes.it\/\">Fondazione Migrantes<\/a><\/strong> (organismo pastorale della CEI) nella collana \u201cQuaderni\u201d, riporta i risultati di una ricerca commissionata ad Euricse da una rete di enti trentini composta da Cooperativa sociale <strong><a href=\"https:\/\/www.arcobalenocoop.org\/\" target=\"_blank\" rel=\"noreferrer noopener\">Arcobaleno<\/a><\/strong>, <strong><a href=\"http:\/\/www.centroastallitrento.it\/\" target=\"_blank\" rel=\"noreferrer noopener\">Centro Astalli Trento<\/a><\/strong>, <strong><a href=\"http:\/\/www.atas.tn.it\/\" target=\"_blank\" rel=\"noreferrer noopener\">Atas del Trentino<\/a><\/strong>, <strong><a href=\"https:\/\/www.cgil.tn.it\/\" target=\"_blank\" rel=\"noreferrer noopener\">Cgil del Trentino<\/a><\/strong> e <strong><a href=\"https:\/\/www.kaleidoscopio.coop\/\" target=\"_blank\" rel=\"noreferrer noopener\">Kaleidoscopio<\/a><\/strong>. Lo studio &#8211; curato da <strong>Paolo Boccagni<\/strong> e <strong>Serena Piovesan<\/strong> (<a href=\"https:\/\/www.unitn.it\/\" target=\"_blank\" rel=\"noreferrer noopener\">Universit\u00e0 di Trento<\/a>), <strong>Giulia Galera<\/strong> (Euricse) e <strong>Leila Giannetto<\/strong> (<a href=\"https:\/\/www.fieri.it\/\" target=\"_blank\" rel=\"noreferrer noopener\">FIERI<\/a>, Torino) &#8211; indaga l\u2019impatto del sistema di accoglienza trentino da un punto di vista socio-economico alla luce dei cambiamenti introdotti dal Decreto \u201cSicurezza e immigrazione\u201d (<a href=\"https:\/\/www.normattiva.it\/uri-res\/N2Ls?urn:nir:stato:decreto.legge:2018-10-04;113!vig=\" target=\"_blank\" rel=\"noreferrer noopener\">D.L. 113\/2018<\/a>). La ricerca \u00e8 basata sui dati messi a disposizione dal Cinformi e dal Servizio statistico della Provincia, su due focus group e 27 interviste con stakeholder della pubblica amministrazione ed enti del terzo settore.<\/p>\n\n\n\n<figure class=\"wp-block-image size-medium\"><img loading=\"lazy\" decoding=\"async\" width=\"236\" height=\"300\" src=\"https:\/\/euricse.eu\/wp-content\/uploads\/2020\/11\/Cover_QuadMig_15_rev__page-0001-1-236x300.jpg\" alt=\"\" class=\"wp-image-10953\" srcset=\"https:\/\/euricse.eu\/wp-content\/uploads\/2020\/11\/Cover_QuadMig_15_rev__page-0001-1-236x300.jpg 236w, https:\/\/euricse.eu\/wp-content\/uploads\/2020\/11\/Cover_QuadMig_15_rev__page-0001-1-807x1024.jpg 807w, https:\/\/euricse.eu\/wp-content\/uploads\/2020\/11\/Cover_QuadMig_15_rev__page-0001-1-315x400.jpg 315w, https:\/\/euricse.eu\/wp-content\/uploads\/2020\/11\/Cover_QuadMig_15_rev__page-0001-1-768x974.jpg 768w, https:\/\/euricse.eu\/wp-content\/uploads\/2020\/11\/Cover_QuadMig_15_rev__page-0001-1.jpg 1113w\" sizes=\"auto, (max-width: 236px) 100vw, 236px\" \/><\/figure>\n\n\n\n<p>\u201cMinori sono le risorse e competenze che riusciamo a dedicare alle persone pi\u00f9 fragili e maggiori saranno le risorse che dovremmo investire in assistenza e in spese sanitarie, finendo spesso col mantenere le persone in uno stato di dipendenza e marginalit\u00e0 che fa male ai diretti interessati ma anche alle comunit\u00e0 nel suo complesso\u201d, ha sottolineato <strong>Mariacristina Molfetta<\/strong> di Fondazione Migrantes. \u201cIl volume lo illustra con chiarezza \u2013 ha aggiunto &#8211; e noi speriamo che una maggiore consapevolezza in questo senso aiuti ogni territorio a riorientare le scelte politiche e organizzative senza esitazioni, ritornando ad una concezione delle politiche sociali come motore e anima del bene comune\u201d.<\/p>\n\n\n\n<p><strong>I dati del contesto trentino<\/strong><\/p>\n\n\n\n<p>Nella prima parte della ricerca emerge come in Trentino, fino all\u2019entrata in vigore del Decreto Sicurezza e Immigrazione del 2018, esistesse un sistema di accoglienza centralizzato e ben funzionante, basato sul coordinamento di circa <strong>20 enti gestori<\/strong>, in particolare organizzazioni del Terzo settore, da parte di Cinformi.<\/p>\n\n\n\n<p>Il numero di territori comunali interessati dall&#8217;accoglienza straordinaria \u00e8 andato ampliandosi negli anni: 42 comuni nel 2016, 65 nel 2017, <strong>69<\/strong> a fine 2018. Due terzi del totale dei richiedenti asilo sono per\u00f2 sempre stati ospitati a Trento e Rovereto. Il 2018 ha visto un cambio di tendenza per il numero di richieste di asilo in Trentino, come nel resto d\u2019Italia, con la conseguente riduzione di persone accolte e una diminuzione delle strutture ospitanti (<strong>84 strutture<\/strong> nel 2019 contro le 170 dell\u2019anno precedente).<\/p>\n\n\n\n<p>I principali cambiamenti introdotti dal D.L. 113\/2018 riguardano la cancellazione del permesso di protezione umanitaria, la trasformazione del Sistema di protezione richiedenti asilo e rifugiati (<strong>SPRAR<\/strong>) in Sistema di protezione per titolari di protezione internazionale e per minori stranieri non accompagnati (<strong>SIPROIMI<\/strong>) e la cancellazione dei servizi di integrazione per i richiedenti asilo, cambiamenti accompagnati da un sostanziale taglio delle risorse dedicate all\u2019accoglienza.<\/p>\n\n\n\n<p><strong>Nella ricerca qualitativa la \u201cvoce\u201d dell\u2019accoglienza trentina<\/strong><\/p>\n\n\n\n<p>L\u2019analisi qualitativa, basata su <strong>27 interviste e due focus group<\/strong> dedicati agli aspetti cruciali dell\u2019abitare e del lavoro, porta in primo piano il punto di vista delle realt\u00e0 direttamente e indirettamente coinvolte nella fornitura di servizi a richiedenti asilo e rifugiati, per quanto concerne l\u2019accesso ai servizi di welfare locale, il mercato del lavoro, la coesione sociale e l\u2019impatto territoriale.<\/p>\n\n\n\n<figure class=\"wp-block-image size-large\"><img loading=\"lazy\" decoding=\"async\" width=\"1024\" height=\"866\" src=\"https:\/\/euricse.eu\/wp-content\/uploads\/2020\/11\/ScreenTramontoCommittenti-1024x866.png\" alt=\"\" class=\"wp-image-10977\" srcset=\"https:\/\/euricse.eu\/wp-content\/uploads\/2020\/11\/ScreenTramontoCommittenti-1024x866.png 1024w, https:\/\/euricse.eu\/wp-content\/uploads\/2020\/11\/ScreenTramontoCommittenti-300x254.png 300w, https:\/\/euricse.eu\/wp-content\/uploads\/2020\/11\/ScreenTramontoCommittenti-473x400.png 473w, https:\/\/euricse.eu\/wp-content\/uploads\/2020\/11\/ScreenTramontoCommittenti-768x649.png 768w, https:\/\/euricse.eu\/wp-content\/uploads\/2020\/11\/ScreenTramontoCommittenti.png 1101w\" sizes=\"auto, (max-width: 1024px) 100vw, 1024px\" \/><\/figure>\n\n\n\n<p>\u201cDalle interviste emerge che il Trentino sta rinunciando con considerevole superficialit\u00e0 a quanto costruito negli ultimi dieci anni facendo assegnamento sulla forte vocazione comunitaria e solidale del territorio e sulla capacit\u00e0 di innovare\u201d, \u00e8 la tesi sostenuta dal team di ricercatori. \u201cLe recenti scelte politiche in materia di accoglienza sono dettate da una <strong>visione di brevissimo periodo<\/strong>\u201d, aggiungono. \u201cA medio e lungo termine questo approccio rischia di giungere a risultati opposti, penalizzando fortemente gli stessi territori ospitanti e i servizi territoriali a causa della crescente marginalit\u00e0 sociale e dei costi indiretti pi\u00f9 alti che ne derivano per le istituzioni\u201d.<\/p>\n\n\n\n<p><strong>L\u2019impatto economico del sistema di accoglienza<\/strong><\/p>\n\n\n\n<p>Secondo i risultati dell\u2019analisi di impatto realizzata da <strong>Eddi Fontanari<\/strong> con riferimento al 2016 \u2013 ovvero al massimo delle presenze \u2013 la spesa pubblica per l\u2019accoglienza dei migranti ha contribuito a generare lo <strong>0,03% del valore della produzione<\/strong> dell&#8217;economia trentina, con un&#8217;attivazione di oltre <strong>9 milioni<\/strong> di euro distribuiti in particolare tra commercio, alloggio e ristorazione, sanit\u00e0 e assistenza sociale, oltre a trasporto e prestazioni professionali.<\/p>\n\n\n\n<p>Guardando inoltre alle ulteriori ricadute sulle attivit\u00e0 produttive in termini di beni e servizi intermedi e di consumi finali indotti, lo studio evidenzia che ogni euro speso per l\u2019accoglienza ha generato complessivamente nel sistema economico trentino quasi due euro di valore della produzione (1,96), portando il totale da 9,4 a <strong>18,5 milioni <\/strong>di euro nel 2016.<\/p>\n\n\n\n<p><strong>Le conseguenze della mancata accoglienza<\/strong><\/p>\n\n\n\n<p>Nel capitolo dedicato alle conseguenze economiche della mancata accoglienza, curato da <strong>Sara Depedri<\/strong>, emerge che, a fronte di un risparmio di spesa, i potenziali costi diretti e indiretti generati dalla riduzione dei servizi di accoglienza, orientamento al lavoro e integrazione rischiano di superare significativamente i benefici.<\/p>\n\n\n\n<p>Basti pensare al mancato prelievo fiscale legato al calo delle assunzioni di richiedenti asilo, all\u2019aumento di costi a carico delle strutture di accoglienza a bassa soglia e di quelli per la fornitura di generi di prima necessit\u00e0, al rischio di aumento delle fragilit\u00e0 socio-sanitarie alle quali i servizi territoriali devono rispondere, tra i quali gli accessi impropri al pronto soccorso. Senza contare i licenziamenti di operatori altamente qualificati, spesso giovani laureati trentini, con una conseguente dispersione delle competenze acquisite.<\/p>\n\n\n\n<p><a href=\"https:\/\/www.youtube.com\/watch?v=zHGVcXqRbLs\" target=\"_blank\" rel=\"noreferrer noopener\">Qui<\/a> potete rivedere la presentazione. <\/p>\n\n\n\n<p><a href=\"https:\/\/euricse.eu\/it\/publications\/il-tramonto-dellaccoglienza-la-gestione-delle-dinamiche-di-accoglienza-della-provincia-autonoma-di-trento-prima-e-dopo-il-decreto-sicurezza-e-immigrazione\/\" target=\"_blank\" rel=\"noreferrer noopener\">Qui<\/a> il pdf della pubblicazione. <\/p>\n","protected":false},"excerpt":{"rendered":"<p>Presentata oggi la ricerca sull\u2019accoglienza in Provincia commissionata da un pool di organizzazioni locali Il Trentino sta rinunciando a quanto costruito negli ultimi dieci anni in tema di accoglienza, compreso l\u2019effetto \u201cmoltiplicatore\u201d di ogni euro speso per i migranti. \u00c8 quanto emerso dalla ricerca commissionata ad Euricse dalla rete di organizzazioni Arcobaleno, Centro Astalli, Atas, [&hellip;]<\/p>\n","protected":false},"author":30,"featured_media":10974,"comment_status":"open","ping_status":"closed","sticky":false,"template":"","format":"standard","meta":{"_acf_changed":false,"episode_type":"","audio_file":"","cover_image":"","cover_image_id":"","duration":"","filesize":"","date_recorded":"","explicit":"","block":"","itunes_episode_number":"","itunes_title":"","itunes_season_number":"","itunes_episode_type":"","filesize_raw":"","footnotes":""},"categories":[17],"tags":[280,442,882,886,887],"class_list":["post-10952","post","type-post","status-publish","format-standard","has-post-thumbnail","hentry","category-news-it","tag-terzo-settore","tag-migranti","tag-accoglienza","tag-integrazione","tag-migrazione"],"acf":[],"yoast_head":"<!-- This site is optimized with the Yoast SEO plugin v26.1.1 - https:\/\/yoast.com\/wordpress\/plugins\/seo\/ -->\n<title>Migranti in Trentino, ogni euro speso \u201craddoppia\u201d il suo valore - Euricse<\/title>\n<meta name=\"robots\" content=\"index, follow, max-snippet:-1, max-image-preview:large, max-video-preview:-1\" \/>\n<link rel=\"canonical\" href=\"https:\/\/euricse.eu\/it\/migranti-in-trentino-ogni-euro-speso-raddoppia-il-suo-valore\/\" \/>\n<meta property=\"og:locale\" content=\"it_IT\" \/>\n<meta property=\"og:type\" content=\"article\" \/>\n<meta property=\"og:title\" content=\"Migranti in Trentino, ogni euro speso \u201craddoppia\u201d il suo valore - Euricse\" \/>\n<meta property=\"og:description\" content=\"Presentata oggi la ricerca sull\u2019accoglienza in Provincia commissionata da un pool di organizzazioni locali Il Trentino sta rinunciando a quanto costruito negli ultimi dieci anni in tema di accoglienza, compreso l\u2019effetto \u201cmoltiplicatore\u201d di ogni euro speso per i migranti. \u00c8 quanto emerso dalla ricerca commissionata ad Euricse dalla rete di organizzazioni Arcobaleno, Centro Astalli, Atas, [&hellip;]\" \/>\n<meta property=\"og:url\" content=\"https:\/\/euricse.eu\/it\/migranti-in-trentino-ogni-euro-speso-raddoppia-il-suo-valore\/\" \/>\n<meta property=\"og:site_name\" content=\"Euricse\" \/>\n<meta property=\"article:published_time\" content=\"2020-11-24T16:39:21+00:00\" \/>\n<meta property=\"article:modified_time\" content=\"2020-11-24T17:17:06+00:00\" \/>\n<meta property=\"og:image\" content=\"https:\/\/euricse.eu\/wp-content\/uploads\/2020\/11\/screenTramonto3.png\" \/>\n\t<meta property=\"og:image:width\" content=\"1115\" \/>\n\t<meta property=\"og:image:height\" content=\"946\" \/>\n\t<meta property=\"og:image:type\" content=\"image\/png\" \/>\n<meta name=\"author\" content=\"redazione\" \/>\n<meta name=\"twitter:card\" content=\"summary_large_image\" \/>\n<meta name=\"twitter:label1\" content=\"Scritto da\" \/>\n\t<meta name=\"twitter:data1\" content=\"redazione\" \/>\n\t<meta name=\"twitter:label2\" content=\"Tempo di lettura stimato\" \/>\n\t<meta name=\"twitter:data2\" content=\"5 minuti\" \/>\n<script type=\"application\/ld+json\" class=\"yoast-schema-graph\">{\"@context\":\"https:\/\/schema.org\",\"@graph\":[{\"@type\":\"WebPage\",\"@id\":\"https:\/\/euricse.eu\/it\/migranti-in-trentino-ogni-euro-speso-raddoppia-il-suo-valore\/\",\"url\":\"https:\/\/euricse.eu\/it\/migranti-in-trentino-ogni-euro-speso-raddoppia-il-suo-valore\/\",\"name\":\"Migranti in Trentino, ogni euro speso \u201craddoppia\u201d il suo valore - Euricse\",\"isPartOf\":{\"@id\":\"https:\/\/euricse.eu\/en\/#website\"},\"primaryImageOfPage\":{\"@id\":\"https:\/\/euricse.eu\/it\/migranti-in-trentino-ogni-euro-speso-raddoppia-il-suo-valore\/#primaryimage\"},\"image\":{\"@id\":\"https:\/\/euricse.eu\/it\/migranti-in-trentino-ogni-euro-speso-raddoppia-il-suo-valore\/#primaryimage\"},\"thumbnailUrl\":\"https:\/\/euricse.eu\/wp-content\/uploads\/2020\/11\/screenTramonto3.png\",\"datePublished\":\"2020-11-24T16:39:21+00:00\",\"dateModified\":\"2020-11-24T17:17:06+00:00\",\"author\":{\"@id\":\"https:\/\/euricse.eu\/en\/#\/schema\/person\/46be9426d76e3114ba478b69f3d8040b\"},\"breadcrumb\":{\"@id\":\"https:\/\/euricse.eu\/it\/migranti-in-trentino-ogni-euro-speso-raddoppia-il-suo-valore\/#breadcrumb\"},\"inLanguage\":\"it-IT\",\"potentialAction\":[{\"@type\":\"ReadAction\",\"target\":[\"https:\/\/euricse.eu\/it\/migranti-in-trentino-ogni-euro-speso-raddoppia-il-suo-valore\/\"]}]},{\"@type\":\"ImageObject\",\"inLanguage\":\"it-IT\",\"@id\":\"https:\/\/euricse.eu\/it\/migranti-in-trentino-ogni-euro-speso-raddoppia-il-suo-valore\/#primaryimage\",\"url\":\"https:\/\/euricse.eu\/wp-content\/uploads\/2020\/11\/screenTramonto3.png\",\"contentUrl\":\"https:\/\/euricse.eu\/wp-content\/uploads\/2020\/11\/screenTramonto3.png\",\"width\":1115,\"height\":946},{\"@type\":\"BreadcrumbList\",\"@id\":\"https:\/\/euricse.eu\/it\/migranti-in-trentino-ogni-euro-speso-raddoppia-il-suo-valore\/#breadcrumb\",\"itemListElement\":[{\"@type\":\"ListItem\",\"position\":1,\"name\":\"Home\",\"item\":\"https:\/\/euricse.eu\/it\/\"},{\"@type\":\"ListItem\",\"position\":2,\"name\":\"Migranti in Trentino, ogni euro speso \u201craddoppia\u201d il suo valore\"}]},{\"@type\":\"WebSite\",\"@id\":\"https:\/\/euricse.eu\/en\/#website\",\"url\":\"https:\/\/euricse.eu\/en\/\",\"name\":\"Euricse\",\"description\":\"Knowledge and innovation for cooperative and social enterprises.\",\"potentialAction\":[{\"@type\":\"SearchAction\",\"target\":{\"@type\":\"EntryPoint\",\"urlTemplate\":\"https:\/\/euricse.eu\/en\/?s={search_term_string}\"},\"query-input\":{\"@type\":\"PropertyValueSpecification\",\"valueRequired\":true,\"valueName\":\"search_term_string\"}}],\"inLanguage\":\"it-IT\"},{\"@type\":\"Person\",\"@id\":\"https:\/\/euricse.eu\/en\/#\/schema\/person\/46be9426d76e3114ba478b69f3d8040b\",\"name\":\"redazione\",\"image\":{\"@type\":\"ImageObject\",\"inLanguage\":\"it-IT\",\"@id\":\"https:\/\/euricse.eu\/en\/#\/schema\/person\/image\/\",\"url\":\"https:\/\/secure.gravatar.com\/avatar\/d1e5fb76fa001722a0822f32de0a8935d9c7a01b0f055f16dc71df73252c3c50?s=96&d=mm&r=g\",\"contentUrl\":\"https:\/\/secure.gravatar.com\/avatar\/d1e5fb76fa001722a0822f32de0a8935d9c7a01b0f055f16dc71df73252c3c50?s=96&d=mm&r=g\",\"caption\":\"redazione\"},\"url\":\"https:\/\/euricse.eu\/it\/author\/marikadmin\/\"}]}<\/script>\n<!-- \/ Yoast SEO plugin. -->","yoast_head_json":{"title":"Migranti in Trentino, ogni euro speso \u201craddoppia\u201d il suo valore - Euricse","robots":{"index":"index","follow":"follow","max-snippet":"max-snippet:-1","max-image-preview":"max-image-preview:large","max-video-preview":"max-video-preview:-1"},"canonical":"https:\/\/euricse.eu\/it\/migranti-in-trentino-ogni-euro-speso-raddoppia-il-suo-valore\/","og_locale":"it_IT","og_type":"article","og_title":"Migranti in Trentino, ogni euro speso \u201craddoppia\u201d il suo valore - Euricse","og_description":"Presentata oggi la ricerca sull\u2019accoglienza in Provincia commissionata da un pool di organizzazioni locali Il Trentino sta rinunciando a quanto costruito negli ultimi dieci anni in tema di accoglienza, compreso l\u2019effetto \u201cmoltiplicatore\u201d di ogni euro speso per i migranti. \u00c8 quanto emerso dalla ricerca commissionata ad Euricse dalla rete di organizzazioni Arcobaleno, Centro Astalli, Atas, [&hellip;]","og_url":"https:\/\/euricse.eu\/it\/migranti-in-trentino-ogni-euro-speso-raddoppia-il-suo-valore\/","og_site_name":"Euricse","article_published_time":"2020-11-24T16:39:21+00:00","article_modified_time":"2020-11-24T17:17:06+00:00","og_image":[{"width":1115,"height":946,"url":"https:\/\/euricse.eu\/wp-content\/uploads\/2020\/11\/screenTramonto3.png","type":"image\/png"}],"author":"redazione","twitter_card":"summary_large_image","twitter_misc":{"Scritto da":"redazione","Tempo di lettura stimato":"5 minuti"},"schema":{"@context":"https:\/\/schema.org","@graph":[{"@type":"WebPage","@id":"https:\/\/euricse.eu\/it\/migranti-in-trentino-ogni-euro-speso-raddoppia-il-suo-valore\/","url":"https:\/\/euricse.eu\/it\/migranti-in-trentino-ogni-euro-speso-raddoppia-il-suo-valore\/","name":"Migranti in Trentino, ogni euro speso \u201craddoppia\u201d il suo valore - Euricse","isPartOf":{"@id":"https:\/\/euricse.eu\/en\/#website"},"primaryImageOfPage":{"@id":"https:\/\/euricse.eu\/it\/migranti-in-trentino-ogni-euro-speso-raddoppia-il-suo-valore\/#primaryimage"},"image":{"@id":"https:\/\/euricse.eu\/it\/migranti-in-trentino-ogni-euro-speso-raddoppia-il-suo-valore\/#primaryimage"},"thumbnailUrl":"https:\/\/euricse.eu\/wp-content\/uploads\/2020\/11\/screenTramonto3.png","datePublished":"2020-11-24T16:39:21+00:00","dateModified":"2020-11-24T17:17:06+00:00","author":{"@id":"https:\/\/euricse.eu\/en\/#\/schema\/person\/46be9426d76e3114ba478b69f3d8040b"},"breadcrumb":{"@id":"https:\/\/euricse.eu\/it\/migranti-in-trentino-ogni-euro-speso-raddoppia-il-suo-valore\/#breadcrumb"},"inLanguage":"it-IT","potentialAction":[{"@type":"ReadAction","target":["https:\/\/euricse.eu\/it\/migranti-in-trentino-ogni-euro-speso-raddoppia-il-suo-valore\/"]}]},{"@type":"ImageObject","inLanguage":"it-IT","@id":"https:\/\/euricse.eu\/it\/migranti-in-trentino-ogni-euro-speso-raddoppia-il-suo-valore\/#primaryimage","url":"https:\/\/euricse.eu\/wp-content\/uploads\/2020\/11\/screenTramonto3.png","contentUrl":"https:\/\/euricse.eu\/wp-content\/uploads\/2020\/11\/screenTramonto3.png","width":1115,"height":946},{"@type":"BreadcrumbList","@id":"https:\/\/euricse.eu\/it\/migranti-in-trentino-ogni-euro-speso-raddoppia-il-suo-valore\/#breadcrumb","itemListElement":[{"@type":"ListItem","position":1,"name":"Home","item":"https:\/\/euricse.eu\/it\/"},{"@type":"ListItem","position":2,"name":"Migranti in Trentino, ogni euro speso \u201craddoppia\u201d il suo valore"}]},{"@type":"WebSite","@id":"https:\/\/euricse.eu\/en\/#website","url":"https:\/\/euricse.eu\/en\/","name":"Euricse","description":"Knowledge and innovation for cooperative and social enterprises.","potentialAction":[{"@type":"SearchAction","target":{"@type":"EntryPoint","urlTemplate":"https:\/\/euricse.eu\/en\/?s={search_term_string}"},"query-input":{"@type":"PropertyValueSpecification","valueRequired":true,"valueName":"search_term_string"}}],"inLanguage":"it-IT"},{"@type":"Person","@id":"https:\/\/euricse.eu\/en\/#\/schema\/person\/46be9426d76e3114ba478b69f3d8040b","name":"redazione","image":{"@type":"ImageObject","inLanguage":"it-IT","@id":"https:\/\/euricse.eu\/en\/#\/schema\/person\/image\/","url":"https:\/\/secure.gravatar.com\/avatar\/d1e5fb76fa001722a0822f32de0a8935d9c7a01b0f055f16dc71df73252c3c50?s=96&d=mm&r=g","contentUrl":"https:\/\/secure.gravatar.com\/avatar\/d1e5fb76fa001722a0822f32de0a8935d9c7a01b0f055f16dc71df73252c3c50?s=96&d=mm&r=g","caption":"redazione"},"url":"https:\/\/euricse.eu\/it\/author\/marikadmin\/"}]}},"_links":{"self":[{"href":"https:\/\/euricse.eu\/it\/wp-json\/wp\/v2\/posts\/10952","targetHints":{"allow":["GET"]}}],"collection":[{"href":"https:\/\/euricse.eu\/it\/wp-json\/wp\/v2\/posts"}],"about":[{"href":"https:\/\/euricse.eu\/it\/wp-json\/wp\/v2\/types\/post"}],"author":[{"embeddable":true,"href":"https:\/\/euricse.eu\/it\/wp-json\/wp\/v2\/users\/30"}],"replies":[{"embeddable":true,"href":"https:\/\/euricse.eu\/it\/wp-json\/wp\/v2\/comments?post=10952"}],"version-history":[{"count":0,"href":"https:\/\/euricse.eu\/it\/wp-json\/wp\/v2\/posts\/10952\/revisions"}],"wp:featuredmedia":[{"embeddable":true,"href":"https:\/\/euricse.eu\/it\/wp-json\/wp\/v2\/media\/10974"}],"wp:attachment":[{"href":"https:\/\/euricse.eu\/it\/wp-json\/wp\/v2\/media?parent=10952"}],"wp:term":[{"taxonomy":"category","embeddable":true,"href":"https:\/\/euricse.eu\/it\/wp-json\/wp\/v2\/categories?post=10952"},{"taxonomy":"post_tag","embeddable":true,"href":"https:\/\/euricse.eu\/it\/wp-json\/wp\/v2\/tags?post=10952"}],"curies":[{"name":"wp","href":"https:\/\/api.w.org\/{rel}","templated":true}]}}