{"id":11326,"date":"2021-02-10T15:45:40","date_gmt":"2021-02-10T15:45:40","guid":{"rendered":"https:\/\/euricse.staging.hgblu.com\/?p=11326"},"modified":"2021-02-10T15:45:41","modified_gmt":"2021-02-10T15:45:41","slug":"pubblicato-lo-studio-sullimpatto-della-social-business-initiative","status":"publish","type":"post","link":"https:\/\/euricse.eu\/it\/pubblicato-lo-studio-sullimpatto-della-social-business-initiative\/","title":{"rendered":"Pubblicato lo studio sull&#8217;impatto della Social Business Initiative"},"content":{"rendered":"\n<p><strong>A dieci anni dal lancio dell&#8217;SBI, Euricse ha collaborato con Spatial Foresight e con l&#8217;European Center for Social Finance, per redigere uno studio sull&#8217;impatto delle misure messe in campo dall\u2019UE per favorire lo sviluppo delle imprese sociali e delle altre organizzazioni dell\u2019economia sociale a livello nazionale ed europeo. <\/strong><\/p>\n\n\n\n<p><a href=\"https:\/\/ec.europa.eu\/social\/main.jsp?catId=738&amp;langId=en&amp;pubId=8373&amp;furtherPubs=yes\" target=\"_blank\" rel=\"noreferrer noopener\">Sfoglia la ricerca (ENG)<\/a><\/p>\n\n\n\n<p>Nel 2011 la <a href=\"https:\/\/ec.europa.eu\/info\/index_it\" target=\"_blank\" rel=\"noreferrer noopener\">Commissione europea<\/a> ha lanciato la <strong>Social Business Initiative (SBI)<\/strong>, un piano per creare un ecosistema favorevole allo sviluppo delle imprese sociali. Dieci anni dopo, lo studio \u201c<strong>Impact of the Social Business Initiative and its Follow-up Actions<\/strong>\u201d, redatto da <a href=\"https:\/\/www.spatialforesight.eu\/home.html\" target=\"_blank\" rel=\"noreferrer noopener\">Spatial Foresight<\/a> con Euricse e l\u2019<a href=\"https:\/\/ecsocfin.com\/\" target=\"_blank\" rel=\"noreferrer noopener\">European Center for Social Finance<\/a> per conto della Commissione europea, analizza l\u2019impatto delle misure messe in campo dall\u2019UE per favorire lo sviluppo delle imprese sociali e delle altre organizzazioni dell\u2019economia sociale a livello nazionale ed europeo. L\u2019iniziativa era stata promossa dall\u2019allora commissario Barnier e dal commissario Antonio Tajani, partendo dalla consapevolezza che \u201cL\u2019Europa di domani si fonda sulla crescita economica sostenibile, solidale ed inclusiva\u201d. Anche Euricse aveva partecipato all\u2019impostazione del documento.<\/p>\n\n\n\n<p>Il report sull\u2019impatto dell\u2019SBI, ora disponibile <a href=\"https:\/\/ec.europa.eu\/social\/main.jsp?catId=738&amp;langId=en&amp;pubId=8373&amp;furtherPubs=yes\" target=\"_blank\" rel=\"noreferrer noopener\">on line,<\/a> include un\u2019analisi dei bisogni attuali delle imprese sociali e fornisce una serie di raccomandazioni per future iniziative di policy in questo ambito. Il lavoro \u00e8 stato realizzato con il contributo di numerosi ricercatori nazionali che hanno intervistato circa <strong>300 stakeholder <\/strong>tra autorit\u00e0 statali, regionali e locali, accademici ed esperti, delegati di imprese sociali e di loro consorzi, reti e federazioni in <strong>28 Stati membri e in 9 Paesi vicini.<\/strong><\/p>\n\n\n\n<p>Lo studio rappresenta un solido punto di partenza per la stesura del \u201c<strong>Piano di Azione Europeo per l\u2019Economia Sociale<\/strong>\u201d, che sar\u00e0 presentato dal commissario Nicolas Schmit nel corso di quest\u2019anno. Nelle 230 pagine del documento emerge che la Social Business Initiative \u00e8 riuscita ad impattare su un ampio ventaglio di ambiti e che ha contribuito alla diffusione del concetto di impresa sociale negli Stati membri. Negli ultimi dieci anni, la Social Business Initiative \u00e8 infatti riuscita a <strong>comunicare la specificit\u00e0 dell\u2019impresa sociale<\/strong> e, non di meno, ha contribuito ad <strong>aumentare la visibilit\u00e0 dell\u2019economia sociale<\/strong> nei dibattiti politici. Le imprese sociali sono oggi considerate come attori importanti non solo dai policy maker nell\u2019ambito delle politiche sociali, ma anche al di fuori di questo perimetro, ad esempio negli ambiti dello sviluppo locale, della coesione, dell\u2019innovazione, della lotta al cambiamento climatico e della sostenibilit\u00e0 ambientale. \u00a0<\/p>\n\n\n\n<figure class=\"wp-block-image size-large\"><img loading=\"lazy\" decoding=\"async\" width=\"1024\" height=\"683\" src=\"https:\/\/euricse.eu\/wp-content\/uploads\/2021\/02\/pexels-photo-2219024-1024x683.jpeg\" alt=\"\" class=\"wp-image-11329\" srcset=\"https:\/\/euricse.eu\/wp-content\/uploads\/2021\/02\/pexels-photo-2219024-1024x683.jpeg 1024w, https:\/\/euricse.eu\/wp-content\/uploads\/2021\/02\/pexels-photo-2219024-300x200.jpeg 300w, https:\/\/euricse.eu\/wp-content\/uploads\/2021\/02\/pexels-photo-2219024-600x400.jpeg 600w, https:\/\/euricse.eu\/wp-content\/uploads\/2021\/02\/pexels-photo-2219024-768x512.jpeg 768w, https:\/\/euricse.eu\/wp-content\/uploads\/2021\/02\/pexels-photo-2219024-1536x1024.jpeg 1536w, https:\/\/euricse.eu\/wp-content\/uploads\/2021\/02\/pexels-photo-2219024-2048x1365.jpeg 2048w\" sizes=\"auto, (max-width: 1024px) 100vw, 1024px\" \/><\/figure>\n\n\n\n<p>D\u2019altro canto, dallo studio emerge come la <strong>mancanza di una visione d\u2019insieme <\/strong>sugli obiettivi, le misure, le attivit\u00e0 e i risultati della SBI abbia limitato la coerenza tra questa importante iniziativa ed altri programmi e priorit\u00e0 europee. \u201cLa necessit\u00e0 di una <strong>migliore comunicazione<\/strong> \u00e8 una sfida non solo per l\u2019SBI, ma pi\u00f9 in generale per il contributo delle politiche europee allo sviluppo settoriale e regionale. Le criticit\u00e0 legate ad una chiara ed ampia comunicazione dell\u2019iniziativa all\u2019interno dei vari enti dell\u2019Unione (e a cascata a livello nazionale e locale) non hanno tuttavia impedito all\u2019SBI ed alle misure ad essa collegate di essere efficaci. In ogni caso, future iniziative di policy dovranno tenere conto dei vantaggi dell\u2019approccio-SBI e provare a superare i suoi limiti con una presentazione chiara e ben comunicata tanto degli scopi generali, come degli specifici provvedimenti\u201d.<\/p>\n\n\n\n<p>Lo studio, inoltre, mette in evidenza come gli ecosistemi delle imprese sociali siano progressivamente diventati pi\u00f9 complessi negli ultimi anni. Ogni futura politica di sostegno all\u2019impresa sociale dovr\u00e0 perci\u00f2 tenere in considerazione questa <strong>accresciuta complessit\u00e0<\/strong> e dovr\u00e0 promuovere soluzioni su misura per diversi contesti. Non bisogna inoltre dimenticare che il supporto alle organizzazioni dell\u2019economia sociale non \u00e8 fine a s\u00e9 stesso, bens\u00ec \u00e8 un mezzo per rafforzare il loro ruolo nel contribuire allo sviluppo sostenibile locale e regionale, nel rispondere ai bisogni della societ\u00e0, nel creare pari opportunit\u00e0 di accesso al mercato del lavoro, nel promuovere l\u2019innovazione sociale e la coesione territoriale, ecc.<\/p>\n\n\n\n<p>Riconoscere il ruolo delle organizzazioni dell\u2019economia sociale nei processi trasformativi e affrontare le sfide sociali \u00e8 fondamentale. Le future politiche dovranno quindi sforzarsi di creare collegamenti visibili tra l\u2019economia sociale e gli altri ambiti di intervento e di rafforzare la coerenza tra le diverse iniziative promosse a livello europeo per l\u2019economia sociale e tra queste e gli altri programmi e strumenti europei.<\/p>\n","protected":false},"excerpt":{"rendered":"<p>A dieci anni dal lancio dell&#8217;SBI, Euricse ha collaborato con Spatial Foresight e con l&#8217;European Center for Social Finance, per redigere uno studio sull&#8217;impatto delle misure messe in campo dall\u2019UE per favorire lo sviluppo delle imprese sociali e delle altre organizzazioni dell\u2019economia sociale a livello nazionale ed europeo. Sfoglia la ricerca (ENG) Nel 2011 la [&hellip;]<\/p>\n","protected":false},"author":30,"featured_media":11293,"comment_status":"open","ping_status":"closed","sticky":false,"template":"","format":"standard","meta":{"_acf_changed":false,"episode_type":"","audio_file":"","cover_image":"","cover_image_id":"","duration":"","filesize":"","date_recorded":"","explicit":"","block":"","itunes_episode_number":"","itunes_title":"","itunes_season_number":"","itunes_episode_type":"","filesize_raw":"","footnotes":""},"categories":[17],"tags":[111,121,922,923],"class_list":["post-11326","post","type-post","status-publish","format-standard","has-post-thumbnail","hentry","category-news-it","tag-imprese-sociali","tag-economia-sociale","tag-sbi-2","tag-social-business-initiative"],"acf":[],"yoast_head":"<!-- This site is optimized with the Yoast SEO plugin v26.1.1 - https:\/\/yoast.com\/wordpress\/plugins\/seo\/ -->\n<title>Pubblicato lo studio sull&#039;impatto della Social Business Initiative - Euricse<\/title>\n<meta name=\"description\" content=\"A dieci anni dal lancio dell&#039;SBI, Euricse ha collaborato con Spatial Foresight e con l&#039;European Center for Social Finance, per redigere uno studio sull&#039;impatto delle misure messe in campo dall\u2019UE per favorire lo sviluppo delle imprese sociali e delle altre organizzazioni dell\u2019economia sociale a livello nazionale ed europeo.\" \/>\n<meta name=\"robots\" content=\"index, follow, max-snippet:-1, max-image-preview:large, max-video-preview:-1\" \/>\n<link rel=\"canonical\" href=\"https:\/\/euricse.eu\/it\/pubblicato-lo-studio-sullimpatto-della-social-business-initiative\/\" \/>\n<meta property=\"og:locale\" content=\"it_IT\" \/>\n<meta property=\"og:type\" content=\"article\" \/>\n<meta property=\"og:title\" content=\"Pubblicato lo studio sull&#039;impatto della Social Business Initiative - Euricse\" \/>\n<meta property=\"og:description\" content=\"A dieci anni dal lancio dell&#039;SBI, Euricse ha collaborato con Spatial Foresight e con l&#039;European Center for Social Finance, per redigere uno studio sull&#039;impatto delle misure messe in campo dall\u2019UE per favorire lo sviluppo delle imprese sociali e delle altre organizzazioni dell\u2019economia sociale a livello nazionale ed europeo.\" \/>\n<meta property=\"og:url\" content=\"https:\/\/euricse.eu\/it\/pubblicato-lo-studio-sullimpatto-della-social-business-initiative\/\" \/>\n<meta property=\"og:site_name\" content=\"Euricse\" \/>\n<meta property=\"article:published_time\" content=\"2021-02-10T15:45:40+00:00\" \/>\n<meta property=\"article:modified_time\" content=\"2021-02-10T15:45:41+00:00\" \/>\n<meta property=\"og:image\" content=\"https:\/\/euricse.eu\/wp-content\/uploads\/2021\/02\/Cattura.png\" \/>\n\t<meta property=\"og:image:width\" content=\"489\" \/>\n\t<meta property=\"og:image:height\" content=\"713\" \/>\n\t<meta property=\"og:image:type\" content=\"image\/png\" \/>\n<meta name=\"author\" content=\"redazione\" \/>\n<meta name=\"twitter:card\" content=\"summary_large_image\" \/>\n<meta name=\"twitter:label1\" content=\"Scritto da\" \/>\n\t<meta name=\"twitter:data1\" content=\"redazione\" \/>\n\t<meta name=\"twitter:label2\" content=\"Tempo di lettura stimato\" \/>\n\t<meta name=\"twitter:data2\" content=\"4 minuti\" \/>\n<script type=\"application\/ld+json\" class=\"yoast-schema-graph\">{\"@context\":\"https:\/\/schema.org\",\"@graph\":[{\"@type\":\"WebPage\",\"@id\":\"https:\/\/euricse.eu\/it\/pubblicato-lo-studio-sullimpatto-della-social-business-initiative\/\",\"url\":\"https:\/\/euricse.eu\/it\/pubblicato-lo-studio-sullimpatto-della-social-business-initiative\/\",\"name\":\"Pubblicato lo studio sull'impatto della Social Business Initiative - Euricse\",\"isPartOf\":{\"@id\":\"https:\/\/euricse.eu\/en\/#website\"},\"primaryImageOfPage\":{\"@id\":\"https:\/\/euricse.eu\/it\/pubblicato-lo-studio-sullimpatto-della-social-business-initiative\/#primaryimage\"},\"image\":{\"@id\":\"https:\/\/euricse.eu\/it\/pubblicato-lo-studio-sullimpatto-della-social-business-initiative\/#primaryimage\"},\"thumbnailUrl\":\"https:\/\/euricse.eu\/wp-content\/uploads\/2021\/02\/Cattura.png\",\"datePublished\":\"2021-02-10T15:45:40+00:00\",\"dateModified\":\"2021-02-10T15:45:41+00:00\",\"author\":{\"@id\":\"https:\/\/euricse.eu\/en\/#\/schema\/person\/46be9426d76e3114ba478b69f3d8040b\"},\"description\":\"A dieci anni dal lancio dell'SBI, Euricse ha collaborato con Spatial Foresight e con l'European Center for Social Finance, per redigere uno studio sull'impatto delle misure messe in campo dall\u2019UE per favorire lo sviluppo delle imprese sociali e delle altre organizzazioni dell\u2019economia sociale a livello nazionale ed europeo.\",\"breadcrumb\":{\"@id\":\"https:\/\/euricse.eu\/it\/pubblicato-lo-studio-sullimpatto-della-social-business-initiative\/#breadcrumb\"},\"inLanguage\":\"it-IT\",\"potentialAction\":[{\"@type\":\"ReadAction\",\"target\":[\"https:\/\/euricse.eu\/it\/pubblicato-lo-studio-sullimpatto-della-social-business-initiative\/\"]}]},{\"@type\":\"ImageObject\",\"inLanguage\":\"it-IT\",\"@id\":\"https:\/\/euricse.eu\/it\/pubblicato-lo-studio-sullimpatto-della-social-business-initiative\/#primaryimage\",\"url\":\"https:\/\/euricse.eu\/wp-content\/uploads\/2021\/02\/Cattura.png\",\"contentUrl\":\"https:\/\/euricse.eu\/wp-content\/uploads\/2021\/02\/Cattura.png\",\"width\":489,\"height\":713},{\"@type\":\"BreadcrumbList\",\"@id\":\"https:\/\/euricse.eu\/it\/pubblicato-lo-studio-sullimpatto-della-social-business-initiative\/#breadcrumb\",\"itemListElement\":[{\"@type\":\"ListItem\",\"position\":1,\"name\":\"Home\",\"item\":\"https:\/\/euricse.eu\/it\/\"},{\"@type\":\"ListItem\",\"position\":2,\"name\":\"Pubblicato lo studio sull&#8217;impatto della Social Business Initiative\"}]},{\"@type\":\"WebSite\",\"@id\":\"https:\/\/euricse.eu\/en\/#website\",\"url\":\"https:\/\/euricse.eu\/en\/\",\"name\":\"Euricse\",\"description\":\"Knowledge and innovation for cooperative and social enterprises.\",\"potentialAction\":[{\"@type\":\"SearchAction\",\"target\":{\"@type\":\"EntryPoint\",\"urlTemplate\":\"https:\/\/euricse.eu\/en\/?s={search_term_string}\"},\"query-input\":{\"@type\":\"PropertyValueSpecification\",\"valueRequired\":true,\"valueName\":\"search_term_string\"}}],\"inLanguage\":\"it-IT\"},{\"@type\":\"Person\",\"@id\":\"https:\/\/euricse.eu\/en\/#\/schema\/person\/46be9426d76e3114ba478b69f3d8040b\",\"name\":\"redazione\",\"image\":{\"@type\":\"ImageObject\",\"inLanguage\":\"it-IT\",\"@id\":\"https:\/\/euricse.eu\/en\/#\/schema\/person\/image\/\",\"url\":\"https:\/\/secure.gravatar.com\/avatar\/d1e5fb76fa001722a0822f32de0a8935d9c7a01b0f055f16dc71df73252c3c50?s=96&d=mm&r=g\",\"contentUrl\":\"https:\/\/secure.gravatar.com\/avatar\/d1e5fb76fa001722a0822f32de0a8935d9c7a01b0f055f16dc71df73252c3c50?s=96&d=mm&r=g\",\"caption\":\"redazione\"},\"url\":\"https:\/\/euricse.eu\/it\/author\/marikadmin\/\"}]}<\/script>\n<!-- \/ Yoast SEO plugin. -->","yoast_head_json":{"title":"Pubblicato lo studio sull'impatto della Social Business Initiative - Euricse","description":"A dieci anni dal lancio dell'SBI, Euricse ha collaborato con Spatial Foresight e con l'European Center for Social Finance, per redigere uno studio sull'impatto delle misure messe in campo dall\u2019UE per favorire lo sviluppo delle imprese sociali e delle altre organizzazioni dell\u2019economia sociale a livello nazionale ed europeo.","robots":{"index":"index","follow":"follow","max-snippet":"max-snippet:-1","max-image-preview":"max-image-preview:large","max-video-preview":"max-video-preview:-1"},"canonical":"https:\/\/euricse.eu\/it\/pubblicato-lo-studio-sullimpatto-della-social-business-initiative\/","og_locale":"it_IT","og_type":"article","og_title":"Pubblicato lo studio sull'impatto della Social Business Initiative - Euricse","og_description":"A dieci anni dal lancio dell'SBI, Euricse ha collaborato con Spatial Foresight e con l'European Center for Social Finance, per redigere uno studio sull'impatto delle misure messe in campo dall\u2019UE per favorire lo sviluppo delle imprese sociali e delle altre organizzazioni dell\u2019economia sociale a livello nazionale ed europeo.","og_url":"https:\/\/euricse.eu\/it\/pubblicato-lo-studio-sullimpatto-della-social-business-initiative\/","og_site_name":"Euricse","article_published_time":"2021-02-10T15:45:40+00:00","article_modified_time":"2021-02-10T15:45:41+00:00","og_image":[{"width":489,"height":713,"url":"https:\/\/euricse.eu\/wp-content\/uploads\/2021\/02\/Cattura.png","type":"image\/png"}],"author":"redazione","twitter_card":"summary_large_image","twitter_misc":{"Scritto da":"redazione","Tempo di lettura stimato":"4 minuti"},"schema":{"@context":"https:\/\/schema.org","@graph":[{"@type":"WebPage","@id":"https:\/\/euricse.eu\/it\/pubblicato-lo-studio-sullimpatto-della-social-business-initiative\/","url":"https:\/\/euricse.eu\/it\/pubblicato-lo-studio-sullimpatto-della-social-business-initiative\/","name":"Pubblicato lo studio sull'impatto della Social Business Initiative - Euricse","isPartOf":{"@id":"https:\/\/euricse.eu\/en\/#website"},"primaryImageOfPage":{"@id":"https:\/\/euricse.eu\/it\/pubblicato-lo-studio-sullimpatto-della-social-business-initiative\/#primaryimage"},"image":{"@id":"https:\/\/euricse.eu\/it\/pubblicato-lo-studio-sullimpatto-della-social-business-initiative\/#primaryimage"},"thumbnailUrl":"https:\/\/euricse.eu\/wp-content\/uploads\/2021\/02\/Cattura.png","datePublished":"2021-02-10T15:45:40+00:00","dateModified":"2021-02-10T15:45:41+00:00","author":{"@id":"https:\/\/euricse.eu\/en\/#\/schema\/person\/46be9426d76e3114ba478b69f3d8040b"},"description":"A dieci anni dal lancio dell'SBI, Euricse ha collaborato con Spatial Foresight e con l'European Center for Social Finance, per redigere uno studio sull'impatto delle misure messe in campo dall\u2019UE per favorire lo sviluppo delle imprese sociali e delle altre organizzazioni dell\u2019economia sociale a livello nazionale ed europeo.","breadcrumb":{"@id":"https:\/\/euricse.eu\/it\/pubblicato-lo-studio-sullimpatto-della-social-business-initiative\/#breadcrumb"},"inLanguage":"it-IT","potentialAction":[{"@type":"ReadAction","target":["https:\/\/euricse.eu\/it\/pubblicato-lo-studio-sullimpatto-della-social-business-initiative\/"]}]},{"@type":"ImageObject","inLanguage":"it-IT","@id":"https:\/\/euricse.eu\/it\/pubblicato-lo-studio-sullimpatto-della-social-business-initiative\/#primaryimage","url":"https:\/\/euricse.eu\/wp-content\/uploads\/2021\/02\/Cattura.png","contentUrl":"https:\/\/euricse.eu\/wp-content\/uploads\/2021\/02\/Cattura.png","width":489,"height":713},{"@type":"BreadcrumbList","@id":"https:\/\/euricse.eu\/it\/pubblicato-lo-studio-sullimpatto-della-social-business-initiative\/#breadcrumb","itemListElement":[{"@type":"ListItem","position":1,"name":"Home","item":"https:\/\/euricse.eu\/it\/"},{"@type":"ListItem","position":2,"name":"Pubblicato lo studio sull&#8217;impatto della Social Business Initiative"}]},{"@type":"WebSite","@id":"https:\/\/euricse.eu\/en\/#website","url":"https:\/\/euricse.eu\/en\/","name":"Euricse","description":"Knowledge and innovation for cooperative and social enterprises.","potentialAction":[{"@type":"SearchAction","target":{"@type":"EntryPoint","urlTemplate":"https:\/\/euricse.eu\/en\/?s={search_term_string}"},"query-input":{"@type":"PropertyValueSpecification","valueRequired":true,"valueName":"search_term_string"}}],"inLanguage":"it-IT"},{"@type":"Person","@id":"https:\/\/euricse.eu\/en\/#\/schema\/person\/46be9426d76e3114ba478b69f3d8040b","name":"redazione","image":{"@type":"ImageObject","inLanguage":"it-IT","@id":"https:\/\/euricse.eu\/en\/#\/schema\/person\/image\/","url":"https:\/\/secure.gravatar.com\/avatar\/d1e5fb76fa001722a0822f32de0a8935d9c7a01b0f055f16dc71df73252c3c50?s=96&d=mm&r=g","contentUrl":"https:\/\/secure.gravatar.com\/avatar\/d1e5fb76fa001722a0822f32de0a8935d9c7a01b0f055f16dc71df73252c3c50?s=96&d=mm&r=g","caption":"redazione"},"url":"https:\/\/euricse.eu\/it\/author\/marikadmin\/"}]}},"_links":{"self":[{"href":"https:\/\/euricse.eu\/it\/wp-json\/wp\/v2\/posts\/11326","targetHints":{"allow":["GET"]}}],"collection":[{"href":"https:\/\/euricse.eu\/it\/wp-json\/wp\/v2\/posts"}],"about":[{"href":"https:\/\/euricse.eu\/it\/wp-json\/wp\/v2\/types\/post"}],"author":[{"embeddable":true,"href":"https:\/\/euricse.eu\/it\/wp-json\/wp\/v2\/users\/30"}],"replies":[{"embeddable":true,"href":"https:\/\/euricse.eu\/it\/wp-json\/wp\/v2\/comments?post=11326"}],"version-history":[{"count":0,"href":"https:\/\/euricse.eu\/it\/wp-json\/wp\/v2\/posts\/11326\/revisions"}],"wp:featuredmedia":[{"embeddable":true,"href":"https:\/\/euricse.eu\/it\/wp-json\/wp\/v2\/media\/11293"}],"wp:attachment":[{"href":"https:\/\/euricse.eu\/it\/wp-json\/wp\/v2\/media?parent=11326"}],"wp:term":[{"taxonomy":"category","embeddable":true,"href":"https:\/\/euricse.eu\/it\/wp-json\/wp\/v2\/categories?post=11326"},{"taxonomy":"post_tag","embeddable":true,"href":"https:\/\/euricse.eu\/it\/wp-json\/wp\/v2\/tags?post=11326"}],"curies":[{"name":"wp","href":"https:\/\/api.w.org\/{rel}","templated":true}]}}