{"id":11437,"date":"2021-03-11T08:51:45","date_gmt":"2021-03-11T08:51:45","guid":{"rendered":"https:\/\/euricse.staging.hgblu.com\/?p=11437"},"modified":"2025-01-28T11:32:11","modified_gmt":"2025-01-28T11:32:11","slug":"al-cnel-euricse-presenta-il-suo-contributo-al-piano-dazione-sulleconomia-sociale","status":"publish","type":"post","link":"https:\/\/euricse.eu\/it\/al-cnel-euricse-presenta-il-suo-contributo-al-piano-dazione-sulleconomia-sociale\/","title":{"rendered":"Al CNEL Euricse presenta il suo contributo al Piano d&#8217;azione sull&#8217;economia sociale"},"content":{"rendered":"\n<h2 class=\"wp-block-heading\">Gioved\u00ec 18 marzo dalle 10.30 il webinar con la viceministra Laura Castelli<\/h2>\n\n\n\n<p><strong>\u201cOtto proposte per un Piano di azione improntato alla sostenibilit\u00e0 sociale e ambientale in grado di promuovere la crescita delle organizzazioni dell&#8217;economia sociale e di rilanciare l&#8217;Italia\u201d.<\/strong><\/p>\n\n\n\n<figure class=\"wp-block-image size-large\"><img loading=\"lazy\" decoding=\"async\" width=\"1024\" height=\"1024\" src=\"https:\/\/euricse.eu\/wp-content\/uploads\/2021\/03\/STD18marzo-1-1024x1024.jpg\" alt=\"\" class=\"wp-image-11461\" srcset=\"https:\/\/euricse.eu\/wp-content\/uploads\/2021\/03\/STD18marzo-1-1024x1024.jpg 1024w, https:\/\/euricse.eu\/wp-content\/uploads\/2021\/03\/STD18marzo-1-300x300.jpg 300w, https:\/\/euricse.eu\/wp-content\/uploads\/2021\/03\/STD18marzo-1-400x400.jpg 400w, https:\/\/euricse.eu\/wp-content\/uploads\/2021\/03\/STD18marzo-1-768x768.jpg 768w, https:\/\/euricse.eu\/wp-content\/uploads\/2021\/03\/STD18marzo-1-1536x1536.jpg 1536w, https:\/\/euricse.eu\/wp-content\/uploads\/2021\/03\/STD18marzo-1-16x16.jpg 16w, https:\/\/euricse.eu\/wp-content\/uploads\/2021\/03\/STD18marzo-1.jpg 1600w\" sizes=\"auto, (max-width: 1024px) 100vw, 1024px\" \/><\/figure>\n\n\n\n<p> Il position paper di Euricse sar\u00e0 presentato gioved\u00ec 18 marzo 2021 (ore 10.30) nel corso di un webinar che si terr\u00e0 a Roma, nella sede del CNEL \u201ccon l\u2019obiettivo di raccogliere la pi\u00f9 ampia condivisione possibile in una fase cruciale per il Paese, in cui \u00e8 in corso la stesura del Pnrr\u201d.<\/p>\n\n\n\n<p>Aprir\u00e0 i lavori <strong>Tiziano Treu<\/strong>, presidente <a href=\"https:\/\/www.cnel.it\/\" target=\"_blank\" rel=\"noreferrer noopener\">CNEL<\/a>. A seguire, dopo la presentazione del documento scientifico di Euricse, a cura del segretario generale <strong>Gianluca Salvatori<\/strong>, si svolger\u00e0 una tavola rotonda moderata da <strong>Marco Girardo<\/strong>, caporedattore \u201cEconomia\u201d di <a href=\"https:\/\/www.avvenire.it\/\" target=\"_blank\" rel=\"noreferrer noopener\">Avvenire <\/a>e responsabile progetto editoriale \u201cL\u2019economia civile\u201d, a cui parteciperanno <strong>Cristina De Luca<\/strong>, vicepresidente <a href=\"https:\/\/fondazioneitaliasociale.org\/\" target=\"_blank\" rel=\"noreferrer noopener\">Fondazione Italia Sociale<\/a>; <strong>Gian Paolo Gualaccini<\/strong>, consigliere CNEL; <strong>Mauro Lusetti<\/strong>, presidente Alleanza delle cooperative italiana; <strong>Felice Scalvini<\/strong>, presidente <a href=\"https:\/\/assifero.org\/\" target=\"_blank\" rel=\"noreferrer noopener\">Assifero<\/a>.<\/p>\n\n\n\n<p>Concluder\u00e0 <strong>Laura Castelli<\/strong>, viceministro dell\u2019<a href=\"https:\/\/www.mef.gov.it\/index.html\" target=\"_blank\" rel=\"noreferrer noopener\">Economia e Finanze<\/a>.<\/p>\n\n\n\n<p>Diretta streaming su <strong>www.cnel.it<\/strong> e sul <a href=\"https:\/\/www.youtube.com\/channel\/UCHjo1SZ3u_EatbNREO-NdqA\/about\" target=\"_blank\" rel=\"noreferrer noopener\">canale YouTube<\/a> del CNEL.<\/p>\n","protected":false},"excerpt":{"rendered":"<p>Gioved\u00ec 18 marzo dalle 10.30 il webinar con la viceministra Laura Castelli \u201cOtto proposte per un Piano di azione improntato alla sostenibilit\u00e0 sociale e ambientale in grado di promuovere la crescita delle organizzazioni dell&#8217;economia sociale e di rilanciare l&#8217;Italia\u201d. Il position paper di Euricse sar\u00e0 presentato gioved\u00ec 18 marzo 2021 (ore 10.30) nel corso di [&hellip;]<\/p>\n","protected":false},"author":30,"featured_media":11440,"comment_status":"closed","ping_status":"closed","sticky":false,"template":"","format":"standard","meta":{"_acf_changed":false,"episode_type":"","audio_file":"","cover_image":"","cover_image_id":"","duration":"","filesize":"","date_recorded":"","explicit":"","block":"","itunes_episode_number":"","itunes_title":"","itunes_season_number":"","itunes_episode_type":"","filesize_raw":"","footnotes":""},"categories":[14,17],"tags":[121,912,978,1539],"class_list":["post-11437","post","type-post","status-publish","format-standard","has-post-thumbnail","hentry","category-blog-it","category-news-it","tag-economia-sociale","tag-pnrr","tag-cnel-2","tag-position-paper-it"],"acf":[],"yoast_head":"<!-- This site is optimized with the Yoast SEO plugin v26.1.1 - https:\/\/yoast.com\/wordpress\/plugins\/seo\/ -->\n<title>Al CNEL Euricse presenta il suo contributo al Piano d&#039;azione sull&#039;economia sociale - Euricse<\/title>\n<meta name=\"robots\" content=\"index, follow, max-snippet:-1, max-image-preview:large, max-video-preview:-1\" \/>\n<link rel=\"canonical\" href=\"https:\/\/euricse.eu\/it\/al-cnel-euricse-presenta-il-suo-contributo-al-piano-dazione-sulleconomia-sociale\/\" \/>\n<meta property=\"og:locale\" content=\"it_IT\" \/>\n<meta property=\"og:type\" content=\"article\" \/>\n<meta property=\"og:title\" content=\"Al CNEL Euricse presenta il suo contributo al Piano d&#039;azione sull&#039;economia sociale - Euricse\" \/>\n<meta property=\"og:description\" content=\"Gioved\u00ec 18 marzo dalle 10.30 il webinar con la viceministra Laura Castelli \u201cOtto proposte per un Piano di azione improntato alla sostenibilit\u00e0 sociale e ambientale in grado di promuovere la crescita delle organizzazioni dell&#8217;economia sociale e di rilanciare l&#8217;Italia\u201d. Il position paper di Euricse sar\u00e0 presentato gioved\u00ec 18 marzo 2021 (ore 10.30) nel corso di [&hellip;]\" \/>\n<meta property=\"og:url\" content=\"https:\/\/euricse.eu\/it\/al-cnel-euricse-presenta-il-suo-contributo-al-piano-dazione-sulleconomia-sociale\/\" \/>\n<meta property=\"og:site_name\" content=\"Euricse\" \/>\n<meta property=\"article:published_time\" content=\"2021-03-11T08:51:45+00:00\" \/>\n<meta property=\"article:modified_time\" content=\"2025-01-28T11:32:11+00:00\" \/>\n<meta property=\"og:image\" content=\"https:\/\/euricse.eu\/wp-content\/uploads\/2021\/03\/STD18marzo.jpg\" \/>\n\t<meta property=\"og:image:width\" content=\"2000\" \/>\n\t<meta property=\"og:image:height\" content=\"2000\" \/>\n\t<meta property=\"og:image:type\" content=\"image\/jpeg\" \/>\n<meta name=\"author\" content=\"redazione\" \/>\n<meta name=\"twitter:card\" content=\"summary_large_image\" \/>\n<meta name=\"twitter:label1\" content=\"Scritto da\" \/>\n\t<meta name=\"twitter:data1\" content=\"redazione\" \/>\n\t<meta name=\"twitter:label2\" content=\"Tempo di lettura stimato\" \/>\n\t<meta name=\"twitter:data2\" content=\"1 minuto\" \/>\n<script type=\"application\/ld+json\" class=\"yoast-schema-graph\">{\"@context\":\"https:\/\/schema.org\",\"@graph\":[{\"@type\":\"WebPage\",\"@id\":\"https:\/\/euricse.eu\/it\/al-cnel-euricse-presenta-il-suo-contributo-al-piano-dazione-sulleconomia-sociale\/\",\"url\":\"https:\/\/euricse.eu\/it\/al-cnel-euricse-presenta-il-suo-contributo-al-piano-dazione-sulleconomia-sociale\/\",\"name\":\"Al CNEL Euricse presenta il suo contributo al Piano d'azione sull'economia sociale - Euricse\",\"isPartOf\":{\"@id\":\"https:\/\/euricse.eu\/en\/#website\"},\"primaryImageOfPage\":{\"@id\":\"https:\/\/euricse.eu\/it\/al-cnel-euricse-presenta-il-suo-contributo-al-piano-dazione-sulleconomia-sociale\/#primaryimage\"},\"image\":{\"@id\":\"https:\/\/euricse.eu\/it\/al-cnel-euricse-presenta-il-suo-contributo-al-piano-dazione-sulleconomia-sociale\/#primaryimage\"},\"thumbnailUrl\":\"https:\/\/euricse.eu\/wp-content\/uploads\/2021\/03\/STD18marzo.jpg\",\"datePublished\":\"2021-03-11T08:51:45+00:00\",\"dateModified\":\"2025-01-28T11:32:11+00:00\",\"author\":{\"@id\":\"https:\/\/euricse.eu\/en\/#\/schema\/person\/46be9426d76e3114ba478b69f3d8040b\"},\"breadcrumb\":{\"@id\":\"https:\/\/euricse.eu\/it\/al-cnel-euricse-presenta-il-suo-contributo-al-piano-dazione-sulleconomia-sociale\/#breadcrumb\"},\"inLanguage\":\"it-IT\",\"potentialAction\":[{\"@type\":\"ReadAction\",\"target\":[\"https:\/\/euricse.eu\/it\/al-cnel-euricse-presenta-il-suo-contributo-al-piano-dazione-sulleconomia-sociale\/\"]}]},{\"@type\":\"ImageObject\",\"inLanguage\":\"it-IT\",\"@id\":\"https:\/\/euricse.eu\/it\/al-cnel-euricse-presenta-il-suo-contributo-al-piano-dazione-sulleconomia-sociale\/#primaryimage\",\"url\":\"https:\/\/euricse.eu\/wp-content\/uploads\/2021\/03\/STD18marzo.jpg\",\"contentUrl\":\"https:\/\/euricse.eu\/wp-content\/uploads\/2021\/03\/STD18marzo.jpg\",\"width\":2000,\"height\":2000},{\"@type\":\"BreadcrumbList\",\"@id\":\"https:\/\/euricse.eu\/it\/al-cnel-euricse-presenta-il-suo-contributo-al-piano-dazione-sulleconomia-sociale\/#breadcrumb\",\"itemListElement\":[{\"@type\":\"ListItem\",\"position\":1,\"name\":\"Home\",\"item\":\"https:\/\/euricse.eu\/it\/\"},{\"@type\":\"ListItem\",\"position\":2,\"name\":\"Al CNEL Euricse presenta il suo contributo al Piano d&#8217;azione sull&#8217;economia sociale\"}]},{\"@type\":\"WebSite\",\"@id\":\"https:\/\/euricse.eu\/en\/#website\",\"url\":\"https:\/\/euricse.eu\/en\/\",\"name\":\"Euricse\",\"description\":\"Knowledge and innovation for cooperative and social enterprises.\",\"potentialAction\":[{\"@type\":\"SearchAction\",\"target\":{\"@type\":\"EntryPoint\",\"urlTemplate\":\"https:\/\/euricse.eu\/en\/?s={search_term_string}\"},\"query-input\":{\"@type\":\"PropertyValueSpecification\",\"valueRequired\":true,\"valueName\":\"search_term_string\"}}],\"inLanguage\":\"it-IT\"},{\"@type\":\"Person\",\"@id\":\"https:\/\/euricse.eu\/en\/#\/schema\/person\/46be9426d76e3114ba478b69f3d8040b\",\"name\":\"redazione\",\"image\":{\"@type\":\"ImageObject\",\"inLanguage\":\"it-IT\",\"@id\":\"https:\/\/euricse.eu\/en\/#\/schema\/person\/image\/\",\"url\":\"https:\/\/secure.gravatar.com\/avatar\/d1e5fb76fa001722a0822f32de0a8935d9c7a01b0f055f16dc71df73252c3c50?s=96&d=mm&r=g\",\"contentUrl\":\"https:\/\/secure.gravatar.com\/avatar\/d1e5fb76fa001722a0822f32de0a8935d9c7a01b0f055f16dc71df73252c3c50?s=96&d=mm&r=g\",\"caption\":\"redazione\"},\"url\":\"https:\/\/euricse.eu\/it\/author\/marikadmin\/\"}]}<\/script>\n<!-- \/ Yoast SEO plugin. -->","yoast_head_json":{"title":"Al CNEL Euricse presenta il suo contributo al Piano d'azione sull'economia sociale - Euricse","robots":{"index":"index","follow":"follow","max-snippet":"max-snippet:-1","max-image-preview":"max-image-preview:large","max-video-preview":"max-video-preview:-1"},"canonical":"https:\/\/euricse.eu\/it\/al-cnel-euricse-presenta-il-suo-contributo-al-piano-dazione-sulleconomia-sociale\/","og_locale":"it_IT","og_type":"article","og_title":"Al CNEL Euricse presenta il suo contributo al Piano d'azione sull'economia sociale - Euricse","og_description":"Gioved\u00ec 18 marzo dalle 10.30 il webinar con la viceministra Laura Castelli \u201cOtto proposte per un Piano di azione improntato alla sostenibilit\u00e0 sociale e ambientale in grado di promuovere la crescita delle organizzazioni dell&#8217;economia sociale e di rilanciare l&#8217;Italia\u201d. Il position paper di Euricse sar\u00e0 presentato gioved\u00ec 18 marzo 2021 (ore 10.30) nel corso di [&hellip;]","og_url":"https:\/\/euricse.eu\/it\/al-cnel-euricse-presenta-il-suo-contributo-al-piano-dazione-sulleconomia-sociale\/","og_site_name":"Euricse","article_published_time":"2021-03-11T08:51:45+00:00","article_modified_time":"2025-01-28T11:32:11+00:00","og_image":[{"width":2000,"height":2000,"url":"https:\/\/euricse.eu\/wp-content\/uploads\/2021\/03\/STD18marzo.jpg","type":"image\/jpeg"}],"author":"redazione","twitter_card":"summary_large_image","twitter_misc":{"Scritto da":"redazione","Tempo di lettura stimato":"1 minuto"},"schema":{"@context":"https:\/\/schema.org","@graph":[{"@type":"WebPage","@id":"https:\/\/euricse.eu\/it\/al-cnel-euricse-presenta-il-suo-contributo-al-piano-dazione-sulleconomia-sociale\/","url":"https:\/\/euricse.eu\/it\/al-cnel-euricse-presenta-il-suo-contributo-al-piano-dazione-sulleconomia-sociale\/","name":"Al CNEL Euricse presenta il suo contributo al Piano d'azione sull'economia sociale - Euricse","isPartOf":{"@id":"https:\/\/euricse.eu\/en\/#website"},"primaryImageOfPage":{"@id":"https:\/\/euricse.eu\/it\/al-cnel-euricse-presenta-il-suo-contributo-al-piano-dazione-sulleconomia-sociale\/#primaryimage"},"image":{"@id":"https:\/\/euricse.eu\/it\/al-cnel-euricse-presenta-il-suo-contributo-al-piano-dazione-sulleconomia-sociale\/#primaryimage"},"thumbnailUrl":"https:\/\/euricse.eu\/wp-content\/uploads\/2021\/03\/STD18marzo.jpg","datePublished":"2021-03-11T08:51:45+00:00","dateModified":"2025-01-28T11:32:11+00:00","author":{"@id":"https:\/\/euricse.eu\/en\/#\/schema\/person\/46be9426d76e3114ba478b69f3d8040b"},"breadcrumb":{"@id":"https:\/\/euricse.eu\/it\/al-cnel-euricse-presenta-il-suo-contributo-al-piano-dazione-sulleconomia-sociale\/#breadcrumb"},"inLanguage":"it-IT","potentialAction":[{"@type":"ReadAction","target":["https:\/\/euricse.eu\/it\/al-cnel-euricse-presenta-il-suo-contributo-al-piano-dazione-sulleconomia-sociale\/"]}]},{"@type":"ImageObject","inLanguage":"it-IT","@id":"https:\/\/euricse.eu\/it\/al-cnel-euricse-presenta-il-suo-contributo-al-piano-dazione-sulleconomia-sociale\/#primaryimage","url":"https:\/\/euricse.eu\/wp-content\/uploads\/2021\/03\/STD18marzo.jpg","contentUrl":"https:\/\/euricse.eu\/wp-content\/uploads\/2021\/03\/STD18marzo.jpg","width":2000,"height":2000},{"@type":"BreadcrumbList","@id":"https:\/\/euricse.eu\/it\/al-cnel-euricse-presenta-il-suo-contributo-al-piano-dazione-sulleconomia-sociale\/#breadcrumb","itemListElement":[{"@type":"ListItem","position":1,"name":"Home","item":"https:\/\/euricse.eu\/it\/"},{"@type":"ListItem","position":2,"name":"Al CNEL Euricse presenta il suo contributo al Piano d&#8217;azione sull&#8217;economia sociale"}]},{"@type":"WebSite","@id":"https:\/\/euricse.eu\/en\/#website","url":"https:\/\/euricse.eu\/en\/","name":"Euricse","description":"Knowledge and innovation for cooperative and social enterprises.","potentialAction":[{"@type":"SearchAction","target":{"@type":"EntryPoint","urlTemplate":"https:\/\/euricse.eu\/en\/?s={search_term_string}"},"query-input":{"@type":"PropertyValueSpecification","valueRequired":true,"valueName":"search_term_string"}}],"inLanguage":"it-IT"},{"@type":"Person","@id":"https:\/\/euricse.eu\/en\/#\/schema\/person\/46be9426d76e3114ba478b69f3d8040b","name":"redazione","image":{"@type":"ImageObject","inLanguage":"it-IT","@id":"https:\/\/euricse.eu\/en\/#\/schema\/person\/image\/","url":"https:\/\/secure.gravatar.com\/avatar\/d1e5fb76fa001722a0822f32de0a8935d9c7a01b0f055f16dc71df73252c3c50?s=96&d=mm&r=g","contentUrl":"https:\/\/secure.gravatar.com\/avatar\/d1e5fb76fa001722a0822f32de0a8935d9c7a01b0f055f16dc71df73252c3c50?s=96&d=mm&r=g","caption":"redazione"},"url":"https:\/\/euricse.eu\/it\/author\/marikadmin\/"}]}},"_links":{"self":[{"href":"https:\/\/euricse.eu\/it\/wp-json\/wp\/v2\/posts\/11437","targetHints":{"allow":["GET"]}}],"collection":[{"href":"https:\/\/euricse.eu\/it\/wp-json\/wp\/v2\/posts"}],"about":[{"href":"https:\/\/euricse.eu\/it\/wp-json\/wp\/v2\/types\/post"}],"author":[{"embeddable":true,"href":"https:\/\/euricse.eu\/it\/wp-json\/wp\/v2\/users\/30"}],"replies":[{"embeddable":true,"href":"https:\/\/euricse.eu\/it\/wp-json\/wp\/v2\/comments?post=11437"}],"version-history":[{"count":1,"href":"https:\/\/euricse.eu\/it\/wp-json\/wp\/v2\/posts\/11437\/revisions"}],"predecessor-version":[{"id":26043,"href":"https:\/\/euricse.eu\/it\/wp-json\/wp\/v2\/posts\/11437\/revisions\/26043"}],"wp:featuredmedia":[{"embeddable":true,"href":"https:\/\/euricse.eu\/it\/wp-json\/wp\/v2\/media\/11440"}],"wp:attachment":[{"href":"https:\/\/euricse.eu\/it\/wp-json\/wp\/v2\/media?parent=11437"}],"wp:term":[{"taxonomy":"category","embeddable":true,"href":"https:\/\/euricse.eu\/it\/wp-json\/wp\/v2\/categories?post=11437"},{"taxonomy":"post_tag","embeddable":true,"href":"https:\/\/euricse.eu\/it\/wp-json\/wp\/v2\/tags?post=11437"}],"curies":[{"name":"wp","href":"https:\/\/api.w.org\/{rel}","templated":true}]}}