{"id":11488,"date":"2021-03-12T15:04:12","date_gmt":"2021-03-12T15:04:12","guid":{"rendered":"https:\/\/euricse.staging.hgblu.com\/?p=11488"},"modified":"2021-03-12T15:40:28","modified_gmt":"2021-03-12T15:40:28","slug":"agrisocial-network-euricse-nella-rete-per-lagricoltura-sociale","status":"publish","type":"post","link":"https:\/\/euricse.eu\/it\/agrisocial-network-euricse-nella-rete-per-lagricoltura-sociale\/","title":{"rendered":"Agrisocial network, Euricse nella rete per l&#8217;agricoltura sociale"},"content":{"rendered":"\n<p>Euricse \u00e8 partner scientifico di <strong>Agrisocial Network<\/strong>, progetto finanziato dal <a href=\"https:\/\/www.regione.umbria.it\/psr\" target=\"_blank\" rel=\"noreferrer noopener\">Piano di sviluppo rurale<\/a> dell\u2019Umbria, con il coinvolgimento di <strong>42 attori<\/strong> tra cooperative sociali, imprese agroalimentari, associazioni ed enti di ricerca nel settore dell\u2019agricoltura sociale. La scorsa settimana\u00a0 il gruppo operativo \u00e8 partito ufficialmente con le attivit\u00e0 guidate da tre macroobiettivi:<\/p>\n\n\n\n<ul class=\"wp-block-list\"><li>dare valore aggiunto ai prodotti dell\u2019agricoltura sociale attraverso un disciplinare e un marchio ad hoc, <\/li><li>codificare i processi produttivi in agricoltura volti all\u2019inclusione lavorativa di persone con disabilit\u00e0, ai percorsi terapeutici e ai percorsi educativi, <\/li><li>definire il processo di accreditamento dei servizi socio-sanitari connessi all\u2019agricoltura sociale.<\/li><\/ul>\n\n\n\n<p>Il percorso, che durer\u00e0 due anni ed \u00e8 stato promosso da <a href=\"http:\/\/www.umbriaconfcooperative.it\/\" target=\"_blank\" rel=\"noreferrer noopener\">Confcooperative Umbria<\/a> e Legacoop Umbria, vede la collaborazione di tre realt\u00e0 di ricerca: oltre ad Euricse, parteciperanno l\u2019<a href=\"https:\/\/www.unipg.it\/\" target=\"_blank\" rel=\"noreferrer noopener\">Universit\u00e0 di Perugia<\/a> e l\u2019<a href=\"https:\/\/www.unipi.it\/\" target=\"_blank\" rel=\"noreferrer noopener\">Universit\u00e0 di Pisa<\/a>.<\/p>\n\n\n\n<figure class=\"wp-block-image size-large\"><img loading=\"lazy\" decoding=\"async\" width=\"640\" height=\"426\" src=\"https:\/\/euricse.eu\/wp-content\/uploads\/2021\/03\/barley-field-1684052_640.jpg\" alt=\"\" class=\"wp-image-11491\" srcset=\"https:\/\/euricse.eu\/wp-content\/uploads\/2021\/03\/barley-field-1684052_640.jpg 640w, https:\/\/euricse.eu\/wp-content\/uploads\/2021\/03\/barley-field-1684052_640-300x200.jpg 300w, https:\/\/euricse.eu\/wp-content\/uploads\/2021\/03\/barley-field-1684052_640-601x400.jpg 601w\" sizes=\"auto, (max-width: 640px) 100vw, 640px\" \/><\/figure>\n\n\n\n<p>Nel progetto sono coinvolti il nostro responsabile formazione <strong>Paolo Fontana<\/strong> e i nostri due ricercatori <strong>Jacopo Sforzi<\/strong> ed <strong>Eddi Fontanari<\/strong>. Il primo si occuper\u00e0 di analizzare lo stato dell\u2019arte dell\u2019agricoltura sociale a livello nazionale ed europeo, cercando di identificare le esperienze pi\u00f9 significative. La letteratura a disposizione e gli studi di caso che verranno realizzati ad hoc in Italia attraverso un&#8217;indagine di tipo qualitativo, in collaborazione con l&#8217;Universit\u00e0 di Pisa, serviranno a mettere in risalto i principali elementi di replicabilit\u00e0 e prototipizzazione delle pratiche di agricoltura sociale.<\/p>\n\n\n\n<p>Eddi Fontanari si concentrer\u00e0 invece sull&#8217;individuazione dei Social Business Model pi\u00f9 efficienti attraverso un&#8217;analisi economico-finanziaria dei dati raccolti grazie alla predisposizione e alla somministrazione di questionari mirati rivolti alle organizzazioni coinvolte nel gruppo operativo, ai quali seguir\u00e0 un ulteriore approfondimento volto a valutare l&#8217;impatto economico sul territorio umbro. Un&#8217;ultima attivit\u00e0 riguarder\u00e0 infine lo studio e l&#8217;interpretazione del funzionamento delle best practices nazionali e internazionali in relazione all&#8217;organizzazione e al network per proporre una base conoscitiva utile per sviluppare una strategia adatta al tessuto sociale e produttivo umbro.\u00a0\u00a0\u00a0 \u00a0<\/p>\n","protected":false},"excerpt":{"rendered":"<p>Euricse \u00e8 partner scientifico di Agrisocial Network, progetto finanziato dal Piano di sviluppo rurale dell\u2019Umbria, con il coinvolgimento di 42 attori tra cooperative sociali, imprese agroalimentari, associazioni ed enti di ricerca nel settore dell\u2019agricoltura sociale. La scorsa settimana\u00a0 il gruppo operativo \u00e8 partito ufficialmente con le attivit\u00e0 guidate da tre macroobiettivi: dare valore aggiunto ai [&hellip;]<\/p>\n","protected":false},"author":30,"featured_media":11493,"comment_status":"open","ping_status":"closed","sticky":false,"template":"","format":"standard","meta":{"_acf_changed":false,"episode_type":"","audio_file":"","cover_image":"","cover_image_id":"","duration":"","filesize":"","date_recorded":"","explicit":"","block":"","itunes_episode_number":"","itunes_title":"","itunes_season_number":"","itunes_episode_type":"","filesize_raw":"","footnotes":""},"categories":[17],"tags":[114,947,948],"class_list":["post-11488","post","type-post","status-publish","format-standard","has-post-thumbnail","hentry","category-news-it","tag-agricoltura","tag-agrisocial-network","tag-agricoltura-sociale"],"acf":[],"yoast_head":"<!-- This site is optimized with the Yoast SEO plugin v26.1.1 - https:\/\/yoast.com\/wordpress\/plugins\/seo\/ -->\n<title>Agrisocial network, Euricse nella rete per l&#039;agricoltura sociale - Euricse<\/title>\n<meta name=\"robots\" content=\"index, follow, max-snippet:-1, max-image-preview:large, max-video-preview:-1\" \/>\n<link rel=\"canonical\" href=\"https:\/\/euricse.eu\/it\/agrisocial-network-euricse-nella-rete-per-lagricoltura-sociale\/\" \/>\n<meta property=\"og:locale\" content=\"it_IT\" \/>\n<meta property=\"og:type\" content=\"article\" \/>\n<meta property=\"og:title\" content=\"Agrisocial network, Euricse nella rete per l&#039;agricoltura sociale - Euricse\" \/>\n<meta property=\"og:description\" content=\"Euricse \u00e8 partner scientifico di Agrisocial Network, progetto finanziato dal Piano di sviluppo rurale dell\u2019Umbria, con il coinvolgimento di 42 attori tra cooperative sociali, imprese agroalimentari, associazioni ed enti di ricerca nel settore dell\u2019agricoltura sociale. La scorsa settimana\u00a0 il gruppo operativo \u00e8 partito ufficialmente con le attivit\u00e0 guidate da tre macroobiettivi: dare valore aggiunto ai [&hellip;]\" \/>\n<meta property=\"og:url\" content=\"https:\/\/euricse.eu\/it\/agrisocial-network-euricse-nella-rete-per-lagricoltura-sociale\/\" \/>\n<meta property=\"og:site_name\" content=\"Euricse\" \/>\n<meta property=\"article:published_time\" content=\"2021-03-12T15:04:12+00:00\" \/>\n<meta property=\"article:modified_time\" content=\"2021-03-12T15:40:28+00:00\" \/>\n<meta property=\"og:image\" content=\"https:\/\/euricse.eu\/wp-content\/uploads\/2021\/03\/154253646_101676531979976_4418578041799009955_o.jpg\" \/>\n\t<meta property=\"og:image:width\" content=\"1577\" \/>\n\t<meta property=\"og:image:height\" content=\"600\" \/>\n\t<meta property=\"og:image:type\" content=\"image\/jpeg\" \/>\n<meta name=\"author\" content=\"redazione\" \/>\n<meta name=\"twitter:card\" content=\"summary_large_image\" \/>\n<meta name=\"twitter:label1\" content=\"Scritto da\" \/>\n\t<meta name=\"twitter:data1\" content=\"redazione\" \/>\n\t<meta name=\"twitter:label2\" content=\"Tempo di lettura stimato\" \/>\n\t<meta name=\"twitter:data2\" content=\"2 minuti\" \/>\n<script type=\"application\/ld+json\" class=\"yoast-schema-graph\">{\"@context\":\"https:\/\/schema.org\",\"@graph\":[{\"@type\":\"WebPage\",\"@id\":\"https:\/\/euricse.eu\/it\/agrisocial-network-euricse-nella-rete-per-lagricoltura-sociale\/\",\"url\":\"https:\/\/euricse.eu\/it\/agrisocial-network-euricse-nella-rete-per-lagricoltura-sociale\/\",\"name\":\"Agrisocial network, Euricse nella rete per l'agricoltura sociale - Euricse\",\"isPartOf\":{\"@id\":\"https:\/\/euricse.eu\/en\/#website\"},\"primaryImageOfPage\":{\"@id\":\"https:\/\/euricse.eu\/it\/agrisocial-network-euricse-nella-rete-per-lagricoltura-sociale\/#primaryimage\"},\"image\":{\"@id\":\"https:\/\/euricse.eu\/it\/agrisocial-network-euricse-nella-rete-per-lagricoltura-sociale\/#primaryimage\"},\"thumbnailUrl\":\"https:\/\/euricse.eu\/wp-content\/uploads\/2021\/03\/154253646_101676531979976_4418578041799009955_o.jpg\",\"datePublished\":\"2021-03-12T15:04:12+00:00\",\"dateModified\":\"2021-03-12T15:40:28+00:00\",\"author\":{\"@id\":\"https:\/\/euricse.eu\/en\/#\/schema\/person\/46be9426d76e3114ba478b69f3d8040b\"},\"breadcrumb\":{\"@id\":\"https:\/\/euricse.eu\/it\/agrisocial-network-euricse-nella-rete-per-lagricoltura-sociale\/#breadcrumb\"},\"inLanguage\":\"it-IT\",\"potentialAction\":[{\"@type\":\"ReadAction\",\"target\":[\"https:\/\/euricse.eu\/it\/agrisocial-network-euricse-nella-rete-per-lagricoltura-sociale\/\"]}]},{\"@type\":\"ImageObject\",\"inLanguage\":\"it-IT\",\"@id\":\"https:\/\/euricse.eu\/it\/agrisocial-network-euricse-nella-rete-per-lagricoltura-sociale\/#primaryimage\",\"url\":\"https:\/\/euricse.eu\/wp-content\/uploads\/2021\/03\/154253646_101676531979976_4418578041799009955_o.jpg\",\"contentUrl\":\"https:\/\/euricse.eu\/wp-content\/uploads\/2021\/03\/154253646_101676531979976_4418578041799009955_o.jpg\",\"width\":1577,\"height\":600},{\"@type\":\"BreadcrumbList\",\"@id\":\"https:\/\/euricse.eu\/it\/agrisocial-network-euricse-nella-rete-per-lagricoltura-sociale\/#breadcrumb\",\"itemListElement\":[{\"@type\":\"ListItem\",\"position\":1,\"name\":\"Home\",\"item\":\"https:\/\/euricse.eu\/it\/\"},{\"@type\":\"ListItem\",\"position\":2,\"name\":\"Agrisocial network, Euricse nella rete per l&#8217;agricoltura sociale\"}]},{\"@type\":\"WebSite\",\"@id\":\"https:\/\/euricse.eu\/en\/#website\",\"url\":\"https:\/\/euricse.eu\/en\/\",\"name\":\"Euricse\",\"description\":\"Knowledge and innovation for cooperative and social enterprises.\",\"potentialAction\":[{\"@type\":\"SearchAction\",\"target\":{\"@type\":\"EntryPoint\",\"urlTemplate\":\"https:\/\/euricse.eu\/en\/?s={search_term_string}\"},\"query-input\":{\"@type\":\"PropertyValueSpecification\",\"valueRequired\":true,\"valueName\":\"search_term_string\"}}],\"inLanguage\":\"it-IT\"},{\"@type\":\"Person\",\"@id\":\"https:\/\/euricse.eu\/en\/#\/schema\/person\/46be9426d76e3114ba478b69f3d8040b\",\"name\":\"redazione\",\"image\":{\"@type\":\"ImageObject\",\"inLanguage\":\"it-IT\",\"@id\":\"https:\/\/euricse.eu\/en\/#\/schema\/person\/image\/\",\"url\":\"https:\/\/secure.gravatar.com\/avatar\/d1e5fb76fa001722a0822f32de0a8935d9c7a01b0f055f16dc71df73252c3c50?s=96&d=mm&r=g\",\"contentUrl\":\"https:\/\/secure.gravatar.com\/avatar\/d1e5fb76fa001722a0822f32de0a8935d9c7a01b0f055f16dc71df73252c3c50?s=96&d=mm&r=g\",\"caption\":\"redazione\"},\"url\":\"https:\/\/euricse.eu\/it\/author\/marikadmin\/\"}]}<\/script>\n<!-- \/ Yoast SEO plugin. -->","yoast_head_json":{"title":"Agrisocial network, Euricse nella rete per l'agricoltura sociale - Euricse","robots":{"index":"index","follow":"follow","max-snippet":"max-snippet:-1","max-image-preview":"max-image-preview:large","max-video-preview":"max-video-preview:-1"},"canonical":"https:\/\/euricse.eu\/it\/agrisocial-network-euricse-nella-rete-per-lagricoltura-sociale\/","og_locale":"it_IT","og_type":"article","og_title":"Agrisocial network, Euricse nella rete per l'agricoltura sociale - Euricse","og_description":"Euricse \u00e8 partner scientifico di Agrisocial Network, progetto finanziato dal Piano di sviluppo rurale dell\u2019Umbria, con il coinvolgimento di 42 attori tra cooperative sociali, imprese agroalimentari, associazioni ed enti di ricerca nel settore dell\u2019agricoltura sociale. La scorsa settimana\u00a0 il gruppo operativo \u00e8 partito ufficialmente con le attivit\u00e0 guidate da tre macroobiettivi: dare valore aggiunto ai [&hellip;]","og_url":"https:\/\/euricse.eu\/it\/agrisocial-network-euricse-nella-rete-per-lagricoltura-sociale\/","og_site_name":"Euricse","article_published_time":"2021-03-12T15:04:12+00:00","article_modified_time":"2021-03-12T15:40:28+00:00","og_image":[{"width":1577,"height":600,"url":"https:\/\/euricse.eu\/wp-content\/uploads\/2021\/03\/154253646_101676531979976_4418578041799009955_o.jpg","type":"image\/jpeg"}],"author":"redazione","twitter_card":"summary_large_image","twitter_misc":{"Scritto da":"redazione","Tempo di lettura stimato":"2 minuti"},"schema":{"@context":"https:\/\/schema.org","@graph":[{"@type":"WebPage","@id":"https:\/\/euricse.eu\/it\/agrisocial-network-euricse-nella-rete-per-lagricoltura-sociale\/","url":"https:\/\/euricse.eu\/it\/agrisocial-network-euricse-nella-rete-per-lagricoltura-sociale\/","name":"Agrisocial network, Euricse nella rete per l'agricoltura sociale - Euricse","isPartOf":{"@id":"https:\/\/euricse.eu\/en\/#website"},"primaryImageOfPage":{"@id":"https:\/\/euricse.eu\/it\/agrisocial-network-euricse-nella-rete-per-lagricoltura-sociale\/#primaryimage"},"image":{"@id":"https:\/\/euricse.eu\/it\/agrisocial-network-euricse-nella-rete-per-lagricoltura-sociale\/#primaryimage"},"thumbnailUrl":"https:\/\/euricse.eu\/wp-content\/uploads\/2021\/03\/154253646_101676531979976_4418578041799009955_o.jpg","datePublished":"2021-03-12T15:04:12+00:00","dateModified":"2021-03-12T15:40:28+00:00","author":{"@id":"https:\/\/euricse.eu\/en\/#\/schema\/person\/46be9426d76e3114ba478b69f3d8040b"},"breadcrumb":{"@id":"https:\/\/euricse.eu\/it\/agrisocial-network-euricse-nella-rete-per-lagricoltura-sociale\/#breadcrumb"},"inLanguage":"it-IT","potentialAction":[{"@type":"ReadAction","target":["https:\/\/euricse.eu\/it\/agrisocial-network-euricse-nella-rete-per-lagricoltura-sociale\/"]}]},{"@type":"ImageObject","inLanguage":"it-IT","@id":"https:\/\/euricse.eu\/it\/agrisocial-network-euricse-nella-rete-per-lagricoltura-sociale\/#primaryimage","url":"https:\/\/euricse.eu\/wp-content\/uploads\/2021\/03\/154253646_101676531979976_4418578041799009955_o.jpg","contentUrl":"https:\/\/euricse.eu\/wp-content\/uploads\/2021\/03\/154253646_101676531979976_4418578041799009955_o.jpg","width":1577,"height":600},{"@type":"BreadcrumbList","@id":"https:\/\/euricse.eu\/it\/agrisocial-network-euricse-nella-rete-per-lagricoltura-sociale\/#breadcrumb","itemListElement":[{"@type":"ListItem","position":1,"name":"Home","item":"https:\/\/euricse.eu\/it\/"},{"@type":"ListItem","position":2,"name":"Agrisocial network, Euricse nella rete per l&#8217;agricoltura sociale"}]},{"@type":"WebSite","@id":"https:\/\/euricse.eu\/en\/#website","url":"https:\/\/euricse.eu\/en\/","name":"Euricse","description":"Knowledge and innovation for cooperative and social enterprises.","potentialAction":[{"@type":"SearchAction","target":{"@type":"EntryPoint","urlTemplate":"https:\/\/euricse.eu\/en\/?s={search_term_string}"},"query-input":{"@type":"PropertyValueSpecification","valueRequired":true,"valueName":"search_term_string"}}],"inLanguage":"it-IT"},{"@type":"Person","@id":"https:\/\/euricse.eu\/en\/#\/schema\/person\/46be9426d76e3114ba478b69f3d8040b","name":"redazione","image":{"@type":"ImageObject","inLanguage":"it-IT","@id":"https:\/\/euricse.eu\/en\/#\/schema\/person\/image\/","url":"https:\/\/secure.gravatar.com\/avatar\/d1e5fb76fa001722a0822f32de0a8935d9c7a01b0f055f16dc71df73252c3c50?s=96&d=mm&r=g","contentUrl":"https:\/\/secure.gravatar.com\/avatar\/d1e5fb76fa001722a0822f32de0a8935d9c7a01b0f055f16dc71df73252c3c50?s=96&d=mm&r=g","caption":"redazione"},"url":"https:\/\/euricse.eu\/it\/author\/marikadmin\/"}]}},"_links":{"self":[{"href":"https:\/\/euricse.eu\/it\/wp-json\/wp\/v2\/posts\/11488","targetHints":{"allow":["GET"]}}],"collection":[{"href":"https:\/\/euricse.eu\/it\/wp-json\/wp\/v2\/posts"}],"about":[{"href":"https:\/\/euricse.eu\/it\/wp-json\/wp\/v2\/types\/post"}],"author":[{"embeddable":true,"href":"https:\/\/euricse.eu\/it\/wp-json\/wp\/v2\/users\/30"}],"replies":[{"embeddable":true,"href":"https:\/\/euricse.eu\/it\/wp-json\/wp\/v2\/comments?post=11488"}],"version-history":[{"count":0,"href":"https:\/\/euricse.eu\/it\/wp-json\/wp\/v2\/posts\/11488\/revisions"}],"wp:featuredmedia":[{"embeddable":true,"href":"https:\/\/euricse.eu\/it\/wp-json\/wp\/v2\/media\/11493"}],"wp:attachment":[{"href":"https:\/\/euricse.eu\/it\/wp-json\/wp\/v2\/media?parent=11488"}],"wp:term":[{"taxonomy":"category","embeddable":true,"href":"https:\/\/euricse.eu\/it\/wp-json\/wp\/v2\/categories?post=11488"},{"taxonomy":"post_tag","embeddable":true,"href":"https:\/\/euricse.eu\/it\/wp-json\/wp\/v2\/tags?post=11488"}],"curies":[{"name":"wp","href":"https:\/\/api.w.org\/{rel}","templated":true}]}}