{"id":11509,"date":"2021-03-16T11:34:36","date_gmt":"2021-03-16T11:34:36","guid":{"rendered":"https:\/\/euricse.staging.hgblu.com\/?p=11509"},"modified":"2022-05-13T10:25:30","modified_gmt":"2022-05-13T09:25:30","slug":"formazione-per-le-nuove-competenze-crescita-e-competitivita-il-primo-avviso-foncoop-del-2021","status":"publish","type":"post","link":"https:\/\/euricse.eu\/it\/formazione-per-le-nuove-competenze-crescita-e-competitivita-il-primo-avviso-foncoop-del-2021\/","title":{"rendered":"Formazione per le nuove competenze, crescita e competitivit\u00e0: il primo avviso Foncoop del 2021"},"content":{"rendered":"\r\n\r\n\r\n<p>\u201cIl primo Avviso Fon.Coop del 2021 \u00e8 dedicato alle Pmi che stanno affrontando le disfunzioni economiche e sociali determinate dal perdurare della pandemia. La formazione, per sua natura leva di cambiamento e orientata al futuro, \u00e8 determinante per la crescita e la competitivit\u00e0 delle nostre aderenti. Sono 4 gli ambiti prioritari in cui identificare le nuove competenze: trasformazioni organizzative anche verso settori emergenti come il green e il digitale, occupazione giovanile, valorizzazione del ruolo delle donne, promozione dell\u2019imprenditorialit\u00e0 cooperativa\u201d<\/p>\r\n\r\n\r\n\r\n<p><strong>Stefania Serafini<\/strong>, Presidente di <a href=\"https:\/\/www.foncoop.coop\/\" target=\"_blank\" rel=\"noreferrer noopener\">Fon.Coop<\/a> illustra sinteticamente l\u2019<a href=\"https:\/\/www.foncoop.coop\/fondo-di-rotazione\/avviso-47-nuove-competenze\/\"><strong>Avviso 47 Aziendale \u201cNuove competenze per la crescita e la competitivit\u00e0\u201d<\/strong><\/a> recentemente pubblicato e che stanzia<strong> 4,5 milioni<\/strong> di euro per piani formativi da presentare entro il 28 maggio 2021.<\/p>\r\n\r\n\r\n\r\n<p>\u201cAggiungo \u2013 prosegue la Presidente \u2013 che l\u2019ambito di riferimento in cui l\u2019Avviso promuove crescita e competitivit\u00e0 rispecchia la visione di sviluppo che il Fondo ha sempre avuto e che qui \u00e8 ribadita con forza: qualificazione delle prestazioni in armonia con lo sviluppo del capitale umano, stabilit\u00e0 dell\u2019occupazione, benessere organizzativo e lavoro di qualit\u00e0\u201d.<\/p>\r\n\r\n\r\n\r\n<p>E su questo dichiara la Vice Presidente <strong>Francesca Mandato<\/strong>: \u201cNel quadro di attivit\u00e0 formative volte alla salvaguardia dell\u2019occupazione, le lavoratrici ed i lavoratori potranno valorizzare le competenze esistenti, acquisirne di ulteriori, ed imparare ad affrontare &#8211; con tecniche, strumenti e mentalit\u00e0 nuovi &#8211; questo periodo di grande incertezza\u201d.<\/p>\r\n\r\n\r\n\r\n<p>I piani formativi dell\u2019Avviso 47 possono essere oggetto di contributo a valere sul Fondo Nuove Competenze.<\/p>\r\n\r\n\r\n\r\n<p>La pubblicazione dell\u2019Avviso 47 del Fondo di Rotazione si inserisce nelle nuove operativit\u00e0 promosse dal Fondo per finanziare la formazione delle imprese aderenti. Il 23 febbraio 2021 \u00e8 stato aperto il <a href=\"https:\/\/www.foncoop.coop\/conto-formativo\/cf-2019\/\">Conto Formativo<\/a>, canale di accesso diretto alle risorse per la formazione ed \u00e8 stata avviata l\u2019iniziativa per le PMI aderenti, che <a href=\"https:\/\/www.foncoop.coop\/programmazione\/\">fino al 20 aprile possono scegliere<\/a> come fare formazione con Fon.Coop.<\/p>\r\n","protected":false},"excerpt":{"rendered":"<p>\u201cIl primo Avviso Fon.Coop del 2021 \u00e8 dedicato alle Pmi che stanno affrontando le disfunzioni economiche e sociali determinate dal perdurare della pandemia. La formazione, per sua natura leva di cambiamento e orientata al futuro, \u00e8 determinante per la crescita e la competitivit\u00e0 delle nostre aderenti. Sono 4 gli ambiti prioritari in cui identificare le [&hellip;]<\/p>\n","protected":false},"author":30,"featured_media":15786,"comment_status":"closed","ping_status":"closed","sticky":false,"template":"","format":"standard","meta":{"_acf_changed":false,"episode_type":"","audio_file":"","cover_image":"","cover_image_id":"","duration":"","filesize":"","date_recorded":"","explicit":"","block":"","itunes_episode_number":"","itunes_title":"","itunes_season_number":"","itunes_episode_type":"","filesize_raw":"","footnotes":""},"categories":[17],"tags":[264],"class_list":["post-11509","post","type-post","status-publish","format-standard","has-post-thumbnail","hentry","category-news-it","tag-formazione"],"acf":[],"yoast_head":"<!-- This site is optimized with the Yoast SEO plugin v26.1.1 - https:\/\/yoast.com\/wordpress\/plugins\/seo\/ -->\n<title>Formazione per le nuove competenze, crescita e competitivit\u00e0: il primo avviso Foncoop del 2021 - Euricse<\/title>\n<meta name=\"robots\" content=\"index, follow, max-snippet:-1, max-image-preview:large, max-video-preview:-1\" \/>\n<link rel=\"canonical\" href=\"https:\/\/euricse.eu\/it\/formazione-per-le-nuove-competenze-crescita-e-competitivita-il-primo-avviso-foncoop-del-2021\/\" \/>\n<meta property=\"og:locale\" content=\"it_IT\" \/>\n<meta property=\"og:type\" content=\"article\" \/>\n<meta property=\"og:title\" content=\"Formazione per le nuove competenze, crescita e competitivit\u00e0: il primo avviso Foncoop del 2021 - Euricse\" \/>\n<meta property=\"og:description\" content=\"\u201cIl primo Avviso Fon.Coop del 2021 \u00e8 dedicato alle Pmi che stanno affrontando le disfunzioni economiche e sociali determinate dal perdurare della pandemia. La formazione, per sua natura leva di cambiamento e orientata al futuro, \u00e8 determinante per la crescita e la competitivit\u00e0 delle nostre aderenti. Sono 4 gli ambiti prioritari in cui identificare le [&hellip;]\" \/>\n<meta property=\"og:url\" content=\"https:\/\/euricse.eu\/it\/formazione-per-le-nuove-competenze-crescita-e-competitivita-il-primo-avviso-foncoop-del-2021\/\" \/>\n<meta property=\"og:site_name\" content=\"Euricse\" \/>\n<meta property=\"article:published_time\" content=\"2021-03-16T11:34:36+00:00\" \/>\n<meta property=\"article:modified_time\" content=\"2022-05-13T09:25:30+00:00\" \/>\n<meta property=\"og:image\" content=\"https:\/\/euricse.eu\/wp-content\/uploads\/2021\/03\/pexels-fauxels-3184327-1024x683-1.jpg\" \/>\n\t<meta property=\"og:image:width\" content=\"1024\" \/>\n\t<meta property=\"og:image:height\" content=\"683\" \/>\n\t<meta property=\"og:image:type\" content=\"image\/jpeg\" \/>\n<meta name=\"author\" content=\"redazione\" \/>\n<meta name=\"twitter:card\" content=\"summary_large_image\" \/>\n<meta name=\"twitter:label1\" content=\"Scritto da\" \/>\n\t<meta name=\"twitter:data1\" content=\"redazione\" \/>\n\t<meta name=\"twitter:label2\" content=\"Tempo di lettura stimato\" \/>\n\t<meta name=\"twitter:data2\" content=\"1 minuto\" \/>\n<script type=\"application\/ld+json\" class=\"yoast-schema-graph\">{\"@context\":\"https:\/\/schema.org\",\"@graph\":[{\"@type\":\"WebPage\",\"@id\":\"https:\/\/euricse.eu\/it\/formazione-per-le-nuove-competenze-crescita-e-competitivita-il-primo-avviso-foncoop-del-2021\/\",\"url\":\"https:\/\/euricse.eu\/it\/formazione-per-le-nuove-competenze-crescita-e-competitivita-il-primo-avviso-foncoop-del-2021\/\",\"name\":\"Formazione per le nuove competenze, crescita e competitivit\u00e0: il primo avviso Foncoop del 2021 - Euricse\",\"isPartOf\":{\"@id\":\"https:\/\/euricse.eu\/en\/#website\"},\"primaryImageOfPage\":{\"@id\":\"https:\/\/euricse.eu\/it\/formazione-per-le-nuove-competenze-crescita-e-competitivita-il-primo-avviso-foncoop-del-2021\/#primaryimage\"},\"image\":{\"@id\":\"https:\/\/euricse.eu\/it\/formazione-per-le-nuove-competenze-crescita-e-competitivita-il-primo-avviso-foncoop-del-2021\/#primaryimage\"},\"thumbnailUrl\":\"https:\/\/euricse.eu\/wp-content\/uploads\/2021\/03\/pexels-fauxels-3184327-1024x683-1.jpg\",\"datePublished\":\"2021-03-16T11:34:36+00:00\",\"dateModified\":\"2022-05-13T09:25:30+00:00\",\"author\":{\"@id\":\"https:\/\/euricse.eu\/en\/#\/schema\/person\/46be9426d76e3114ba478b69f3d8040b\"},\"breadcrumb\":{\"@id\":\"https:\/\/euricse.eu\/it\/formazione-per-le-nuove-competenze-crescita-e-competitivita-il-primo-avviso-foncoop-del-2021\/#breadcrumb\"},\"inLanguage\":\"it-IT\",\"potentialAction\":[{\"@type\":\"ReadAction\",\"target\":[\"https:\/\/euricse.eu\/it\/formazione-per-le-nuove-competenze-crescita-e-competitivita-il-primo-avviso-foncoop-del-2021\/\"]}]},{\"@type\":\"ImageObject\",\"inLanguage\":\"it-IT\",\"@id\":\"https:\/\/euricse.eu\/it\/formazione-per-le-nuove-competenze-crescita-e-competitivita-il-primo-avviso-foncoop-del-2021\/#primaryimage\",\"url\":\"https:\/\/euricse.eu\/wp-content\/uploads\/2021\/03\/pexels-fauxels-3184327-1024x683-1.jpg\",\"contentUrl\":\"https:\/\/euricse.eu\/wp-content\/uploads\/2021\/03\/pexels-fauxels-3184327-1024x683-1.jpg\",\"width\":1024,\"height\":683},{\"@type\":\"BreadcrumbList\",\"@id\":\"https:\/\/euricse.eu\/it\/formazione-per-le-nuove-competenze-crescita-e-competitivita-il-primo-avviso-foncoop-del-2021\/#breadcrumb\",\"itemListElement\":[{\"@type\":\"ListItem\",\"position\":1,\"name\":\"Home\",\"item\":\"https:\/\/euricse.eu\/it\/\"},{\"@type\":\"ListItem\",\"position\":2,\"name\":\"Formazione per le nuove competenze, crescita e competitivit\u00e0: il primo avviso Foncoop del 2021\"}]},{\"@type\":\"WebSite\",\"@id\":\"https:\/\/euricse.eu\/en\/#website\",\"url\":\"https:\/\/euricse.eu\/en\/\",\"name\":\"Euricse\",\"description\":\"Knowledge and innovation for cooperative and social enterprises.\",\"potentialAction\":[{\"@type\":\"SearchAction\",\"target\":{\"@type\":\"EntryPoint\",\"urlTemplate\":\"https:\/\/euricse.eu\/en\/?s={search_term_string}\"},\"query-input\":{\"@type\":\"PropertyValueSpecification\",\"valueRequired\":true,\"valueName\":\"search_term_string\"}}],\"inLanguage\":\"it-IT\"},{\"@type\":\"Person\",\"@id\":\"https:\/\/euricse.eu\/en\/#\/schema\/person\/46be9426d76e3114ba478b69f3d8040b\",\"name\":\"redazione\",\"image\":{\"@type\":\"ImageObject\",\"inLanguage\":\"it-IT\",\"@id\":\"https:\/\/euricse.eu\/en\/#\/schema\/person\/image\/\",\"url\":\"https:\/\/secure.gravatar.com\/avatar\/d1e5fb76fa001722a0822f32de0a8935d9c7a01b0f055f16dc71df73252c3c50?s=96&d=mm&r=g\",\"contentUrl\":\"https:\/\/secure.gravatar.com\/avatar\/d1e5fb76fa001722a0822f32de0a8935d9c7a01b0f055f16dc71df73252c3c50?s=96&d=mm&r=g\",\"caption\":\"redazione\"},\"url\":\"https:\/\/euricse.eu\/it\/author\/marikadmin\/\"}]}<\/script>\n<!-- \/ Yoast SEO plugin. -->","yoast_head_json":{"title":"Formazione per le nuove competenze, crescita e competitivit\u00e0: il primo avviso Foncoop del 2021 - Euricse","robots":{"index":"index","follow":"follow","max-snippet":"max-snippet:-1","max-image-preview":"max-image-preview:large","max-video-preview":"max-video-preview:-1"},"canonical":"https:\/\/euricse.eu\/it\/formazione-per-le-nuove-competenze-crescita-e-competitivita-il-primo-avviso-foncoop-del-2021\/","og_locale":"it_IT","og_type":"article","og_title":"Formazione per le nuove competenze, crescita e competitivit\u00e0: il primo avviso Foncoop del 2021 - Euricse","og_description":"\u201cIl primo Avviso Fon.Coop del 2021 \u00e8 dedicato alle Pmi che stanno affrontando le disfunzioni economiche e sociali determinate dal perdurare della pandemia. La formazione, per sua natura leva di cambiamento e orientata al futuro, \u00e8 determinante per la crescita e la competitivit\u00e0 delle nostre aderenti. Sono 4 gli ambiti prioritari in cui identificare le [&hellip;]","og_url":"https:\/\/euricse.eu\/it\/formazione-per-le-nuove-competenze-crescita-e-competitivita-il-primo-avviso-foncoop-del-2021\/","og_site_name":"Euricse","article_published_time":"2021-03-16T11:34:36+00:00","article_modified_time":"2022-05-13T09:25:30+00:00","og_image":[{"width":1024,"height":683,"url":"https:\/\/euricse.eu\/wp-content\/uploads\/2021\/03\/pexels-fauxels-3184327-1024x683-1.jpg","type":"image\/jpeg"}],"author":"redazione","twitter_card":"summary_large_image","twitter_misc":{"Scritto da":"redazione","Tempo di lettura stimato":"1 minuto"},"schema":{"@context":"https:\/\/schema.org","@graph":[{"@type":"WebPage","@id":"https:\/\/euricse.eu\/it\/formazione-per-le-nuove-competenze-crescita-e-competitivita-il-primo-avviso-foncoop-del-2021\/","url":"https:\/\/euricse.eu\/it\/formazione-per-le-nuove-competenze-crescita-e-competitivita-il-primo-avviso-foncoop-del-2021\/","name":"Formazione per le nuove competenze, crescita e competitivit\u00e0: il primo avviso Foncoop del 2021 - Euricse","isPartOf":{"@id":"https:\/\/euricse.eu\/en\/#website"},"primaryImageOfPage":{"@id":"https:\/\/euricse.eu\/it\/formazione-per-le-nuove-competenze-crescita-e-competitivita-il-primo-avviso-foncoop-del-2021\/#primaryimage"},"image":{"@id":"https:\/\/euricse.eu\/it\/formazione-per-le-nuove-competenze-crescita-e-competitivita-il-primo-avviso-foncoop-del-2021\/#primaryimage"},"thumbnailUrl":"https:\/\/euricse.eu\/wp-content\/uploads\/2021\/03\/pexels-fauxels-3184327-1024x683-1.jpg","datePublished":"2021-03-16T11:34:36+00:00","dateModified":"2022-05-13T09:25:30+00:00","author":{"@id":"https:\/\/euricse.eu\/en\/#\/schema\/person\/46be9426d76e3114ba478b69f3d8040b"},"breadcrumb":{"@id":"https:\/\/euricse.eu\/it\/formazione-per-le-nuove-competenze-crescita-e-competitivita-il-primo-avviso-foncoop-del-2021\/#breadcrumb"},"inLanguage":"it-IT","potentialAction":[{"@type":"ReadAction","target":["https:\/\/euricse.eu\/it\/formazione-per-le-nuove-competenze-crescita-e-competitivita-il-primo-avviso-foncoop-del-2021\/"]}]},{"@type":"ImageObject","inLanguage":"it-IT","@id":"https:\/\/euricse.eu\/it\/formazione-per-le-nuove-competenze-crescita-e-competitivita-il-primo-avviso-foncoop-del-2021\/#primaryimage","url":"https:\/\/euricse.eu\/wp-content\/uploads\/2021\/03\/pexels-fauxels-3184327-1024x683-1.jpg","contentUrl":"https:\/\/euricse.eu\/wp-content\/uploads\/2021\/03\/pexels-fauxels-3184327-1024x683-1.jpg","width":1024,"height":683},{"@type":"BreadcrumbList","@id":"https:\/\/euricse.eu\/it\/formazione-per-le-nuove-competenze-crescita-e-competitivita-il-primo-avviso-foncoop-del-2021\/#breadcrumb","itemListElement":[{"@type":"ListItem","position":1,"name":"Home","item":"https:\/\/euricse.eu\/it\/"},{"@type":"ListItem","position":2,"name":"Formazione per le nuove competenze, crescita e competitivit\u00e0: il primo avviso Foncoop del 2021"}]},{"@type":"WebSite","@id":"https:\/\/euricse.eu\/en\/#website","url":"https:\/\/euricse.eu\/en\/","name":"Euricse","description":"Knowledge and innovation for cooperative and social enterprises.","potentialAction":[{"@type":"SearchAction","target":{"@type":"EntryPoint","urlTemplate":"https:\/\/euricse.eu\/en\/?s={search_term_string}"},"query-input":{"@type":"PropertyValueSpecification","valueRequired":true,"valueName":"search_term_string"}}],"inLanguage":"it-IT"},{"@type":"Person","@id":"https:\/\/euricse.eu\/en\/#\/schema\/person\/46be9426d76e3114ba478b69f3d8040b","name":"redazione","image":{"@type":"ImageObject","inLanguage":"it-IT","@id":"https:\/\/euricse.eu\/en\/#\/schema\/person\/image\/","url":"https:\/\/secure.gravatar.com\/avatar\/d1e5fb76fa001722a0822f32de0a8935d9c7a01b0f055f16dc71df73252c3c50?s=96&d=mm&r=g","contentUrl":"https:\/\/secure.gravatar.com\/avatar\/d1e5fb76fa001722a0822f32de0a8935d9c7a01b0f055f16dc71df73252c3c50?s=96&d=mm&r=g","caption":"redazione"},"url":"https:\/\/euricse.eu\/it\/author\/marikadmin\/"}]}},"_links":{"self":[{"href":"https:\/\/euricse.eu\/it\/wp-json\/wp\/v2\/posts\/11509","targetHints":{"allow":["GET"]}}],"collection":[{"href":"https:\/\/euricse.eu\/it\/wp-json\/wp\/v2\/posts"}],"about":[{"href":"https:\/\/euricse.eu\/it\/wp-json\/wp\/v2\/types\/post"}],"author":[{"embeddable":true,"href":"https:\/\/euricse.eu\/it\/wp-json\/wp\/v2\/users\/30"}],"replies":[{"embeddable":true,"href":"https:\/\/euricse.eu\/it\/wp-json\/wp\/v2\/comments?post=11509"}],"version-history":[{"count":1,"href":"https:\/\/euricse.eu\/it\/wp-json\/wp\/v2\/posts\/11509\/revisions"}],"predecessor-version":[{"id":15788,"href":"https:\/\/euricse.eu\/it\/wp-json\/wp\/v2\/posts\/11509\/revisions\/15788"}],"wp:featuredmedia":[{"embeddable":true,"href":"https:\/\/euricse.eu\/it\/wp-json\/wp\/v2\/media\/15786"}],"wp:attachment":[{"href":"https:\/\/euricse.eu\/it\/wp-json\/wp\/v2\/media?parent=11509"}],"wp:term":[{"taxonomy":"category","embeddable":true,"href":"https:\/\/euricse.eu\/it\/wp-json\/wp\/v2\/categories?post=11509"},{"taxonomy":"post_tag","embeddable":true,"href":"https:\/\/euricse.eu\/it\/wp-json\/wp\/v2\/tags?post=11509"}],"curies":[{"name":"wp","href":"https:\/\/api.w.org\/{rel}","templated":true}]}}