{"id":11524,"date":"2021-03-18T14:14:43","date_gmt":"2021-03-18T14:14:43","guid":{"rendered":"https:\/\/euricse.staging.hgblu.com\/?p=11524"},"modified":"2021-03-18T15:06:22","modified_gmt":"2021-03-18T15:06:22","slug":"otto-parole-chiave-per-uneconomia-sociale-protagonista-della-ripresa","status":"publish","type":"post","link":"https:\/\/euricse.eu\/it\/otto-parole-chiave-per-uneconomia-sociale-protagonista-della-ripresa\/","title":{"rendered":"Otto parole chiave per un\u2019economia sociale protagonista della ripresa"},"content":{"rendered":"\n<p><strong>Consolidamento attraverso nuove misure finanziarie; sostegno all\u2019innovazione; attuazione dell\u2019amministrazione condivisa; sgravi fiscali per l\u2019occupazione; formazione negli atenei e corsi professionalizzanti; visibilit\u00e0 grazie ad un conto satellite Istat ad hoc; dialogo istituzionale mediante la costituzione di un comitato nazionale per l\u2019economia sociale; investimento sulle iniziative degli organismi internazionali.<br>Sono le 8 parole-chiave messe a fuoco da Euricse per un Piano d\u2019azione sull\u2019economia sociale. Il documento \u00e8 stato presentato oggi al CNEL con la viceministra dell\u2019Economia e delle Finanze Laura Castelli, e condiviso con alcune realt\u00e0 di spicco del Terzo settore come Alleanza delle cooperative italiane, Assifero e Fondazione Italia Sociale.<\/strong><\/p>\n\n\n\n<h3 class=\"wp-block-heading\"><a href=\"https:\/\/euricse.eu\/it\/publications\/contributo-per-un-piano-dazione-sulleconomia-sociale\/\" target=\"_blank\" rel=\"noreferrer noopener\">Leggi<\/a> il documento<\/h3>\n\n\n\n<h3 class=\"wp-block-heading\"><a href=\"https:\/\/www.youtube.com\/watch?v=zS7KsP6r5DY\" target=\"_blank\" rel=\"noreferrer noopener\">Guarda <\/a>il webinar di presentazione<\/h3>\n\n\n\n<figure class=\"wp-block-image size-large\"><img loading=\"lazy\" decoding=\"async\" width=\"1024\" height=\"582\" src=\"https:\/\/euricse.eu\/wp-content\/uploads\/2021\/03\/screenshotCNEL-1024x582.png\" alt=\"\" class=\"wp-image-11525\" srcset=\"https:\/\/euricse.eu\/wp-content\/uploads\/2021\/03\/screenshotCNEL-1024x582.png 1024w, https:\/\/euricse.eu\/wp-content\/uploads\/2021\/03\/screenshotCNEL-300x170.png 300w, https:\/\/euricse.eu\/wp-content\/uploads\/2021\/03\/screenshotCNEL-670x381.png 670w, https:\/\/euricse.eu\/wp-content\/uploads\/2021\/03\/screenshotCNEL-768x436.png 768w, https:\/\/euricse.eu\/wp-content\/uploads\/2021\/03\/screenshotCNEL-1536x873.png 1536w, https:\/\/euricse.eu\/wp-content\/uploads\/2021\/03\/screenshotCNEL.png 1570w\" sizes=\"auto, (max-width: 1024px) 100vw, 1024px\" \/><\/figure>\n\n\n\n<p>L\u2019economia sociale in Europa conta 2,8 milioni di organizzazioni tra cooperative, associazioni, enti di volontariato, fondazioni, enti filantropici e religiosi. In Italia le organizzazioni sono 380mila, per un valore aggiunto di 50 miliardi e 1,5 milioni di occupati. Anche alla luce di questi numeri, i relatori intervenuti hanno concordato innanzitutto sulla necessit\u00e0 di un Piano di azione per l\u2019economia sociale a supporto del Piano Nazionale di Ripresa e Resilienza (PNRR). Prima dell\u2019inizio dei lavori, aperti dal presidente del CNEL <strong>Tiziano Treu<\/strong>, \u00e8 stato osservato un minuto di raccoglimento e sono state esposte le bandiere a mezz\u2019asta in memoria delle vittime del Covid.<\/p>\n\n\n\n<p>\u201cL\u2019economia sociale &#8211; ha detto <strong>Gianluca Salvatori<\/strong>, segretario generale Euricse \u2013 \u00e8 fondamentale per la ripresa. Metterla a tema deve essere una priorit\u00e0. L\u2019Italia, oltretutto, \u00e8 una delle realt\u00e0 pi\u00f9 sviluppate in questo settore e dovrebbe assumersi il compito di contribuire significativamente ad un piano europeo\u201d.<\/p>\n\n\n\n<figure class=\"wp-block-image size-large\"><img loading=\"lazy\" decoding=\"async\" width=\"1024\" height=\"641\" src=\"https:\/\/euricse.eu\/wp-content\/uploads\/2021\/03\/ScreenShotSalvatori-1024x641.png\" alt=\"\" class=\"wp-image-11527\" srcset=\"https:\/\/euricse.eu\/wp-content\/uploads\/2021\/03\/ScreenShotSalvatori-1024x641.png 1024w, https:\/\/euricse.eu\/wp-content\/uploads\/2021\/03\/ScreenShotSalvatori-300x188.png 300w, https:\/\/euricse.eu\/wp-content\/uploads\/2021\/03\/ScreenShotSalvatori-639x400.png 639w, https:\/\/euricse.eu\/wp-content\/uploads\/2021\/03\/ScreenShotSalvatori-768x480.png 768w, https:\/\/euricse.eu\/wp-content\/uploads\/2021\/03\/ScreenShotSalvatori-1536x961.png 1536w, https:\/\/euricse.eu\/wp-content\/uploads\/2021\/03\/ScreenShotSalvatori.png 1621w\" sizes=\"auto, (max-width: 1024px) 100vw, 1024px\" \/><\/figure>\n\n\n\n<p>Per il presidente Treu, \u201cil settore va sostenuto anche con strumenti normativi che siano in grado di valorizzarne il ruolo, emerso con forza durante la pandemia, di tutte le realt\u00e0 del privato sociale con riferimento particolare all\u2019assistenza e cura che in alcuni casi hanno sopperito alle difficolt\u00e0 delle istituzioni, garantendo di raggiungere tutti\u201d.<\/p>\n\n\n\n<p>&#8220;L\u2019economia sociale incide tanto nella societ\u00e0 italiana ma non \u00e8 adeguatamente tenuta in considerazione da parte del decisore politico. Occorre cambiare passo, serve un\u2019alleanza virtuosa con lo Stato alla luce della recente sentenza della Corte costituzionale secondo cui il bene comune si realizza mediante la collaborazione con i soggetti dell\u2019economia sociale non profit in una logica di condivisione e coprogettazione\u201d, ha aggiunto il consigliere CNEL <strong>Gian Paolo Gualaccini<\/strong>, capodelegazione del Terzo Settore &#8211; Non profit<\/p>\n\n\n\n<figure class=\"wp-block-image size-large\"><img loading=\"lazy\" decoding=\"async\" width=\"1024\" height=\"632\" src=\"https:\/\/euricse.eu\/wp-content\/uploads\/2021\/03\/screenshotTreuGualaccini-1024x632.png\" alt=\"\" class=\"wp-image-11529\" srcset=\"https:\/\/euricse.eu\/wp-content\/uploads\/2021\/03\/screenshotTreuGualaccini-1024x632.png 1024w, https:\/\/euricse.eu\/wp-content\/uploads\/2021\/03\/screenshotTreuGualaccini-300x185.png 300w, https:\/\/euricse.eu\/wp-content\/uploads\/2021\/03\/screenshotTreuGualaccini-648x400.png 648w, https:\/\/euricse.eu\/wp-content\/uploads\/2021\/03\/screenshotTreuGualaccini-768x474.png 768w, https:\/\/euricse.eu\/wp-content\/uploads\/2021\/03\/screenshotTreuGualaccini-1536x948.png 1536w, https:\/\/euricse.eu\/wp-content\/uploads\/2021\/03\/screenshotTreuGualaccini.png 1645w\" sizes=\"auto, (max-width: 1024px) 100vw, 1024px\" \/><\/figure>\n\n\n\n<p>\u201cIn questo momento, con il coinvolgimento di Parlamento e CNEL, diventa estremamente importante fare quelle riflessioni e anche quelle riforme normative che servono all\u2019economia sociale per riconoscere a tutto il settore, dal volontariato al mondo della cooperazione e dell\u2019imprese sociale, il ruolo ed il valore dell\u2019attivit\u00e0 che portate avanti &#8211; ha evidenziato la viceministra dell\u2019Economia e Finanze, <strong>Laura Castelli<\/strong> &#8211; \u00c8 un lavoro ancora pi\u00f9 fondamentale se diamo per assodato che, anche all&#8217;interno del PNRR, il coinvolgimento di tutte le realt\u00e0 che caratterizzano l\u2019intera economia sociale non sar\u00e0 limitato all\u2019inclusione sociale, ma sar\u00e0 trasversale a tutti gli assi del Recovery Plan. Dalla formazione, alla cura della persona e dell\u2019ambiente il vostro apporto \u00e8 importantissimo, siete campioni anche in questi settori\u201d.<\/p>\n\n\n\n<p>&nbsp;\u201cL&#8217;emergenza sanitaria ha dimostrato che non c&#8217; \u00e8 possibilit\u00e0 di sviluppo senza l&#8217;apporto&nbsp;&nbsp; delle organizzazioni dell&#8217;economia sociale. Occorre riconoscere e potenziare il ruolo di questi soggetti, considerandoli come strategici per il piano di ricostruzione del nostro Paese\u201d, ha sottolineato <strong>Cristina De Luca<\/strong>, vicepresidente di Fondazione Italia Sociale.<\/p>\n\n\n\n<p>&nbsp;\u201cL\u2019economia sociale, espressione del protagonismo attivo e responsabile di milioni di cittadini \u2013 ha commentato <strong>Mauro Lusetti<\/strong>, Presidente dell\u2019Alleanza delle Cooperative &#8211; d\u00e0 quotidianamente, con il supporto delle sue attuali strutture di rappresentanza, un contributo prezioso alla crescita economica e civile del Paese. Valorizzarne e sostenerne il ruolo \u00e8 essenziale per far ripartire il Paese e costruire il futuro verso uno sviluppo pi\u00f9 equo, inclusivo e sostenibile\u201d.&nbsp;&nbsp;<\/p>\n\n\n\n<p>\u201cFondazioni e imprese sociali si sono dimostrati attori fondamentali per far fronte agli effetti della pandemia. Da una loro stabile e matura alleanza pu\u00f2 scaturire anche la possibilit\u00e0 del rilancio e di una ulteriore crescita dell\u2019economia sociale, quando il Covid-19 allenter\u00e0 la sua presa e ci sar\u00e0 molto da ricostruire\u201d, ha detto <strong>Felice Scalvini<\/strong>, presidente di Assifero.<\/p>\n","protected":false},"excerpt":{"rendered":"<p>Consolidamento attraverso nuove misure finanziarie; sostegno all\u2019innovazione; attuazione dell\u2019amministrazione condivisa; sgravi fiscali per l\u2019occupazione; formazione negli atenei e corsi professionalizzanti; visibilit\u00e0 grazie ad un conto satellite Istat ad hoc; dialogo istituzionale mediante la costituzione di un comitato nazionale per l\u2019economia sociale; investimento sulle iniziative degli organismi internazionali.Sono le 8 parole-chiave messe a fuoco da Euricse [&hellip;]<\/p>\n","protected":false},"author":30,"featured_media":11522,"comment_status":"open","ping_status":"closed","sticky":false,"template":"","format":"standard","meta":{"_acf_changed":false,"episode_type":"","audio_file":"","cover_image":"","cover_image_id":"","duration":"","filesize":"","date_recorded":"","explicit":"","block":"","itunes_episode_number":"","itunes_title":"","itunes_season_number":"","itunes_episode_type":"","filesize_raw":"","footnotes":""},"categories":[17],"tags":[121,912],"class_list":["post-11524","post","type-post","status-publish","format-standard","has-post-thumbnail","hentry","category-news-it","tag-economia-sociale","tag-pnrr"],"acf":[],"yoast_head":"<!-- This site is optimized with the Yoast SEO plugin v26.1.1 - https:\/\/yoast.com\/wordpress\/plugins\/seo\/ -->\n<title>Otto parole chiave per un\u2019economia sociale protagonista della ripresa - Euricse<\/title>\n<meta name=\"robots\" content=\"index, follow, max-snippet:-1, max-image-preview:large, max-video-preview:-1\" \/>\n<link rel=\"canonical\" href=\"https:\/\/euricse.eu\/it\/otto-parole-chiave-per-uneconomia-sociale-protagonista-della-ripresa\/\" \/>\n<meta property=\"og:locale\" content=\"it_IT\" \/>\n<meta property=\"og:type\" content=\"article\" \/>\n<meta property=\"og:title\" content=\"Otto parole chiave per un\u2019economia sociale protagonista della ripresa - Euricse\" \/>\n<meta property=\"og:description\" content=\"Consolidamento attraverso nuove misure finanziarie; sostegno all\u2019innovazione; attuazione dell\u2019amministrazione condivisa; sgravi fiscali per l\u2019occupazione; formazione negli atenei e corsi professionalizzanti; visibilit\u00e0 grazie ad un conto satellite Istat ad hoc; dialogo istituzionale mediante la costituzione di un comitato nazionale per l\u2019economia sociale; investimento sulle iniziative degli organismi internazionali.Sono le 8 parole-chiave messe a fuoco da Euricse [&hellip;]\" \/>\n<meta property=\"og:url\" content=\"https:\/\/euricse.eu\/it\/otto-parole-chiave-per-uneconomia-sociale-protagonista-della-ripresa\/\" \/>\n<meta property=\"og:site_name\" content=\"Euricse\" \/>\n<meta property=\"article:published_time\" content=\"2021-03-18T14:14:43+00:00\" \/>\n<meta property=\"article:modified_time\" content=\"2021-03-18T15:06:22+00:00\" \/>\n<meta property=\"og:image\" content=\"https:\/\/euricse.eu\/wp-content\/uploads\/2021\/03\/copertina.png\" \/>\n\t<meta property=\"og:image:width\" content=\"624\" \/>\n\t<meta property=\"og:image:height\" content=\"891\" \/>\n\t<meta property=\"og:image:type\" content=\"image\/png\" \/>\n<meta name=\"author\" content=\"redazione\" \/>\n<meta name=\"twitter:card\" content=\"summary_large_image\" \/>\n<meta name=\"twitter:label1\" content=\"Scritto da\" \/>\n\t<meta name=\"twitter:data1\" content=\"redazione\" \/>\n\t<meta name=\"twitter:label2\" content=\"Tempo di lettura stimato\" \/>\n\t<meta name=\"twitter:data2\" content=\"3 minuti\" \/>\n<script type=\"application\/ld+json\" class=\"yoast-schema-graph\">{\"@context\":\"https:\/\/schema.org\",\"@graph\":[{\"@type\":\"WebPage\",\"@id\":\"https:\/\/euricse.eu\/it\/otto-parole-chiave-per-uneconomia-sociale-protagonista-della-ripresa\/\",\"url\":\"https:\/\/euricse.eu\/it\/otto-parole-chiave-per-uneconomia-sociale-protagonista-della-ripresa\/\",\"name\":\"Otto parole chiave per un\u2019economia sociale protagonista della ripresa - Euricse\",\"isPartOf\":{\"@id\":\"https:\/\/euricse.eu\/en\/#website\"},\"primaryImageOfPage\":{\"@id\":\"https:\/\/euricse.eu\/it\/otto-parole-chiave-per-uneconomia-sociale-protagonista-della-ripresa\/#primaryimage\"},\"image\":{\"@id\":\"https:\/\/euricse.eu\/it\/otto-parole-chiave-per-uneconomia-sociale-protagonista-della-ripresa\/#primaryimage\"},\"thumbnailUrl\":\"https:\/\/euricse.eu\/wp-content\/uploads\/2021\/03\/copertina.png\",\"datePublished\":\"2021-03-18T14:14:43+00:00\",\"dateModified\":\"2021-03-18T15:06:22+00:00\",\"author\":{\"@id\":\"https:\/\/euricse.eu\/en\/#\/schema\/person\/46be9426d76e3114ba478b69f3d8040b\"},\"breadcrumb\":{\"@id\":\"https:\/\/euricse.eu\/it\/otto-parole-chiave-per-uneconomia-sociale-protagonista-della-ripresa\/#breadcrumb\"},\"inLanguage\":\"it-IT\",\"potentialAction\":[{\"@type\":\"ReadAction\",\"target\":[\"https:\/\/euricse.eu\/it\/otto-parole-chiave-per-uneconomia-sociale-protagonista-della-ripresa\/\"]}]},{\"@type\":\"ImageObject\",\"inLanguage\":\"it-IT\",\"@id\":\"https:\/\/euricse.eu\/it\/otto-parole-chiave-per-uneconomia-sociale-protagonista-della-ripresa\/#primaryimage\",\"url\":\"https:\/\/euricse.eu\/wp-content\/uploads\/2021\/03\/copertina.png\",\"contentUrl\":\"https:\/\/euricse.eu\/wp-content\/uploads\/2021\/03\/copertina.png\",\"width\":624,\"height\":891},{\"@type\":\"BreadcrumbList\",\"@id\":\"https:\/\/euricse.eu\/it\/otto-parole-chiave-per-uneconomia-sociale-protagonista-della-ripresa\/#breadcrumb\",\"itemListElement\":[{\"@type\":\"ListItem\",\"position\":1,\"name\":\"Home\",\"item\":\"https:\/\/euricse.eu\/it\/\"},{\"@type\":\"ListItem\",\"position\":2,\"name\":\"Otto parole chiave per un\u2019economia sociale protagonista della ripresa\"}]},{\"@type\":\"WebSite\",\"@id\":\"https:\/\/euricse.eu\/en\/#website\",\"url\":\"https:\/\/euricse.eu\/en\/\",\"name\":\"Euricse\",\"description\":\"Knowledge and innovation for cooperative and social enterprises.\",\"potentialAction\":[{\"@type\":\"SearchAction\",\"target\":{\"@type\":\"EntryPoint\",\"urlTemplate\":\"https:\/\/euricse.eu\/en\/?s={search_term_string}\"},\"query-input\":{\"@type\":\"PropertyValueSpecification\",\"valueRequired\":true,\"valueName\":\"search_term_string\"}}],\"inLanguage\":\"it-IT\"},{\"@type\":\"Person\",\"@id\":\"https:\/\/euricse.eu\/en\/#\/schema\/person\/46be9426d76e3114ba478b69f3d8040b\",\"name\":\"redazione\",\"image\":{\"@type\":\"ImageObject\",\"inLanguage\":\"it-IT\",\"@id\":\"https:\/\/euricse.eu\/en\/#\/schema\/person\/image\/\",\"url\":\"https:\/\/secure.gravatar.com\/avatar\/d1e5fb76fa001722a0822f32de0a8935d9c7a01b0f055f16dc71df73252c3c50?s=96&d=mm&r=g\",\"contentUrl\":\"https:\/\/secure.gravatar.com\/avatar\/d1e5fb76fa001722a0822f32de0a8935d9c7a01b0f055f16dc71df73252c3c50?s=96&d=mm&r=g\",\"caption\":\"redazione\"},\"url\":\"https:\/\/euricse.eu\/it\/author\/marikadmin\/\"}]}<\/script>\n<!-- \/ Yoast SEO plugin. -->","yoast_head_json":{"title":"Otto parole chiave per un\u2019economia sociale protagonista della ripresa - Euricse","robots":{"index":"index","follow":"follow","max-snippet":"max-snippet:-1","max-image-preview":"max-image-preview:large","max-video-preview":"max-video-preview:-1"},"canonical":"https:\/\/euricse.eu\/it\/otto-parole-chiave-per-uneconomia-sociale-protagonista-della-ripresa\/","og_locale":"it_IT","og_type":"article","og_title":"Otto parole chiave per un\u2019economia sociale protagonista della ripresa - Euricse","og_description":"Consolidamento attraverso nuove misure finanziarie; sostegno all\u2019innovazione; attuazione dell\u2019amministrazione condivisa; sgravi fiscali per l\u2019occupazione; formazione negli atenei e corsi professionalizzanti; visibilit\u00e0 grazie ad un conto satellite Istat ad hoc; dialogo istituzionale mediante la costituzione di un comitato nazionale per l\u2019economia sociale; investimento sulle iniziative degli organismi internazionali.Sono le 8 parole-chiave messe a fuoco da Euricse [&hellip;]","og_url":"https:\/\/euricse.eu\/it\/otto-parole-chiave-per-uneconomia-sociale-protagonista-della-ripresa\/","og_site_name":"Euricse","article_published_time":"2021-03-18T14:14:43+00:00","article_modified_time":"2021-03-18T15:06:22+00:00","og_image":[{"width":624,"height":891,"url":"https:\/\/euricse.eu\/wp-content\/uploads\/2021\/03\/copertina.png","type":"image\/png"}],"author":"redazione","twitter_card":"summary_large_image","twitter_misc":{"Scritto da":"redazione","Tempo di lettura stimato":"3 minuti"},"schema":{"@context":"https:\/\/schema.org","@graph":[{"@type":"WebPage","@id":"https:\/\/euricse.eu\/it\/otto-parole-chiave-per-uneconomia-sociale-protagonista-della-ripresa\/","url":"https:\/\/euricse.eu\/it\/otto-parole-chiave-per-uneconomia-sociale-protagonista-della-ripresa\/","name":"Otto parole chiave per un\u2019economia sociale protagonista della ripresa - Euricse","isPartOf":{"@id":"https:\/\/euricse.eu\/en\/#website"},"primaryImageOfPage":{"@id":"https:\/\/euricse.eu\/it\/otto-parole-chiave-per-uneconomia-sociale-protagonista-della-ripresa\/#primaryimage"},"image":{"@id":"https:\/\/euricse.eu\/it\/otto-parole-chiave-per-uneconomia-sociale-protagonista-della-ripresa\/#primaryimage"},"thumbnailUrl":"https:\/\/euricse.eu\/wp-content\/uploads\/2021\/03\/copertina.png","datePublished":"2021-03-18T14:14:43+00:00","dateModified":"2021-03-18T15:06:22+00:00","author":{"@id":"https:\/\/euricse.eu\/en\/#\/schema\/person\/46be9426d76e3114ba478b69f3d8040b"},"breadcrumb":{"@id":"https:\/\/euricse.eu\/it\/otto-parole-chiave-per-uneconomia-sociale-protagonista-della-ripresa\/#breadcrumb"},"inLanguage":"it-IT","potentialAction":[{"@type":"ReadAction","target":["https:\/\/euricse.eu\/it\/otto-parole-chiave-per-uneconomia-sociale-protagonista-della-ripresa\/"]}]},{"@type":"ImageObject","inLanguage":"it-IT","@id":"https:\/\/euricse.eu\/it\/otto-parole-chiave-per-uneconomia-sociale-protagonista-della-ripresa\/#primaryimage","url":"https:\/\/euricse.eu\/wp-content\/uploads\/2021\/03\/copertina.png","contentUrl":"https:\/\/euricse.eu\/wp-content\/uploads\/2021\/03\/copertina.png","width":624,"height":891},{"@type":"BreadcrumbList","@id":"https:\/\/euricse.eu\/it\/otto-parole-chiave-per-uneconomia-sociale-protagonista-della-ripresa\/#breadcrumb","itemListElement":[{"@type":"ListItem","position":1,"name":"Home","item":"https:\/\/euricse.eu\/it\/"},{"@type":"ListItem","position":2,"name":"Otto parole chiave per un\u2019economia sociale protagonista della ripresa"}]},{"@type":"WebSite","@id":"https:\/\/euricse.eu\/en\/#website","url":"https:\/\/euricse.eu\/en\/","name":"Euricse","description":"Knowledge and innovation for cooperative and social enterprises.","potentialAction":[{"@type":"SearchAction","target":{"@type":"EntryPoint","urlTemplate":"https:\/\/euricse.eu\/en\/?s={search_term_string}"},"query-input":{"@type":"PropertyValueSpecification","valueRequired":true,"valueName":"search_term_string"}}],"inLanguage":"it-IT"},{"@type":"Person","@id":"https:\/\/euricse.eu\/en\/#\/schema\/person\/46be9426d76e3114ba478b69f3d8040b","name":"redazione","image":{"@type":"ImageObject","inLanguage":"it-IT","@id":"https:\/\/euricse.eu\/en\/#\/schema\/person\/image\/","url":"https:\/\/secure.gravatar.com\/avatar\/d1e5fb76fa001722a0822f32de0a8935d9c7a01b0f055f16dc71df73252c3c50?s=96&d=mm&r=g","contentUrl":"https:\/\/secure.gravatar.com\/avatar\/d1e5fb76fa001722a0822f32de0a8935d9c7a01b0f055f16dc71df73252c3c50?s=96&d=mm&r=g","caption":"redazione"},"url":"https:\/\/euricse.eu\/it\/author\/marikadmin\/"}]}},"_links":{"self":[{"href":"https:\/\/euricse.eu\/it\/wp-json\/wp\/v2\/posts\/11524","targetHints":{"allow":["GET"]}}],"collection":[{"href":"https:\/\/euricse.eu\/it\/wp-json\/wp\/v2\/posts"}],"about":[{"href":"https:\/\/euricse.eu\/it\/wp-json\/wp\/v2\/types\/post"}],"author":[{"embeddable":true,"href":"https:\/\/euricse.eu\/it\/wp-json\/wp\/v2\/users\/30"}],"replies":[{"embeddable":true,"href":"https:\/\/euricse.eu\/it\/wp-json\/wp\/v2\/comments?post=11524"}],"version-history":[{"count":0,"href":"https:\/\/euricse.eu\/it\/wp-json\/wp\/v2\/posts\/11524\/revisions"}],"wp:featuredmedia":[{"embeddable":true,"href":"https:\/\/euricse.eu\/it\/wp-json\/wp\/v2\/media\/11522"}],"wp:attachment":[{"href":"https:\/\/euricse.eu\/it\/wp-json\/wp\/v2\/media?parent=11524"}],"wp:term":[{"taxonomy":"category","embeddable":true,"href":"https:\/\/euricse.eu\/it\/wp-json\/wp\/v2\/categories?post=11524"},{"taxonomy":"post_tag","embeddable":true,"href":"https:\/\/euricse.eu\/it\/wp-json\/wp\/v2\/tags?post=11524"}],"curies":[{"name":"wp","href":"https:\/\/api.w.org\/{rel}","templated":true}]}}