{"id":11552,"date":"2021-03-26T14:37:16","date_gmt":"2021-03-26T14:37:16","guid":{"rendered":"https:\/\/euricse.staging.hgblu.com\/?p=11552"},"modified":"2021-03-26T14:37:17","modified_gmt":"2021-03-26T14:37:17","slug":"tre-progetti-degli-studenti-per-le-imprese-sociali-trentine","status":"publish","type":"post","link":"https:\/\/euricse.eu\/it\/tre-progetti-degli-studenti-per-le-imprese-sociali-trentine\/","title":{"rendered":"Tre progetti degli studenti per le imprese sociali trentine"},"content":{"rendered":"\n<p>La ristrutturazione di uno sportello famiglie, il redesign di un negozio di comunit\u00e0 e lo sviluppo di un nuovo brand sociale: sono questi i progetti nei quali si sono impegnati i sedici giovani partecipanti al termine del percorso formativo <strong>\u201cDisegnare il futuro delle imprese sociali trentine\u201d<\/strong> e che sono stati presentati gioved\u00ec 25 marzo alle cooperative <strong><a href=\"https:\/\/ilgabbiano.tn.it\/\" target=\"_blank\" rel=\"noreferrer noopener\">Il Gabbiano<\/a><\/strong>, <strong><a href=\"https:\/\/www.gruppospes.it\/\" target=\"_blank\" rel=\"noreferrer noopener\">Gruppo Spes<\/a><\/strong> e <strong>Cooperativa Oltre<\/strong>.<\/p>\n\n\n\n<figure class=\"wp-block-image size-large\"><img loading=\"lazy\" decoding=\"async\" width=\"456\" height=\"316\" src=\"https:\/\/euricse.eu\/wp-content\/uploads\/2021\/03\/isgfinal.png\" alt=\"\" class=\"wp-image-11556\" srcset=\"https:\/\/euricse.eu\/wp-content\/uploads\/2021\/03\/isgfinal.png 456w, https:\/\/euricse.eu\/wp-content\/uploads\/2021\/03\/isgfinal-300x208.png 300w\" sizes=\"auto, (max-width: 456px) 100vw, 456px\" \/><\/figure>\n\n\n\n<p>L&#8217;iniziativa formativa, finanziata da <a href=\"https:\/\/www.fondazionecaritro.it\/\" target=\"_blank\" rel=\"noreferrer noopener\">Fondazione Caritro<\/a> in collaborazione con <a href=\"https:\/\/www.consolida.it\/\" target=\"_blank\" rel=\"noreferrer noopener\">Consolida<\/a> e l&#8217;<a href=\"https:\/\/www.unitn.it\/\" target=\"_blank\" rel=\"noreferrer noopener\">Universit\u00e0 di Trento<\/a>, sarebbe dovuta partire la scorsa primavera, ma a causa della pandemia l&#8217;inizio \u00e8 slittato a novembre e si \u00e8 passati alla modalit\u00e0 da remoto. L&#8217;obiettivo del percorso \u00e8 per\u00f2 rimasto lo stesso: offrire ai giovani neolaureati concrete opportunit\u00e0 di formazione per specializzarsi nel settore delle imprese sociali e delle organizzazioni non profit, favorendo la messa in pratica delle conoscenze, avvicinandoli ai bisogni e alle opportunit\u00e0 di sviluppo espresse dalle cooperative sociali trentine.<\/p>\n\n\n\n<p>Studenti e practitioner hanno partecipato con interesse agli incontri, guidati da diversi esperti di Euricse: il presidente <strong>Carlo Borzaga<\/strong>, il segretario generale <strong>Gianluca Salvatori<\/strong>, i ricercatori <strong>Jacopo Sforzi<\/strong>, <strong>Cristina Burini<\/strong>, <strong>Sara Depedri<\/strong> e <strong>Stefania Turri<\/strong> hanno dipinto l&#8217;evoluzione dello scenario delle imprese sociali, gli strumenti e le risorse per il loro sviluppo, i processi di monitoraggio e valutazione e di pianificazione strategica.<\/p>\n\n\n\n<figure class=\"wp-block-image size-large\"><img loading=\"lazy\" decoding=\"async\" width=\"577\" height=\"266\" src=\"https:\/\/euricse.eu\/wp-content\/uploads\/2021\/03\/isgfinal1-1.png\" alt=\"\" class=\"wp-image-11558\" srcset=\"https:\/\/euricse.eu\/wp-content\/uploads\/2021\/03\/isgfinal1-1.png 577w, https:\/\/euricse.eu\/wp-content\/uploads\/2021\/03\/isgfinal1-1-300x138.png 300w\" sizes=\"auto, (max-width: 577px) 100vw, 577px\" \/><\/figure>\n\n\n\n<p>In programma sono stati inseriti anche tre laboratori\u00a0(condotti dagli esperti <strong>Maurizio Busacca<\/strong>, <strong>Mirella Maturo<\/strong> e <strong>Vittorino Filippas<\/strong>)\u00a0che hanno supportato i partecipanti nella realizzazione dei tre project work finali. Le cooperative coinvolte hanno apprezzato i progetti, concordando che essi rappresentano un&#8217;ottima base di partenza per le applicazioni concrete. <\/p>\n\n\n\n<p>\u201cSiamo contenti del buon esito del percorso \u2013 spiega <strong>Alessandro Caviola<\/strong>, referente di Euricse per il percorso formativo \u2013 che nonostante la modalit\u00e0 a distanza \u00e8 riuscito a mettere in contatto e far dialogare giovani studenti e practitioner che operano all&#8217;interno delle cooperative sociali trentine.\u00a0 Il nostro auspicio \u00e8 che le idee emerse non rimangano solo sulla carta ma che si trasformino in occasioni concrete di ulteriore collaborazione tra gli studenti e le cooperative\u201d.\u00a0<\/p>\n","protected":false},"excerpt":{"rendered":"<p>La ristrutturazione di uno sportello famiglie, il redesign di un negozio di comunit\u00e0 e lo sviluppo di un nuovo brand sociale: sono questi i progetti nei quali si sono impegnati i sedici giovani partecipanti al termine del percorso formativo \u201cDisegnare il futuro delle imprese sociali trentine\u201d e che sono stati presentati gioved\u00ec 25 marzo alle [&hellip;]<\/p>\n","protected":false},"author":30,"featured_media":11558,"comment_status":"open","ping_status":"closed","sticky":false,"template":"","format":"standard","meta":{"_acf_changed":false,"episode_type":"","audio_file":"","cover_image":"","cover_image_id":"","duration":"","filesize":"","date_recorded":"","explicit":"","block":"","itunes_episode_number":"","itunes_title":"","itunes_season_number":"","itunes_episode_type":"","filesize_raw":"","footnotes":""},"categories":[17],"tags":[111,466,646,672,952,953],"class_list":["post-11552","post","type-post","status-publish","format-standard","has-post-thumbnail","hentry","category-news-it","tag-imprese-sociali","tag-cooperative-sociali","tag-trentino","tag-universita-di-trento","tag-fondazione-caritro","tag-consolida"],"acf":[],"yoast_head":"<!-- This site is optimized with the Yoast SEO plugin v26.1.1 - https:\/\/yoast.com\/wordpress\/plugins\/seo\/ -->\n<title>Tre progetti degli studenti per le imprese sociali trentine - Euricse<\/title>\n<meta name=\"robots\" content=\"index, follow, max-snippet:-1, max-image-preview:large, max-video-preview:-1\" \/>\n<link rel=\"canonical\" href=\"https:\/\/euricse.eu\/it\/tre-progetti-degli-studenti-per-le-imprese-sociali-trentine\/\" \/>\n<meta property=\"og:locale\" content=\"it_IT\" \/>\n<meta property=\"og:type\" content=\"article\" \/>\n<meta property=\"og:title\" content=\"Tre progetti degli studenti per le imprese sociali trentine - Euricse\" \/>\n<meta property=\"og:description\" content=\"La ristrutturazione di uno sportello famiglie, il redesign di un negozio di comunit\u00e0 e lo sviluppo di un nuovo brand sociale: sono questi i progetti nei quali si sono impegnati i sedici giovani partecipanti al termine del percorso formativo \u201cDisegnare il futuro delle imprese sociali trentine\u201d e che sono stati presentati gioved\u00ec 25 marzo alle [&hellip;]\" \/>\n<meta property=\"og:url\" content=\"https:\/\/euricse.eu\/it\/tre-progetti-degli-studenti-per-le-imprese-sociali-trentine\/\" \/>\n<meta property=\"og:site_name\" content=\"Euricse\" \/>\n<meta property=\"article:published_time\" content=\"2021-03-26T14:37:16+00:00\" \/>\n<meta property=\"article:modified_time\" content=\"2021-03-26T14:37:17+00:00\" \/>\n<meta property=\"og:image\" content=\"https:\/\/euricse.eu\/wp-content\/uploads\/2021\/03\/isgfinal1-1.png\" \/>\n\t<meta property=\"og:image:width\" content=\"577\" \/>\n\t<meta property=\"og:image:height\" content=\"266\" \/>\n\t<meta property=\"og:image:type\" content=\"image\/png\" \/>\n<meta name=\"author\" content=\"redazione\" \/>\n<meta name=\"twitter:card\" content=\"summary_large_image\" \/>\n<meta name=\"twitter:label1\" content=\"Scritto da\" \/>\n\t<meta name=\"twitter:data1\" content=\"redazione\" \/>\n\t<meta name=\"twitter:label2\" content=\"Tempo di lettura stimato\" \/>\n\t<meta name=\"twitter:data2\" content=\"2 minuti\" \/>\n<script type=\"application\/ld+json\" class=\"yoast-schema-graph\">{\"@context\":\"https:\/\/schema.org\",\"@graph\":[{\"@type\":\"WebPage\",\"@id\":\"https:\/\/euricse.eu\/it\/tre-progetti-degli-studenti-per-le-imprese-sociali-trentine\/\",\"url\":\"https:\/\/euricse.eu\/it\/tre-progetti-degli-studenti-per-le-imprese-sociali-trentine\/\",\"name\":\"Tre progetti degli studenti per le imprese sociali trentine - Euricse\",\"isPartOf\":{\"@id\":\"https:\/\/euricse.eu\/en\/#website\"},\"primaryImageOfPage\":{\"@id\":\"https:\/\/euricse.eu\/it\/tre-progetti-degli-studenti-per-le-imprese-sociali-trentine\/#primaryimage\"},\"image\":{\"@id\":\"https:\/\/euricse.eu\/it\/tre-progetti-degli-studenti-per-le-imprese-sociali-trentine\/#primaryimage\"},\"thumbnailUrl\":\"https:\/\/euricse.eu\/wp-content\/uploads\/2021\/03\/isgfinal1-1.png\",\"datePublished\":\"2021-03-26T14:37:16+00:00\",\"dateModified\":\"2021-03-26T14:37:17+00:00\",\"author\":{\"@id\":\"https:\/\/euricse.eu\/en\/#\/schema\/person\/46be9426d76e3114ba478b69f3d8040b\"},\"breadcrumb\":{\"@id\":\"https:\/\/euricse.eu\/it\/tre-progetti-degli-studenti-per-le-imprese-sociali-trentine\/#breadcrumb\"},\"inLanguage\":\"it-IT\",\"potentialAction\":[{\"@type\":\"ReadAction\",\"target\":[\"https:\/\/euricse.eu\/it\/tre-progetti-degli-studenti-per-le-imprese-sociali-trentine\/\"]}]},{\"@type\":\"ImageObject\",\"inLanguage\":\"it-IT\",\"@id\":\"https:\/\/euricse.eu\/it\/tre-progetti-degli-studenti-per-le-imprese-sociali-trentine\/#primaryimage\",\"url\":\"https:\/\/euricse.eu\/wp-content\/uploads\/2021\/03\/isgfinal1-1.png\",\"contentUrl\":\"https:\/\/euricse.eu\/wp-content\/uploads\/2021\/03\/isgfinal1-1.png\",\"width\":577,\"height\":266},{\"@type\":\"BreadcrumbList\",\"@id\":\"https:\/\/euricse.eu\/it\/tre-progetti-degli-studenti-per-le-imprese-sociali-trentine\/#breadcrumb\",\"itemListElement\":[{\"@type\":\"ListItem\",\"position\":1,\"name\":\"Home\",\"item\":\"https:\/\/euricse.eu\/it\/\"},{\"@type\":\"ListItem\",\"position\":2,\"name\":\"Tre progetti degli studenti per le imprese sociali trentine\"}]},{\"@type\":\"WebSite\",\"@id\":\"https:\/\/euricse.eu\/en\/#website\",\"url\":\"https:\/\/euricse.eu\/en\/\",\"name\":\"Euricse\",\"description\":\"Knowledge and innovation for cooperative and social enterprises.\",\"potentialAction\":[{\"@type\":\"SearchAction\",\"target\":{\"@type\":\"EntryPoint\",\"urlTemplate\":\"https:\/\/euricse.eu\/en\/?s={search_term_string}\"},\"query-input\":{\"@type\":\"PropertyValueSpecification\",\"valueRequired\":true,\"valueName\":\"search_term_string\"}}],\"inLanguage\":\"it-IT\"},{\"@type\":\"Person\",\"@id\":\"https:\/\/euricse.eu\/en\/#\/schema\/person\/46be9426d76e3114ba478b69f3d8040b\",\"name\":\"redazione\",\"image\":{\"@type\":\"ImageObject\",\"inLanguage\":\"it-IT\",\"@id\":\"https:\/\/euricse.eu\/en\/#\/schema\/person\/image\/\",\"url\":\"https:\/\/secure.gravatar.com\/avatar\/d1e5fb76fa001722a0822f32de0a8935d9c7a01b0f055f16dc71df73252c3c50?s=96&d=mm&r=g\",\"contentUrl\":\"https:\/\/secure.gravatar.com\/avatar\/d1e5fb76fa001722a0822f32de0a8935d9c7a01b0f055f16dc71df73252c3c50?s=96&d=mm&r=g\",\"caption\":\"redazione\"},\"url\":\"https:\/\/euricse.eu\/it\/author\/marikadmin\/\"}]}<\/script>\n<!-- \/ Yoast SEO plugin. -->","yoast_head_json":{"title":"Tre progetti degli studenti per le imprese sociali trentine - Euricse","robots":{"index":"index","follow":"follow","max-snippet":"max-snippet:-1","max-image-preview":"max-image-preview:large","max-video-preview":"max-video-preview:-1"},"canonical":"https:\/\/euricse.eu\/it\/tre-progetti-degli-studenti-per-le-imprese-sociali-trentine\/","og_locale":"it_IT","og_type":"article","og_title":"Tre progetti degli studenti per le imprese sociali trentine - Euricse","og_description":"La ristrutturazione di uno sportello famiglie, il redesign di un negozio di comunit\u00e0 e lo sviluppo di un nuovo brand sociale: sono questi i progetti nei quali si sono impegnati i sedici giovani partecipanti al termine del percorso formativo \u201cDisegnare il futuro delle imprese sociali trentine\u201d e che sono stati presentati gioved\u00ec 25 marzo alle [&hellip;]","og_url":"https:\/\/euricse.eu\/it\/tre-progetti-degli-studenti-per-le-imprese-sociali-trentine\/","og_site_name":"Euricse","article_published_time":"2021-03-26T14:37:16+00:00","article_modified_time":"2021-03-26T14:37:17+00:00","og_image":[{"width":577,"height":266,"url":"https:\/\/euricse.eu\/wp-content\/uploads\/2021\/03\/isgfinal1-1.png","type":"image\/png"}],"author":"redazione","twitter_card":"summary_large_image","twitter_misc":{"Scritto da":"redazione","Tempo di lettura stimato":"2 minuti"},"schema":{"@context":"https:\/\/schema.org","@graph":[{"@type":"WebPage","@id":"https:\/\/euricse.eu\/it\/tre-progetti-degli-studenti-per-le-imprese-sociali-trentine\/","url":"https:\/\/euricse.eu\/it\/tre-progetti-degli-studenti-per-le-imprese-sociali-trentine\/","name":"Tre progetti degli studenti per le imprese sociali trentine - Euricse","isPartOf":{"@id":"https:\/\/euricse.eu\/en\/#website"},"primaryImageOfPage":{"@id":"https:\/\/euricse.eu\/it\/tre-progetti-degli-studenti-per-le-imprese-sociali-trentine\/#primaryimage"},"image":{"@id":"https:\/\/euricse.eu\/it\/tre-progetti-degli-studenti-per-le-imprese-sociali-trentine\/#primaryimage"},"thumbnailUrl":"https:\/\/euricse.eu\/wp-content\/uploads\/2021\/03\/isgfinal1-1.png","datePublished":"2021-03-26T14:37:16+00:00","dateModified":"2021-03-26T14:37:17+00:00","author":{"@id":"https:\/\/euricse.eu\/en\/#\/schema\/person\/46be9426d76e3114ba478b69f3d8040b"},"breadcrumb":{"@id":"https:\/\/euricse.eu\/it\/tre-progetti-degli-studenti-per-le-imprese-sociali-trentine\/#breadcrumb"},"inLanguage":"it-IT","potentialAction":[{"@type":"ReadAction","target":["https:\/\/euricse.eu\/it\/tre-progetti-degli-studenti-per-le-imprese-sociali-trentine\/"]}]},{"@type":"ImageObject","inLanguage":"it-IT","@id":"https:\/\/euricse.eu\/it\/tre-progetti-degli-studenti-per-le-imprese-sociali-trentine\/#primaryimage","url":"https:\/\/euricse.eu\/wp-content\/uploads\/2021\/03\/isgfinal1-1.png","contentUrl":"https:\/\/euricse.eu\/wp-content\/uploads\/2021\/03\/isgfinal1-1.png","width":577,"height":266},{"@type":"BreadcrumbList","@id":"https:\/\/euricse.eu\/it\/tre-progetti-degli-studenti-per-le-imprese-sociali-trentine\/#breadcrumb","itemListElement":[{"@type":"ListItem","position":1,"name":"Home","item":"https:\/\/euricse.eu\/it\/"},{"@type":"ListItem","position":2,"name":"Tre progetti degli studenti per le imprese sociali trentine"}]},{"@type":"WebSite","@id":"https:\/\/euricse.eu\/en\/#website","url":"https:\/\/euricse.eu\/en\/","name":"Euricse","description":"Knowledge and innovation for cooperative and social enterprises.","potentialAction":[{"@type":"SearchAction","target":{"@type":"EntryPoint","urlTemplate":"https:\/\/euricse.eu\/en\/?s={search_term_string}"},"query-input":{"@type":"PropertyValueSpecification","valueRequired":true,"valueName":"search_term_string"}}],"inLanguage":"it-IT"},{"@type":"Person","@id":"https:\/\/euricse.eu\/en\/#\/schema\/person\/46be9426d76e3114ba478b69f3d8040b","name":"redazione","image":{"@type":"ImageObject","inLanguage":"it-IT","@id":"https:\/\/euricse.eu\/en\/#\/schema\/person\/image\/","url":"https:\/\/secure.gravatar.com\/avatar\/d1e5fb76fa001722a0822f32de0a8935d9c7a01b0f055f16dc71df73252c3c50?s=96&d=mm&r=g","contentUrl":"https:\/\/secure.gravatar.com\/avatar\/d1e5fb76fa001722a0822f32de0a8935d9c7a01b0f055f16dc71df73252c3c50?s=96&d=mm&r=g","caption":"redazione"},"url":"https:\/\/euricse.eu\/it\/author\/marikadmin\/"}]}},"_links":{"self":[{"href":"https:\/\/euricse.eu\/it\/wp-json\/wp\/v2\/posts\/11552","targetHints":{"allow":["GET"]}}],"collection":[{"href":"https:\/\/euricse.eu\/it\/wp-json\/wp\/v2\/posts"}],"about":[{"href":"https:\/\/euricse.eu\/it\/wp-json\/wp\/v2\/types\/post"}],"author":[{"embeddable":true,"href":"https:\/\/euricse.eu\/it\/wp-json\/wp\/v2\/users\/30"}],"replies":[{"embeddable":true,"href":"https:\/\/euricse.eu\/it\/wp-json\/wp\/v2\/comments?post=11552"}],"version-history":[{"count":0,"href":"https:\/\/euricse.eu\/it\/wp-json\/wp\/v2\/posts\/11552\/revisions"}],"wp:featuredmedia":[{"embeddable":true,"href":"https:\/\/euricse.eu\/it\/wp-json\/wp\/v2\/media\/11558"}],"wp:attachment":[{"href":"https:\/\/euricse.eu\/it\/wp-json\/wp\/v2\/media?parent=11552"}],"wp:term":[{"taxonomy":"category","embeddable":true,"href":"https:\/\/euricse.eu\/it\/wp-json\/wp\/v2\/categories?post=11552"},{"taxonomy":"post_tag","embeddable":true,"href":"https:\/\/euricse.eu\/it\/wp-json\/wp\/v2\/tags?post=11552"}],"curies":[{"name":"wp","href":"https:\/\/api.w.org\/{rel}","templated":true}]}}