{"id":11588,"date":"2021-04-14T11:24:36","date_gmt":"2021-04-14T10:24:36","guid":{"rendered":"https:\/\/euricse.staging.hgblu.com\/?p=11588"},"modified":"2021-04-14T11:24:40","modified_gmt":"2021-04-14T10:24:40","slug":"limpresa-sociale-in-italia-presentato-il-iv-rapporto-iris-network","status":"publish","type":"post","link":"https:\/\/euricse.eu\/it\/limpresa-sociale-in-italia-presentato-il-iv-rapporto-iris-network\/","title":{"rendered":"L&#8217;impresa sociale in Italia, presentato il IV rapporto Iris Network"},"content":{"rendered":"\n<h3 class=\"wp-block-heading\">All\u2019evento on line il presidente di Euricse, Carlo Borzaga, e il ministro del Lavoro Andrea Orlando: \u201cUn settore che ha saputo reagire alla pandemia\u201d<\/h3>\n\n\n\n<h5 class=\"wp-block-heading\">di Luca De Pascale<\/h5>\n\n\n\n<h4 class=\"wp-block-heading\"><a href=\"https:\/\/irisnetwork.it\/2021\/04\/impresa-sociale-quarto-rapporto-download\/\" target=\"_blank\" rel=\"noreferrer noopener\">Scarica il rapporto<\/a><\/h4>\n\n\n\n<figure class=\"wp-block-image size-large\"><img loading=\"lazy\" decoding=\"async\" width=\"1024\" height=\"575\" src=\"https:\/\/euricse.eu\/wp-content\/uploads\/2021\/04\/impresasociale2-1024x575.png\" alt=\"\" class=\"wp-image-11589\" srcset=\"https:\/\/euricse.eu\/wp-content\/uploads\/2021\/04\/impresasociale2-1024x575.png 1024w, https:\/\/euricse.eu\/wp-content\/uploads\/2021\/04\/impresasociale2-300x169.png 300w, https:\/\/euricse.eu\/wp-content\/uploads\/2021\/04\/impresasociale2-670x376.png 670w, https:\/\/euricse.eu\/wp-content\/uploads\/2021\/04\/impresasociale2-768x432.png 768w, https:\/\/euricse.eu\/wp-content\/uploads\/2021\/04\/impresasociale2-1536x863.png 1536w, https:\/\/euricse.eu\/wp-content\/uploads\/2021\/04\/impresasociale2.png 1810w\" sizes=\"auto, (max-width: 1024px) 100vw, 1024px\" \/><\/figure>\n\n\n\n<p>Il rapporto di <a href=\"https:\/\/irisnetwork.it\/\" target=\"_blank\" rel=\"noreferrer noopener\">Iris Network<\/a> \u00e8 una pubblicazione periodica che descrive lo sviluppo e l\u2019evoluzione dell\u2019impresa sociale in Italia grazie ad analisi quantitative e qualitative. Il 13 aprile \u00e8 stata presentata <a href=\"https:\/\/www.youtube.com\/watch?v=PxN_X3LEoh0&amp;t=3765s\" target=\"_blank\" rel=\"noreferrer noopener\">online<\/a> la IV edizione del report \u201cL\u2019impresa sociale in Italia\u201d a cura del presidente Euricse, <strong>Carlo Borzaga<\/strong>, e di <strong>Marco Musella<\/strong>, presidente di Iris Network. Al centro del volume e dell\u2019incontro online, al quale hanno partecipato anche Giovanni Fosti (presidente di <a href=\"https:\/\/www.fondazionecariplo.it\/it\/index.html\" target=\"_blank\" rel=\"noreferrer noopener\">Fondazione Cariplo<\/a>), Elena Granaglia (professore ordinario all\u2019<a href=\"https:\/\/www.uniroma3.it\/\" target=\"_blank\" rel=\"noreferrer noopener\">Universit\u00e0 degli Studi di Roma Tre<\/a>), Eleonora Vanni (presidente di <a href=\"https:\/\/www.legacoopsociali.it\/\" target=\"_blank\" rel=\"noreferrer noopener\">Legacoopsociali<\/a>) e Andrea Orlando, Ministro del Lavoro e delle Politiche Sociali, sono state le dimensioni e le caratteristiche dell\u2019impresa sociale, il contributo alla crescita economica-occupazionale, lo sviluppo delle politiche sociali e la reazione alla pandemia da Covid-19.\u00a0\u00a0<\/p>\n\n\n\n<p>\u201cL\u2019impresa sociale ha contribuito a cambiare e integrare la cultura sociale\u201d, \u00e8 stata la premessa di Borzaga. \u201cInoltre ha promosso lo sviluppo di politiche pubbliche e interventi di carattere sociale che da un lato hanno spinto la pubblica amministrazione a farsi carico dei servizi sociali e dall\u2019altro hanno favorito la nascita dell\u2019impegno civico e la responsabilit\u00e0 nei cittadini\u201d.&nbsp;<\/p>\n\n\n\n<p>Tra i focus del report ci sono le conseguenze della pandemia. Nonostante il blocco delle attivit\u00e0 nei settori interessati dal lockdown \u2013 ha sottolineato Carlo Borzaga &#8211; c\u2019\u00e8 stato un aumento dell\u2019impegno nelle strutture residenziali e nei servizi complementari. \u201cLe imprese sociali sono diventate resilienti\u201d, ha evidenziato. Ci\u00f2 \u00e8 avvenuto grazie al radicamento nel territorio e ai legami comunitari, alla flessibilit\u00e0 organizzativa, alla presenza di forza lavoro giovane e alla capacit\u00e0 di risposta qualificata da parte della pubblica amministrazione. Infine, la determinazione e la professionalit\u00e0 degli operatori e dei volontari sono stati fattori indispensabili.<\/p>\n\n\n\n<p>Per superare la crisi &#8211; ha concluso Borzaga &#8211; le imprese sociali dovranno sviluppare comportamenti strategici: un maggiore utilizzo della tecnologia per potenziare i servizi, un potenziamento delle reti e dei partenariati, uno sviluppo di forme di co-progettazione e co-programmazione. \u201c<strong>Tutto il report ci segnala che l\u2019impresa sociale non \u00e8 una fantasia ma una realt\u00e0 ed \u00e8 definita dalla normativa vigente\u201d<\/strong>. \u00a0<\/p>\n\n\n\n<figure class=\"wp-block-image size-large\"><img loading=\"lazy\" decoding=\"async\" width=\"1024\" height=\"576\" src=\"https:\/\/euricse.eu\/wp-content\/uploads\/2021\/04\/impresaSocialeOrlando-1024x576.png\" alt=\"\" class=\"wp-image-11591\" srcset=\"https:\/\/euricse.eu\/wp-content\/uploads\/2021\/04\/impresaSocialeOrlando-1024x576.png 1024w, https:\/\/euricse.eu\/wp-content\/uploads\/2021\/04\/impresaSocialeOrlando-300x169.png 300w, https:\/\/euricse.eu\/wp-content\/uploads\/2021\/04\/impresaSocialeOrlando-670x377.png 670w, https:\/\/euricse.eu\/wp-content\/uploads\/2021\/04\/impresaSocialeOrlando-768x432.png 768w, https:\/\/euricse.eu\/wp-content\/uploads\/2021\/04\/impresaSocialeOrlando-1536x864.png 1536w, https:\/\/euricse.eu\/wp-content\/uploads\/2021\/04\/impresaSocialeOrlando.png 1920w\" sizes=\"auto, (max-width: 1024px) 100vw, 1024px\" \/><\/figure>\n\n\n\n<p>Il ministro <strong>Andrea Orlando<\/strong> ha condiviso le premesse politiche delle imprese sociali e il loro comportamento resiliente durante la pandemia. \u201cL\u2019importanza del Terzo settore \u00e8 cresciuta nel tempo generando innovazione e posti di lavoro. E non va dimenticata la sua buona capacit\u00e0 di generale occupazione, spesso in controtendenza con altri settori economici\u201d, ha detto. \u201c<strong>Anche in tempo di crisi le imprese sociali hanno saputo adattare velocemente la propria offerta di servizi, una capacit\u00e0 di rapida rimodulazione che sar\u00e0 quanto mai essenziale anche durante la ripartenza<\/strong>\u201d. Il Ministro ha poi ricordato \u2013 all\u2019interno delle dieci proposte formulate dagli estensori del Rapporto per una strategia di sviluppo dell\u2019impresa sociale \u2013 l\u2019importanza della relazione tra gli enti di Terzo settore e le pubbliche amministrazioni, anche alla luce della recente firma del decreto di adozione delle Linee guida sul rapporto tra pubbliche amministrazioni ed enti del Terzo settore.<\/p>\n","protected":false},"excerpt":{"rendered":"<p>All\u2019evento on line il presidente di Euricse, Carlo Borzaga, e il ministro del Lavoro Andrea Orlando: \u201cUn settore che ha saputo reagire alla pandemia\u201d di Luca De Pascale Scarica il rapporto Il rapporto di Iris Network \u00e8 una pubblicazione periodica che descrive lo sviluppo e l\u2019evoluzione dell\u2019impresa sociale in Italia grazie ad analisi quantitative e [&hellip;]<\/p>\n","protected":false},"author":30,"featured_media":11592,"comment_status":"open","ping_status":"closed","sticky":false,"template":"","format":"standard","meta":{"_acf_changed":false,"episode_type":"","audio_file":"","cover_image":"","cover_image_id":"","duration":"","filesize":"","date_recorded":"","explicit":"","block":"","itunes_episode_number":"","itunes_title":"","itunes_season_number":"","itunes_episode_type":"","filesize_raw":"","footnotes":""},"categories":[17],"tags":[112,290,969,970],"class_list":["post-11588","post","type-post","status-publish","format-standard","has-post-thumbnail","hentry","category-news-it","tag-resilienza","tag-impresa-sociale","tag-carlo-borzaga","tag-andrea-orlando"],"acf":[],"yoast_head":"<!-- This site is optimized with the Yoast SEO plugin v26.1.1 - https:\/\/yoast.com\/wordpress\/plugins\/seo\/ -->\n<title>L&#039;impresa sociale in Italia, presentato il IV rapporto Iris Network - Euricse<\/title>\n<meta name=\"robots\" content=\"index, follow, max-snippet:-1, max-image-preview:large, max-video-preview:-1\" \/>\n<link rel=\"canonical\" href=\"https:\/\/euricse.eu\/it\/limpresa-sociale-in-italia-presentato-il-iv-rapporto-iris-network\/\" \/>\n<meta property=\"og:locale\" content=\"it_IT\" \/>\n<meta property=\"og:type\" content=\"article\" \/>\n<meta property=\"og:title\" content=\"L&#039;impresa sociale in Italia, presentato il IV rapporto Iris Network - Euricse\" \/>\n<meta property=\"og:description\" content=\"All\u2019evento on line il presidente di Euricse, Carlo Borzaga, e il ministro del Lavoro Andrea Orlando: \u201cUn settore che ha saputo reagire alla pandemia\u201d di Luca De Pascale Scarica il rapporto Il rapporto di Iris Network \u00e8 una pubblicazione periodica che descrive lo sviluppo e l\u2019evoluzione dell\u2019impresa sociale in Italia grazie ad analisi quantitative e [&hellip;]\" \/>\n<meta property=\"og:url\" content=\"https:\/\/euricse.eu\/it\/limpresa-sociale-in-italia-presentato-il-iv-rapporto-iris-network\/\" \/>\n<meta property=\"og:site_name\" content=\"Euricse\" \/>\n<meta property=\"article:published_time\" content=\"2021-04-14T10:24:36+00:00\" \/>\n<meta property=\"article:modified_time\" content=\"2021-04-14T10:24:40+00:00\" \/>\n<meta property=\"og:image\" content=\"https:\/\/euricse.eu\/wp-content\/uploads\/2021\/04\/impresaSocialeOrlando.png\" \/>\n\t<meta property=\"og:image:width\" content=\"1920\" \/>\n\t<meta property=\"og:image:height\" content=\"1080\" \/>\n\t<meta property=\"og:image:type\" content=\"image\/png\" \/>\n<meta name=\"author\" content=\"redazione\" \/>\n<meta name=\"twitter:card\" content=\"summary_large_image\" \/>\n<meta name=\"twitter:label1\" content=\"Scritto da\" \/>\n\t<meta name=\"twitter:data1\" content=\"redazione\" \/>\n\t<meta name=\"twitter:label2\" content=\"Tempo di lettura stimato\" \/>\n\t<meta name=\"twitter:data2\" content=\"3 minuti\" \/>\n<script type=\"application\/ld+json\" class=\"yoast-schema-graph\">{\"@context\":\"https:\/\/schema.org\",\"@graph\":[{\"@type\":\"WebPage\",\"@id\":\"https:\/\/euricse.eu\/it\/limpresa-sociale-in-italia-presentato-il-iv-rapporto-iris-network\/\",\"url\":\"https:\/\/euricse.eu\/it\/limpresa-sociale-in-italia-presentato-il-iv-rapporto-iris-network\/\",\"name\":\"L'impresa sociale in Italia, presentato il IV rapporto Iris Network - Euricse\",\"isPartOf\":{\"@id\":\"https:\/\/euricse.eu\/en\/#website\"},\"primaryImageOfPage\":{\"@id\":\"https:\/\/euricse.eu\/it\/limpresa-sociale-in-italia-presentato-il-iv-rapporto-iris-network\/#primaryimage\"},\"image\":{\"@id\":\"https:\/\/euricse.eu\/it\/limpresa-sociale-in-italia-presentato-il-iv-rapporto-iris-network\/#primaryimage\"},\"thumbnailUrl\":\"https:\/\/euricse.eu\/wp-content\/uploads\/2021\/04\/impresaSocialeOrlando.png\",\"datePublished\":\"2021-04-14T10:24:36+00:00\",\"dateModified\":\"2021-04-14T10:24:40+00:00\",\"author\":{\"@id\":\"https:\/\/euricse.eu\/en\/#\/schema\/person\/46be9426d76e3114ba478b69f3d8040b\"},\"breadcrumb\":{\"@id\":\"https:\/\/euricse.eu\/it\/limpresa-sociale-in-italia-presentato-il-iv-rapporto-iris-network\/#breadcrumb\"},\"inLanguage\":\"it-IT\",\"potentialAction\":[{\"@type\":\"ReadAction\",\"target\":[\"https:\/\/euricse.eu\/it\/limpresa-sociale-in-italia-presentato-il-iv-rapporto-iris-network\/\"]}]},{\"@type\":\"ImageObject\",\"inLanguage\":\"it-IT\",\"@id\":\"https:\/\/euricse.eu\/it\/limpresa-sociale-in-italia-presentato-il-iv-rapporto-iris-network\/#primaryimage\",\"url\":\"https:\/\/euricse.eu\/wp-content\/uploads\/2021\/04\/impresaSocialeOrlando.png\",\"contentUrl\":\"https:\/\/euricse.eu\/wp-content\/uploads\/2021\/04\/impresaSocialeOrlando.png\",\"width\":1920,\"height\":1080},{\"@type\":\"BreadcrumbList\",\"@id\":\"https:\/\/euricse.eu\/it\/limpresa-sociale-in-italia-presentato-il-iv-rapporto-iris-network\/#breadcrumb\",\"itemListElement\":[{\"@type\":\"ListItem\",\"position\":1,\"name\":\"Home\",\"item\":\"https:\/\/euricse.eu\/it\/\"},{\"@type\":\"ListItem\",\"position\":2,\"name\":\"L&#8217;impresa sociale in Italia, presentato il IV rapporto Iris Network\"}]},{\"@type\":\"WebSite\",\"@id\":\"https:\/\/euricse.eu\/en\/#website\",\"url\":\"https:\/\/euricse.eu\/en\/\",\"name\":\"Euricse\",\"description\":\"Knowledge and innovation for cooperative and social enterprises.\",\"potentialAction\":[{\"@type\":\"SearchAction\",\"target\":{\"@type\":\"EntryPoint\",\"urlTemplate\":\"https:\/\/euricse.eu\/en\/?s={search_term_string}\"},\"query-input\":{\"@type\":\"PropertyValueSpecification\",\"valueRequired\":true,\"valueName\":\"search_term_string\"}}],\"inLanguage\":\"it-IT\"},{\"@type\":\"Person\",\"@id\":\"https:\/\/euricse.eu\/en\/#\/schema\/person\/46be9426d76e3114ba478b69f3d8040b\",\"name\":\"redazione\",\"image\":{\"@type\":\"ImageObject\",\"inLanguage\":\"it-IT\",\"@id\":\"https:\/\/euricse.eu\/en\/#\/schema\/person\/image\/\",\"url\":\"https:\/\/secure.gravatar.com\/avatar\/d1e5fb76fa001722a0822f32de0a8935d9c7a01b0f055f16dc71df73252c3c50?s=96&d=mm&r=g\",\"contentUrl\":\"https:\/\/secure.gravatar.com\/avatar\/d1e5fb76fa001722a0822f32de0a8935d9c7a01b0f055f16dc71df73252c3c50?s=96&d=mm&r=g\",\"caption\":\"redazione\"},\"url\":\"https:\/\/euricse.eu\/it\/author\/marikadmin\/\"}]}<\/script>\n<!-- \/ Yoast SEO plugin. -->","yoast_head_json":{"title":"L'impresa sociale in Italia, presentato il IV rapporto Iris Network - Euricse","robots":{"index":"index","follow":"follow","max-snippet":"max-snippet:-1","max-image-preview":"max-image-preview:large","max-video-preview":"max-video-preview:-1"},"canonical":"https:\/\/euricse.eu\/it\/limpresa-sociale-in-italia-presentato-il-iv-rapporto-iris-network\/","og_locale":"it_IT","og_type":"article","og_title":"L'impresa sociale in Italia, presentato il IV rapporto Iris Network - Euricse","og_description":"All\u2019evento on line il presidente di Euricse, Carlo Borzaga, e il ministro del Lavoro Andrea Orlando: \u201cUn settore che ha saputo reagire alla pandemia\u201d di Luca De Pascale Scarica il rapporto Il rapporto di Iris Network \u00e8 una pubblicazione periodica che descrive lo sviluppo e l\u2019evoluzione dell\u2019impresa sociale in Italia grazie ad analisi quantitative e [&hellip;]","og_url":"https:\/\/euricse.eu\/it\/limpresa-sociale-in-italia-presentato-il-iv-rapporto-iris-network\/","og_site_name":"Euricse","article_published_time":"2021-04-14T10:24:36+00:00","article_modified_time":"2021-04-14T10:24:40+00:00","og_image":[{"width":1920,"height":1080,"url":"https:\/\/euricse.eu\/wp-content\/uploads\/2021\/04\/impresaSocialeOrlando.png","type":"image\/png"}],"author":"redazione","twitter_card":"summary_large_image","twitter_misc":{"Scritto da":"redazione","Tempo di lettura stimato":"3 minuti"},"schema":{"@context":"https:\/\/schema.org","@graph":[{"@type":"WebPage","@id":"https:\/\/euricse.eu\/it\/limpresa-sociale-in-italia-presentato-il-iv-rapporto-iris-network\/","url":"https:\/\/euricse.eu\/it\/limpresa-sociale-in-italia-presentato-il-iv-rapporto-iris-network\/","name":"L'impresa sociale in Italia, presentato il IV rapporto Iris Network - Euricse","isPartOf":{"@id":"https:\/\/euricse.eu\/en\/#website"},"primaryImageOfPage":{"@id":"https:\/\/euricse.eu\/it\/limpresa-sociale-in-italia-presentato-il-iv-rapporto-iris-network\/#primaryimage"},"image":{"@id":"https:\/\/euricse.eu\/it\/limpresa-sociale-in-italia-presentato-il-iv-rapporto-iris-network\/#primaryimage"},"thumbnailUrl":"https:\/\/euricse.eu\/wp-content\/uploads\/2021\/04\/impresaSocialeOrlando.png","datePublished":"2021-04-14T10:24:36+00:00","dateModified":"2021-04-14T10:24:40+00:00","author":{"@id":"https:\/\/euricse.eu\/en\/#\/schema\/person\/46be9426d76e3114ba478b69f3d8040b"},"breadcrumb":{"@id":"https:\/\/euricse.eu\/it\/limpresa-sociale-in-italia-presentato-il-iv-rapporto-iris-network\/#breadcrumb"},"inLanguage":"it-IT","potentialAction":[{"@type":"ReadAction","target":["https:\/\/euricse.eu\/it\/limpresa-sociale-in-italia-presentato-il-iv-rapporto-iris-network\/"]}]},{"@type":"ImageObject","inLanguage":"it-IT","@id":"https:\/\/euricse.eu\/it\/limpresa-sociale-in-italia-presentato-il-iv-rapporto-iris-network\/#primaryimage","url":"https:\/\/euricse.eu\/wp-content\/uploads\/2021\/04\/impresaSocialeOrlando.png","contentUrl":"https:\/\/euricse.eu\/wp-content\/uploads\/2021\/04\/impresaSocialeOrlando.png","width":1920,"height":1080},{"@type":"BreadcrumbList","@id":"https:\/\/euricse.eu\/it\/limpresa-sociale-in-italia-presentato-il-iv-rapporto-iris-network\/#breadcrumb","itemListElement":[{"@type":"ListItem","position":1,"name":"Home","item":"https:\/\/euricse.eu\/it\/"},{"@type":"ListItem","position":2,"name":"L&#8217;impresa sociale in Italia, presentato il IV rapporto Iris Network"}]},{"@type":"WebSite","@id":"https:\/\/euricse.eu\/en\/#website","url":"https:\/\/euricse.eu\/en\/","name":"Euricse","description":"Knowledge and innovation for cooperative and social enterprises.","potentialAction":[{"@type":"SearchAction","target":{"@type":"EntryPoint","urlTemplate":"https:\/\/euricse.eu\/en\/?s={search_term_string}"},"query-input":{"@type":"PropertyValueSpecification","valueRequired":true,"valueName":"search_term_string"}}],"inLanguage":"it-IT"},{"@type":"Person","@id":"https:\/\/euricse.eu\/en\/#\/schema\/person\/46be9426d76e3114ba478b69f3d8040b","name":"redazione","image":{"@type":"ImageObject","inLanguage":"it-IT","@id":"https:\/\/euricse.eu\/en\/#\/schema\/person\/image\/","url":"https:\/\/secure.gravatar.com\/avatar\/d1e5fb76fa001722a0822f32de0a8935d9c7a01b0f055f16dc71df73252c3c50?s=96&d=mm&r=g","contentUrl":"https:\/\/secure.gravatar.com\/avatar\/d1e5fb76fa001722a0822f32de0a8935d9c7a01b0f055f16dc71df73252c3c50?s=96&d=mm&r=g","caption":"redazione"},"url":"https:\/\/euricse.eu\/it\/author\/marikadmin\/"}]}},"_links":{"self":[{"href":"https:\/\/euricse.eu\/it\/wp-json\/wp\/v2\/posts\/11588","targetHints":{"allow":["GET"]}}],"collection":[{"href":"https:\/\/euricse.eu\/it\/wp-json\/wp\/v2\/posts"}],"about":[{"href":"https:\/\/euricse.eu\/it\/wp-json\/wp\/v2\/types\/post"}],"author":[{"embeddable":true,"href":"https:\/\/euricse.eu\/it\/wp-json\/wp\/v2\/users\/30"}],"replies":[{"embeddable":true,"href":"https:\/\/euricse.eu\/it\/wp-json\/wp\/v2\/comments?post=11588"}],"version-history":[{"count":0,"href":"https:\/\/euricse.eu\/it\/wp-json\/wp\/v2\/posts\/11588\/revisions"}],"wp:featuredmedia":[{"embeddable":true,"href":"https:\/\/euricse.eu\/it\/wp-json\/wp\/v2\/media\/11592"}],"wp:attachment":[{"href":"https:\/\/euricse.eu\/it\/wp-json\/wp\/v2\/media?parent=11588"}],"wp:term":[{"taxonomy":"category","embeddable":true,"href":"https:\/\/euricse.eu\/it\/wp-json\/wp\/v2\/categories?post=11588"},{"taxonomy":"post_tag","embeddable":true,"href":"https:\/\/euricse.eu\/it\/wp-json\/wp\/v2\/tags?post=11588"}],"curies":[{"name":"wp","href":"https:\/\/api.w.org\/{rel}","templated":true}]}}