{"id":11666,"date":"2021-04-30T08:16:04","date_gmt":"2021-04-30T07:16:04","guid":{"rendered":"https:\/\/euricse.staging.hgblu.com\/?p=11666"},"modified":"2021-05-04T09:00:35","modified_gmt":"2021-05-04T08:00:35","slug":"come-supportare-la-crescita-della-cooperazione-di-lavoro-in-provincia-di-bergamo","status":"publish","type":"post","link":"https:\/\/euricse.eu\/it\/come-supportare-la-crescita-della-cooperazione-di-lavoro-in-provincia-di-bergamo\/","title":{"rendered":"Come supportare la crescita della cooperazione di lavoro in provincia di Bergamo"},"content":{"rendered":"\n<h3 class=\"wp-block-heading\"><strong><em>La ricerca di Euricse presentata durante il webinar di Confcooperative Bergamo e Coesi<\/em><\/strong><\/h3>\n\n\n\n<h4 class=\"wp-block-heading\">di Luca De Pascale<\/h4>\n\n\n\n<p>Gioved\u00ec 29 aprile si \u00e8 tenuto il webinar \u201cLa piramide rovesciata, l\u2019et\u00e0 del lavoro\u201d organizzato da <a href=\"http:\/\/www.bergamo.confcooperative.it\/\" target=\"_blank\" rel=\"noreferrer noopener\">Confcooperative Bergamo<\/a> e dal Centro servizi aziendali Coesi: durante l\u2019evento la ricercatrice Euricse Chiara Carini ha presentato i risultati della ricerca sul mondo della cooperazione di lavoro in provincia di Bergamo.&nbsp;&nbsp;<\/p>\n\n\n\n<p><strong>Per rivedere il webinar clicca <a href=\"https:\/\/www.youtube.com\/watch?v=TRfrDBFrj9s\" target=\"_blank\" rel=\"noreferrer noopener\">qui<\/a><\/strong><\/p>\n\n\n\n<p><strong>Giuseppe Guerini<\/strong>, presidente di Confcooperative Bergamo, ha aperto l\u2019evento facendo riferimento al titolo del webinar: \u201cLa piramide \u00e8 rovesciata perch\u00e9 la parte pi\u00f9 importante \u00e8 quella esposta verso il pubblico\u201d, considerato anche che \u201cla piramide demografica ormai rappresenta un albero e questo ci porta ad interrogarci sul presente\u201d.&nbsp;<\/p>\n\n\n\n<p>La ricerca \u201cLa cooperazione di lavoro e di inserimento lavorativo in provincia di Bergamo, curata da <strong>Chiara Carini<\/strong>, si \u00e8 focalizzata su due settori della cooperazione bergamasca: l\u2019approfondimento delle cooperative di lavoro e lo studio delle cooperative di inserimento lavorativo. Lo studio \u00e8 basato su un approccio quantitativo con l\u2019integrazione di elementi qualitativi: sono stati raccolti dati economico-finanziari con interviste semi-strutturate a quattro realt\u00e0 cooperative del territorio, per approfondire le strategie aziendali messe in atto per il rafforzamento imprenditoriale.<\/p>\n\n\n\n<p>Il 23% delle realt\u00e0 analizzate opera nel settore dei trasporti, percentuale che sale al 33,5% se si considerano solo le cooperative di produzione e lavoro e al 29,6% se si guarda alle sole associate a Confcooperative. Per quanto riguarda le dimensioni, sia delle cooperative di lavoro sia delle cooperative di inserimento lavorativo, l\u201980% sono piccole, con un fatturato inferiore ai 2 milioni di euro. Tuttavia, chiarisce Carini, \u201cci\u00f2 non vuol dire che sul territorio non vi siano alcune grosse realt\u00e0, dei <em>key player,<\/em> leader nei propri settori avendo una dimensione maggiore delle altre cooperative numericamente pi\u00f9 ridotte\u201d.&nbsp;<\/p>\n\n\n\n<figure class=\"wp-block-image size-large\"><img loading=\"lazy\" decoding=\"async\" width=\"960\" height=\"548\" src=\"https:\/\/euricse.eu\/wp-content\/uploads\/2021\/04\/gloves-3555439_960_720.jpg\" alt=\"\" class=\"wp-image-11667\" srcset=\"https:\/\/euricse.eu\/wp-content\/uploads\/2021\/04\/gloves-3555439_960_720.jpg 960w, https:\/\/euricse.eu\/wp-content\/uploads\/2021\/04\/gloves-3555439_960_720-300x171.jpg 300w, https:\/\/euricse.eu\/wp-content\/uploads\/2021\/04\/gloves-3555439_960_720-670x382.jpg 670w, https:\/\/euricse.eu\/wp-content\/uploads\/2021\/04\/gloves-3555439_960_720-768x438.jpg 768w\" sizes=\"auto, (max-width: 960px) 100vw, 960px\" \/><\/figure>\n\n\n\n<p>Il capitale umano impiegato nelle cooperative di produzione e lavoro bergamasche nel 2017 \u00e8 stato all\u2019incirca di 15 mila lavoratori, prevalentemente di sesso maschile (71,9%), con un\u2019et\u00e0 compresa tra i 30 e i 54 anni (65,8%). I consigli di amministrazione delle cooperative, sia di produzione che di inserimento lavorativo, si caratterizzano per un\u2019et\u00e0 medio-alta dei consiglieri (49,8 anni per le prime e 53,4 anni per le seconde) e dei loro presidenti (rispettivamente 52,5 anni per le prime e 56,2 per le seconde). &nbsp;<\/p>\n\n\n\n<p>Mediante l\u2019analisi dei dati delle 257 cooperative e della letteratura esistente sulle conseguenze del Covid-19 sull\u2019attivit\u00e0 delle cooperative, sono stati individuati tre temi centrali per la definizione di azioni e strategie che possano essere di supporto alla crescita delle cooperative: crescita dimensionale, nuovi mercati e digitalizzazione.<br>Essendo le cooperative analizzate pi\u00f9 piccole rispetto ai propri competitor, sia in termini di valore della produzione generato sia di capitalizzazione, \u00e8 necessario riflettere su quali possano essere gli strumenti e i canali \u2013 finanziari e\/o collaborativi \u2013 che possano supportare la loro crescita.&nbsp;<br>Inoltre, le cooperative analizzate operano in settori tradizionali. Sorge quindi spontaneo chiedersi come orientare le cooperative ad una conversione verso nuovi settori ad alta qualificazione ed elevata produttivit\u00e0. <\/p>\n\n\n\n<figure class=\"wp-block-image size-large\"><img loading=\"lazy\" decoding=\"async\" width=\"1024\" height=\"576\" src=\"https:\/\/euricse.eu\/wp-content\/uploads\/2021\/05\/chiara-carini-1024x576.png\" alt=\"\" class=\"wp-image-11691\" srcset=\"https:\/\/euricse.eu\/wp-content\/uploads\/2021\/05\/chiara-carini-1024x576.png 1024w, https:\/\/euricse.eu\/wp-content\/uploads\/2021\/05\/chiara-carini-300x169.png 300w, https:\/\/euricse.eu\/wp-content\/uploads\/2021\/05\/chiara-carini-670x377.png 670w, https:\/\/euricse.eu\/wp-content\/uploads\/2021\/05\/chiara-carini-768x432.png 768w, https:\/\/euricse.eu\/wp-content\/uploads\/2021\/05\/chiara-carini-1536x864.png 1536w, https:\/\/euricse.eu\/wp-content\/uploads\/2021\/05\/chiara-carini.png 1920w\" sizes=\"auto, (max-width: 1024px) 100vw, 1024px\" \/><\/figure>\n\n\n\n<p>Infine, la competizione con imprese non cooperative e la pandemia legata alla diffusione del virus Covid-19 riportano sotto i riflettori due temi che, negli ultimi anni, sono stati al centro del dibattito industriale: industria 4.0 e digitalizzazione dei processi e delle attivit\u00e0. \u201cIl Covid ha fatto riemergere il tema della digitalizzazione dei processi e delle attivit\u00e0 all\u2019interno delle organizzazioni\u201d, ha concluso Chiara Carini. \u201cAbbiamo avuto conferma dei dati osservati: \u00e8 emersa la solidit\u00e0 delle cooperative dal punto di vista economico, finanziario e della produzione. La pandemia non ha impattato sui risultati delle commesse\u201d.<\/p>\n","protected":false},"excerpt":{"rendered":"<p>La ricerca di Euricse presentata durante il webinar di Confcooperative Bergamo e Coesi di Luca De Pascale Gioved\u00ec 29 aprile si \u00e8 tenuto il webinar \u201cLa piramide rovesciata, l\u2019et\u00e0 del lavoro\u201d organizzato da Confcooperative Bergamo e dal Centro servizi aziendali Coesi: durante l\u2019evento la ricercatrice Euricse Chiara Carini ha presentato i risultati della ricerca sul [&hellip;]<\/p>\n","protected":false},"author":30,"featured_media":11668,"comment_status":"open","ping_status":"closed","sticky":false,"template":"","format":"standard","meta":{"_acf_changed":false,"episode_type":"","audio_file":"","cover_image":"","cover_image_id":"","duration":"","filesize":"","date_recorded":"","explicit":"","block":"","itunes_episode_number":"","itunes_title":"","itunes_season_number":"","itunes_episode_type":"","filesize_raw":"","footnotes":""},"categories":[17],"tags":[862,982,983,984,985],"class_list":["post-11666","post","type-post","status-publish","format-standard","has-post-thumbnail","hentry","category-news-it","tag-covid","tag-confcooperative","tag-bergamo","tag-cooperative-di-lavoro","tag-cooperative-di-inserimento-lavorativo"],"acf":[],"yoast_head":"<!-- This site is optimized with the Yoast SEO plugin v26.1.1 - https:\/\/yoast.com\/wordpress\/plugins\/seo\/ -->\n<title>Come supportare la crescita della cooperazione di lavoro in provincia di Bergamo - Euricse<\/title>\n<meta name=\"robots\" content=\"index, follow, max-snippet:-1, max-image-preview:large, max-video-preview:-1\" \/>\n<link rel=\"canonical\" href=\"https:\/\/euricse.eu\/it\/come-supportare-la-crescita-della-cooperazione-di-lavoro-in-provincia-di-bergamo\/\" \/>\n<meta property=\"og:locale\" content=\"it_IT\" \/>\n<meta property=\"og:type\" content=\"article\" \/>\n<meta property=\"og:title\" content=\"Come supportare la crescita della cooperazione di lavoro in provincia di Bergamo - Euricse\" \/>\n<meta property=\"og:description\" content=\"La ricerca di Euricse presentata durante il webinar di Confcooperative Bergamo e Coesi di Luca De Pascale Gioved\u00ec 29 aprile si \u00e8 tenuto il webinar \u201cLa piramide rovesciata, l\u2019et\u00e0 del lavoro\u201d organizzato da Confcooperative Bergamo e dal Centro servizi aziendali Coesi: durante l\u2019evento la ricercatrice Euricse Chiara Carini ha presentato i risultati della ricerca sul [&hellip;]\" \/>\n<meta property=\"og:url\" content=\"https:\/\/euricse.eu\/it\/come-supportare-la-crescita-della-cooperazione-di-lavoro-in-provincia-di-bergamo\/\" \/>\n<meta property=\"og:site_name\" content=\"Euricse\" \/>\n<meta property=\"article:published_time\" content=\"2021-04-30T07:16:04+00:00\" \/>\n<meta property=\"article:modified_time\" content=\"2021-05-04T08:00:35+00:00\" \/>\n<meta property=\"og:image\" content=\"https:\/\/euricse.eu\/wp-content\/uploads\/2021\/04\/gloves-3555439_960_720.jpg\" \/>\n\t<meta property=\"og:image:width\" content=\"960\" \/>\n\t<meta property=\"og:image:height\" content=\"548\" \/>\n\t<meta property=\"og:image:type\" content=\"image\/jpeg\" \/>\n<meta name=\"author\" content=\"redazione\" \/>\n<meta name=\"twitter:card\" content=\"summary_large_image\" \/>\n<meta name=\"twitter:label1\" content=\"Scritto da\" \/>\n\t<meta name=\"twitter:data1\" content=\"redazione\" \/>\n\t<meta name=\"twitter:label2\" content=\"Tempo di lettura stimato\" \/>\n\t<meta name=\"twitter:data2\" content=\"3 minuti\" \/>\n<script type=\"application\/ld+json\" class=\"yoast-schema-graph\">{\"@context\":\"https:\/\/schema.org\",\"@graph\":[{\"@type\":\"WebPage\",\"@id\":\"https:\/\/euricse.eu\/it\/come-supportare-la-crescita-della-cooperazione-di-lavoro-in-provincia-di-bergamo\/\",\"url\":\"https:\/\/euricse.eu\/it\/come-supportare-la-crescita-della-cooperazione-di-lavoro-in-provincia-di-bergamo\/\",\"name\":\"Come supportare la crescita della cooperazione di lavoro in provincia di Bergamo - Euricse\",\"isPartOf\":{\"@id\":\"https:\/\/euricse.eu\/en\/#website\"},\"primaryImageOfPage\":{\"@id\":\"https:\/\/euricse.eu\/it\/come-supportare-la-crescita-della-cooperazione-di-lavoro-in-provincia-di-bergamo\/#primaryimage\"},\"image\":{\"@id\":\"https:\/\/euricse.eu\/it\/come-supportare-la-crescita-della-cooperazione-di-lavoro-in-provincia-di-bergamo\/#primaryimage\"},\"thumbnailUrl\":\"https:\/\/euricse.eu\/wp-content\/uploads\/2021\/04\/gloves-3555439_960_720.jpg\",\"datePublished\":\"2021-04-30T07:16:04+00:00\",\"dateModified\":\"2021-05-04T08:00:35+00:00\",\"author\":{\"@id\":\"https:\/\/euricse.eu\/en\/#\/schema\/person\/46be9426d76e3114ba478b69f3d8040b\"},\"breadcrumb\":{\"@id\":\"https:\/\/euricse.eu\/it\/come-supportare-la-crescita-della-cooperazione-di-lavoro-in-provincia-di-bergamo\/#breadcrumb\"},\"inLanguage\":\"it-IT\",\"potentialAction\":[{\"@type\":\"ReadAction\",\"target\":[\"https:\/\/euricse.eu\/it\/come-supportare-la-crescita-della-cooperazione-di-lavoro-in-provincia-di-bergamo\/\"]}]},{\"@type\":\"ImageObject\",\"inLanguage\":\"it-IT\",\"@id\":\"https:\/\/euricse.eu\/it\/come-supportare-la-crescita-della-cooperazione-di-lavoro-in-provincia-di-bergamo\/#primaryimage\",\"url\":\"https:\/\/euricse.eu\/wp-content\/uploads\/2021\/04\/gloves-3555439_960_720.jpg\",\"contentUrl\":\"https:\/\/euricse.eu\/wp-content\/uploads\/2021\/04\/gloves-3555439_960_720.jpg\",\"width\":960,\"height\":548},{\"@type\":\"BreadcrumbList\",\"@id\":\"https:\/\/euricse.eu\/it\/come-supportare-la-crescita-della-cooperazione-di-lavoro-in-provincia-di-bergamo\/#breadcrumb\",\"itemListElement\":[{\"@type\":\"ListItem\",\"position\":1,\"name\":\"Home\",\"item\":\"https:\/\/euricse.eu\/it\/\"},{\"@type\":\"ListItem\",\"position\":2,\"name\":\"Come supportare la crescita della cooperazione di lavoro in provincia di Bergamo\"}]},{\"@type\":\"WebSite\",\"@id\":\"https:\/\/euricse.eu\/en\/#website\",\"url\":\"https:\/\/euricse.eu\/en\/\",\"name\":\"Euricse\",\"description\":\"Knowledge and innovation for cooperative and social enterprises.\",\"potentialAction\":[{\"@type\":\"SearchAction\",\"target\":{\"@type\":\"EntryPoint\",\"urlTemplate\":\"https:\/\/euricse.eu\/en\/?s={search_term_string}\"},\"query-input\":{\"@type\":\"PropertyValueSpecification\",\"valueRequired\":true,\"valueName\":\"search_term_string\"}}],\"inLanguage\":\"it-IT\"},{\"@type\":\"Person\",\"@id\":\"https:\/\/euricse.eu\/en\/#\/schema\/person\/46be9426d76e3114ba478b69f3d8040b\",\"name\":\"redazione\",\"image\":{\"@type\":\"ImageObject\",\"inLanguage\":\"it-IT\",\"@id\":\"https:\/\/euricse.eu\/en\/#\/schema\/person\/image\/\",\"url\":\"https:\/\/secure.gravatar.com\/avatar\/d1e5fb76fa001722a0822f32de0a8935d9c7a01b0f055f16dc71df73252c3c50?s=96&d=mm&r=g\",\"contentUrl\":\"https:\/\/secure.gravatar.com\/avatar\/d1e5fb76fa001722a0822f32de0a8935d9c7a01b0f055f16dc71df73252c3c50?s=96&d=mm&r=g\",\"caption\":\"redazione\"},\"url\":\"https:\/\/euricse.eu\/it\/author\/marikadmin\/\"}]}<\/script>\n<!-- \/ Yoast SEO plugin. -->","yoast_head_json":{"title":"Come supportare la crescita della cooperazione di lavoro in provincia di Bergamo - Euricse","robots":{"index":"index","follow":"follow","max-snippet":"max-snippet:-1","max-image-preview":"max-image-preview:large","max-video-preview":"max-video-preview:-1"},"canonical":"https:\/\/euricse.eu\/it\/come-supportare-la-crescita-della-cooperazione-di-lavoro-in-provincia-di-bergamo\/","og_locale":"it_IT","og_type":"article","og_title":"Come supportare la crescita della cooperazione di lavoro in provincia di Bergamo - Euricse","og_description":"La ricerca di Euricse presentata durante il webinar di Confcooperative Bergamo e Coesi di Luca De Pascale Gioved\u00ec 29 aprile si \u00e8 tenuto il webinar \u201cLa piramide rovesciata, l\u2019et\u00e0 del lavoro\u201d organizzato da Confcooperative Bergamo e dal Centro servizi aziendali Coesi: durante l\u2019evento la ricercatrice Euricse Chiara Carini ha presentato i risultati della ricerca sul [&hellip;]","og_url":"https:\/\/euricse.eu\/it\/come-supportare-la-crescita-della-cooperazione-di-lavoro-in-provincia-di-bergamo\/","og_site_name":"Euricse","article_published_time":"2021-04-30T07:16:04+00:00","article_modified_time":"2021-05-04T08:00:35+00:00","og_image":[{"width":960,"height":548,"url":"https:\/\/euricse.eu\/wp-content\/uploads\/2021\/04\/gloves-3555439_960_720.jpg","type":"image\/jpeg"}],"author":"redazione","twitter_card":"summary_large_image","twitter_misc":{"Scritto da":"redazione","Tempo di lettura stimato":"3 minuti"},"schema":{"@context":"https:\/\/schema.org","@graph":[{"@type":"WebPage","@id":"https:\/\/euricse.eu\/it\/come-supportare-la-crescita-della-cooperazione-di-lavoro-in-provincia-di-bergamo\/","url":"https:\/\/euricse.eu\/it\/come-supportare-la-crescita-della-cooperazione-di-lavoro-in-provincia-di-bergamo\/","name":"Come supportare la crescita della cooperazione di lavoro in provincia di Bergamo - Euricse","isPartOf":{"@id":"https:\/\/euricse.eu\/en\/#website"},"primaryImageOfPage":{"@id":"https:\/\/euricse.eu\/it\/come-supportare-la-crescita-della-cooperazione-di-lavoro-in-provincia-di-bergamo\/#primaryimage"},"image":{"@id":"https:\/\/euricse.eu\/it\/come-supportare-la-crescita-della-cooperazione-di-lavoro-in-provincia-di-bergamo\/#primaryimage"},"thumbnailUrl":"https:\/\/euricse.eu\/wp-content\/uploads\/2021\/04\/gloves-3555439_960_720.jpg","datePublished":"2021-04-30T07:16:04+00:00","dateModified":"2021-05-04T08:00:35+00:00","author":{"@id":"https:\/\/euricse.eu\/en\/#\/schema\/person\/46be9426d76e3114ba478b69f3d8040b"},"breadcrumb":{"@id":"https:\/\/euricse.eu\/it\/come-supportare-la-crescita-della-cooperazione-di-lavoro-in-provincia-di-bergamo\/#breadcrumb"},"inLanguage":"it-IT","potentialAction":[{"@type":"ReadAction","target":["https:\/\/euricse.eu\/it\/come-supportare-la-crescita-della-cooperazione-di-lavoro-in-provincia-di-bergamo\/"]}]},{"@type":"ImageObject","inLanguage":"it-IT","@id":"https:\/\/euricse.eu\/it\/come-supportare-la-crescita-della-cooperazione-di-lavoro-in-provincia-di-bergamo\/#primaryimage","url":"https:\/\/euricse.eu\/wp-content\/uploads\/2021\/04\/gloves-3555439_960_720.jpg","contentUrl":"https:\/\/euricse.eu\/wp-content\/uploads\/2021\/04\/gloves-3555439_960_720.jpg","width":960,"height":548},{"@type":"BreadcrumbList","@id":"https:\/\/euricse.eu\/it\/come-supportare-la-crescita-della-cooperazione-di-lavoro-in-provincia-di-bergamo\/#breadcrumb","itemListElement":[{"@type":"ListItem","position":1,"name":"Home","item":"https:\/\/euricse.eu\/it\/"},{"@type":"ListItem","position":2,"name":"Come supportare la crescita della cooperazione di lavoro in provincia di Bergamo"}]},{"@type":"WebSite","@id":"https:\/\/euricse.eu\/en\/#website","url":"https:\/\/euricse.eu\/en\/","name":"Euricse","description":"Knowledge and innovation for cooperative and social enterprises.","potentialAction":[{"@type":"SearchAction","target":{"@type":"EntryPoint","urlTemplate":"https:\/\/euricse.eu\/en\/?s={search_term_string}"},"query-input":{"@type":"PropertyValueSpecification","valueRequired":true,"valueName":"search_term_string"}}],"inLanguage":"it-IT"},{"@type":"Person","@id":"https:\/\/euricse.eu\/en\/#\/schema\/person\/46be9426d76e3114ba478b69f3d8040b","name":"redazione","image":{"@type":"ImageObject","inLanguage":"it-IT","@id":"https:\/\/euricse.eu\/en\/#\/schema\/person\/image\/","url":"https:\/\/secure.gravatar.com\/avatar\/d1e5fb76fa001722a0822f32de0a8935d9c7a01b0f055f16dc71df73252c3c50?s=96&d=mm&r=g","contentUrl":"https:\/\/secure.gravatar.com\/avatar\/d1e5fb76fa001722a0822f32de0a8935d9c7a01b0f055f16dc71df73252c3c50?s=96&d=mm&r=g","caption":"redazione"},"url":"https:\/\/euricse.eu\/it\/author\/marikadmin\/"}]}},"_links":{"self":[{"href":"https:\/\/euricse.eu\/it\/wp-json\/wp\/v2\/posts\/11666","targetHints":{"allow":["GET"]}}],"collection":[{"href":"https:\/\/euricse.eu\/it\/wp-json\/wp\/v2\/posts"}],"about":[{"href":"https:\/\/euricse.eu\/it\/wp-json\/wp\/v2\/types\/post"}],"author":[{"embeddable":true,"href":"https:\/\/euricse.eu\/it\/wp-json\/wp\/v2\/users\/30"}],"replies":[{"embeddable":true,"href":"https:\/\/euricse.eu\/it\/wp-json\/wp\/v2\/comments?post=11666"}],"version-history":[{"count":0,"href":"https:\/\/euricse.eu\/it\/wp-json\/wp\/v2\/posts\/11666\/revisions"}],"wp:featuredmedia":[{"embeddable":true,"href":"https:\/\/euricse.eu\/it\/wp-json\/wp\/v2\/media\/11668"}],"wp:attachment":[{"href":"https:\/\/euricse.eu\/it\/wp-json\/wp\/v2\/media?parent=11666"}],"wp:term":[{"taxonomy":"category","embeddable":true,"href":"https:\/\/euricse.eu\/it\/wp-json\/wp\/v2\/categories?post=11666"},{"taxonomy":"post_tag","embeddable":true,"href":"https:\/\/euricse.eu\/it\/wp-json\/wp\/v2\/tags?post=11666"}],"curies":[{"name":"wp","href":"https:\/\/api.w.org\/{rel}","templated":true}]}}