{"id":11736,"date":"2021-05-11T10:17:16","date_gmt":"2021-05-11T09:17:16","guid":{"rendered":"https:\/\/euricse.staging.hgblu.com\/?p=11736"},"modified":"2021-06-22T16:45:08","modified_gmt":"2021-06-22T15:45:08","slug":"dimensioni-e-caratteristiche-delleconomia-sociale-italiana-nel-ritratto-di-euricse-ed-istat","status":"publish","type":"post","link":"https:\/\/euricse.eu\/it\/dimensioni-e-caratteristiche-delleconomia-sociale-italiana-nel-ritratto-di-euricse-ed-istat\/","title":{"rendered":"Dimensioni e caratteristiche dell\u2019economia sociale italiana nel ritratto di Euricse ed Istat"},"content":{"rendered":"\n<h3 class=\"wp-block-heading\"><strong>Presentata la prima ricerca nazionale che indaga cooperative tradizionali e istituzioni nonprofit<\/strong><\/h3>\n\n\n\n<p>Scarica <a href=\"https:\/\/euricse.eu\/it\/publications\/leconomia-sociale-in-italia-dimensioni-caratteristiche-e-settori-chiave\/\" target=\"_blank\" rel=\"noreferrer noopener\">qui<\/a> il rapporto<\/p>\n\n\n\n<p>Rivedi <a href=\"https:\/\/www.youtube.com\/watch?v=mIxTGnjZaQY\" target=\"_blank\" rel=\"noreferrer noopener\">qui<\/a> il webinar di presentazione<\/p>\n\n\n\n<p><strong>Associazioni, cooperative, mutue, fondazioni e altre istituzioni nonprofit contribuiscono all\u2019economia italiana con un valore aggiunto di oltre 49 miliardi di euro, il 3,4% del totale (6,7% sulla sola economia privata). Quasi un addetto su 10 del privato \u00e8 impiegato in un\u2019organizzazione dell\u2019economia sociale, una proporzione che sale a oltre il 60% nei settori dell\u2019istruzione e al 45,1% in quello della sanit\u00e0 e dell\u2019assistenza sociale. E ancora, dal 2015 al 2017, le istituzioni dell\u2019economia sociale sono aumentate di numero (+4,2) e hanno assunto pi\u00f9 persone (+3,5%). Sono queste le evidenze principali del primo rapporto Euricse-Istat sull\u2019economia sociale presentato oggi online con una tavola rotonda alla quale hanno partecipato anche la viceministra dell\u2019Economia e Finanze Laura Castelli e il presidente Cnel Tiziano Treu.<\/strong><\/p>\n\n\n\n<p><strong>Il percorso di ricerca<\/strong><\/p>\n\n\n\n<p>La collaborazione tra Istat ed Euricse \u00e8 nata nel 2019 per ricomporre la frammentazione statistica dei dati sulle organizzazioni dell\u2019economia sociale. Due anni fa \u00e8 stato pubblicato un <a href=\"https:\/\/www.istat.it\/it\/archivio\/226383\">primo rapporto<\/a> che ha riguardato la sola componente delle imprese cooperative. La ricerca \u201c<strong>L\u2019economia sociale in Italia. Dimensioni, caratteristiche e settori chiave<\/strong>\u201d, basata su dati 2015-2017, riguarda invece tutto il comparto delle organizzazioni nelle quali l\u2019obiettivo \u00e8 diverso dal profitto, la gestione \u00e8 affidata a coloro che sono in genere i beneficiari dell&#8217;attivit\u00e0 e il capitale ha una funzione puramente strumentale. &nbsp;<\/p>\n\n\n\n<p><strong>L\u2019evento di presentazione<\/strong><\/p>\n\n\n\n<p>Durante l\u2019evento online di marted\u00ec 11 maggio, moderato dal giornalista del Corriere della Sera <strong>Dario Di Vico<\/strong>, aperto dalla viceministra dell\u2019Economia e Finanze, <strong>Laura Castelli<\/strong>, dal segretario generale Euricse <strong>Gianluca Salvatori<\/strong> e da <strong>Caterina Viviano<\/strong>, responsabile Servizio registri statistici Istat, si \u00e8 svolta un dialogo tra il presidente di Euricse, <strong>Carlo Borzaga<\/strong>, e il presidente del CNEL <strong>Tiziano Treu<\/strong>. I principali risultati della ricerca sono stati presentati da <strong>Eddi Fontanari<\/strong> di Euricse e da <strong>Massimo Lori<\/strong> di Istat, due dei curatori del rapporto.<\/p>\n\n\n\n<figure class=\"wp-block-image size-large\"><img loading=\"lazy\" decoding=\"async\" width=\"1024\" height=\"576\" src=\"https:\/\/euricse.eu\/wp-content\/uploads\/2021\/05\/gianluca-salvatori-1024x576.png\" alt=\"\" class=\"wp-image-11742\" srcset=\"https:\/\/euricse.eu\/wp-content\/uploads\/2021\/05\/gianluca-salvatori-1024x576.png 1024w, https:\/\/euricse.eu\/wp-content\/uploads\/2021\/05\/gianluca-salvatori-300x169.png 300w, https:\/\/euricse.eu\/wp-content\/uploads\/2021\/05\/gianluca-salvatori-670x377.png 670w, https:\/\/euricse.eu\/wp-content\/uploads\/2021\/05\/gianluca-salvatori-768x432.png 768w, https:\/\/euricse.eu\/wp-content\/uploads\/2021\/05\/gianluca-salvatori-1536x864.png 1536w, https:\/\/euricse.eu\/wp-content\/uploads\/2021\/05\/gianluca-salvatori.png 1920w\" sizes=\"auto, (max-width: 1024px) 100vw, 1024px\" \/><figcaption>Il segretario generale di Euricse, Gianluca Salvatori<\/figcaption><\/figure>\n\n\n\n<p>\u201cOggi serve una visione complessiva della rilevanza e della diffusione di tutte le organizzazioni centrate sulle persone e gestite di conseguenza. \u00c8 fondamentale soprattutto in questo momento in cui \u00e8 necessario alleviare le sofferenze sociali e contestualmente rilanciare l\u2019economia, anche attraverso la messa a terra di molti dei progetti del Pnrr dove, anche se il Piano no dell&#8217;n lo prevede in modo esplicito, le organizzazioni dell\u2019economia sociale avranno un ruolo determinate\u201d, ha detto il presidente di Euricse, <strong>Carlo Borzaga<\/strong>.<\/p>\n\n\n\n<p> \u201cMettere a terra questo rapporto \u00e8 l&#8217;inizio di un percorso importante, perch\u00e9 \u00e8 solo grazie ai dati, anche con il conto satellite ad hoc che abbiamo chiesto ad Istat di realizzare, e con un nuovo ecosistema di strumenti finanziari, che come Ministero dell\u2019Economia e delle Finanze intendiamo promuovere, che riusciremo a mettere in piedi un sistema di policy dedicato. Rientrano in questa logica la finanza d\u2019impatto ed i social bond, su cui dobbiamo necessariamente fare presto.<br>L\u2019Italia, come hanno gi\u00e0 fatto altri paesi e l&#8217;Europa stessa, ha messo l\u2019economia sociale nell\u2019agenda per la ripresa. \u00c8 un settore fondamentale, che deve poter contare sugli strumenti giusti&#8221;, ha sottolineato Laura Castelli, vice ministra dell\u2019Economia e delle Finanze, con delega all\u2019economia sociale.<\/p>\n\n\n\n<figure class=\"wp-block-image size-large\"><img loading=\"lazy\" decoding=\"async\" width=\"1024\" height=\"576\" src=\"https:\/\/euricse.eu\/wp-content\/uploads\/2021\/05\/laura-castelli-1024x576.png\" alt=\"\" class=\"wp-image-11740\" srcset=\"https:\/\/euricse.eu\/wp-content\/uploads\/2021\/05\/laura-castelli-1024x576.png 1024w, https:\/\/euricse.eu\/wp-content\/uploads\/2021\/05\/laura-castelli-300x169.png 300w, https:\/\/euricse.eu\/wp-content\/uploads\/2021\/05\/laura-castelli-670x377.png 670w, https:\/\/euricse.eu\/wp-content\/uploads\/2021\/05\/laura-castelli-768x432.png 768w, https:\/\/euricse.eu\/wp-content\/uploads\/2021\/05\/laura-castelli-1536x864.png 1536w, https:\/\/euricse.eu\/wp-content\/uploads\/2021\/05\/laura-castelli.png 1920w\" sizes=\"auto, (max-width: 1024px) 100vw, 1024px\" \/><figcaption>Laura Castelli, vice ministra dell&#8217;Economia e Finanze<\/figcaption><\/figure>\n\n\n\n<p>&#8220;I dati del rapporto confermano le dimensioni imponenti raggiunte in Italia dal fenomeno dell&#8217;economia sociale. Di fronte alla sfida della ripartenza, i valori e l\u2019entusiasmo della volontariet\u00e0 dovranno ora essere sostenuti da maggiori conoscenze e professionalit\u00e0 dei singoli, pi\u00f9 solide capacit\u00e0 organizzative, minore frammentazione delle iniziative e degli enti presenti nel variegato mondo del terzo settore&#8221;, ha commentato il presidente del CNEL, <strong>Tiziano Treu<\/strong>.<\/p>\n\n\n\n<figure class=\"wp-block-image size-large\"><img loading=\"lazy\" decoding=\"async\" width=\"1024\" height=\"576\" src=\"https:\/\/euricse.eu\/wp-content\/uploads\/2021\/05\/Tiziano-Treu-1024x576.png\" alt=\"\" class=\"wp-image-11745\" srcset=\"https:\/\/euricse.eu\/wp-content\/uploads\/2021\/05\/Tiziano-Treu-1024x576.png 1024w, https:\/\/euricse.eu\/wp-content\/uploads\/2021\/05\/Tiziano-Treu-300x169.png 300w, https:\/\/euricse.eu\/wp-content\/uploads\/2021\/05\/Tiziano-Treu-670x377.png 670w, https:\/\/euricse.eu\/wp-content\/uploads\/2021\/05\/Tiziano-Treu-768x432.png 768w, https:\/\/euricse.eu\/wp-content\/uploads\/2021\/05\/Tiziano-Treu-1536x864.png 1536w, https:\/\/euricse.eu\/wp-content\/uploads\/2021\/05\/Tiziano-Treu.png 1920w\" sizes=\"auto, (max-width: 1024px) 100vw, 1024px\" \/><figcaption>Tiziano Treu, presidente CNEL<\/figcaption><\/figure>\n\n\n\n<p><strong>I dati del rapporto<\/strong><\/p>\n\n\n\n<p>Entro i confini dell\u2019economia sociale in Italia si muovono quasi <strong>380 mila organizzazioni<\/strong> per un valore aggiunto complessivo di oltre <strong>49 miliardi di euro<\/strong>, <strong>1,52 milioni di addetti<\/strong> (che salgono rispettivamente a 51,8 miliardi di euro e a 1,58 milioni includendo anche le controllate dei gruppi cooperativi) e <strong>pi\u00f9 di 5,5 milioni di volontari<\/strong>. Tre su quattro delle organizzazioni sono costituite in forma di associazione, ma sono le cooperative a impiegare oltre i tre quarti degli addetti e a contribuire maggiormente al valore aggiunto, con una quota vicina al 60%.<\/p>\n\n\n\n<p>Le organizzazioni dell\u2019economia sociale sono pi\u00f9 numerose negli ambiti delle attivit\u00e0 artistiche, sportive e di intrattenimento (37%), ma i settori pi\u00f9 rilevanti dal punto di vista economico e dell\u2019occupazione sono quelli dell\u2019istruzione \u2013 con una quota in termini sia di valore aggiunto che di addetti che nel comparto privato supera il 60% \u2013 e della sanit\u00e0 e dell\u2019assistenza sociale (35,9% del valore aggiunto, 45,1% degli addetti sempre del settore privato).<\/p>\n\n\n\n<p>A livello geografico, \u00e8 la <strong>Lombardia <\/strong>ad avere una maggiore concentrazione di organizzazioni dell\u2019economia sociale, oltre il 15% di tutto il Paese con il 22% del valore aggiunto. Se si guarda al contributo economico, in seconda posizione c\u2019\u00e8 l\u2019<strong>Emilia-Romagna<\/strong>, con l\u20198% delle organizzazioni e il 15% del valore aggiunto.<\/p>\n\n\n\n<p>L\u201985,5% delle istituzioni dell\u2019economia sociale \u00e8 finanziata da fonti private: in controtendenza le organizzazioni della sanit\u00e0 che si appoggiano invece per la met\u00e0 dei loro introiti alla pubblica amministrazione.<\/p>\n\n\n\n<p>I dipendenti di associazioni, cooperative, mutue, fondazioni e altre istituzioni nonprofit sono in maggioranza <strong>donne <\/strong>(57,2%) e in media con un livello di <strong>istruzione superiore<\/strong> dei colleghi che lavorano nelle altre imprese: la percentuale di laureati \u00e8 infatti del 21,4% contro il 14,6% di chi lavora nelle imprese tradizionali. Molto diffuso \u00e8 il <strong>part-time<\/strong>: il 45,9% dei dipendenti delle organizzazioni di economia sociale \u00e8 a tempo parziale contro il 26,8% delle altre imprese: un\u2019incidenza che pu\u00f2 essere spiegata con il maggior peso della componente femminile e la concentrazione in determinate categorie economiche.<\/p>\n\n\n\n<p>Se si guarda all\u2019evoluzione del comparto negli anni esaminati dal rapporto (2015-2017), il numero di organizzazioni dell\u2019economia sociale \u00e8 aumentato del 4,2%, cos\u00ec come \u00e8 cresciuto il numero di dipendenti (+3,5%). La crescita numerica maggiore si \u00e8 registrata nel Sud, con in testa il <strong>Molise <\/strong>(+14,1%) mentre, guardando ai settori di attivit\u00e0, l\u2019aumento pi\u00f9 sensibile \u00e8 nell\u2019ambito dell\u2019istruzione (+16,2%) e della cultura e sport (+13,6%).<\/p>\n\n\n\n<p>L\u2019ultima parte del rapporto \u00e8 dedicata a focus settoriali su sanit\u00e0 e assistenza sociale, istruzione e formazione, cultura, sport e ricreazione: l\u2019analisi evidenzia che il processo di policy making a livello degli enti territoriali e locali ha prodotto un welfare a geometria variabile in cui cambia l\u2019apporto di amministrazioni locali, mercato ed economia sociale e che restituisce una rappresentazione di quest\u2019ultima che va oltre la tradizionale separazione tra Nord e Sud del Paese.<\/p>\n","protected":false},"excerpt":{"rendered":"<p>Presentata la prima ricerca nazionale che indaga cooperative tradizionali e istituzioni nonprofit Scarica qui il rapporto Rivedi qui il webinar di presentazione Associazioni, cooperative, mutue, fondazioni e altre istituzioni nonprofit contribuiscono all\u2019economia italiana con un valore aggiunto di oltre 49 miliardi di euro, il 3,4% del totale (6,7% sulla sola economia privata). Quasi un addetto [&hellip;]<\/p>\n","protected":false},"author":1,"featured_media":11734,"comment_status":"open","ping_status":"closed","sticky":false,"template":"","format":"standard","meta":{"_acf_changed":false,"episode_type":"","audio_file":"","cover_image":"","cover_image_id":"","duration":"","filesize":"","date_recorded":"","explicit":"","block":"","itunes_episode_number":"","itunes_title":"","itunes_season_number":"","itunes_episode_type":"","filesize_raw":"","footnotes":""},"categories":[17],"tags":[121,280,284,974],"class_list":["post-11736","post","type-post","status-publish","format-standard","has-post-thumbnail","hentry","category-news-it","tag-economia-sociale","tag-terzo-settore","tag-nonprofit","tag-rapporto"],"acf":[],"yoast_head":"<!-- This site is optimized with the Yoast SEO plugin v26.1.1 - https:\/\/yoast.com\/wordpress\/plugins\/seo\/ -->\n<title>Dimensioni e caratteristiche dell\u2019economia sociale italiana nel ritratto di Euricse ed Istat - Euricse<\/title>\n<meta name=\"robots\" content=\"index, follow, max-snippet:-1, max-image-preview:large, max-video-preview:-1\" \/>\n<link rel=\"canonical\" href=\"https:\/\/euricse.eu\/it\/dimensioni-e-caratteristiche-delleconomia-sociale-italiana-nel-ritratto-di-euricse-ed-istat\/\" \/>\n<meta property=\"og:locale\" content=\"it_IT\" \/>\n<meta property=\"og:type\" content=\"article\" \/>\n<meta property=\"og:title\" content=\"Dimensioni e caratteristiche dell\u2019economia sociale italiana nel ritratto di Euricse ed Istat - Euricse\" \/>\n<meta property=\"og:description\" content=\"Presentata la prima ricerca nazionale che indaga cooperative tradizionali e istituzioni nonprofit Scarica qui il rapporto Rivedi qui il webinar di presentazione Associazioni, cooperative, mutue, fondazioni e altre istituzioni nonprofit contribuiscono all\u2019economia italiana con un valore aggiunto di oltre 49 miliardi di euro, il 3,4% del totale (6,7% sulla sola economia privata). Quasi un addetto [&hellip;]\" \/>\n<meta property=\"og:url\" content=\"https:\/\/euricse.eu\/it\/dimensioni-e-caratteristiche-delleconomia-sociale-italiana-nel-ritratto-di-euricse-ed-istat\/\" \/>\n<meta property=\"og:site_name\" content=\"Euricse\" \/>\n<meta property=\"article:published_time\" content=\"2021-05-11T09:17:16+00:00\" \/>\n<meta property=\"article:modified_time\" content=\"2021-06-22T15:45:08+00:00\" \/>\n<meta property=\"og:image\" content=\"https:\/\/euricse.eu\/wp-content\/uploads\/2021\/05\/Copertina-per-wordpress-scaled.jpg\" \/>\n\t<meta property=\"og:image:width\" content=\"1811\" \/>\n\t<meta property=\"og:image:height\" content=\"2560\" \/>\n\t<meta property=\"og:image:type\" content=\"image\/jpeg\" \/>\n<meta name=\"author\" content=\"euricse\" \/>\n<meta name=\"twitter:card\" content=\"summary_large_image\" \/>\n<meta name=\"twitter:label1\" content=\"Scritto da\" \/>\n\t<meta name=\"twitter:data1\" content=\"euricse\" \/>\n\t<meta name=\"twitter:label2\" content=\"Tempo di lettura stimato\" \/>\n\t<meta name=\"twitter:data2\" content=\"5 minuti\" \/>\n<script type=\"application\/ld+json\" class=\"yoast-schema-graph\">{\"@context\":\"https:\/\/schema.org\",\"@graph\":[{\"@type\":\"WebPage\",\"@id\":\"https:\/\/euricse.eu\/it\/dimensioni-e-caratteristiche-delleconomia-sociale-italiana-nel-ritratto-di-euricse-ed-istat\/\",\"url\":\"https:\/\/euricse.eu\/it\/dimensioni-e-caratteristiche-delleconomia-sociale-italiana-nel-ritratto-di-euricse-ed-istat\/\",\"name\":\"Dimensioni e caratteristiche dell\u2019economia sociale italiana nel ritratto di Euricse ed Istat - Euricse\",\"isPartOf\":{\"@id\":\"https:\/\/euricse.eu\/en\/#website\"},\"primaryImageOfPage\":{\"@id\":\"https:\/\/euricse.eu\/it\/dimensioni-e-caratteristiche-delleconomia-sociale-italiana-nel-ritratto-di-euricse-ed-istat\/#primaryimage\"},\"image\":{\"@id\":\"https:\/\/euricse.eu\/it\/dimensioni-e-caratteristiche-delleconomia-sociale-italiana-nel-ritratto-di-euricse-ed-istat\/#primaryimage\"},\"thumbnailUrl\":\"https:\/\/euricse.eu\/wp-content\/uploads\/2021\/05\/Copertina-per-wordpress-scaled.jpg\",\"datePublished\":\"2021-05-11T09:17:16+00:00\",\"dateModified\":\"2021-06-22T15:45:08+00:00\",\"author\":{\"@id\":\"https:\/\/euricse.eu\/en\/#\/schema\/person\/1ffac29ea6fee2ce84b34189be040a4a\"},\"breadcrumb\":{\"@id\":\"https:\/\/euricse.eu\/it\/dimensioni-e-caratteristiche-delleconomia-sociale-italiana-nel-ritratto-di-euricse-ed-istat\/#breadcrumb\"},\"inLanguage\":\"it-IT\",\"potentialAction\":[{\"@type\":\"ReadAction\",\"target\":[\"https:\/\/euricse.eu\/it\/dimensioni-e-caratteristiche-delleconomia-sociale-italiana-nel-ritratto-di-euricse-ed-istat\/\"]}]},{\"@type\":\"ImageObject\",\"inLanguage\":\"it-IT\",\"@id\":\"https:\/\/euricse.eu\/it\/dimensioni-e-caratteristiche-delleconomia-sociale-italiana-nel-ritratto-di-euricse-ed-istat\/#primaryimage\",\"url\":\"https:\/\/euricse.eu\/wp-content\/uploads\/2021\/05\/Copertina-per-wordpress-scaled.jpg\",\"contentUrl\":\"https:\/\/euricse.eu\/wp-content\/uploads\/2021\/05\/Copertina-per-wordpress-scaled.jpg\",\"width\":1811,\"height\":2560},{\"@type\":\"BreadcrumbList\",\"@id\":\"https:\/\/euricse.eu\/it\/dimensioni-e-caratteristiche-delleconomia-sociale-italiana-nel-ritratto-di-euricse-ed-istat\/#breadcrumb\",\"itemListElement\":[{\"@type\":\"ListItem\",\"position\":1,\"name\":\"Home\",\"item\":\"https:\/\/euricse.eu\/it\/\"},{\"@type\":\"ListItem\",\"position\":2,\"name\":\"Dimensioni e caratteristiche dell\u2019economia sociale italiana nel ritratto di Euricse ed Istat\"}]},{\"@type\":\"WebSite\",\"@id\":\"https:\/\/euricse.eu\/en\/#website\",\"url\":\"https:\/\/euricse.eu\/en\/\",\"name\":\"Euricse\",\"description\":\"Knowledge and innovation for cooperative and social enterprises.\",\"potentialAction\":[{\"@type\":\"SearchAction\",\"target\":{\"@type\":\"EntryPoint\",\"urlTemplate\":\"https:\/\/euricse.eu\/en\/?s={search_term_string}\"},\"query-input\":{\"@type\":\"PropertyValueSpecification\",\"valueRequired\":true,\"valueName\":\"search_term_string\"}}],\"inLanguage\":\"it-IT\"},{\"@type\":\"Person\",\"@id\":\"https:\/\/euricse.eu\/en\/#\/schema\/person\/1ffac29ea6fee2ce84b34189be040a4a\",\"name\":\"euricse\",\"image\":{\"@type\":\"ImageObject\",\"inLanguage\":\"it-IT\",\"@id\":\"https:\/\/euricse.eu\/en\/#\/schema\/person\/image\/\",\"url\":\"https:\/\/secure.gravatar.com\/avatar\/d88182b355a036085030d3884f5d4893b4217932cd579a290378c152284775d4?s=96&d=mm&r=g\",\"contentUrl\":\"https:\/\/secure.gravatar.com\/avatar\/d88182b355a036085030d3884f5d4893b4217932cd579a290378c152284775d4?s=96&d=mm&r=g\",\"caption\":\"euricse\"},\"url\":\"https:\/\/euricse.eu\/it\/author\/euricse\/\"}]}<\/script>\n<!-- \/ Yoast SEO plugin. -->","yoast_head_json":{"title":"Dimensioni e caratteristiche dell\u2019economia sociale italiana nel ritratto di Euricse ed Istat - Euricse","robots":{"index":"index","follow":"follow","max-snippet":"max-snippet:-1","max-image-preview":"max-image-preview:large","max-video-preview":"max-video-preview:-1"},"canonical":"https:\/\/euricse.eu\/it\/dimensioni-e-caratteristiche-delleconomia-sociale-italiana-nel-ritratto-di-euricse-ed-istat\/","og_locale":"it_IT","og_type":"article","og_title":"Dimensioni e caratteristiche dell\u2019economia sociale italiana nel ritratto di Euricse ed Istat - Euricse","og_description":"Presentata la prima ricerca nazionale che indaga cooperative tradizionali e istituzioni nonprofit Scarica qui il rapporto Rivedi qui il webinar di presentazione Associazioni, cooperative, mutue, fondazioni e altre istituzioni nonprofit contribuiscono all\u2019economia italiana con un valore aggiunto di oltre 49 miliardi di euro, il 3,4% del totale (6,7% sulla sola economia privata). Quasi un addetto [&hellip;]","og_url":"https:\/\/euricse.eu\/it\/dimensioni-e-caratteristiche-delleconomia-sociale-italiana-nel-ritratto-di-euricse-ed-istat\/","og_site_name":"Euricse","article_published_time":"2021-05-11T09:17:16+00:00","article_modified_time":"2021-06-22T15:45:08+00:00","og_image":[{"width":1811,"height":2560,"url":"https:\/\/euricse.eu\/wp-content\/uploads\/2021\/05\/Copertina-per-wordpress-scaled.jpg","type":"image\/jpeg"}],"author":"euricse","twitter_card":"summary_large_image","twitter_misc":{"Scritto da":"euricse","Tempo di lettura stimato":"5 minuti"},"schema":{"@context":"https:\/\/schema.org","@graph":[{"@type":"WebPage","@id":"https:\/\/euricse.eu\/it\/dimensioni-e-caratteristiche-delleconomia-sociale-italiana-nel-ritratto-di-euricse-ed-istat\/","url":"https:\/\/euricse.eu\/it\/dimensioni-e-caratteristiche-delleconomia-sociale-italiana-nel-ritratto-di-euricse-ed-istat\/","name":"Dimensioni e caratteristiche dell\u2019economia sociale italiana nel ritratto di Euricse ed Istat - Euricse","isPartOf":{"@id":"https:\/\/euricse.eu\/en\/#website"},"primaryImageOfPage":{"@id":"https:\/\/euricse.eu\/it\/dimensioni-e-caratteristiche-delleconomia-sociale-italiana-nel-ritratto-di-euricse-ed-istat\/#primaryimage"},"image":{"@id":"https:\/\/euricse.eu\/it\/dimensioni-e-caratteristiche-delleconomia-sociale-italiana-nel-ritratto-di-euricse-ed-istat\/#primaryimage"},"thumbnailUrl":"https:\/\/euricse.eu\/wp-content\/uploads\/2021\/05\/Copertina-per-wordpress-scaled.jpg","datePublished":"2021-05-11T09:17:16+00:00","dateModified":"2021-06-22T15:45:08+00:00","author":{"@id":"https:\/\/euricse.eu\/en\/#\/schema\/person\/1ffac29ea6fee2ce84b34189be040a4a"},"breadcrumb":{"@id":"https:\/\/euricse.eu\/it\/dimensioni-e-caratteristiche-delleconomia-sociale-italiana-nel-ritratto-di-euricse-ed-istat\/#breadcrumb"},"inLanguage":"it-IT","potentialAction":[{"@type":"ReadAction","target":["https:\/\/euricse.eu\/it\/dimensioni-e-caratteristiche-delleconomia-sociale-italiana-nel-ritratto-di-euricse-ed-istat\/"]}]},{"@type":"ImageObject","inLanguage":"it-IT","@id":"https:\/\/euricse.eu\/it\/dimensioni-e-caratteristiche-delleconomia-sociale-italiana-nel-ritratto-di-euricse-ed-istat\/#primaryimage","url":"https:\/\/euricse.eu\/wp-content\/uploads\/2021\/05\/Copertina-per-wordpress-scaled.jpg","contentUrl":"https:\/\/euricse.eu\/wp-content\/uploads\/2021\/05\/Copertina-per-wordpress-scaled.jpg","width":1811,"height":2560},{"@type":"BreadcrumbList","@id":"https:\/\/euricse.eu\/it\/dimensioni-e-caratteristiche-delleconomia-sociale-italiana-nel-ritratto-di-euricse-ed-istat\/#breadcrumb","itemListElement":[{"@type":"ListItem","position":1,"name":"Home","item":"https:\/\/euricse.eu\/it\/"},{"@type":"ListItem","position":2,"name":"Dimensioni e caratteristiche dell\u2019economia sociale italiana nel ritratto di Euricse ed Istat"}]},{"@type":"WebSite","@id":"https:\/\/euricse.eu\/en\/#website","url":"https:\/\/euricse.eu\/en\/","name":"Euricse","description":"Knowledge and innovation for cooperative and social enterprises.","potentialAction":[{"@type":"SearchAction","target":{"@type":"EntryPoint","urlTemplate":"https:\/\/euricse.eu\/en\/?s={search_term_string}"},"query-input":{"@type":"PropertyValueSpecification","valueRequired":true,"valueName":"search_term_string"}}],"inLanguage":"it-IT"},{"@type":"Person","@id":"https:\/\/euricse.eu\/en\/#\/schema\/person\/1ffac29ea6fee2ce84b34189be040a4a","name":"euricse","image":{"@type":"ImageObject","inLanguage":"it-IT","@id":"https:\/\/euricse.eu\/en\/#\/schema\/person\/image\/","url":"https:\/\/secure.gravatar.com\/avatar\/d88182b355a036085030d3884f5d4893b4217932cd579a290378c152284775d4?s=96&d=mm&r=g","contentUrl":"https:\/\/secure.gravatar.com\/avatar\/d88182b355a036085030d3884f5d4893b4217932cd579a290378c152284775d4?s=96&d=mm&r=g","caption":"euricse"},"url":"https:\/\/euricse.eu\/it\/author\/euricse\/"}]}},"_links":{"self":[{"href":"https:\/\/euricse.eu\/it\/wp-json\/wp\/v2\/posts\/11736","targetHints":{"allow":["GET"]}}],"collection":[{"href":"https:\/\/euricse.eu\/it\/wp-json\/wp\/v2\/posts"}],"about":[{"href":"https:\/\/euricse.eu\/it\/wp-json\/wp\/v2\/types\/post"}],"author":[{"embeddable":true,"href":"https:\/\/euricse.eu\/it\/wp-json\/wp\/v2\/users\/1"}],"replies":[{"embeddable":true,"href":"https:\/\/euricse.eu\/it\/wp-json\/wp\/v2\/comments?post=11736"}],"version-history":[{"count":0,"href":"https:\/\/euricse.eu\/it\/wp-json\/wp\/v2\/posts\/11736\/revisions"}],"wp:featuredmedia":[{"embeddable":true,"href":"https:\/\/euricse.eu\/it\/wp-json\/wp\/v2\/media\/11734"}],"wp:attachment":[{"href":"https:\/\/euricse.eu\/it\/wp-json\/wp\/v2\/media?parent=11736"}],"wp:term":[{"taxonomy":"category","embeddable":true,"href":"https:\/\/euricse.eu\/it\/wp-json\/wp\/v2\/categories?post=11736"},{"taxonomy":"post_tag","embeddable":true,"href":"https:\/\/euricse.eu\/it\/wp-json\/wp\/v2\/tags?post=11736"}],"curies":[{"name":"wp","href":"https:\/\/api.w.org\/{rel}","templated":true}]}}