{"id":11914,"date":"2021-06-22T16:25:38","date_gmt":"2021-06-22T15:25:38","guid":{"rendered":"https:\/\/euricse.staging.hgblu.com\/?p=11914"},"modified":"2021-06-22T17:37:59","modified_gmt":"2021-06-22T16:37:59","slug":"fondamenti-dellimpresa-responsabile","status":"publish","type":"post","link":"https:\/\/euricse.eu\/it\/fondamenti-dellimpresa-responsabile\/","title":{"rendered":"Fondamenti dell&#8217;impresa responsabile"},"content":{"rendered":"\n<p><strong>Euricse<\/strong> partecipa con i propri ricercatori ed esperti come partner del programma executive \u201c<strong>Fondamenti dell\u2019Impresa Responsabile<\/strong>\u201c, un percorso formativo lanciato da <strong>Luiss Business School<\/strong> in collaborazione con<strong> Dynamo Academy<\/strong> e <strong>Fondazione Adriano Olivetti<\/strong>. L&#8217;Executive \u00e8 rivolto a tutti coloro che vogliono accrescere competenze e conoscenze manageriali che coniugano performance, impresa e responsabilit\u00e0 sociale.<\/p>\n\n\n\n<figure class=\"wp-block-image\" id=\"block-5b8a0b88-01c3-45a3-aaf7-4c60aec88b24\"><img decoding=\"async\" src=\"https:\/\/euricse.eu\/wp-content\/uploads\/2021\/06\/Fondamenti-impresa-responsabile-web.jpg\" alt=\"Questa immagine ha l'attributo alt vuoto; il nome del file \u00e8 Fondamenti-impresa-responsabile-web.jpg\"\/><\/figure>\n\n\n\n<p id=\"block-33a62e30-b692-4ab2-b979-34fc1dd3ff25\">Le trasformazioni sociali sono sempre pi\u00f9 visibili ed \u00e8 un dovere dell&#8217;impresa portare al suo interno le esigenze di una maggiore qualit\u00e0 etica, responsabilit\u00e0 e sostenibilit\u00e0 del business. Sono questi i presupposti che hanno spinto <strong>Luiss Business School<\/strong>, da sempre attenta al tema della sostenibilit\u00e0 a livello ambientale, ad avviare la collaborazione con <strong>Dynamo Academy, Fondazione Adriano Olivetti e Euricse<\/strong> e a integrare nella sua offerta formativa l&#8217;<strong>Executive Programme &#8220;I Fondamenti dell&#8217;Impresa Responsabile&#8221;<\/strong>.<\/p>\n\n\n\n<p id=\"block-e74c80bc-f7fa-43a6-b43a-b90c2b229d64\">Il programma, i cui referenti scientifici sono <strong>Cristiano Busco<\/strong>, Professore Ordinario di Controllo di Gestione Avanzato, Luiss Guido Carli, e <strong>Serena Porcari<\/strong>, Chairman at Dynamo Academy Srl Impresa Sociale, mira a fornire competenze e conoscenze manageriali utili per comprendere e accrescere la creazione di valore tramite il legame tra Responsabilit\u00e0 sociale e performance di Impresa.<\/p>\n\n\n\n<p id=\"block-76e52cef-5b85-47c7-9704-efa80013fffb\">Per questo i contenuti sono pensati per interpretare le sfide che le trasformazioni sociali pongono alle aziende. In pi\u00f9 vengono coniugati e il classico paradigma aziendalistico con una rinnovata attenzione alla qualit\u00e0 etica, alla responsabilit\u00e0 sociale e alla sostenibilit\u00e0 ambientale, favorendo la nascita di realt\u00e0 economiche socialmente caratterizzate.<\/p>\n\n\n\n<p id=\"block-c2cf36b6-927a-4889-bffb-69f56c024523\">L&#8217;<strong>Executive Programme \u201cFondamenti dell\u2019Impresa Responsabile\u201d<\/strong> punta a offrire agli studenti strumenti per comprendere le trasformazioni della realt\u00e0 sociale, riconoscendone il valore strategico aziendale; facilitare la reciproca conoscenza e contatti con il settore nonprofit pi\u00f9 innovativo; acquisire strumenti concreti per la gestione di progetti e cambiamenti; riformare l&#8217;impresa tradizionale orientandola verso un impatto sociale e ambientale positivo; esplorare e valorizzare come integrare le strategie aziendali per contribuire alla creazione di valore condiviso e bene comune; approfondire la dimensione sociale dei criteri ESG sul lungo periodo; comprendere le dimensioni della sostenibilit\u00e0 e le opportunit\u00e0 di business che ne derivano; Perfezionare il proprio business model in termini di etica, responsabilit\u00e0 e sostenibilit\u00e0, senza dimenticare la profittabilit\u00e0.<\/p>\n\n\n\n<p id=\"block-53b6c482-975e-4a17-ab88-18393cf13759\">Il <strong>programma <\/strong>di \u201cFondamenti dell&#8217;Impresa Responsabile\u201d<strong> si rivolge a<\/strong> imprenditori, amministratori d&#8217;impresa, manager, professionisti e consulenti che vogliono mettersi alla prova con le trasformazioni del rapporto tra imprese e societ\u00e0. I soggetti che possono trarre maggiore vantaggio dal programma sono i responsabili corporate Strategy e Innovazione; i responsabili attivit\u00e0 filantropiche, CSR e Rapporti con stakeholder; responsabili HR; responsabili Marketing e Comunicazione. Il programma \u00e8 un ottimo banco di prova anche per quei giovani imprenditori che vogliono testarsi sui passaggi generazionali.<\/p>\n\n\n\n<p id=\"block-80532c2d-87f6-42f8-9ba9-3dc2ae4e2412\">Il percorso \u00e8 suddiviso in <strong>12 moduli<\/strong>, che prevedono Project Work e On Field Experience, oltre a 12 incontri, per un totale di 120 ore. Il corso sar\u00e0 erogato nelle sedi fisiche della Fondazione Adriano Olivetti (Ivrea); Campus Dynamo Academy presso Dynamo Camp (Limestre); Luiss Business School, Villa Blanc (Roma). Sono previsti anche dei moduli erogati interamente online.<\/p>\n\n\n\n<p id=\"block-b20ab2eb-f054-4d53-8d29-7e067c38a0f5\">Il programma si svolger\u00e0 dal <strong>16 settembre 2021 al 23 ottobre 2021<\/strong>.<\/p>\n\n\n\n<ul class=\"wp-block-list\" id=\"block-d2c55452-ecbc-4aef-a2d4-88119834f0c8\"><li>Per info:&nbsp;<a href=\"mailto:executive@luiss.it\">executive@luiss.it<\/a><\/li><li><a href=\"https:\/\/businessschool.luiss.it\/executive-fondamenti-impresa-responsabile\/\">Scopri il programma<\/a><\/li><li><a href=\"https:\/\/businessschool.luiss.it\/executive-fondamenti-impresa-responsabile\/\">Qui il sito <\/a>dedicato<\/li><li>Altre informazioni <a href=\"https:\/\/euricse.eu\/it\/training\/formazione-per-manager-di-imprese-sociali-e-organizzazioni-nonprofit\/\" target=\"_blank\" rel=\"noreferrer noopener\">sulla pagina Euricse &#8211; Formazione<\/a><\/li><\/ul>\n","protected":false},"excerpt":{"rendered":"<p>Anche Euricse partecipa con i propri ricercatori ed esperti alla faculty del programma &#8220;Fondamenti dell&#8217;Impresa Responsabile&#8221;, lanciato da Luiss Business School in collaborazione con Dynamo Academy e Fondazione Adriano Olivetti. L\u2019Executive Programme \u00e8 rivolto a tutti coloro che vogliono accrescere competenze e conoscenze manageriali che coniugano performance, impresa e responsabilit\u00e0 sociale.<\/p>\n","protected":false},"author":30,"featured_media":11885,"comment_status":"open","ping_status":"closed","sticky":false,"template":"","format":"standard","meta":{"_acf_changed":false,"episode_type":"","audio_file":"","cover_image":"","cover_image_id":"","duration":"","filesize":"","date_recorded":"","explicit":"","block":"","itunes_episode_number":"","itunes_title":"","itunes_season_number":"","itunes_episode_type":"","filesize_raw":"","footnotes":""},"categories":[14,17],"tags":[],"class_list":["post-11914","post","type-post","status-publish","format-standard","has-post-thumbnail","hentry","category-blog-it","category-news-it"],"acf":[],"yoast_head":"<!-- This site is optimized with the Yoast SEO plugin v26.1.1 - https:\/\/yoast.com\/wordpress\/plugins\/seo\/ -->\n<title>Fondamenti dell&#039;impresa responsabile - Euricse<\/title>\n<meta name=\"description\" content=\"Anche Euricse partecipa con i propri ricercatori ed esperti alla faculty del programma &quot;Fondamenti dell&#039;Impresa Responsabile&quot;, lanciato da Luiss Business School in collaborazione con Dynamo Academy e Fondazione Adriano Olivetti. L\u2019Executive Programme \u00e8 rivolto a tutti coloro che vogliono accrescere competenze e conoscenze manageriali che coniugano performance, impresa e responsabilit\u00e0 sociale.\" \/>\n<meta name=\"robots\" content=\"index, follow, max-snippet:-1, max-image-preview:large, max-video-preview:-1\" \/>\n<link rel=\"canonical\" href=\"https:\/\/euricse.eu\/it\/fondamenti-dellimpresa-responsabile\/\" \/>\n<meta property=\"og:locale\" content=\"it_IT\" \/>\n<meta property=\"og:type\" content=\"article\" \/>\n<meta property=\"og:title\" content=\"Fondamenti dell&#039;impresa responsabile - Euricse\" \/>\n<meta property=\"og:description\" content=\"Anche Euricse partecipa con i propri ricercatori ed esperti alla faculty del programma &quot;Fondamenti dell&#039;Impresa Responsabile&quot;, lanciato da Luiss Business School in collaborazione con Dynamo Academy e Fondazione Adriano Olivetti. L\u2019Executive Programme \u00e8 rivolto a tutti coloro che vogliono accrescere competenze e conoscenze manageriali che coniugano performance, impresa e responsabilit\u00e0 sociale.\" \/>\n<meta property=\"og:url\" content=\"https:\/\/euricse.eu\/it\/fondamenti-dellimpresa-responsabile\/\" \/>\n<meta property=\"og:site_name\" content=\"Euricse\" \/>\n<meta property=\"article:published_time\" content=\"2021-06-22T15:25:38+00:00\" \/>\n<meta property=\"article:modified_time\" content=\"2021-06-22T16:37:59+00:00\" \/>\n<meta property=\"og:image\" content=\"https:\/\/euricse.eu\/wp-content\/uploads\/2021\/06\/Fondamenti-impresa-responsabile-web.jpg\" \/>\n\t<meta property=\"og:image:width\" content=\"640\" \/>\n\t<meta property=\"og:image:height\" content=\"335\" \/>\n\t<meta property=\"og:image:type\" content=\"image\/jpeg\" \/>\n<meta name=\"author\" content=\"redazione\" \/>\n<meta name=\"twitter:card\" content=\"summary_large_image\" \/>\n<meta name=\"twitter:label1\" content=\"Scritto da\" \/>\n\t<meta name=\"twitter:data1\" content=\"redazione\" \/>\n\t<meta name=\"twitter:label2\" content=\"Tempo di lettura stimato\" \/>\n\t<meta name=\"twitter:data2\" content=\"3 minuti\" \/>\n<script type=\"application\/ld+json\" class=\"yoast-schema-graph\">{\"@context\":\"https:\/\/schema.org\",\"@graph\":[{\"@type\":\"WebPage\",\"@id\":\"https:\/\/euricse.eu\/it\/fondamenti-dellimpresa-responsabile\/\",\"url\":\"https:\/\/euricse.eu\/it\/fondamenti-dellimpresa-responsabile\/\",\"name\":\"Fondamenti dell'impresa responsabile - Euricse\",\"isPartOf\":{\"@id\":\"https:\/\/euricse.eu\/en\/#website\"},\"primaryImageOfPage\":{\"@id\":\"https:\/\/euricse.eu\/it\/fondamenti-dellimpresa-responsabile\/#primaryimage\"},\"image\":{\"@id\":\"https:\/\/euricse.eu\/it\/fondamenti-dellimpresa-responsabile\/#primaryimage\"},\"thumbnailUrl\":\"https:\/\/euricse.eu\/wp-content\/uploads\/2021\/06\/Fondamenti-impresa-responsabile-web.jpg\",\"datePublished\":\"2021-06-22T15:25:38+00:00\",\"dateModified\":\"2021-06-22T16:37:59+00:00\",\"author\":{\"@id\":\"https:\/\/euricse.eu\/en\/#\/schema\/person\/46be9426d76e3114ba478b69f3d8040b\"},\"description\":\"Anche Euricse partecipa con i propri ricercatori ed esperti alla faculty del programma \\\"Fondamenti dell'Impresa Responsabile\\\", lanciato da Luiss Business School in collaborazione con Dynamo Academy e Fondazione Adriano Olivetti. L\u2019Executive Programme \u00e8 rivolto a tutti coloro che vogliono accrescere competenze e conoscenze manageriali che coniugano performance, impresa e responsabilit\u00e0 sociale.\",\"breadcrumb\":{\"@id\":\"https:\/\/euricse.eu\/it\/fondamenti-dellimpresa-responsabile\/#breadcrumb\"},\"inLanguage\":\"it-IT\",\"potentialAction\":[{\"@type\":\"ReadAction\",\"target\":[\"https:\/\/euricse.eu\/it\/fondamenti-dellimpresa-responsabile\/\"]}]},{\"@type\":\"ImageObject\",\"inLanguage\":\"it-IT\",\"@id\":\"https:\/\/euricse.eu\/it\/fondamenti-dellimpresa-responsabile\/#primaryimage\",\"url\":\"https:\/\/euricse.eu\/wp-content\/uploads\/2021\/06\/Fondamenti-impresa-responsabile-web.jpg\",\"contentUrl\":\"https:\/\/euricse.eu\/wp-content\/uploads\/2021\/06\/Fondamenti-impresa-responsabile-web.jpg\",\"width\":640,\"height\":335},{\"@type\":\"BreadcrumbList\",\"@id\":\"https:\/\/euricse.eu\/it\/fondamenti-dellimpresa-responsabile\/#breadcrumb\",\"itemListElement\":[{\"@type\":\"ListItem\",\"position\":1,\"name\":\"Home\",\"item\":\"https:\/\/euricse.eu\/it\/\"},{\"@type\":\"ListItem\",\"position\":2,\"name\":\"Fondamenti dell&#8217;impresa responsabile\"}]},{\"@type\":\"WebSite\",\"@id\":\"https:\/\/euricse.eu\/en\/#website\",\"url\":\"https:\/\/euricse.eu\/en\/\",\"name\":\"Euricse\",\"description\":\"Knowledge and innovation for cooperative and social enterprises.\",\"potentialAction\":[{\"@type\":\"SearchAction\",\"target\":{\"@type\":\"EntryPoint\",\"urlTemplate\":\"https:\/\/euricse.eu\/en\/?s={search_term_string}\"},\"query-input\":{\"@type\":\"PropertyValueSpecification\",\"valueRequired\":true,\"valueName\":\"search_term_string\"}}],\"inLanguage\":\"it-IT\"},{\"@type\":\"Person\",\"@id\":\"https:\/\/euricse.eu\/en\/#\/schema\/person\/46be9426d76e3114ba478b69f3d8040b\",\"name\":\"redazione\",\"image\":{\"@type\":\"ImageObject\",\"inLanguage\":\"it-IT\",\"@id\":\"https:\/\/euricse.eu\/en\/#\/schema\/person\/image\/\",\"url\":\"https:\/\/secure.gravatar.com\/avatar\/d1e5fb76fa001722a0822f32de0a8935d9c7a01b0f055f16dc71df73252c3c50?s=96&d=mm&r=g\",\"contentUrl\":\"https:\/\/secure.gravatar.com\/avatar\/d1e5fb76fa001722a0822f32de0a8935d9c7a01b0f055f16dc71df73252c3c50?s=96&d=mm&r=g\",\"caption\":\"redazione\"},\"url\":\"https:\/\/euricse.eu\/it\/author\/marikadmin\/\"}]}<\/script>\n<!-- \/ Yoast SEO plugin. -->","yoast_head_json":{"title":"Fondamenti dell'impresa responsabile - Euricse","description":"Anche Euricse partecipa con i propri ricercatori ed esperti alla faculty del programma \"Fondamenti dell'Impresa Responsabile\", lanciato da Luiss Business School in collaborazione con Dynamo Academy e Fondazione Adriano Olivetti. L\u2019Executive Programme \u00e8 rivolto a tutti coloro che vogliono accrescere competenze e conoscenze manageriali che coniugano performance, impresa e responsabilit\u00e0 sociale.","robots":{"index":"index","follow":"follow","max-snippet":"max-snippet:-1","max-image-preview":"max-image-preview:large","max-video-preview":"max-video-preview:-1"},"canonical":"https:\/\/euricse.eu\/it\/fondamenti-dellimpresa-responsabile\/","og_locale":"it_IT","og_type":"article","og_title":"Fondamenti dell'impresa responsabile - Euricse","og_description":"Anche Euricse partecipa con i propri ricercatori ed esperti alla faculty del programma \"Fondamenti dell'Impresa Responsabile\", lanciato da Luiss Business School in collaborazione con Dynamo Academy e Fondazione Adriano Olivetti. L\u2019Executive Programme \u00e8 rivolto a tutti coloro che vogliono accrescere competenze e conoscenze manageriali che coniugano performance, impresa e responsabilit\u00e0 sociale.","og_url":"https:\/\/euricse.eu\/it\/fondamenti-dellimpresa-responsabile\/","og_site_name":"Euricse","article_published_time":"2021-06-22T15:25:38+00:00","article_modified_time":"2021-06-22T16:37:59+00:00","og_image":[{"width":640,"height":335,"url":"https:\/\/euricse.eu\/wp-content\/uploads\/2021\/06\/Fondamenti-impresa-responsabile-web.jpg","type":"image\/jpeg"}],"author":"redazione","twitter_card":"summary_large_image","twitter_misc":{"Scritto da":"redazione","Tempo di lettura stimato":"3 minuti"},"schema":{"@context":"https:\/\/schema.org","@graph":[{"@type":"WebPage","@id":"https:\/\/euricse.eu\/it\/fondamenti-dellimpresa-responsabile\/","url":"https:\/\/euricse.eu\/it\/fondamenti-dellimpresa-responsabile\/","name":"Fondamenti dell'impresa responsabile - Euricse","isPartOf":{"@id":"https:\/\/euricse.eu\/en\/#website"},"primaryImageOfPage":{"@id":"https:\/\/euricse.eu\/it\/fondamenti-dellimpresa-responsabile\/#primaryimage"},"image":{"@id":"https:\/\/euricse.eu\/it\/fondamenti-dellimpresa-responsabile\/#primaryimage"},"thumbnailUrl":"https:\/\/euricse.eu\/wp-content\/uploads\/2021\/06\/Fondamenti-impresa-responsabile-web.jpg","datePublished":"2021-06-22T15:25:38+00:00","dateModified":"2021-06-22T16:37:59+00:00","author":{"@id":"https:\/\/euricse.eu\/en\/#\/schema\/person\/46be9426d76e3114ba478b69f3d8040b"},"description":"Anche Euricse partecipa con i propri ricercatori ed esperti alla faculty del programma \"Fondamenti dell'Impresa Responsabile\", lanciato da Luiss Business School in collaborazione con Dynamo Academy e Fondazione Adriano Olivetti. L\u2019Executive Programme \u00e8 rivolto a tutti coloro che vogliono accrescere competenze e conoscenze manageriali che coniugano performance, impresa e responsabilit\u00e0 sociale.","breadcrumb":{"@id":"https:\/\/euricse.eu\/it\/fondamenti-dellimpresa-responsabile\/#breadcrumb"},"inLanguage":"it-IT","potentialAction":[{"@type":"ReadAction","target":["https:\/\/euricse.eu\/it\/fondamenti-dellimpresa-responsabile\/"]}]},{"@type":"ImageObject","inLanguage":"it-IT","@id":"https:\/\/euricse.eu\/it\/fondamenti-dellimpresa-responsabile\/#primaryimage","url":"https:\/\/euricse.eu\/wp-content\/uploads\/2021\/06\/Fondamenti-impresa-responsabile-web.jpg","contentUrl":"https:\/\/euricse.eu\/wp-content\/uploads\/2021\/06\/Fondamenti-impresa-responsabile-web.jpg","width":640,"height":335},{"@type":"BreadcrumbList","@id":"https:\/\/euricse.eu\/it\/fondamenti-dellimpresa-responsabile\/#breadcrumb","itemListElement":[{"@type":"ListItem","position":1,"name":"Home","item":"https:\/\/euricse.eu\/it\/"},{"@type":"ListItem","position":2,"name":"Fondamenti dell&#8217;impresa responsabile"}]},{"@type":"WebSite","@id":"https:\/\/euricse.eu\/en\/#website","url":"https:\/\/euricse.eu\/en\/","name":"Euricse","description":"Knowledge and innovation for cooperative and social enterprises.","potentialAction":[{"@type":"SearchAction","target":{"@type":"EntryPoint","urlTemplate":"https:\/\/euricse.eu\/en\/?s={search_term_string}"},"query-input":{"@type":"PropertyValueSpecification","valueRequired":true,"valueName":"search_term_string"}}],"inLanguage":"it-IT"},{"@type":"Person","@id":"https:\/\/euricse.eu\/en\/#\/schema\/person\/46be9426d76e3114ba478b69f3d8040b","name":"redazione","image":{"@type":"ImageObject","inLanguage":"it-IT","@id":"https:\/\/euricse.eu\/en\/#\/schema\/person\/image\/","url":"https:\/\/secure.gravatar.com\/avatar\/d1e5fb76fa001722a0822f32de0a8935d9c7a01b0f055f16dc71df73252c3c50?s=96&d=mm&r=g","contentUrl":"https:\/\/secure.gravatar.com\/avatar\/d1e5fb76fa001722a0822f32de0a8935d9c7a01b0f055f16dc71df73252c3c50?s=96&d=mm&r=g","caption":"redazione"},"url":"https:\/\/euricse.eu\/it\/author\/marikadmin\/"}]}},"_links":{"self":[{"href":"https:\/\/euricse.eu\/it\/wp-json\/wp\/v2\/posts\/11914","targetHints":{"allow":["GET"]}}],"collection":[{"href":"https:\/\/euricse.eu\/it\/wp-json\/wp\/v2\/posts"}],"about":[{"href":"https:\/\/euricse.eu\/it\/wp-json\/wp\/v2\/types\/post"}],"author":[{"embeddable":true,"href":"https:\/\/euricse.eu\/it\/wp-json\/wp\/v2\/users\/30"}],"replies":[{"embeddable":true,"href":"https:\/\/euricse.eu\/it\/wp-json\/wp\/v2\/comments?post=11914"}],"version-history":[{"count":0,"href":"https:\/\/euricse.eu\/it\/wp-json\/wp\/v2\/posts\/11914\/revisions"}],"wp:featuredmedia":[{"embeddable":true,"href":"https:\/\/euricse.eu\/it\/wp-json\/wp\/v2\/media\/11885"}],"wp:attachment":[{"href":"https:\/\/euricse.eu\/it\/wp-json\/wp\/v2\/media?parent=11914"}],"wp:term":[{"taxonomy":"category","embeddable":true,"href":"https:\/\/euricse.eu\/it\/wp-json\/wp\/v2\/categories?post=11914"},{"taxonomy":"post_tag","embeddable":true,"href":"https:\/\/euricse.eu\/it\/wp-json\/wp\/v2\/tags?post=11914"}],"curies":[{"name":"wp","href":"https:\/\/api.w.org\/{rel}","templated":true}]}}