{"id":15032,"date":"2022-01-21T14:43:00","date_gmt":"2022-01-21T14:43:00","guid":{"rendered":"https:\/\/euricse.hgblu.dev\/?p=15032"},"modified":"2022-04-26T14:43:21","modified_gmt":"2022-04-26T13:43:21","slug":"economia-sociale-pilastro-economico","status":"publish","type":"post","link":"https:\/\/euricse.eu\/it\/economia-sociale-pilastro-economico\/","title":{"rendered":"Economia sociale, pilastro economico"},"content":{"rendered":"\r\n<p>Venerd\u00ec 21 gennaio il segretario generale \u00e8 intervenuto al workshop dedicato al piano europeo per l&#8217;economia sociale.<\/p>\r\n\r\n\r\n\r\n<p>L&#8217;iniziativa \u00e8 stata promosso dal Consiglio Nazionale dell&#8217;Economia e del Lavoro e dal Ministero dell&#8217;Economia e delle Finanze con il titolo \u201cQuali opportunit\u00e0 per l\u2019Italia dall\u2019Action Plan for the social economy?\u201d.<\/p>\r\n\r\n\r\n\r\n<p>Nell&#8217;intervista rilasciata ai giornalisti di Askanews Gianluca Salvatori, che \u00e8 anche membro del GECES &#8211; il Gruppo di esperti della Commissione europea sull\u2019economia sociale, ha commentato: \u201cLa categoria dell\u2019economia sociale \u00e8 relativamente recente per l\u2019Italia, non lo \u00e8 per l\u2019Europa. In alcuni paesi si adotta nella legislazione da molti anni. E\u2019 importante che ci sia una unit\u00e0 di intenti europea e quindi che sotto questa espressione si riuniscano tutte le forme di organizzazione che non hanno solo scopo di lucro ma anche scopo sociale. Dando visibilit\u00e0 ad un fenomeno rilevante anche sul piano economico, parliamo di percentuali che arrivano all\u20198\/9 per cento dell\u2019occupazione a livello europeo e 5\/6 per cento, dipendendo dai singoli paesi, in termini di Pil\u201d.<\/p>\r\n\r\n\r\n\r\n<p>Poi Salvatori ha proseguito: \u201cE\u2019 evidente che di fronte ad un fenomeno del genere non si sta parlando di organizzazioni marginali ma di un pilastro dello sviluppo economico di un paese. E per questo le politiche pubbliche non possono pi\u00f9 considerare questo come un fenomeno ridotto nelle sue dimensioni, o passeggero, perch\u00e9 \u00e8 destinato a restare e per i prossimi 10 anni. L&#8217;Action Plan ci dice che Bruxelles considera questo come un asse delle proprie politiche pubbliche\u201d.<\/p>\r\n\r\n\r\n\r\n<p><a href=\"https:\/\/www.askanews.it\/video\/2022\/01\/21\/economia-sociale-salvatori-euricse-pilastro-per-sviluppo-20220121_video_15294898\" target=\"_blank\" rel=\"noreferrer noopener\">Rivedi qui l&#8217;intervista completa <\/a>dal sito di Askanews.<\/p>\r\n","protected":false},"excerpt":{"rendered":"<p>Venerd\u00ec 21 gennaio il segretario generale \u00e8 intervenuto al workshop dedicato al piano europeo per l&#8217;economia sociale. L&#8217;iniziativa \u00e8 stata promosso dal Consiglio Nazionale dell&#8217;Economia e del Lavoro e dal Ministero dell&#8217;Economia e delle Finanze con il titolo \u201cQuali opportunit\u00e0 per l\u2019Italia dall\u2019Action Plan for the social economy?\u201d. Nell&#8217;intervista rilasciata ai giornalisti di Askanews Gianluca [&hellip;]<\/p>\n","protected":false},"author":1,"featured_media":15041,"comment_status":"closed","ping_status":"closed","sticky":false,"template":"","format":"standard","meta":{"_acf_changed":false,"episode_type":"","audio_file":"","cover_image":"","cover_image_id":"","duration":"","filesize":"","date_recorded":"","explicit":"","block":"","itunes_episode_number":"","itunes_title":"","itunes_season_number":"","itunes_episode_type":"","filesize_raw":"","footnotes":""},"categories":[14,17],"tags":[121],"class_list":["post-15032","post","type-post","status-publish","format-standard","has-post-thumbnail","hentry","category-blog-it","category-news-it","tag-economia-sociale"],"acf":[],"yoast_head":"<!-- This site is optimized with the Yoast SEO plugin v26.1.1 - https:\/\/yoast.com\/wordpress\/plugins\/seo\/ -->\n<title>Economia sociale, pilastro economico - Euricse<\/title>\n<meta name=\"robots\" content=\"index, follow, max-snippet:-1, max-image-preview:large, max-video-preview:-1\" \/>\n<link rel=\"canonical\" href=\"https:\/\/euricse.eu\/it\/economia-sociale-pilastro-economico\/\" \/>\n<meta property=\"og:locale\" content=\"it_IT\" \/>\n<meta property=\"og:type\" content=\"article\" \/>\n<meta property=\"og:title\" content=\"Economia sociale, pilastro economico - Euricse\" \/>\n<meta property=\"og:description\" content=\"Venerd\u00ec 21 gennaio il segretario generale \u00e8 intervenuto al workshop dedicato al piano europeo per l&#8217;economia sociale. L&#8217;iniziativa \u00e8 stata promosso dal Consiglio Nazionale dell&#8217;Economia e del Lavoro e dal Ministero dell&#8217;Economia e delle Finanze con il titolo \u201cQuali opportunit\u00e0 per l\u2019Italia dall\u2019Action Plan for the social economy?\u201d. Nell&#8217;intervista rilasciata ai giornalisti di Askanews Gianluca [&hellip;]\" \/>\n<meta property=\"og:url\" content=\"https:\/\/euricse.eu\/it\/economia-sociale-pilastro-economico\/\" \/>\n<meta property=\"og:site_name\" content=\"Euricse\" \/>\n<meta property=\"article:published_time\" content=\"2022-01-21T14:43:00+00:00\" \/>\n<meta property=\"article:modified_time\" content=\"2022-04-26T13:43:21+00:00\" \/>\n<meta property=\"og:image\" content=\"https:\/\/euricse.eu\/wp-content\/uploads\/2022\/04\/Gianluca-Salvatori-CNEL-Social-ACTION-plan-3.jpg\" \/>\n\t<meta property=\"og:image:width\" content=\"1183\" \/>\n\t<meta property=\"og:image:height\" content=\"664\" \/>\n\t<meta property=\"og:image:type\" content=\"image\/jpeg\" \/>\n<meta name=\"author\" content=\"euricse\" \/>\n<meta name=\"twitter:card\" content=\"summary_large_image\" \/>\n<meta name=\"twitter:label1\" content=\"Scritto da\" \/>\n\t<meta name=\"twitter:data1\" content=\"euricse\" \/>\n\t<meta name=\"twitter:label2\" content=\"Tempo di lettura stimato\" \/>\n\t<meta name=\"twitter:data2\" content=\"1 minuto\" \/>\n<script type=\"application\/ld+json\" class=\"yoast-schema-graph\">{\"@context\":\"https:\/\/schema.org\",\"@graph\":[{\"@type\":\"WebPage\",\"@id\":\"https:\/\/euricse.eu\/it\/economia-sociale-pilastro-economico\/\",\"url\":\"https:\/\/euricse.eu\/it\/economia-sociale-pilastro-economico\/\",\"name\":\"Economia sociale, pilastro economico - Euricse\",\"isPartOf\":{\"@id\":\"https:\/\/euricse.eu\/en\/#website\"},\"primaryImageOfPage\":{\"@id\":\"https:\/\/euricse.eu\/it\/economia-sociale-pilastro-economico\/#primaryimage\"},\"image\":{\"@id\":\"https:\/\/euricse.eu\/it\/economia-sociale-pilastro-economico\/#primaryimage\"},\"thumbnailUrl\":\"https:\/\/euricse.eu\/wp-content\/uploads\/2022\/04\/Gianluca-Salvatori-CNEL-Social-ACTION-plan-3.jpg\",\"datePublished\":\"2022-01-21T14:43:00+00:00\",\"dateModified\":\"2022-04-26T13:43:21+00:00\",\"author\":{\"@id\":\"https:\/\/euricse.eu\/en\/#\/schema\/person\/1ffac29ea6fee2ce84b34189be040a4a\"},\"breadcrumb\":{\"@id\":\"https:\/\/euricse.eu\/it\/economia-sociale-pilastro-economico\/#breadcrumb\"},\"inLanguage\":\"it-IT\",\"potentialAction\":[{\"@type\":\"ReadAction\",\"target\":[\"https:\/\/euricse.eu\/it\/economia-sociale-pilastro-economico\/\"]}]},{\"@type\":\"ImageObject\",\"inLanguage\":\"it-IT\",\"@id\":\"https:\/\/euricse.eu\/it\/economia-sociale-pilastro-economico\/#primaryimage\",\"url\":\"https:\/\/euricse.eu\/wp-content\/uploads\/2022\/04\/Gianluca-Salvatori-CNEL-Social-ACTION-plan-3.jpg\",\"contentUrl\":\"https:\/\/euricse.eu\/wp-content\/uploads\/2022\/04\/Gianluca-Salvatori-CNEL-Social-ACTION-plan-3.jpg\",\"width\":1183,\"height\":664},{\"@type\":\"BreadcrumbList\",\"@id\":\"https:\/\/euricse.eu\/it\/economia-sociale-pilastro-economico\/#breadcrumb\",\"itemListElement\":[{\"@type\":\"ListItem\",\"position\":1,\"name\":\"Home\",\"item\":\"https:\/\/euricse.eu\/it\/\"},{\"@type\":\"ListItem\",\"position\":2,\"name\":\"Economia sociale, pilastro economico\"}]},{\"@type\":\"WebSite\",\"@id\":\"https:\/\/euricse.eu\/en\/#website\",\"url\":\"https:\/\/euricse.eu\/en\/\",\"name\":\"Euricse\",\"description\":\"Knowledge and innovation for cooperative and social enterprises.\",\"potentialAction\":[{\"@type\":\"SearchAction\",\"target\":{\"@type\":\"EntryPoint\",\"urlTemplate\":\"https:\/\/euricse.eu\/en\/?s={search_term_string}\"},\"query-input\":{\"@type\":\"PropertyValueSpecification\",\"valueRequired\":true,\"valueName\":\"search_term_string\"}}],\"inLanguage\":\"it-IT\"},{\"@type\":\"Person\",\"@id\":\"https:\/\/euricse.eu\/en\/#\/schema\/person\/1ffac29ea6fee2ce84b34189be040a4a\",\"name\":\"euricse\",\"image\":{\"@type\":\"ImageObject\",\"inLanguage\":\"it-IT\",\"@id\":\"https:\/\/euricse.eu\/en\/#\/schema\/person\/image\/\",\"url\":\"https:\/\/secure.gravatar.com\/avatar\/d88182b355a036085030d3884f5d4893b4217932cd579a290378c152284775d4?s=96&d=mm&r=g\",\"contentUrl\":\"https:\/\/secure.gravatar.com\/avatar\/d88182b355a036085030d3884f5d4893b4217932cd579a290378c152284775d4?s=96&d=mm&r=g\",\"caption\":\"euricse\"},\"url\":\"https:\/\/euricse.eu\/it\/author\/euricse\/\"}]}<\/script>\n<!-- \/ Yoast SEO plugin. -->","yoast_head_json":{"title":"Economia sociale, pilastro economico - Euricse","robots":{"index":"index","follow":"follow","max-snippet":"max-snippet:-1","max-image-preview":"max-image-preview:large","max-video-preview":"max-video-preview:-1"},"canonical":"https:\/\/euricse.eu\/it\/economia-sociale-pilastro-economico\/","og_locale":"it_IT","og_type":"article","og_title":"Economia sociale, pilastro economico - Euricse","og_description":"Venerd\u00ec 21 gennaio il segretario generale \u00e8 intervenuto al workshop dedicato al piano europeo per l&#8217;economia sociale. L&#8217;iniziativa \u00e8 stata promosso dal Consiglio Nazionale dell&#8217;Economia e del Lavoro e dal Ministero dell&#8217;Economia e delle Finanze con il titolo \u201cQuali opportunit\u00e0 per l\u2019Italia dall\u2019Action Plan for the social economy?\u201d. Nell&#8217;intervista rilasciata ai giornalisti di Askanews Gianluca [&hellip;]","og_url":"https:\/\/euricse.eu\/it\/economia-sociale-pilastro-economico\/","og_site_name":"Euricse","article_published_time":"2022-01-21T14:43:00+00:00","article_modified_time":"2022-04-26T13:43:21+00:00","og_image":[{"width":1183,"height":664,"url":"https:\/\/euricse.eu\/wp-content\/uploads\/2022\/04\/Gianluca-Salvatori-CNEL-Social-ACTION-plan-3.jpg","type":"image\/jpeg"}],"author":"euricse","twitter_card":"summary_large_image","twitter_misc":{"Scritto da":"euricse","Tempo di lettura stimato":"1 minuto"},"schema":{"@context":"https:\/\/schema.org","@graph":[{"@type":"WebPage","@id":"https:\/\/euricse.eu\/it\/economia-sociale-pilastro-economico\/","url":"https:\/\/euricse.eu\/it\/economia-sociale-pilastro-economico\/","name":"Economia sociale, pilastro economico - Euricse","isPartOf":{"@id":"https:\/\/euricse.eu\/en\/#website"},"primaryImageOfPage":{"@id":"https:\/\/euricse.eu\/it\/economia-sociale-pilastro-economico\/#primaryimage"},"image":{"@id":"https:\/\/euricse.eu\/it\/economia-sociale-pilastro-economico\/#primaryimage"},"thumbnailUrl":"https:\/\/euricse.eu\/wp-content\/uploads\/2022\/04\/Gianluca-Salvatori-CNEL-Social-ACTION-plan-3.jpg","datePublished":"2022-01-21T14:43:00+00:00","dateModified":"2022-04-26T13:43:21+00:00","author":{"@id":"https:\/\/euricse.eu\/en\/#\/schema\/person\/1ffac29ea6fee2ce84b34189be040a4a"},"breadcrumb":{"@id":"https:\/\/euricse.eu\/it\/economia-sociale-pilastro-economico\/#breadcrumb"},"inLanguage":"it-IT","potentialAction":[{"@type":"ReadAction","target":["https:\/\/euricse.eu\/it\/economia-sociale-pilastro-economico\/"]}]},{"@type":"ImageObject","inLanguage":"it-IT","@id":"https:\/\/euricse.eu\/it\/economia-sociale-pilastro-economico\/#primaryimage","url":"https:\/\/euricse.eu\/wp-content\/uploads\/2022\/04\/Gianluca-Salvatori-CNEL-Social-ACTION-plan-3.jpg","contentUrl":"https:\/\/euricse.eu\/wp-content\/uploads\/2022\/04\/Gianluca-Salvatori-CNEL-Social-ACTION-plan-3.jpg","width":1183,"height":664},{"@type":"BreadcrumbList","@id":"https:\/\/euricse.eu\/it\/economia-sociale-pilastro-economico\/#breadcrumb","itemListElement":[{"@type":"ListItem","position":1,"name":"Home","item":"https:\/\/euricse.eu\/it\/"},{"@type":"ListItem","position":2,"name":"Economia sociale, pilastro economico"}]},{"@type":"WebSite","@id":"https:\/\/euricse.eu\/en\/#website","url":"https:\/\/euricse.eu\/en\/","name":"Euricse","description":"Knowledge and innovation for cooperative and social enterprises.","potentialAction":[{"@type":"SearchAction","target":{"@type":"EntryPoint","urlTemplate":"https:\/\/euricse.eu\/en\/?s={search_term_string}"},"query-input":{"@type":"PropertyValueSpecification","valueRequired":true,"valueName":"search_term_string"}}],"inLanguage":"it-IT"},{"@type":"Person","@id":"https:\/\/euricse.eu\/en\/#\/schema\/person\/1ffac29ea6fee2ce84b34189be040a4a","name":"euricse","image":{"@type":"ImageObject","inLanguage":"it-IT","@id":"https:\/\/euricse.eu\/en\/#\/schema\/person\/image\/","url":"https:\/\/secure.gravatar.com\/avatar\/d88182b355a036085030d3884f5d4893b4217932cd579a290378c152284775d4?s=96&d=mm&r=g","contentUrl":"https:\/\/secure.gravatar.com\/avatar\/d88182b355a036085030d3884f5d4893b4217932cd579a290378c152284775d4?s=96&d=mm&r=g","caption":"euricse"},"url":"https:\/\/euricse.eu\/it\/author\/euricse\/"}]}},"_links":{"self":[{"href":"https:\/\/euricse.eu\/it\/wp-json\/wp\/v2\/posts\/15032","targetHints":{"allow":["GET"]}}],"collection":[{"href":"https:\/\/euricse.eu\/it\/wp-json\/wp\/v2\/posts"}],"about":[{"href":"https:\/\/euricse.eu\/it\/wp-json\/wp\/v2\/types\/post"}],"author":[{"embeddable":true,"href":"https:\/\/euricse.eu\/it\/wp-json\/wp\/v2\/users\/1"}],"replies":[{"embeddable":true,"href":"https:\/\/euricse.eu\/it\/wp-json\/wp\/v2\/comments?post=15032"}],"version-history":[{"count":0,"href":"https:\/\/euricse.eu\/it\/wp-json\/wp\/v2\/posts\/15032\/revisions"}],"wp:featuredmedia":[{"embeddable":true,"href":"https:\/\/euricse.eu\/it\/wp-json\/wp\/v2\/media\/15041"}],"wp:attachment":[{"href":"https:\/\/euricse.eu\/it\/wp-json\/wp\/v2\/media?parent=15032"}],"wp:term":[{"taxonomy":"category","embeddable":true,"href":"https:\/\/euricse.eu\/it\/wp-json\/wp\/v2\/categories?post=15032"},{"taxonomy":"post_tag","embeddable":true,"href":"https:\/\/euricse.eu\/it\/wp-json\/wp\/v2\/tags?post=15032"}],"curies":[{"name":"wp","href":"https:\/\/api.w.org\/{rel}","templated":true}]}}