{"id":15052,"date":"2022-01-21T14:44:30","date_gmt":"2022-01-21T14:44:30","guid":{"rendered":"https:\/\/euricse.hgblu.dev\/?p=15052"},"modified":"2022-04-26T14:46:20","modified_gmt":"2022-04-26T13:46:20","slug":"la-co-costruzione-del-welfare-locale-evento-finale-a-lecco","status":"publish","type":"post","link":"https:\/\/euricse.eu\/it\/la-co-costruzione-del-welfare-locale-evento-finale-a-lecco\/","title":{"rendered":"\u201cLa co-costruzione del welfare locale\u201d: evento finale a Lecco"},"content":{"rendered":"\r\n\r\n<strong>Gioved\u00ec 10 e venerd\u00ec 11 febbraio<\/strong> a <strong>Lecco<\/strong> si conclude il ciclo di workshop \u201c<a href=\"https:\/\/impresasocialegirasole.org\/la-co-costruzione-del-welfare-locale-un-ciclo-di-incontri-online\/\">La co-costruzione del Welfare locale<\/a>\u201d\u00a0dedicato al welfare collaborativo, che tra ottobre e novembre dello scorso anno ha riscosso grande interesse tra i partecipanti. Anche l\u2019ultimo degli incontri\u00a0\u201c<strong>Gli apprendimenti per il territorio e le prospettive di lavoro<\/strong>\u201d \u00e8 a partecipazione\u00a0<strong>gratuita<\/strong>,\u00a0ed \u00e8 finalizzato a raccogliere\u00a0gli apprendimenti acquisiti in un&#8217;ottica di programmazione territoriale e di stesura del Piano di Zona. Si pu\u00f2 seguire in\u00a0<strong>presenza<\/strong>\u00a0(fino alla capienza massima disponibile) o da\u00a0<strong>remoto<\/strong>, previa iscrizione.\r\n\r\n \r\n\r\nTra i relatori anche <strong>Riccardo Bodini<\/strong>, direttore di Euricse\r\n\r\n \r\n\r\nL\u2019evento, organizzato dall&#8217;<strong>Impresa Sociale Consorzio Girasole<\/strong> e dall&#8217;<strong>Associazione dei Comuni soci dell\u2019Impresa Sociale<\/strong> in collaborazione con <strong>Euricse<\/strong>, vede il patrocinio del <strong>Comune di Lecco<\/strong>, di <strong>Confcooperative dell\u2019Adda<\/strong> e di<strong> CSV Monza Lecco Sondrio<\/strong>.\r\n\r\n \r\n\r\n&nbsp;\r\n\r\n \r\n<h3 class=\"wp-block-heading\"><strong>Il programma<\/strong><\/h3>\r\n \r\n\r\nSono previste due sessioni plenarie per le mattine di gioved\u00ec 10 e di venerd\u00ec 11 febbraio 2022, dalle ore 9:30 alle ore 12:30. Nel pomeriggio di gioved\u00ec 10, dalle 14:30 alle 17:30, si potr\u00e0 partecipare ad attivit\u00e0 laboratoriali di gruppo.\r\n\r\n \r\n\r\n<a href=\"https:\/\/impresasocialegirasole.org\/la-co-costruzione-del-welfare-locale-ultimo-appuntamento-a-lecco\/\">Scopri qui il programma<\/a>\r\n\r\n \r\n\r\n&nbsp;\r\n\r\n \r\n<h3 class=\"wp-block-heading\"><strong>Maggiori informazioni<\/strong><\/h3>\r\n \r\n\r\nLa partecipazione \u00e8\u00a0<strong>gratuita<\/strong>\u00a0e sar\u00e0 possibile scegliere la modalit\u00e0 in\u00a0<strong>presenza<\/strong>\u00a0(fino alla capienza massima disponibile) o da\u00a0<strong>remoto<\/strong>, previa iscrizione.\r\n\r\n \r\n\r\n&nbsp;\r\n\r\n \r\n\r\n<a href=\"https:\/\/impresasocialegirasole.org\/rivedi-gli-incontri-del-ciclo-di-workshop-la-co-costruzione-del-welfare-locale\/\" target=\"_blank\" rel=\"noreferrer noopener\">Qui si possono consultare i materiali<\/a> degli incontri precedenti\r\n\r\n \r\n\r\n<a href=\"https:\/\/www.youtube.com\/playlist?list=PLy06rtnlmTm8nIb7Kg7qpezTwziQbozzu\" target=\"_blank\" rel=\"noreferrer noopener\">Qui si possono rivedere gli incontri<\/a>\u00a0precedenti.\r\n\r\n \r\n\r\n&nbsp;\r\n\r\n \r\n\r\nPer ulteriori dettagli si pu\u00f2 consultare il sito del <a href=\"https:\/\/impresasocialegirasole.org\/\" target=\"_blank\" rel=\"noreferrer noopener\">Consorzio Impresa Sociale Girasole<\/a> oppure scrivere una mail a: <a href=\"mailto:comunicazione@impresasocialegirasole.org\">comunicazione@impresasocialegirasole.org<\/a>\r\n\r\n","protected":false},"excerpt":{"rendered":"<p>Gioved\u00ec 10 e venerd\u00ec 11 febbraio a Lecco si conclude il ciclo di workshop \u201cLa co-costruzione del Welfare locale\u201d\u00a0dedicato al welfare collaborativo, che tra ottobre e novembre dello scorso anno ha riscosso grande interesse tra i partecipanti. Anche l\u2019ultimo degli incontri\u00a0\u201cGli apprendimenti per il territorio e le prospettive di lavoro\u201d \u00e8 a partecipazione\u00a0gratuita,\u00a0ed \u00e8 finalizzato [&hellip;]<\/p>\n","protected":false},"author":1,"featured_media":15060,"comment_status":"closed","ping_status":"closed","sticky":false,"template":"","format":"standard","meta":{"_acf_changed":false,"episode_type":"","audio_file":"","cover_image":"","cover_image_id":"","duration":"","filesize":"","date_recorded":"","explicit":"","block":"","itunes_episode_number":"","itunes_title":"","itunes_season_number":"","itunes_episode_type":"","filesize_raw":"","footnotes":""},"categories":[14,15],"tags":[1034],"class_list":["post-15052","post","type-post","status-publish","format-standard","has-post-thumbnail","hentry","category-blog-it","category-eventi","tag-welfare-collaborativo"],"acf":[],"yoast_head":"<!-- This site is optimized with the Yoast SEO plugin v26.1.1 - https:\/\/yoast.com\/wordpress\/plugins\/seo\/ -->\n<title>\u201cLa co-costruzione del welfare locale\u201d: evento finale a Lecco - Euricse<\/title>\n<meta name=\"robots\" content=\"index, follow, max-snippet:-1, max-image-preview:large, max-video-preview:-1\" \/>\n<link rel=\"canonical\" href=\"https:\/\/euricse.eu\/it\/la-co-costruzione-del-welfare-locale-evento-finale-a-lecco\/\" \/>\n<meta property=\"og:locale\" content=\"it_IT\" \/>\n<meta property=\"og:type\" content=\"article\" \/>\n<meta property=\"og:title\" content=\"\u201cLa co-costruzione del welfare locale\u201d: evento finale a Lecco - Euricse\" \/>\n<meta property=\"og:description\" content=\"Gioved\u00ec 10 e venerd\u00ec 11 febbraio a Lecco si conclude il ciclo di workshop \u201cLa co-costruzione del Welfare locale\u201d\u00a0dedicato al welfare collaborativo, che tra ottobre e novembre dello scorso anno ha riscosso grande interesse tra i partecipanti. Anche l\u2019ultimo degli incontri\u00a0\u201cGli apprendimenti per il territorio e le prospettive di lavoro\u201d \u00e8 a partecipazione\u00a0gratuita,\u00a0ed \u00e8 finalizzato [&hellip;]\" \/>\n<meta property=\"og:url\" content=\"https:\/\/euricse.eu\/it\/la-co-costruzione-del-welfare-locale-evento-finale-a-lecco\/\" \/>\n<meta property=\"og:site_name\" content=\"Euricse\" \/>\n<meta property=\"article:published_time\" content=\"2022-01-21T14:44:30+00:00\" \/>\n<meta property=\"article:modified_time\" content=\"2022-04-26T13:46:20+00:00\" \/>\n<meta property=\"og:image\" content=\"https:\/\/euricse.eu\/wp-content\/uploads\/2022\/04\/Evento-finale-Workshop-Collaborativo_WEB.jpg\" \/>\n\t<meta property=\"og:image:width\" content=\"500\" \/>\n\t<meta property=\"og:image:height\" content=\"298\" \/>\n\t<meta property=\"og:image:type\" content=\"image\/jpeg\" \/>\n<meta name=\"author\" content=\"euricse\" \/>\n<meta name=\"twitter:card\" content=\"summary_large_image\" \/>\n<meta name=\"twitter:label1\" content=\"Scritto da\" \/>\n\t<meta name=\"twitter:data1\" content=\"euricse\" \/>\n\t<meta name=\"twitter:label2\" content=\"Tempo di lettura stimato\" \/>\n\t<meta name=\"twitter:data2\" content=\"1 minuto\" \/>\n<script type=\"application\/ld+json\" class=\"yoast-schema-graph\">{\"@context\":\"https:\/\/schema.org\",\"@graph\":[{\"@type\":\"WebPage\",\"@id\":\"https:\/\/euricse.eu\/it\/la-co-costruzione-del-welfare-locale-evento-finale-a-lecco\/\",\"url\":\"https:\/\/euricse.eu\/it\/la-co-costruzione-del-welfare-locale-evento-finale-a-lecco\/\",\"name\":\"\u201cLa co-costruzione del welfare locale\u201d: evento finale a Lecco - Euricse\",\"isPartOf\":{\"@id\":\"https:\/\/euricse.eu\/en\/#website\"},\"primaryImageOfPage\":{\"@id\":\"https:\/\/euricse.eu\/it\/la-co-costruzione-del-welfare-locale-evento-finale-a-lecco\/#primaryimage\"},\"image\":{\"@id\":\"https:\/\/euricse.eu\/it\/la-co-costruzione-del-welfare-locale-evento-finale-a-lecco\/#primaryimage\"},\"thumbnailUrl\":\"https:\/\/euricse.eu\/wp-content\/uploads\/2022\/04\/Evento-finale-Workshop-Collaborativo_WEB.jpg\",\"datePublished\":\"2022-01-21T14:44:30+00:00\",\"dateModified\":\"2022-04-26T13:46:20+00:00\",\"author\":{\"@id\":\"https:\/\/euricse.eu\/en\/#\/schema\/person\/1ffac29ea6fee2ce84b34189be040a4a\"},\"breadcrumb\":{\"@id\":\"https:\/\/euricse.eu\/it\/la-co-costruzione-del-welfare-locale-evento-finale-a-lecco\/#breadcrumb\"},\"inLanguage\":\"it-IT\",\"potentialAction\":[{\"@type\":\"ReadAction\",\"target\":[\"https:\/\/euricse.eu\/it\/la-co-costruzione-del-welfare-locale-evento-finale-a-lecco\/\"]}]},{\"@type\":\"ImageObject\",\"inLanguage\":\"it-IT\",\"@id\":\"https:\/\/euricse.eu\/it\/la-co-costruzione-del-welfare-locale-evento-finale-a-lecco\/#primaryimage\",\"url\":\"https:\/\/euricse.eu\/wp-content\/uploads\/2022\/04\/Evento-finale-Workshop-Collaborativo_WEB.jpg\",\"contentUrl\":\"https:\/\/euricse.eu\/wp-content\/uploads\/2022\/04\/Evento-finale-Workshop-Collaborativo_WEB.jpg\",\"width\":500,\"height\":298},{\"@type\":\"BreadcrumbList\",\"@id\":\"https:\/\/euricse.eu\/it\/la-co-costruzione-del-welfare-locale-evento-finale-a-lecco\/#breadcrumb\",\"itemListElement\":[{\"@type\":\"ListItem\",\"position\":1,\"name\":\"Home\",\"item\":\"https:\/\/euricse.eu\/it\/\"},{\"@type\":\"ListItem\",\"position\":2,\"name\":\"\u201cLa co-costruzione del welfare locale\u201d: evento finale a Lecco\"}]},{\"@type\":\"WebSite\",\"@id\":\"https:\/\/euricse.eu\/en\/#website\",\"url\":\"https:\/\/euricse.eu\/en\/\",\"name\":\"Euricse\",\"description\":\"Knowledge and innovation for cooperative and social enterprises.\",\"potentialAction\":[{\"@type\":\"SearchAction\",\"target\":{\"@type\":\"EntryPoint\",\"urlTemplate\":\"https:\/\/euricse.eu\/en\/?s={search_term_string}\"},\"query-input\":{\"@type\":\"PropertyValueSpecification\",\"valueRequired\":true,\"valueName\":\"search_term_string\"}}],\"inLanguage\":\"it-IT\"},{\"@type\":\"Person\",\"@id\":\"https:\/\/euricse.eu\/en\/#\/schema\/person\/1ffac29ea6fee2ce84b34189be040a4a\",\"name\":\"euricse\",\"image\":{\"@type\":\"ImageObject\",\"inLanguage\":\"it-IT\",\"@id\":\"https:\/\/euricse.eu\/en\/#\/schema\/person\/image\/\",\"url\":\"https:\/\/secure.gravatar.com\/avatar\/d88182b355a036085030d3884f5d4893b4217932cd579a290378c152284775d4?s=96&d=mm&r=g\",\"contentUrl\":\"https:\/\/secure.gravatar.com\/avatar\/d88182b355a036085030d3884f5d4893b4217932cd579a290378c152284775d4?s=96&d=mm&r=g\",\"caption\":\"euricse\"},\"url\":\"https:\/\/euricse.eu\/it\/author\/euricse\/\"}]}<\/script>\n<!-- \/ Yoast SEO plugin. -->","yoast_head_json":{"title":"\u201cLa co-costruzione del welfare locale\u201d: evento finale a Lecco - Euricse","robots":{"index":"index","follow":"follow","max-snippet":"max-snippet:-1","max-image-preview":"max-image-preview:large","max-video-preview":"max-video-preview:-1"},"canonical":"https:\/\/euricse.eu\/it\/la-co-costruzione-del-welfare-locale-evento-finale-a-lecco\/","og_locale":"it_IT","og_type":"article","og_title":"\u201cLa co-costruzione del welfare locale\u201d: evento finale a Lecco - Euricse","og_description":"Gioved\u00ec 10 e venerd\u00ec 11 febbraio a Lecco si conclude il ciclo di workshop \u201cLa co-costruzione del Welfare locale\u201d\u00a0dedicato al welfare collaborativo, che tra ottobre e novembre dello scorso anno ha riscosso grande interesse tra i partecipanti. Anche l\u2019ultimo degli incontri\u00a0\u201cGli apprendimenti per il territorio e le prospettive di lavoro\u201d \u00e8 a partecipazione\u00a0gratuita,\u00a0ed \u00e8 finalizzato [&hellip;]","og_url":"https:\/\/euricse.eu\/it\/la-co-costruzione-del-welfare-locale-evento-finale-a-lecco\/","og_site_name":"Euricse","article_published_time":"2022-01-21T14:44:30+00:00","article_modified_time":"2022-04-26T13:46:20+00:00","og_image":[{"width":500,"height":298,"url":"https:\/\/euricse.eu\/wp-content\/uploads\/2022\/04\/Evento-finale-Workshop-Collaborativo_WEB.jpg","type":"image\/jpeg"}],"author":"euricse","twitter_card":"summary_large_image","twitter_misc":{"Scritto da":"euricse","Tempo di lettura stimato":"1 minuto"},"schema":{"@context":"https:\/\/schema.org","@graph":[{"@type":"WebPage","@id":"https:\/\/euricse.eu\/it\/la-co-costruzione-del-welfare-locale-evento-finale-a-lecco\/","url":"https:\/\/euricse.eu\/it\/la-co-costruzione-del-welfare-locale-evento-finale-a-lecco\/","name":"\u201cLa co-costruzione del welfare locale\u201d: evento finale a Lecco - Euricse","isPartOf":{"@id":"https:\/\/euricse.eu\/en\/#website"},"primaryImageOfPage":{"@id":"https:\/\/euricse.eu\/it\/la-co-costruzione-del-welfare-locale-evento-finale-a-lecco\/#primaryimage"},"image":{"@id":"https:\/\/euricse.eu\/it\/la-co-costruzione-del-welfare-locale-evento-finale-a-lecco\/#primaryimage"},"thumbnailUrl":"https:\/\/euricse.eu\/wp-content\/uploads\/2022\/04\/Evento-finale-Workshop-Collaborativo_WEB.jpg","datePublished":"2022-01-21T14:44:30+00:00","dateModified":"2022-04-26T13:46:20+00:00","author":{"@id":"https:\/\/euricse.eu\/en\/#\/schema\/person\/1ffac29ea6fee2ce84b34189be040a4a"},"breadcrumb":{"@id":"https:\/\/euricse.eu\/it\/la-co-costruzione-del-welfare-locale-evento-finale-a-lecco\/#breadcrumb"},"inLanguage":"it-IT","potentialAction":[{"@type":"ReadAction","target":["https:\/\/euricse.eu\/it\/la-co-costruzione-del-welfare-locale-evento-finale-a-lecco\/"]}]},{"@type":"ImageObject","inLanguage":"it-IT","@id":"https:\/\/euricse.eu\/it\/la-co-costruzione-del-welfare-locale-evento-finale-a-lecco\/#primaryimage","url":"https:\/\/euricse.eu\/wp-content\/uploads\/2022\/04\/Evento-finale-Workshop-Collaborativo_WEB.jpg","contentUrl":"https:\/\/euricse.eu\/wp-content\/uploads\/2022\/04\/Evento-finale-Workshop-Collaborativo_WEB.jpg","width":500,"height":298},{"@type":"BreadcrumbList","@id":"https:\/\/euricse.eu\/it\/la-co-costruzione-del-welfare-locale-evento-finale-a-lecco\/#breadcrumb","itemListElement":[{"@type":"ListItem","position":1,"name":"Home","item":"https:\/\/euricse.eu\/it\/"},{"@type":"ListItem","position":2,"name":"\u201cLa co-costruzione del welfare locale\u201d: evento finale a Lecco"}]},{"@type":"WebSite","@id":"https:\/\/euricse.eu\/en\/#website","url":"https:\/\/euricse.eu\/en\/","name":"Euricse","description":"Knowledge and innovation for cooperative and social enterprises.","potentialAction":[{"@type":"SearchAction","target":{"@type":"EntryPoint","urlTemplate":"https:\/\/euricse.eu\/en\/?s={search_term_string}"},"query-input":{"@type":"PropertyValueSpecification","valueRequired":true,"valueName":"search_term_string"}}],"inLanguage":"it-IT"},{"@type":"Person","@id":"https:\/\/euricse.eu\/en\/#\/schema\/person\/1ffac29ea6fee2ce84b34189be040a4a","name":"euricse","image":{"@type":"ImageObject","inLanguage":"it-IT","@id":"https:\/\/euricse.eu\/en\/#\/schema\/person\/image\/","url":"https:\/\/secure.gravatar.com\/avatar\/d88182b355a036085030d3884f5d4893b4217932cd579a290378c152284775d4?s=96&d=mm&r=g","contentUrl":"https:\/\/secure.gravatar.com\/avatar\/d88182b355a036085030d3884f5d4893b4217932cd579a290378c152284775d4?s=96&d=mm&r=g","caption":"euricse"},"url":"https:\/\/euricse.eu\/it\/author\/euricse\/"}]}},"_links":{"self":[{"href":"https:\/\/euricse.eu\/it\/wp-json\/wp\/v2\/posts\/15052","targetHints":{"allow":["GET"]}}],"collection":[{"href":"https:\/\/euricse.eu\/it\/wp-json\/wp\/v2\/posts"}],"about":[{"href":"https:\/\/euricse.eu\/it\/wp-json\/wp\/v2\/types\/post"}],"author":[{"embeddable":true,"href":"https:\/\/euricse.eu\/it\/wp-json\/wp\/v2\/users\/1"}],"replies":[{"embeddable":true,"href":"https:\/\/euricse.eu\/it\/wp-json\/wp\/v2\/comments?post=15052"}],"version-history":[{"count":0,"href":"https:\/\/euricse.eu\/it\/wp-json\/wp\/v2\/posts\/15052\/revisions"}],"wp:featuredmedia":[{"embeddable":true,"href":"https:\/\/euricse.eu\/it\/wp-json\/wp\/v2\/media\/15060"}],"wp:attachment":[{"href":"https:\/\/euricse.eu\/it\/wp-json\/wp\/v2\/media?parent=15052"}],"wp:term":[{"taxonomy":"category","embeddable":true,"href":"https:\/\/euricse.eu\/it\/wp-json\/wp\/v2\/categories?post=15052"},{"taxonomy":"post_tag","embeddable":true,"href":"https:\/\/euricse.eu\/it\/wp-json\/wp\/v2\/tags?post=15052"}],"curies":[{"name":"wp","href":"https:\/\/api.w.org\/{rel}","templated":true}]}}