{"id":15080,"date":"2022-01-19T11:40:15","date_gmt":"2022-01-19T11:40:15","guid":{"rendered":"https:\/\/euricse.hgblu.dev\/?p=15080"},"modified":"2022-04-26T14:51:44","modified_gmt":"2022-04-26T13:51:44","slug":"economia-sociale-al-cnel-workshop-su-action-plan-ue","status":"publish","type":"post","link":"https:\/\/euricse.eu\/it\/economia-sociale-al-cnel-workshop-su-action-plan-ue\/","title":{"rendered":"Economia sociale, al Cnel workshop su Action Plan Ue"},"content":{"rendered":"\r\n<p>Venerd\u00ec 21 gennaio dalle 10:00 presso la Sala del Parlamentino del Consiglio Nazionale dell&#8217;Economia e del Lavoro (CNEL) viene organizzato un worskhop di confronto sull\u2019Action Plan dell\u2019Unione Europea per l\u2019economia sociale, e sulle opportunit\u00e0 che si aprono per l&#8217;Italia. E&#8217; possibile seguire in diretta sul canale <a href=\"https:\/\/www.youtube.com\/channel\/UCHjo1SZ3u_EatbNREO-NdqA\/videos\" target=\"_blank\" rel=\"noreferrer noopener\">YouTube del CNEL<\/a>. L\u2019Action plan fissa le direttrici di una rotta da attuare nei prossimi 10 anni e le principali misure in esso previste (38 complessivamente di cui 10 prioritarie) serviranno a dimostrare che un\u2019economia che persegue un \u201cinteresse generale\u201d o \u201cinteresse collettivo\u201d (un bene comune), costituisce l\u2019alleato pi\u00f9 prezioso delle politiche pubbliche industriali perch\u00e9 trasforma i costi delle politiche sociali in investimenti restituendo un modello di protezione sociale pi\u00f9 innovativo e sostenibile. Gli obiettivi principali dell&#8217;Action plan, in sintesi, sono quelli di promuovere l\u2019economia sociale, creare posti di lavoro e favorire in modo concreto una ripresa equa e inclusiva e le transizioni verde e digitale. L\u2019iniziativa \u00e8 organizzata dal Consiglio Nazionale dell&#8217;Economia e del Lavoro (CEL) e dal Ministero dell\u2019Economia e delle Finanze (MEF).<\/p>\r\n\r\n\r\n\r\n<p>Al workshop, che sar\u00e0 introdotto dal Presidente del Cnel Tiziano Treu, dopo i saluti del presidente dell\u2019Istat, Gian Carlo Blangiardo, e Consigliere Cnel, Capo delegazione Terzo Settore non profit, Gian Paolo Gualaccini, sono previsti gli interventi programmati di Giovanna Melandri, Presidente Human Foundation; <strong>Gianluca Salvatori, Segretario Generale Euricse<\/strong>; Paolo Venturi, Direttore AICCON \u2013 Universit\u00e0 di Bologna; Vanessa Pallucchi, Portavoce Forum Terzo Settore; Luca Jahier, Past President CESE. Modera Gianni Todini, Direttore responsabile di AskaNews. Le conclusioni saranno affidate a Laura Castelli, ViceMinistro dell\u2019Economia e delle Finanze.<\/p>\r\n\r\n\r\n\r\n<figure class=\"wp-block-gallery aligncenter columns-1 is-cropped wp-block-gallery-1 is-layout-flex wp-block-gallery-is-layout-flex\">\r\n<figure><img decoding=\"async\" class=\"wp-image-12966\" src=\"https:\/\/www.euricse.eu\/wp-content\/uploads\/2022\/01\/Invito-CNEL_MEF-ACTION-PLAN-UE_21012022-1-1536x978-2.jpg\" alt=\"\" data-id=\"12966\" data-full-url=\"https:\/\/www.euricse.eu\/wp-content\/uploads\/2022\/01\/Invito-CNEL_MEF-ACTION-PLAN-UE_21012022-1-1536x978-2.jpg\" data-link=\"https:\/\/www.euricse.eu\/it\/economia-sociale-al-cnel-workshop-su-action-plan-ue\/invito-cnel_mef-action-plan-ue_21012022-1-1536x978-2\/\" \/><\/figure>\r\n<\/figure>\r\n\r\n\r\n\r\n<p>&nbsp;<\/p>\r\n","protected":false},"excerpt":{"rendered":"<p>Venerd\u00ec 21 gennaio dalle 10:00 presso la Sala del Parlamentino del Consiglio Nazionale dell&#8217;Economia e del Lavoro (CNEL) viene organizzato un worskhop di confronto sull\u2019Action Plan dell\u2019Unione Europea per l\u2019economia sociale, e sulle opportunit\u00e0 che si aprono per l&#8217;Italia. E&#8217; possibile seguire in diretta sul canale YouTube del CNEL. L\u2019Action plan fissa le direttrici di [&hellip;]<\/p>\n","protected":false},"author":1,"featured_media":15086,"comment_status":"closed","ping_status":"closed","sticky":false,"template":"","format":"standard","meta":{"_acf_changed":false,"episode_type":"","audio_file":"","cover_image":"","cover_image_id":"","duration":"","filesize":"","date_recorded":"","explicit":"","block":"","itunes_episode_number":"","itunes_title":"","itunes_season_number":"","itunes_episode_type":"","filesize_raw":"","footnotes":""},"categories":[14,15],"tags":[],"class_list":["post-15080","post","type-post","status-publish","format-standard","has-post-thumbnail","hentry","category-blog-it","category-eventi"],"acf":[],"yoast_head":"<!-- This site is optimized with the Yoast SEO plugin v26.1.1 - https:\/\/yoast.com\/wordpress\/plugins\/seo\/ -->\n<title>Economia sociale, al Cnel workshop su Action Plan Ue - Euricse<\/title>\n<meta name=\"robots\" content=\"index, follow, max-snippet:-1, max-image-preview:large, max-video-preview:-1\" \/>\n<link rel=\"canonical\" href=\"https:\/\/euricse.eu\/it\/economia-sociale-al-cnel-workshop-su-action-plan-ue\/\" \/>\n<meta property=\"og:locale\" content=\"it_IT\" \/>\n<meta property=\"og:type\" content=\"article\" \/>\n<meta property=\"og:title\" content=\"Economia sociale, al Cnel workshop su Action Plan Ue - Euricse\" \/>\n<meta property=\"og:description\" content=\"Venerd\u00ec 21 gennaio dalle 10:00 presso la Sala del Parlamentino del Consiglio Nazionale dell&#8217;Economia e del Lavoro (CNEL) viene organizzato un worskhop di confronto sull\u2019Action Plan dell\u2019Unione Europea per l\u2019economia sociale, e sulle opportunit\u00e0 che si aprono per l&#8217;Italia. E&#8217; possibile seguire in diretta sul canale YouTube del CNEL. L\u2019Action plan fissa le direttrici di [&hellip;]\" \/>\n<meta property=\"og:url\" content=\"https:\/\/euricse.eu\/it\/economia-sociale-al-cnel-workshop-su-action-plan-ue\/\" \/>\n<meta property=\"og:site_name\" content=\"Euricse\" \/>\n<meta property=\"article:published_time\" content=\"2022-01-19T11:40:15+00:00\" \/>\n<meta property=\"article:modified_time\" content=\"2022-04-26T13:51:44+00:00\" \/>\n<meta property=\"og:image\" content=\"https:\/\/euricse.eu\/wp-content\/uploads\/2022\/04\/SocialEconomyActionPlan03.jpg\" \/>\n\t<meta property=\"og:image:width\" content=\"399\" \/>\n\t<meta property=\"og:image:height\" content=\"284\" \/>\n\t<meta property=\"og:image:type\" content=\"image\/jpeg\" \/>\n<meta name=\"author\" content=\"euricse\" \/>\n<meta name=\"twitter:card\" content=\"summary_large_image\" \/>\n<meta name=\"twitter:label1\" content=\"Scritto da\" \/>\n\t<meta name=\"twitter:data1\" content=\"euricse\" \/>\n\t<meta name=\"twitter:label2\" content=\"Tempo di lettura stimato\" \/>\n\t<meta name=\"twitter:data2\" content=\"1 minuto\" \/>\n<script type=\"application\/ld+json\" class=\"yoast-schema-graph\">{\"@context\":\"https:\/\/schema.org\",\"@graph\":[{\"@type\":\"WebPage\",\"@id\":\"https:\/\/euricse.eu\/it\/economia-sociale-al-cnel-workshop-su-action-plan-ue\/\",\"url\":\"https:\/\/euricse.eu\/it\/economia-sociale-al-cnel-workshop-su-action-plan-ue\/\",\"name\":\"Economia sociale, al Cnel workshop su Action Plan Ue - Euricse\",\"isPartOf\":{\"@id\":\"https:\/\/euricse.eu\/en\/#website\"},\"primaryImageOfPage\":{\"@id\":\"https:\/\/euricse.eu\/it\/economia-sociale-al-cnel-workshop-su-action-plan-ue\/#primaryimage\"},\"image\":{\"@id\":\"https:\/\/euricse.eu\/it\/economia-sociale-al-cnel-workshop-su-action-plan-ue\/#primaryimage\"},\"thumbnailUrl\":\"https:\/\/euricse.eu\/wp-content\/uploads\/2022\/04\/SocialEconomyActionPlan03.jpg\",\"datePublished\":\"2022-01-19T11:40:15+00:00\",\"dateModified\":\"2022-04-26T13:51:44+00:00\",\"author\":{\"@id\":\"https:\/\/euricse.eu\/en\/#\/schema\/person\/1ffac29ea6fee2ce84b34189be040a4a\"},\"breadcrumb\":{\"@id\":\"https:\/\/euricse.eu\/it\/economia-sociale-al-cnel-workshop-su-action-plan-ue\/#breadcrumb\"},\"inLanguage\":\"it-IT\",\"potentialAction\":[{\"@type\":\"ReadAction\",\"target\":[\"https:\/\/euricse.eu\/it\/economia-sociale-al-cnel-workshop-su-action-plan-ue\/\"]}]},{\"@type\":\"ImageObject\",\"inLanguage\":\"it-IT\",\"@id\":\"https:\/\/euricse.eu\/it\/economia-sociale-al-cnel-workshop-su-action-plan-ue\/#primaryimage\",\"url\":\"https:\/\/euricse.eu\/wp-content\/uploads\/2022\/04\/SocialEconomyActionPlan03.jpg\",\"contentUrl\":\"https:\/\/euricse.eu\/wp-content\/uploads\/2022\/04\/SocialEconomyActionPlan03.jpg\",\"width\":399,\"height\":284,\"caption\":\"Roma, 18 gen. (askanews) - Promuovere l\u0092economia sociale, creare posti di lavoro e favorire in modo concreto una ripresa equa e inclusiva e le transizioni verde e digitale. Sono gli obiettivi dell'Action Plan dell'Unione Europea per l'economia sociale, che vedranno un momento di confronto venerd\u00ec 21 gennaio in un workshop al Cnel. L'iniziativa \u00e8 organizzata da Cnel e Ministero dell'Economia e delle Finanze. L\u0092Action plan fissa le direttrici di una rotta da attuare nei prossimi 10 anni e le principali misure in esso previste (38 complessivamente di cui 10 prioritarie) serviranno a dimostrare che un\u0092economia che persegue un \u0093interesse generale\u0094 o \u0094interesse collettivo\u0094 (un bene comune), costituisce l\u0092alleato pi\u00f9 prezioso delle politiche pubbliche industriali perch\u00e9 trasforma i costi delle politiche sociali in investimenti restituendo un modello di protezione sociale pi\u00f9 innovativo e sostenibile. Al workshop, che sar\u00e0 introdotto dal Presidente del Cnel Tiziano Treu, dopo i saluti del presidente dell\u0092Istat, Gian Carlo Blangiardo, e Consigliere Cnel, Capo delegazione Terzo Settore non profit, Gian Paolo Gualaccini, sono previsti gli interventi programmati di Giovanna Melandri, Presidente Human Foundation; Gianluca Salvatori, Segretario Generale Euricse; Paolo Venturi, Direttore AICCON - Universit\u00e0 di Bologna; Vanessa Pallucchi, Portavoce Forum Terzo Settore; Luca Jahier, Past President CESE. Modera Gianni Todini, Direttore responsabile di AskaNews. Le conclusioni saranno affidate a Laura Castelli, ViceMinistro dell'Economia e delle Finanze.\"},{\"@type\":\"BreadcrumbList\",\"@id\":\"https:\/\/euricse.eu\/it\/economia-sociale-al-cnel-workshop-su-action-plan-ue\/#breadcrumb\",\"itemListElement\":[{\"@type\":\"ListItem\",\"position\":1,\"name\":\"Home\",\"item\":\"https:\/\/euricse.eu\/it\/\"},{\"@type\":\"ListItem\",\"position\":2,\"name\":\"Economia sociale, al Cnel workshop su Action Plan Ue\"}]},{\"@type\":\"WebSite\",\"@id\":\"https:\/\/euricse.eu\/en\/#website\",\"url\":\"https:\/\/euricse.eu\/en\/\",\"name\":\"Euricse\",\"description\":\"Knowledge and innovation for cooperative and social enterprises.\",\"potentialAction\":[{\"@type\":\"SearchAction\",\"target\":{\"@type\":\"EntryPoint\",\"urlTemplate\":\"https:\/\/euricse.eu\/en\/?s={search_term_string}\"},\"query-input\":{\"@type\":\"PropertyValueSpecification\",\"valueRequired\":true,\"valueName\":\"search_term_string\"}}],\"inLanguage\":\"it-IT\"},{\"@type\":\"Person\",\"@id\":\"https:\/\/euricse.eu\/en\/#\/schema\/person\/1ffac29ea6fee2ce84b34189be040a4a\",\"name\":\"euricse\",\"image\":{\"@type\":\"ImageObject\",\"inLanguage\":\"it-IT\",\"@id\":\"https:\/\/euricse.eu\/en\/#\/schema\/person\/image\/\",\"url\":\"https:\/\/secure.gravatar.com\/avatar\/d88182b355a036085030d3884f5d4893b4217932cd579a290378c152284775d4?s=96&d=mm&r=g\",\"contentUrl\":\"https:\/\/secure.gravatar.com\/avatar\/d88182b355a036085030d3884f5d4893b4217932cd579a290378c152284775d4?s=96&d=mm&r=g\",\"caption\":\"euricse\"},\"url\":\"https:\/\/euricse.eu\/it\/author\/euricse\/\"}]}<\/script>\n<!-- \/ Yoast SEO plugin. -->","yoast_head_json":{"title":"Economia sociale, al Cnel workshop su Action Plan Ue - Euricse","robots":{"index":"index","follow":"follow","max-snippet":"max-snippet:-1","max-image-preview":"max-image-preview:large","max-video-preview":"max-video-preview:-1"},"canonical":"https:\/\/euricse.eu\/it\/economia-sociale-al-cnel-workshop-su-action-plan-ue\/","og_locale":"it_IT","og_type":"article","og_title":"Economia sociale, al Cnel workshop su Action Plan Ue - Euricse","og_description":"Venerd\u00ec 21 gennaio dalle 10:00 presso la Sala del Parlamentino del Consiglio Nazionale dell&#8217;Economia e del Lavoro (CNEL) viene organizzato un worskhop di confronto sull\u2019Action Plan dell\u2019Unione Europea per l\u2019economia sociale, e sulle opportunit\u00e0 che si aprono per l&#8217;Italia. E&#8217; possibile seguire in diretta sul canale YouTube del CNEL. L\u2019Action plan fissa le direttrici di [&hellip;]","og_url":"https:\/\/euricse.eu\/it\/economia-sociale-al-cnel-workshop-su-action-plan-ue\/","og_site_name":"Euricse","article_published_time":"2022-01-19T11:40:15+00:00","article_modified_time":"2022-04-26T13:51:44+00:00","og_image":[{"width":399,"height":284,"url":"https:\/\/euricse.eu\/wp-content\/uploads\/2022\/04\/SocialEconomyActionPlan03.jpg","type":"image\/jpeg"}],"author":"euricse","twitter_card":"summary_large_image","twitter_misc":{"Scritto da":"euricse","Tempo di lettura stimato":"1 minuto"},"schema":{"@context":"https:\/\/schema.org","@graph":[{"@type":"WebPage","@id":"https:\/\/euricse.eu\/it\/economia-sociale-al-cnel-workshop-su-action-plan-ue\/","url":"https:\/\/euricse.eu\/it\/economia-sociale-al-cnel-workshop-su-action-plan-ue\/","name":"Economia sociale, al Cnel workshop su Action Plan Ue - Euricse","isPartOf":{"@id":"https:\/\/euricse.eu\/en\/#website"},"primaryImageOfPage":{"@id":"https:\/\/euricse.eu\/it\/economia-sociale-al-cnel-workshop-su-action-plan-ue\/#primaryimage"},"image":{"@id":"https:\/\/euricse.eu\/it\/economia-sociale-al-cnel-workshop-su-action-plan-ue\/#primaryimage"},"thumbnailUrl":"https:\/\/euricse.eu\/wp-content\/uploads\/2022\/04\/SocialEconomyActionPlan03.jpg","datePublished":"2022-01-19T11:40:15+00:00","dateModified":"2022-04-26T13:51:44+00:00","author":{"@id":"https:\/\/euricse.eu\/en\/#\/schema\/person\/1ffac29ea6fee2ce84b34189be040a4a"},"breadcrumb":{"@id":"https:\/\/euricse.eu\/it\/economia-sociale-al-cnel-workshop-su-action-plan-ue\/#breadcrumb"},"inLanguage":"it-IT","potentialAction":[{"@type":"ReadAction","target":["https:\/\/euricse.eu\/it\/economia-sociale-al-cnel-workshop-su-action-plan-ue\/"]}]},{"@type":"ImageObject","inLanguage":"it-IT","@id":"https:\/\/euricse.eu\/it\/economia-sociale-al-cnel-workshop-su-action-plan-ue\/#primaryimage","url":"https:\/\/euricse.eu\/wp-content\/uploads\/2022\/04\/SocialEconomyActionPlan03.jpg","contentUrl":"https:\/\/euricse.eu\/wp-content\/uploads\/2022\/04\/SocialEconomyActionPlan03.jpg","width":399,"height":284,"caption":"Roma, 18 gen. (askanews) - Promuovere l\u0092economia sociale, creare posti di lavoro e favorire in modo concreto una ripresa equa e inclusiva e le transizioni verde e digitale. Sono gli obiettivi dell'Action Plan dell'Unione Europea per l'economia sociale, che vedranno un momento di confronto venerd\u00ec 21 gennaio in un workshop al Cnel. L'iniziativa \u00e8 organizzata da Cnel e Ministero dell'Economia e delle Finanze. L\u0092Action plan fissa le direttrici di una rotta da attuare nei prossimi 10 anni e le principali misure in esso previste (38 complessivamente di cui 10 prioritarie) serviranno a dimostrare che un\u0092economia che persegue un \u0093interesse generale\u0094 o \u0094interesse collettivo\u0094 (un bene comune), costituisce l\u0092alleato pi\u00f9 prezioso delle politiche pubbliche industriali perch\u00e9 trasforma i costi delle politiche sociali in investimenti restituendo un modello di protezione sociale pi\u00f9 innovativo e sostenibile. Al workshop, che sar\u00e0 introdotto dal Presidente del Cnel Tiziano Treu, dopo i saluti del presidente dell\u0092Istat, Gian Carlo Blangiardo, e Consigliere Cnel, Capo delegazione Terzo Settore non profit, Gian Paolo Gualaccini, sono previsti gli interventi programmati di Giovanna Melandri, Presidente Human Foundation; Gianluca Salvatori, Segretario Generale Euricse; Paolo Venturi, Direttore AICCON - Universit\u00e0 di Bologna; Vanessa Pallucchi, Portavoce Forum Terzo Settore; Luca Jahier, Past President CESE. Modera Gianni Todini, Direttore responsabile di AskaNews. Le conclusioni saranno affidate a Laura Castelli, ViceMinistro dell'Economia e delle Finanze."},{"@type":"BreadcrumbList","@id":"https:\/\/euricse.eu\/it\/economia-sociale-al-cnel-workshop-su-action-plan-ue\/#breadcrumb","itemListElement":[{"@type":"ListItem","position":1,"name":"Home","item":"https:\/\/euricse.eu\/it\/"},{"@type":"ListItem","position":2,"name":"Economia sociale, al Cnel workshop su Action Plan Ue"}]},{"@type":"WebSite","@id":"https:\/\/euricse.eu\/en\/#website","url":"https:\/\/euricse.eu\/en\/","name":"Euricse","description":"Knowledge and innovation for cooperative and social enterprises.","potentialAction":[{"@type":"SearchAction","target":{"@type":"EntryPoint","urlTemplate":"https:\/\/euricse.eu\/en\/?s={search_term_string}"},"query-input":{"@type":"PropertyValueSpecification","valueRequired":true,"valueName":"search_term_string"}}],"inLanguage":"it-IT"},{"@type":"Person","@id":"https:\/\/euricse.eu\/en\/#\/schema\/person\/1ffac29ea6fee2ce84b34189be040a4a","name":"euricse","image":{"@type":"ImageObject","inLanguage":"it-IT","@id":"https:\/\/euricse.eu\/en\/#\/schema\/person\/image\/","url":"https:\/\/secure.gravatar.com\/avatar\/d88182b355a036085030d3884f5d4893b4217932cd579a290378c152284775d4?s=96&d=mm&r=g","contentUrl":"https:\/\/secure.gravatar.com\/avatar\/d88182b355a036085030d3884f5d4893b4217932cd579a290378c152284775d4?s=96&d=mm&r=g","caption":"euricse"},"url":"https:\/\/euricse.eu\/it\/author\/euricse\/"}]}},"_links":{"self":[{"href":"https:\/\/euricse.eu\/it\/wp-json\/wp\/v2\/posts\/15080","targetHints":{"allow":["GET"]}}],"collection":[{"href":"https:\/\/euricse.eu\/it\/wp-json\/wp\/v2\/posts"}],"about":[{"href":"https:\/\/euricse.eu\/it\/wp-json\/wp\/v2\/types\/post"}],"author":[{"embeddable":true,"href":"https:\/\/euricse.eu\/it\/wp-json\/wp\/v2\/users\/1"}],"replies":[{"embeddable":true,"href":"https:\/\/euricse.eu\/it\/wp-json\/wp\/v2\/comments?post=15080"}],"version-history":[{"count":0,"href":"https:\/\/euricse.eu\/it\/wp-json\/wp\/v2\/posts\/15080\/revisions"}],"wp:featuredmedia":[{"embeddable":true,"href":"https:\/\/euricse.eu\/it\/wp-json\/wp\/v2\/media\/15086"}],"wp:attachment":[{"href":"https:\/\/euricse.eu\/it\/wp-json\/wp\/v2\/media?parent=15080"}],"wp:term":[{"taxonomy":"category","embeddable":true,"href":"https:\/\/euricse.eu\/it\/wp-json\/wp\/v2\/categories?post=15080"},{"taxonomy":"post_tag","embeddable":true,"href":"https:\/\/euricse.eu\/it\/wp-json\/wp\/v2\/tags?post=15080"}],"curies":[{"name":"wp","href":"https:\/\/api.w.org\/{rel}","templated":true}]}}