{"id":15094,"date":"2022-01-12T13:52:07","date_gmt":"2022-01-12T13:52:07","guid":{"rendered":"https:\/\/euricse.hgblu.dev\/?p=15094"},"modified":"2024-02-06T10:52:45","modified_gmt":"2024-02-06T10:52:45","slug":"il-ritratto-delle-cooperative-trentine","status":"publish","type":"post","link":"https:\/\/euricse.eu\/it\/il-ritratto-delle-cooperative-trentine\/","title":{"rendered":"Il ritratto delle cooperative trentine"},"content":{"rendered":"\r\n<p>Marted\u00ec 12 gennaio 2022 \u00e8 stata presentata la nuova ricerca di Euricse sulle cooperative trentine, con un evento presso la Sala InCooperazione in via Segantini a Trento.<\/p>\r\n\r\n\r\n\r\n<p>La crisi economica innestata dalla pandemia non ha scalfito la solidit\u00e0 delle cooperative trentine, che continuano ad essere traino di sviluppo sociale ed economico per il territorio, con un valore aggiunto di 1,6 miliardi di euro e oltre 30 mila posizioni lavorative dipendenti. Non da meno, il comparto ha dimostrato capacit\u00e0 di investimento a sostegno del proprio processo di innovazione e crescita. Le analisi proposte dal Rapporto \u201cLa cooperazione in Trentino\u201d, curato da Euricse nell&#8217;ambito dell&#8217;accordo di programma con la Provincia autonoma di Trento, mettono in evidenza le difficolt\u00e0 sostenute da alcuni settori, ma anche le sfide e le opportunit\u00e0 che ne sono emerse.<\/p>\r\n\r\n\r\n\r\n<p>Partendo dai risultati del precedente rapporto \u201cLa cooperazione in Trentino\u201d, che aveva evidenziato il ruolo chiave delle cooperative nell\u2019economia provinciale con riferimento al 2017, questa seconda pubblicazione ne analizza le dimensioni al 2020. Il rapporto si divide in due parti. Nella prima viene fornito un quadro di lettura economico-finanziario e occupazionale della cooperazione trentina, approfondendo le ripercussioni e la reazione dell\u2019intero comparto al primo anno di pandemia da Covid.19. La seconda parte \u00e8 dedicata all\u2019analisi ed alle possibili linee di sviluppo dei cinque settori principali della cooperazione trentina: <strong>produzione e lavoro<\/strong>, <strong>agricolo<\/strong>, <strong>sociale<\/strong>, <strong>consumo<\/strong> e <strong>credito<\/strong>. L\u2019intento \u00e8 anche quello di comprendere se e come la cooperazione sia riuscita a rispondere \u2013 o potrebbe farsi carico in futuro \u2013 delle nuove istanze sociali emergenti, in un contesto in cui anche dall\u2019Europa arrivano segnali importanti di rilancio dell\u2019economia sociale e cooperativa.<\/p>\r\n\r\n\r\n\r\n<figure class=\"wp-block-image size-large\"><img decoding=\"async\" class=\"wp-image-12912\" src=\"https:\/\/www.euricse.eu\/wp-content\/uploads\/2022\/01\/Intervento-vicepresidente-Euricse-Silvio-Mucchi-1024x681.jpg\" alt=\"\" \/>\r\n<figcaption>Silvio Mucchi, vicepresidente Euricse &#8211; ph. credits Cooperazione Trentina<\/figcaption>\r\n<\/figure>\r\n\r\n\r\n\r\n<p>\u00abQuesto secondo Rapporto propone un quadro aggiornato del valore economico, occupazionale e sociale della cooperazione trentina sottoponendone anche a verifica i punti di forza e di debolezza.\u00bb \u2013 \u00a0ha spiegato <strong>Carlo Borzaga<\/strong>, presidente di Euricse \u2013 \u00abSiamo convinti che cooperatori pi\u00f9 formati riescano ad apprezzare maggiormente le loro imprese e a gestirle al meglio, e che queste analisi possano essere utili alle autorit\u00e0 di politica economica nell\u2019individuare le politiche di sostegno pi\u00f9 idonee\u00bb.<\/p>\r\n\r\n\r\n\r\n<p>Per il vicepresidente della Provincia e assessore alla Cooperazione, <strong>Mario Tonina<\/strong> \u00abpur con differenze tra settore e settore della Cooperazione, i dati contenuti nel Rapporto indicano che la pandemia non ha frenato lo slancio della cooperazione trentina, uno slancio rivolto soprattutto all\u2019innovazione. Dal settore ci attendiamo in questa fase difficile per il Trentino che sia in grado di dare il meglio di s\u00e9, e di farlo puntando appunto sulle innovazioni che si rendono necessarie per far fronte alle nuove sfide. Una di queste \u00e8 la sfida ambientale, che \u00e8 stata oggetto della Strategia provinciale per lo sviluppo sostenibile che abbiamo da poco adottato. Anche in questo campo sono convinto che la cooperazione possa dare un contributo fondamentale, potendo intervenire su una molteplicit\u00e0 di ambiti. Dalla cooperazione ci attendiamo inoltre un contributo fondamentale per soddisfare la domanda di credito di tanti cittadini e tante imprese, alimentata dalle nuove opportunit\u00e0 generate anche dal PNRR. Infine, ci attendiamo che possa aiutarci a colmare il divario fra centro e valli, e a questo proposito cito solo un dato fra i tanti possibili contenuti nel Rapporto di Euricse: le Famiglie cooperative sono presenti oggi in tutti i 14 comuni classificati in Trentino come ultraperiferici e in oltre la met\u00e0 di 68 comuni classificati come periferici\u00bb.<\/p>\r\n\r\n\r\n\r\n<p><strong>Roberto Simoni<\/strong>, presidente della Cooperazione Trentina, ha commentato che \u00abIl Rapporto elaborato da Euricse ci fornisce una chiave di lettura molto qualificata di come il nostro sistema di imprese abbia reagito alla pandemia ed alle sue conseguenze economiche e sociali. Riteniamo \u2013 e questo studio lo dimostra \u2013 che la Cooperazione Trentina abbia messo a sistema tutte le risorse e le competenze qualificate per farsi carico delle nuove istanze sociali emerse nella prima fase della pandemia e lo stesso stia facendo per affrontare quelle che affiorano in questa seconda fase di ripresa. E questo \u00e8 avvenuto in tutti i settori, come indica lo studio, dal credito al consumo, dal sociale alla produzione lavoro, dall\u2019agricoltura ai servizi\u00bb.<\/p>\r\n\r\n\r\n\r\n<p>Dopo i saluti istituzionali che hanno introdotto la presentazione del Rapporto, il direttore di Euricse <strong>Riccardo Bodini<\/strong> e la ricercatrice senior <strong>Chiara Carini<\/strong> (che insieme al ricercatore <strong>Eddi Fontanari <\/strong>\u00e8 tra i curatori scientifici del Rapporto) hanno presentato i punti salienti e le principali evidenze emerse dalla ricerca. A seguire, durante la tavola rotonda moderata dal giornalista <strong>Alberto Faustini<\/strong>, i dati sono stati commentati dal vicepresidente di Euricse <strong>Silvio Mucchi<\/strong>, dal presidente della Cooperazione Trentina <strong>Roberto Simoni<\/strong> e da <strong>Roberto Andreatta<\/strong>, dirigente generale del Dipartimento territorio e trasporti, ambiente, energia, cooperazione della Provincia autonoma di Trento. Nel corso della tavola rotonda sono stati toccati molti focus. Per il dirigente <strong>Andreatta, <\/strong>\u00e8 evidente che \u00abdalla ricerca emerge la vivacit\u00e0 e la solidit\u00e0 del settore cooperativo, un valore aggiunto del quale dobbiamo avere consapevolezza, anche alla luce dei fondi e delle risorse funzionali a diversi ambiti di sviluppo che sono in arrivo\u00bb. Vicinanza alla comunit\u00e0, innovazione digitale e investimenti in formazione, sono per<strong> Silvio Mucchi<\/strong>, vicepresidente di Euricse ma anche presidente della Cassa Rurale Val di Non, gli elementi di forza dell\u2019azione delle casse rurali. Qualcosa in pi\u00f9 si pu\u00f2 ancora fare, per esempio sul tema dell\u2019approccio ad un nuovo smart working, equilibrato e funzionale.<\/p>\r\n\r\n\r\n\r\n<div class=\"wp-block-image\">\r\n<figure class=\"aligncenter size-large\"><img decoding=\"async\" class=\"wp-image-12904\" src=\"https:\/\/www.euricse.eu\/wp-content\/uploads\/2022\/01\/Chiara_Carini_ricercatrice_senior_Euricse2-1024x683.jpg\" alt=\"\" \/>\r\n<figcaption>Chiara Carini Sala cooperazione presentazione dati Euricse 2021 (foto Daniele Panato\/Agenzia Panato)<\/figcaption>\r\n<\/figure>\r\n<\/div>\r\n\r\n\r\n\r\n<p>&nbsp;<\/p>\r\n\r\n\r\n\r\n<p>Di seguito i principali risultati del Rapporto.<\/p>\r\n<p>&nbsp;<\/p>\r\n\r\n\r\n\r\n<p><strong>LA DIMENSIONE ECONOMICA<\/strong><\/p>\r\n<p>&nbsp;<\/p>\r\n\r\n\r\n\r\n<p>Nel 2020 le imprese cooperative e le mutue trentine hanno generato complessivamente <strong>1,6 miliardi di euro<\/strong> di valore aggiunto.<\/p>\r\n\r\n\r\n\r\n<p>Durante la pandemia alcuni settori hanno sofferto pi\u00f9 di altri, come ad esempio quello di produzione lavoro e sociali, che sono stati soggetti alle restrizioni imposte dal governo per limitare la diffusione del virus. Diversamente, le cooperative di consumo e agricole sono riuscite a garantire continuit\u00e0 di produzione proprio grazie alla natura di prima necessit\u00e0 dei prodotti e dei servizi offerti.<\/p>\r\n\r\n\r\n\r\n<p>Com\u2019\u00e8 evidente dai dati presentati nella ricerca, la cooperazione trentina \u00e8 stata in grado di gestire attivamente il cambiamento, investendo a sostegno del proprio processo di crescita anche durante la crisi, con variazioni positive del capitale investito anche tra i settori maggiormente colpiti dalle chiusure, e dalle relative riduzioni di fatturato.<\/p>\r\n<p>&nbsp;<\/p>\r\n\r\n\r\n\r\n<p><strong>L\u2019OCCUPAZIONE<\/strong><\/p>\r\n<p>&nbsp;<\/p>\r\n\r\n\r\n\r\n<p>Nel corso del 2020, le cooperative trentine hanno avuto al loro attivo oltre 30 mila posizioni lavorativedi dipendenti, hanno cio\u00e8 dato lavoro per l\u2019intero anno o parte di esso ad oltre 30 mila persone: oltre la met\u00e0 degli addetti \u00e8 rappresentata da donne (55,5% del totale), ed il 15,4% da lavoratori sotto i 30 anni d\u2019et\u00e0. La maggior parte delle cooperative (66,3 per cento) ha dichiarato di aver mantenuto sostanzialmente <strong>stabili i livelli occupazionali<\/strong> rispetto al 2019, anche se con situazioni differenti nei singoli settori cooperativi. Anche senza il blocco dei licenziamenti introdotto dal governo, oltre il 90 per cento delle cooperative intervistate ha affermato che non avrebbe comunque ridotto il numero di lavoratori a tempo indeterminato e il 43,4 per cento dei rispondenti ha rinnovato tutti i contratti in scadenza. <strong>Per il futuro<\/strong> i numeri lasciano intravedere <strong>segnali positivi<\/strong>. Se le cooperative agricole e quelle di consumo e dettaglianti, che meno delle altre sono state colpite dalla crisi, sono pi\u00f9 prudenti nell\u2019esprimere previsioni per il 2022, le cooperative sociali e di lavoro vedono gi\u00e0 nel breve periodo una ripresa, con buona parte delle cooperative intervistate che prevede un incremento del fatturato e dell\u2019occupazione gi\u00e0 nel 2022.<\/p>\r\n<p>&nbsp;<\/p>\r\n\r\n\r\n\r\n<p><strong>PROCESSI INNOVATIVI<\/strong><\/p>\r\n<p>&nbsp;<\/p>\r\n\r\n\r\n\r\n<p>La crisi economica innescata dalla pandemia non ha ostacolato l\u2019innovativit\u00e0 delle cooperative trentine. Secondo la maggioranza degli intervistati, la crisi sanitaria avrebbe creato <strong>nuove opportunit\u00e0<\/strong> o avrebbe comunque incrementato l\u2019introduzione <strong>di innovazioni organizzative<\/strong>, soprattutto nel caso delle cooperative sociali e di quelle di lavoro. Sei cooperative su dieci hanno dichiarato di aver introdotto nel corso del 2020 o nei primi mesi del 2021 una o pi\u00f9 innovazioni.<\/p>\r\n\r\n\r\n\r\n<p>Guardando ai settori, se le <strong>cooperative agricole<\/strong> hanno riservato una grande attenzione alla <strong>tematica ambientale<\/strong> (per esempio con l\u2019introduzione di processi produttivi a basso impatto, l\u2019utilizzo di energie rinnovabili e di pratiche di economia circolare, l\u2019introduzione progressiva del biologico), le cooperative di consumo e le Casse Rurali sono state punti di riferimento per le comunit\u00e0 e le imprese locali. Per quanto riguarda le <strong>cooperative sociali e di lavoro <\/strong>gli investimenti sembrano essersi focalizzati sulla <strong>digitalizzazione<\/strong> e sulla <strong>formazione dei lavoratori<\/strong>.<\/p>\r\n\r\n\r\n\r\n<p>I dati evidenziano inoltre che le cooperative trentine hanno puntato pi\u00f9 a un consolidamento della propria posizione di mercato, che a spingersi e avventurarsi in nuovi settori di business e che le innovazioni introdotte rientrano in un preciso piano di crescita e sviluppo, dato che la maggior parte delle cooperative \u00e8 intenzionata a mantenere le innovazioni introdotte nel medio-lungo periodo.<\/p>\r\n<p>&nbsp;<\/p>\r\n\r\n\r\n\r\n<p><strong>I FOCUS SETTORIALI<\/strong><\/p>\r\n<p>&nbsp;<\/p>\r\n\r\n\r\n\r\n<p><strong><u>Cooperative sociali e di lavoro<\/u><\/strong>: Nel corso del 2020 questi due settori davano lavoro al 68 % degli occupati totali delle cooperative trentine. L\u2019indagine condotta da Euricse su un campione di lavoratori delle cooperative sociali e di lavoro evidenzia che, complessivamente, la soddisfazione media per il proprio lavoro \u00e8 elevata (7,8 in una scala da uno a dieci), e la soddisfazione media per i singoli aspetti del lavoro risulta piuttosto variabile. La pandemia ha impattato in particolar modo sul carico di lavoro dei lavoratori intervistati e sullo stress correlato. Sar\u00e0 importante quindi valorizzare, ove possibile, modalit\u00e0 come per esempio lo <em>smart working<\/em>, che non ha comportato problemi in termini di produttivit\u00e0 durante la pandemia ma la cui introduzione in pianta stabile potrebbe facilitare la conciliazione tra vita lavorativa e familiare. Allo stesso tempo, l\u2019attivit\u00e0 formativa potr\u00e0 accrescere il livello di capitale umano favorendo una pi\u00f9 elevata produttivit\u00e0 del lavoro in un\u2019ottica di miglioramento dei livelli retributivi.<\/p>\r\n<p>&nbsp;<\/p>\r\n\r\n\r\n\r\n<p><strong><u>Cooperative di consumo<\/u><\/strong>: Nel 2020 le famiglie cooperative trentine gestivano 355 punti vendita distribuiti in oltre il 90 per cento dei comuni della provincia trentina (153 comuni su 166). Di questi, pi\u00f9 di 200 negozi rappresentavano l\u2019unico esercizio del paese e in 92 comuni le famiglie cooperative operavano come unico negozio alimentare di prossimit\u00e0 a servizio della popolazione e possono quindi rappresentare dei veri e propri &#8220;presidi di comunit\u00e0&#8221;. Tra il 2019 e il 2020 il fatturato \u00e8 aumentato in oltre il 90 per cento delle realt\u00e0 intervistate. Per quattro cooperative su dieci, la pandemia \u00e8 stata un acceleratore di innovazioni e ha creato nuove occasioni di rinnovamento ed aumentato il potenziale innovativo dell\u2019impresa, mentre per sei cooperative su dieci il maggior ricorso ai canali di vendita online ha consentito di rafforzare il legame con l\u2019utente finale.<\/p>\r\n<p>&nbsp;<\/p>\r\n\r\n\r\n\r\n<p><strong><u>Cooperative di credito<\/u><\/strong>: Il credito cooperativo trentino, che nel corso degli anni ha avviato una fase di profonda riorganizzazione sistemica e di efficientamento, ha giocato un ruolo decisivo al sostegno dell\u2019economia locale anche nella fase di pandemia, coadiuvato dal sostegno pubblico. Nel 2020 gli sportelli delle BCC-CR rimangono quelli pi\u00f9 presenti in Trentino, rappresentando il 63,9 per cento del totale degli sportelli bancari. In 112 comuni le Casse Rurali rappresentano l\u2019unico sportello bancario. La situazione di emergenza sanitaria ha portato a dover operare in condizioni del tutto impreviste, che hanno richiesto flessibilit\u00e0 e capacit\u00e0 di adeguamento. Allo stesso modo sono cambiate le modalit\u00e0 di interlocuzione con la clientela e le modalit\u00e0 di erogazione online dei servizi disponibili.<\/p>\r\n<p>&nbsp;<\/p>\r\n\r\n\r\n\r\n<p><strong><u>Cooperative agricole<\/u><\/strong>: Il comparto aveva gi\u00e0 avviato da tempo interventi mirati per la realizzazione di produzioni sempre pi\u00f9 \u2018green\u2019, che sono proseguiti anche durante la crisi. In particolare, il vitivinicolo risulta il settore che pi\u00f9 si \u00e8 attivato lungo l\u2019intera filiera, agendo sia a monte (riduzione utilizzo fitofarmaci, introduzione pratiche naturali di prevenzione, miglior gestione rifiuti, ecc.) che a valle (utilizzo energia rinnovabile, riutilizzo degli scarti di produzione). In questo senso, si segnalano delle quote di produzione con metodo biologico particolarmente significative in 4 coop su 10 nell\u2019ortofrutticolo e 1 su 5 nel vitivinicolo.<\/p>\r\n<p>&nbsp;<\/p>\r\n\r\n\r\n\r\n<p><strong>LE SFIDE<\/strong><\/p>\r\n\r\n\r\n\r\n<p>Il Rapporto \u201cLa cooperazione in Trentino\u201d, partendo dall\u2019analisi scientifica dei dati, propone anche delle sfide per stimolare il settore cooperativo nella sua parabola di sviluppo. In breve, secondo i ricercatori Euricse, la cooperazione locale ha ancora ampio spazio per innovare e affrontare vecchi e nuovi problemi. Se c\u2019\u00e8 un tema che i numeri di questo rapporto non possono fare emergere, perch\u00e9 non riguarda l\u2019andamento economico o la reazione all\u2019emergenza Covid-19, \u00e8 proprio la capacit\u00e0 di gestire attivamente il cambiamento, senza aspettare che questo si imponga con soluzioni gi\u00e0 definite e magari modellate su altre forme organizzative e imprenditoriali. Il rapporto mette in luce un sistema cooperativo in buona salute \u2013 ovviamente, in relazione al periodo difficile come quello dato dalla pandemia \u2013 e, come si usa dire, resiliente. La base strutturale di partenza e il comportamento durante la crisi giustificano una visione positiva del futuro, purch\u00e9 maturi la consapevolezza di essere entrati in un nuovo scenario. Serve per\u00f2 la capacit\u00e0 di sintonizzarsi su questa nuova fase e trasformare la resilienza in slancio in avanti.<\/p>\r\n\r\n\r\n\r\n<p>Recentemente la Commissione Europea ha approvato il <strong>Piano di Azione per l\u2019economia sociale<\/strong>, che riconosce il potenziale di un modello di sviluppo economico secondo principi di sostenibilit\u00e0 ambientale e sociale. Questo modello non potr\u00e0 che contare su una maggior presenza di cooperative a tutti i livelli. Anche per questo motivo, il rapporto di ricerca di Euricse su una realt\u00e0 relativamente piccola come il Trentino non pu\u00f2 che offrire spunti interessanti per individuare la strada da seguire.<\/p>\r\n\r\n\r\n\r\n<p>Il rapporto completo si pu\u00f2 scaricare dal sito di Euricse <a href=\"https:\/\/euricse.eu\/it\/publications\/la-cooperazione-in-trentino-struttura-ruolo-e-dinamiche-durante-la-pandemia\/\" target=\"_blank\" rel=\"noopener\">a questo link<\/a>.<\/p>\r\n\r\n\r\n\r\n<div class=\"wp-block-file\"><a href=\"https:\/\/euricse.eu\/wp-content\/uploads\/2022\/10\/20220103_RapportoTrentino_ExecutiveSummary.pdf\" target=\"_blank\" rel=\"noopener\">Qui invece puoi scaricare l&#8217;Executive Summary<\/a><\/div>\r\n\r\n\r\n\r\n<p>&nbsp;<\/p>\r\n\r\n\r\n\r\n<p>&nbsp;<\/p>\r\n\r\n\r\n\r\n<figure class=\"wp-block-image size-large\"><img decoding=\"async\" class=\"wp-image-12914\" src=\"https:\/\/www.euricse.eu\/wp-content\/uploads\/2022\/01\/Panoramica-1024x681.jpg\" alt=\"\" \/><\/figure>\r\n","protected":false},"excerpt":{"rendered":"<p>Marted\u00ec 12 gennaio 2022 \u00e8 stata presentata la nuova ricerca di Euricse sulle cooperative trentine, con un evento presso la Sala InCooperazione in via Segantini a Trento. La crisi economica innestata dalla pandemia non ha scalfito la solidit\u00e0 delle cooperative trentine, che continuano ad essere traino di sviluppo sociale ed economico per il territorio, con [&hellip;]<\/p>\n","protected":false},"author":1,"featured_media":15100,"comment_status":"closed","ping_status":"closed","sticky":false,"template":"","format":"standard","meta":{"_acf_changed":false,"episode_type":"","audio_file":"","cover_image":"","cover_image_id":"","duration":"","filesize":"","date_recorded":"","explicit":"","block":"","itunes_episode_number":"","itunes_title":"","itunes_season_number":"","itunes_episode_type":"","filesize_raw":"","footnotes":""},"categories":[17],"tags":[109],"class_list":["post-15094","post","type-post","status-publish","format-standard","has-post-thumbnail","hentry","category-news-it","tag-cooperative"],"acf":[],"yoast_head":"<!-- This site is optimized with the Yoast SEO plugin v26.1.1 - https:\/\/yoast.com\/wordpress\/plugins\/seo\/ -->\n<title>Il ritratto delle cooperative trentine - Euricse<\/title>\n<meta name=\"robots\" content=\"index, follow, max-snippet:-1, max-image-preview:large, max-video-preview:-1\" \/>\n<link rel=\"canonical\" href=\"https:\/\/euricse.eu\/it\/il-ritratto-delle-cooperative-trentine\/\" \/>\n<meta property=\"og:locale\" content=\"it_IT\" \/>\n<meta property=\"og:type\" content=\"article\" \/>\n<meta property=\"og:title\" content=\"Il ritratto delle cooperative trentine - Euricse\" \/>\n<meta property=\"og:description\" content=\"Marted\u00ec 12 gennaio 2022 \u00e8 stata presentata la nuova ricerca di Euricse sulle cooperative trentine, con un evento presso la Sala InCooperazione in via Segantini a Trento. La crisi economica innestata dalla pandemia non ha scalfito la solidit\u00e0 delle cooperative trentine, che continuano ad essere traino di sviluppo sociale ed economico per il territorio, con [&hellip;]\" \/>\n<meta property=\"og:url\" content=\"https:\/\/euricse.eu\/it\/il-ritratto-delle-cooperative-trentine\/\" \/>\n<meta property=\"og:site_name\" content=\"Euricse\" \/>\n<meta property=\"article:published_time\" content=\"2022-01-12T13:52:07+00:00\" \/>\n<meta property=\"article:modified_time\" content=\"2024-02-06T10:52:45+00:00\" \/>\n<meta property=\"og:image\" content=\"https:\/\/euricse.eu\/wp-content\/uploads\/2022\/04\/Riccardo-Bodini_direttoreEuricse.jpg\" \/>\n\t<meta property=\"og:image:width\" content=\"2442\" \/>\n\t<meta property=\"og:image:height\" content=\"1628\" \/>\n\t<meta property=\"og:image:type\" content=\"image\/jpeg\" \/>\n<meta name=\"author\" content=\"euricse\" \/>\n<meta name=\"twitter:card\" content=\"summary_large_image\" \/>\n<meta name=\"twitter:label1\" content=\"Scritto da\" \/>\n\t<meta name=\"twitter:data1\" content=\"euricse\" \/>\n\t<meta name=\"twitter:label2\" content=\"Tempo di lettura stimato\" \/>\n\t<meta name=\"twitter:data2\" content=\"13 minuti\" \/>\n<script type=\"application\/ld+json\" class=\"yoast-schema-graph\">{\"@context\":\"https:\/\/schema.org\",\"@graph\":[{\"@type\":\"WebPage\",\"@id\":\"https:\/\/euricse.eu\/it\/il-ritratto-delle-cooperative-trentine\/\",\"url\":\"https:\/\/euricse.eu\/it\/il-ritratto-delle-cooperative-trentine\/\",\"name\":\"Il ritratto delle cooperative trentine - Euricse\",\"isPartOf\":{\"@id\":\"https:\/\/euricse.eu\/en\/#website\"},\"primaryImageOfPage\":{\"@id\":\"https:\/\/euricse.eu\/it\/il-ritratto-delle-cooperative-trentine\/#primaryimage\"},\"image\":{\"@id\":\"https:\/\/euricse.eu\/it\/il-ritratto-delle-cooperative-trentine\/#primaryimage\"},\"thumbnailUrl\":\"https:\/\/euricse.eu\/wp-content\/uploads\/2022\/04\/Riccardo-Bodini_direttoreEuricse.jpg\",\"datePublished\":\"2022-01-12T13:52:07+00:00\",\"dateModified\":\"2024-02-06T10:52:45+00:00\",\"author\":{\"@id\":\"https:\/\/euricse.eu\/en\/#\/schema\/person\/1ffac29ea6fee2ce84b34189be040a4a\"},\"breadcrumb\":{\"@id\":\"https:\/\/euricse.eu\/it\/il-ritratto-delle-cooperative-trentine\/#breadcrumb\"},\"inLanguage\":\"it-IT\",\"potentialAction\":[{\"@type\":\"ReadAction\",\"target\":[\"https:\/\/euricse.eu\/it\/il-ritratto-delle-cooperative-trentine\/\"]}]},{\"@type\":\"ImageObject\",\"inLanguage\":\"it-IT\",\"@id\":\"https:\/\/euricse.eu\/it\/il-ritratto-delle-cooperative-trentine\/#primaryimage\",\"url\":\"https:\/\/euricse.eu\/wp-content\/uploads\/2022\/04\/Riccardo-Bodini_direttoreEuricse.jpg\",\"contentUrl\":\"https:\/\/euricse.eu\/wp-content\/uploads\/2022\/04\/Riccardo-Bodini_direttoreEuricse.jpg\",\"width\":2442,\"height\":1628,\"caption\":\"Riccardo Bodin direttore euricse Sala cooperazione presentazione dati Euricse 2021 (foto Daniele Panato\/Agenzia Panato)\"},{\"@type\":\"BreadcrumbList\",\"@id\":\"https:\/\/euricse.eu\/it\/il-ritratto-delle-cooperative-trentine\/#breadcrumb\",\"itemListElement\":[{\"@type\":\"ListItem\",\"position\":1,\"name\":\"Home\",\"item\":\"https:\/\/euricse.eu\/it\/\"},{\"@type\":\"ListItem\",\"position\":2,\"name\":\"Il ritratto delle cooperative trentine\"}]},{\"@type\":\"WebSite\",\"@id\":\"https:\/\/euricse.eu\/en\/#website\",\"url\":\"https:\/\/euricse.eu\/en\/\",\"name\":\"Euricse\",\"description\":\"Knowledge and innovation for cooperative and social enterprises.\",\"potentialAction\":[{\"@type\":\"SearchAction\",\"target\":{\"@type\":\"EntryPoint\",\"urlTemplate\":\"https:\/\/euricse.eu\/en\/?s={search_term_string}\"},\"query-input\":{\"@type\":\"PropertyValueSpecification\",\"valueRequired\":true,\"valueName\":\"search_term_string\"}}],\"inLanguage\":\"it-IT\"},{\"@type\":\"Person\",\"@id\":\"https:\/\/euricse.eu\/en\/#\/schema\/person\/1ffac29ea6fee2ce84b34189be040a4a\",\"name\":\"euricse\",\"image\":{\"@type\":\"ImageObject\",\"inLanguage\":\"it-IT\",\"@id\":\"https:\/\/euricse.eu\/en\/#\/schema\/person\/image\/\",\"url\":\"https:\/\/secure.gravatar.com\/avatar\/d88182b355a036085030d3884f5d4893b4217932cd579a290378c152284775d4?s=96&d=mm&r=g\",\"contentUrl\":\"https:\/\/secure.gravatar.com\/avatar\/d88182b355a036085030d3884f5d4893b4217932cd579a290378c152284775d4?s=96&d=mm&r=g\",\"caption\":\"euricse\"},\"url\":\"https:\/\/euricse.eu\/it\/author\/euricse\/\"}]}<\/script>\n<!-- \/ Yoast SEO plugin. -->","yoast_head_json":{"title":"Il ritratto delle cooperative trentine - Euricse","robots":{"index":"index","follow":"follow","max-snippet":"max-snippet:-1","max-image-preview":"max-image-preview:large","max-video-preview":"max-video-preview:-1"},"canonical":"https:\/\/euricse.eu\/it\/il-ritratto-delle-cooperative-trentine\/","og_locale":"it_IT","og_type":"article","og_title":"Il ritratto delle cooperative trentine - Euricse","og_description":"Marted\u00ec 12 gennaio 2022 \u00e8 stata presentata la nuova ricerca di Euricse sulle cooperative trentine, con un evento presso la Sala InCooperazione in via Segantini a Trento. La crisi economica innestata dalla pandemia non ha scalfito la solidit\u00e0 delle cooperative trentine, che continuano ad essere traino di sviluppo sociale ed economico per il territorio, con [&hellip;]","og_url":"https:\/\/euricse.eu\/it\/il-ritratto-delle-cooperative-trentine\/","og_site_name":"Euricse","article_published_time":"2022-01-12T13:52:07+00:00","article_modified_time":"2024-02-06T10:52:45+00:00","og_image":[{"width":2442,"height":1628,"url":"https:\/\/euricse.eu\/wp-content\/uploads\/2022\/04\/Riccardo-Bodini_direttoreEuricse.jpg","type":"image\/jpeg"}],"author":"euricse","twitter_card":"summary_large_image","twitter_misc":{"Scritto da":"euricse","Tempo di lettura stimato":"13 minuti"},"schema":{"@context":"https:\/\/schema.org","@graph":[{"@type":"WebPage","@id":"https:\/\/euricse.eu\/it\/il-ritratto-delle-cooperative-trentine\/","url":"https:\/\/euricse.eu\/it\/il-ritratto-delle-cooperative-trentine\/","name":"Il ritratto delle cooperative trentine - Euricse","isPartOf":{"@id":"https:\/\/euricse.eu\/en\/#website"},"primaryImageOfPage":{"@id":"https:\/\/euricse.eu\/it\/il-ritratto-delle-cooperative-trentine\/#primaryimage"},"image":{"@id":"https:\/\/euricse.eu\/it\/il-ritratto-delle-cooperative-trentine\/#primaryimage"},"thumbnailUrl":"https:\/\/euricse.eu\/wp-content\/uploads\/2022\/04\/Riccardo-Bodini_direttoreEuricse.jpg","datePublished":"2022-01-12T13:52:07+00:00","dateModified":"2024-02-06T10:52:45+00:00","author":{"@id":"https:\/\/euricse.eu\/en\/#\/schema\/person\/1ffac29ea6fee2ce84b34189be040a4a"},"breadcrumb":{"@id":"https:\/\/euricse.eu\/it\/il-ritratto-delle-cooperative-trentine\/#breadcrumb"},"inLanguage":"it-IT","potentialAction":[{"@type":"ReadAction","target":["https:\/\/euricse.eu\/it\/il-ritratto-delle-cooperative-trentine\/"]}]},{"@type":"ImageObject","inLanguage":"it-IT","@id":"https:\/\/euricse.eu\/it\/il-ritratto-delle-cooperative-trentine\/#primaryimage","url":"https:\/\/euricse.eu\/wp-content\/uploads\/2022\/04\/Riccardo-Bodini_direttoreEuricse.jpg","contentUrl":"https:\/\/euricse.eu\/wp-content\/uploads\/2022\/04\/Riccardo-Bodini_direttoreEuricse.jpg","width":2442,"height":1628,"caption":"Riccardo Bodin direttore euricse Sala cooperazione presentazione dati Euricse 2021 (foto Daniele Panato\/Agenzia Panato)"},{"@type":"BreadcrumbList","@id":"https:\/\/euricse.eu\/it\/il-ritratto-delle-cooperative-trentine\/#breadcrumb","itemListElement":[{"@type":"ListItem","position":1,"name":"Home","item":"https:\/\/euricse.eu\/it\/"},{"@type":"ListItem","position":2,"name":"Il ritratto delle cooperative trentine"}]},{"@type":"WebSite","@id":"https:\/\/euricse.eu\/en\/#website","url":"https:\/\/euricse.eu\/en\/","name":"Euricse","description":"Knowledge and innovation for cooperative and social enterprises.","potentialAction":[{"@type":"SearchAction","target":{"@type":"EntryPoint","urlTemplate":"https:\/\/euricse.eu\/en\/?s={search_term_string}"},"query-input":{"@type":"PropertyValueSpecification","valueRequired":true,"valueName":"search_term_string"}}],"inLanguage":"it-IT"},{"@type":"Person","@id":"https:\/\/euricse.eu\/en\/#\/schema\/person\/1ffac29ea6fee2ce84b34189be040a4a","name":"euricse","image":{"@type":"ImageObject","inLanguage":"it-IT","@id":"https:\/\/euricse.eu\/en\/#\/schema\/person\/image\/","url":"https:\/\/secure.gravatar.com\/avatar\/d88182b355a036085030d3884f5d4893b4217932cd579a290378c152284775d4?s=96&d=mm&r=g","contentUrl":"https:\/\/secure.gravatar.com\/avatar\/d88182b355a036085030d3884f5d4893b4217932cd579a290378c152284775d4?s=96&d=mm&r=g","caption":"euricse"},"url":"https:\/\/euricse.eu\/it\/author\/euricse\/"}]}},"_links":{"self":[{"href":"https:\/\/euricse.eu\/it\/wp-json\/wp\/v2\/posts\/15094","targetHints":{"allow":["GET"]}}],"collection":[{"href":"https:\/\/euricse.eu\/it\/wp-json\/wp\/v2\/posts"}],"about":[{"href":"https:\/\/euricse.eu\/it\/wp-json\/wp\/v2\/types\/post"}],"author":[{"embeddable":true,"href":"https:\/\/euricse.eu\/it\/wp-json\/wp\/v2\/users\/1"}],"replies":[{"embeddable":true,"href":"https:\/\/euricse.eu\/it\/wp-json\/wp\/v2\/comments?post=15094"}],"version-history":[{"count":2,"href":"https:\/\/euricse.eu\/it\/wp-json\/wp\/v2\/posts\/15094\/revisions"}],"predecessor-version":[{"id":21140,"href":"https:\/\/euricse.eu\/it\/wp-json\/wp\/v2\/posts\/15094\/revisions\/21140"}],"wp:featuredmedia":[{"embeddable":true,"href":"https:\/\/euricse.eu\/it\/wp-json\/wp\/v2\/media\/15100"}],"wp:attachment":[{"href":"https:\/\/euricse.eu\/it\/wp-json\/wp\/v2\/media?parent=15094"}],"wp:term":[{"taxonomy":"category","embeddable":true,"href":"https:\/\/euricse.eu\/it\/wp-json\/wp\/v2\/categories?post=15094"},{"taxonomy":"post_tag","embeddable":true,"href":"https:\/\/euricse.eu\/it\/wp-json\/wp\/v2\/tags?post=15094"}],"curies":[{"name":"wp","href":"https:\/\/api.w.org\/{rel}","templated":true}]}}