{"id":15165,"date":"2021-10-05T15:11:07","date_gmt":"2021-10-05T14:11:07","guid":{"rendered":"https:\/\/euricse.hgblu.dev\/?p=15165"},"modified":"2022-04-26T15:12:19","modified_gmt":"2022-04-26T14:12:19","slug":"le-radici-del-terzo-settore","status":"publish","type":"post","link":"https:\/\/euricse.eu\/it\/le-radici-del-terzo-settore\/","title":{"rendered":"Le radici del terzo settore"},"content":{"rendered":"\r\n\r\nIl bilancio dei 30 anni delle leggi su volontariato e cooperazione sociale. Un \u00a0convegno in programma per il 22 ottobre a Pisa alla Scuola Superiore Sant\u2019Anna.\r\n\r\n \r\n<figure class=\"wp-block-image size-large\"><img decoding=\"async\" class=\"wp-image-12335\" src=\"https:\/\/www.euricse.eu\/wp-content\/uploads\/2021\/10\/le-radici-del-terzo-settore-titolo.jpg\" alt=\"\" \/><\/figure>\r\n \r\n\r\n\u201c<strong>Le radici del terzo settore. Origini e prospettive a 30 anni dalle leggi su volontariato e cooperazione sociale<\/strong>\u201d \u00e8 il titolo del convegno in programma per il 22 ottobre a Pisa alla Scuola Superiore Sant\u2019Anna. Un momento di approfondimento organizzato per fare un bilancio dei 30 anni dall\u2019approvazione di due leggi che hanno segnato la storia del terzo settore.\r\n\r\n \r\n\r\nIl convegno \u00e8 organizzato dal\u00a0<strong>Scuola Superiore Sant\u2019Anna<\/strong>\u00a0di Pisa e dal\u00a0<strong>Cesvot\u00a0<\/strong>con il partenariato scientifico del\u00a0<strong>Centro di Ricerca Maria Eletta Martini<\/strong>, l\u2019Associazione\u00a0<strong>Terzjus<\/strong>,\u00a0<strong>Euricse\u00a0<\/strong>e Fondazione\u00a0<strong>Zancan<\/strong>.\r\n\r\n \r\n\r\nIl programma prevede alle 10 i saluti istituzionali e la sessione introduttiva con gli interventi della rettrice della Scuola Sant\u2019Anna\u00a0<strong>Sabina Nuti<\/strong>\u00a0e dell\u2019amministratore del Cesvot\u00a0<strong>Filippo Toccafondi<\/strong>. Degli obiettivi e la struttura del convegno parler\u00e0 in apertura\u00a0<strong>Luca Gori<\/strong>\u00a0(Scuola Superiore Sant\u2019Anna \u2013 Centro di Ricerca M. E. Martini), mentre lo storico\u00a0<strong>Federico Creatini<\/strong>\u00a0del Centro di Ricerca M. E. Martini fornir\u00e0 un contributo per inquadrare storicamente l\u2019approvazione delle due leggi su volontariato e cooperazione sociale.\r\n\r\n \r\n\r\nSpazio poi a cinque sessioni di lavoro sotto il titolo di \u201c<strong>ODV e cooperative sociali, fra leggi speciali e riforma del Terzo settore<\/strong>\u201d con un relatore che introdurr\u00e0 un tema e un discussant che lo commenter\u00e0: \u201c<strong>La forma giuridica<\/strong>\u201d con relatore\u00a0<strong>Antonio Fici<\/strong>\u00a0(Universit\u00e0 del Molise) e discussant\u00a0<strong>Francesco Rigano<\/strong>\u00a0(Universit\u00e0 di Pavia); \u201c<strong>La governance<\/strong>\u201d con relatore\u00a0<strong>Antonio Cetra<\/strong>\u00a0(Universit\u00e0 Cattolica del Sacro Cuore) e discussant\u00a0<strong>Marco Frey\u00a0<\/strong>(Scuola Superiore Sant\u2019Anna); \u201c<strong>Le persone<\/strong>\u201d con relatore\u00a0<strong>Vincenzo Tondi della Mura<\/strong>\u00a0(Universit\u00e0 del Salento) e discussant\u00a0<strong>Andrea Salvini\u00a0<\/strong>(Universit\u00e0 di Pisa); \u201c<strong>Il rapporto con la P. A.<\/strong>\u201d con relatrice\u00a0<strong>Alessandra Albanese<\/strong>\u00a0(Universit\u00e0 di Firenze) e discussant\u00a0<strong>Elena Innocenti<\/strong>\u00a0(Fondazione Zancan \u2013 Padova); \u201c<strong>La fiscalit\u00e0<\/strong>\u201d con relatore\u00a0<strong>Alessandro Giovannini\u00a0<\/strong>(Universit\u00e0 di Siena) e\u00a0<strong>Gabriele Sepio<\/strong>\u00a0(Terzjus).\r\n\r\nAlle 16.30 la tavola rotonda conclusiva introdotta e coordinata dal prof. Emanuele Rossi con gli interventi di\u00a0<strong>Felice Scalvini<\/strong>,\u00a0<strong>Luigi Bobba<\/strong>,\u00a0<strong>Renato Frisanco<\/strong>,\u00a0<strong>Gianluca Salvatori<\/strong>,\u00a0<strong>Daniela Mazzucconi<\/strong>\u00a0e\u00a0<strong>Silvia Costa<\/strong>.\r\n\r\n<strong>Il convegno verr\u00e0 trasmesso in diretta streaming. \u00c8 possibile assistere in presenza muniti di green pass salvo disponibilit\u00e0 di posti e previa iscrizione a <a href=\"mailto:info@centroricercamemartini.it\">info@centroricercamemartini.it<\/a>. <\/strong>\r\n\r\n \r\n\r\nPer informazioni: 0583\/472698 | www.centroricercamemartini.it\r\n\r\n \r\n<div class=\"wp-block-file\"><a href=\"https:\/\/www.euricse.eu\/wp-content\/uploads\/2021\/10\/le-radici-del-terzo-settore.jpg\" target=\"_blank\" rel=\"noreferrer noopener\"><strong>Scarica il programma<\/strong><\/a><a class=\"wp-block-file__button\" href=\"https:\/\/www.euricse.eu\/wp-content\/uploads\/2021\/10\/le-radici-del-terzo-settore.jpg\" download=\"\">Download<\/a><\/div>\r\n \r\n<div class=\"wp-block-image\">\r\n<figure class=\"aligncenter size-large\"><img decoding=\"async\" class=\"wp-image-12332\" src=\"https:\/\/www.euricse.eu\/wp-content\/uploads\/2021\/10\/le-radici-del-terzo-settore-1.jpg\" alt=\"\" \/><\/figure>\r\n<\/div>\r\n \r\n\r\n&nbsp;\r\n\r\n","protected":false},"excerpt":{"rendered":"<p>Il bilancio dei 30 anni delle leggi su volontariato e cooperazione sociale. Un  convegno in programma per il 22 ottobre a Pisa alla Scuola Superiore Sant\u2019Anna.<\/p>\n","protected":false},"author":1,"featured_media":15168,"comment_status":"closed","ping_status":"closed","sticky":false,"template":"","format":"standard","meta":{"_acf_changed":false,"episode_type":"","audio_file":"","cover_image":"","cover_image_id":"","duration":"","filesize":"","date_recorded":"","explicit":"","block":"","itunes_episode_number":"","itunes_title":"","itunes_season_number":"","itunes_episode_type":"","filesize_raw":"","footnotes":""},"categories":[14],"tags":[],"class_list":["post-15165","post","type-post","status-publish","format-standard","has-post-thumbnail","hentry","category-blog-it"],"acf":[],"yoast_head":"<!-- This site is optimized with the Yoast SEO plugin v26.1.1 - https:\/\/yoast.com\/wordpress\/plugins\/seo\/ -->\n<title>Le radici del terzo settore - Euricse<\/title>\n<meta name=\"robots\" content=\"index, follow, max-snippet:-1, max-image-preview:large, max-video-preview:-1\" \/>\n<link rel=\"canonical\" href=\"https:\/\/euricse.eu\/it\/le-radici-del-terzo-settore\/\" \/>\n<meta property=\"og:locale\" content=\"it_IT\" \/>\n<meta property=\"og:type\" content=\"article\" \/>\n<meta property=\"og:title\" content=\"Le radici del terzo settore - Euricse\" \/>\n<meta property=\"og:description\" content=\"Il bilancio dei 30 anni delle leggi su volontariato e cooperazione sociale. Un convegno in programma per il 22 ottobre a Pisa alla Scuola Superiore Sant\u2019Anna.\" \/>\n<meta property=\"og:url\" content=\"https:\/\/euricse.eu\/it\/le-radici-del-terzo-settore\/\" \/>\n<meta property=\"og:site_name\" content=\"Euricse\" \/>\n<meta property=\"article:published_time\" content=\"2021-10-05T14:11:07+00:00\" \/>\n<meta property=\"article:modified_time\" content=\"2022-04-26T14:12:19+00:00\" \/>\n<meta property=\"og:image\" content=\"https:\/\/euricse.eu\/wp-content\/uploads\/2022\/04\/le-radici-del-terzo-settore-titolo.jpeg\" \/>\n\t<meta property=\"og:image:width\" content=\"594\" \/>\n\t<meta property=\"og:image:height\" content=\"237\" \/>\n\t<meta property=\"og:image:type\" content=\"image\/jpeg\" \/>\n<meta name=\"author\" content=\"euricse\" \/>\n<meta name=\"twitter:card\" content=\"summary_large_image\" \/>\n<meta name=\"twitter:label1\" content=\"Scritto da\" \/>\n\t<meta name=\"twitter:data1\" content=\"euricse\" \/>\n\t<meta name=\"twitter:label2\" content=\"Tempo di lettura stimato\" \/>\n\t<meta name=\"twitter:data2\" content=\"2 minuti\" \/>\n<script type=\"application\/ld+json\" class=\"yoast-schema-graph\">{\"@context\":\"https:\/\/schema.org\",\"@graph\":[{\"@type\":\"WebPage\",\"@id\":\"https:\/\/euricse.eu\/it\/le-radici-del-terzo-settore\/\",\"url\":\"https:\/\/euricse.eu\/it\/le-radici-del-terzo-settore\/\",\"name\":\"Le radici del terzo settore - Euricse\",\"isPartOf\":{\"@id\":\"https:\/\/euricse.eu\/en\/#website\"},\"primaryImageOfPage\":{\"@id\":\"https:\/\/euricse.eu\/it\/le-radici-del-terzo-settore\/#primaryimage\"},\"image\":{\"@id\":\"https:\/\/euricse.eu\/it\/le-radici-del-terzo-settore\/#primaryimage\"},\"thumbnailUrl\":\"https:\/\/euricse.eu\/wp-content\/uploads\/2022\/04\/le-radici-del-terzo-settore-titolo.jpeg\",\"datePublished\":\"2021-10-05T14:11:07+00:00\",\"dateModified\":\"2022-04-26T14:12:19+00:00\",\"author\":{\"@id\":\"https:\/\/euricse.eu\/en\/#\/schema\/person\/1ffac29ea6fee2ce84b34189be040a4a\"},\"breadcrumb\":{\"@id\":\"https:\/\/euricse.eu\/it\/le-radici-del-terzo-settore\/#breadcrumb\"},\"inLanguage\":\"it-IT\",\"potentialAction\":[{\"@type\":\"ReadAction\",\"target\":[\"https:\/\/euricse.eu\/it\/le-radici-del-terzo-settore\/\"]}]},{\"@type\":\"ImageObject\",\"inLanguage\":\"it-IT\",\"@id\":\"https:\/\/euricse.eu\/it\/le-radici-del-terzo-settore\/#primaryimage\",\"url\":\"https:\/\/euricse.eu\/wp-content\/uploads\/2022\/04\/le-radici-del-terzo-settore-titolo.jpeg\",\"contentUrl\":\"https:\/\/euricse.eu\/wp-content\/uploads\/2022\/04\/le-radici-del-terzo-settore-titolo.jpeg\",\"width\":594,\"height\":237},{\"@type\":\"BreadcrumbList\",\"@id\":\"https:\/\/euricse.eu\/it\/le-radici-del-terzo-settore\/#breadcrumb\",\"itemListElement\":[{\"@type\":\"ListItem\",\"position\":1,\"name\":\"Home\",\"item\":\"https:\/\/euricse.eu\/it\/\"},{\"@type\":\"ListItem\",\"position\":2,\"name\":\"Le radici del terzo settore\"}]},{\"@type\":\"WebSite\",\"@id\":\"https:\/\/euricse.eu\/en\/#website\",\"url\":\"https:\/\/euricse.eu\/en\/\",\"name\":\"Euricse\",\"description\":\"Knowledge and innovation for cooperative and social enterprises.\",\"potentialAction\":[{\"@type\":\"SearchAction\",\"target\":{\"@type\":\"EntryPoint\",\"urlTemplate\":\"https:\/\/euricse.eu\/en\/?s={search_term_string}\"},\"query-input\":{\"@type\":\"PropertyValueSpecification\",\"valueRequired\":true,\"valueName\":\"search_term_string\"}}],\"inLanguage\":\"it-IT\"},{\"@type\":\"Person\",\"@id\":\"https:\/\/euricse.eu\/en\/#\/schema\/person\/1ffac29ea6fee2ce84b34189be040a4a\",\"name\":\"euricse\",\"image\":{\"@type\":\"ImageObject\",\"inLanguage\":\"it-IT\",\"@id\":\"https:\/\/euricse.eu\/en\/#\/schema\/person\/image\/\",\"url\":\"https:\/\/secure.gravatar.com\/avatar\/d88182b355a036085030d3884f5d4893b4217932cd579a290378c152284775d4?s=96&d=mm&r=g\",\"contentUrl\":\"https:\/\/secure.gravatar.com\/avatar\/d88182b355a036085030d3884f5d4893b4217932cd579a290378c152284775d4?s=96&d=mm&r=g\",\"caption\":\"euricse\"},\"url\":\"https:\/\/euricse.eu\/it\/author\/euricse\/\"}]}<\/script>\n<!-- \/ Yoast SEO plugin. -->","yoast_head_json":{"title":"Le radici del terzo settore - Euricse","robots":{"index":"index","follow":"follow","max-snippet":"max-snippet:-1","max-image-preview":"max-image-preview:large","max-video-preview":"max-video-preview:-1"},"canonical":"https:\/\/euricse.eu\/it\/le-radici-del-terzo-settore\/","og_locale":"it_IT","og_type":"article","og_title":"Le radici del terzo settore - Euricse","og_description":"Il bilancio dei 30 anni delle leggi su volontariato e cooperazione sociale. Un convegno in programma per il 22 ottobre a Pisa alla Scuola Superiore Sant\u2019Anna.","og_url":"https:\/\/euricse.eu\/it\/le-radici-del-terzo-settore\/","og_site_name":"Euricse","article_published_time":"2021-10-05T14:11:07+00:00","article_modified_time":"2022-04-26T14:12:19+00:00","og_image":[{"width":594,"height":237,"url":"https:\/\/euricse.eu\/wp-content\/uploads\/2022\/04\/le-radici-del-terzo-settore-titolo.jpeg","type":"image\/jpeg"}],"author":"euricse","twitter_card":"summary_large_image","twitter_misc":{"Scritto da":"euricse","Tempo di lettura stimato":"2 minuti"},"schema":{"@context":"https:\/\/schema.org","@graph":[{"@type":"WebPage","@id":"https:\/\/euricse.eu\/it\/le-radici-del-terzo-settore\/","url":"https:\/\/euricse.eu\/it\/le-radici-del-terzo-settore\/","name":"Le radici del terzo settore - Euricse","isPartOf":{"@id":"https:\/\/euricse.eu\/en\/#website"},"primaryImageOfPage":{"@id":"https:\/\/euricse.eu\/it\/le-radici-del-terzo-settore\/#primaryimage"},"image":{"@id":"https:\/\/euricse.eu\/it\/le-radici-del-terzo-settore\/#primaryimage"},"thumbnailUrl":"https:\/\/euricse.eu\/wp-content\/uploads\/2022\/04\/le-radici-del-terzo-settore-titolo.jpeg","datePublished":"2021-10-05T14:11:07+00:00","dateModified":"2022-04-26T14:12:19+00:00","author":{"@id":"https:\/\/euricse.eu\/en\/#\/schema\/person\/1ffac29ea6fee2ce84b34189be040a4a"},"breadcrumb":{"@id":"https:\/\/euricse.eu\/it\/le-radici-del-terzo-settore\/#breadcrumb"},"inLanguage":"it-IT","potentialAction":[{"@type":"ReadAction","target":["https:\/\/euricse.eu\/it\/le-radici-del-terzo-settore\/"]}]},{"@type":"ImageObject","inLanguage":"it-IT","@id":"https:\/\/euricse.eu\/it\/le-radici-del-terzo-settore\/#primaryimage","url":"https:\/\/euricse.eu\/wp-content\/uploads\/2022\/04\/le-radici-del-terzo-settore-titolo.jpeg","contentUrl":"https:\/\/euricse.eu\/wp-content\/uploads\/2022\/04\/le-radici-del-terzo-settore-titolo.jpeg","width":594,"height":237},{"@type":"BreadcrumbList","@id":"https:\/\/euricse.eu\/it\/le-radici-del-terzo-settore\/#breadcrumb","itemListElement":[{"@type":"ListItem","position":1,"name":"Home","item":"https:\/\/euricse.eu\/it\/"},{"@type":"ListItem","position":2,"name":"Le radici del terzo settore"}]},{"@type":"WebSite","@id":"https:\/\/euricse.eu\/en\/#website","url":"https:\/\/euricse.eu\/en\/","name":"Euricse","description":"Knowledge and innovation for cooperative and social enterprises.","potentialAction":[{"@type":"SearchAction","target":{"@type":"EntryPoint","urlTemplate":"https:\/\/euricse.eu\/en\/?s={search_term_string}"},"query-input":{"@type":"PropertyValueSpecification","valueRequired":true,"valueName":"search_term_string"}}],"inLanguage":"it-IT"},{"@type":"Person","@id":"https:\/\/euricse.eu\/en\/#\/schema\/person\/1ffac29ea6fee2ce84b34189be040a4a","name":"euricse","image":{"@type":"ImageObject","inLanguage":"it-IT","@id":"https:\/\/euricse.eu\/en\/#\/schema\/person\/image\/","url":"https:\/\/secure.gravatar.com\/avatar\/d88182b355a036085030d3884f5d4893b4217932cd579a290378c152284775d4?s=96&d=mm&r=g","contentUrl":"https:\/\/secure.gravatar.com\/avatar\/d88182b355a036085030d3884f5d4893b4217932cd579a290378c152284775d4?s=96&d=mm&r=g","caption":"euricse"},"url":"https:\/\/euricse.eu\/it\/author\/euricse\/"}]}},"_links":{"self":[{"href":"https:\/\/euricse.eu\/it\/wp-json\/wp\/v2\/posts\/15165","targetHints":{"allow":["GET"]}}],"collection":[{"href":"https:\/\/euricse.eu\/it\/wp-json\/wp\/v2\/posts"}],"about":[{"href":"https:\/\/euricse.eu\/it\/wp-json\/wp\/v2\/types\/post"}],"author":[{"embeddable":true,"href":"https:\/\/euricse.eu\/it\/wp-json\/wp\/v2\/users\/1"}],"replies":[{"embeddable":true,"href":"https:\/\/euricse.eu\/it\/wp-json\/wp\/v2\/comments?post=15165"}],"version-history":[{"count":0,"href":"https:\/\/euricse.eu\/it\/wp-json\/wp\/v2\/posts\/15165\/revisions"}],"wp:featuredmedia":[{"embeddable":true,"href":"https:\/\/euricse.eu\/it\/wp-json\/wp\/v2\/media\/15168"}],"wp:attachment":[{"href":"https:\/\/euricse.eu\/it\/wp-json\/wp\/v2\/media?parent=15165"}],"wp:term":[{"taxonomy":"category","embeddable":true,"href":"https:\/\/euricse.eu\/it\/wp-json\/wp\/v2\/categories?post=15165"},{"taxonomy":"post_tag","embeddable":true,"href":"https:\/\/euricse.eu\/it\/wp-json\/wp\/v2\/tags?post=15165"}],"curies":[{"name":"wp","href":"https:\/\/api.w.org\/{rel}","templated":true}]}}