{"id":15252,"date":"2021-07-13T15:34:37","date_gmt":"2021-07-13T14:34:37","guid":{"rendered":"https:\/\/euricse.hgblu.dev\/?p=15252"},"modified":"2022-04-26T15:35:45","modified_gmt":"2022-04-26T14:35:45","slug":"le-potenzialita-del-contratto-di-rete","status":"publish","type":"post","link":"https:\/\/euricse.eu\/it\/le-potenzialita-del-contratto-di-rete\/","title":{"rendered":"Le potenzialit\u00e0 del contratto di rete"},"content":{"rendered":"<p id=\"block-455a8047-96a7-49a3-98ce-2d3a669de4e5\" class=\"block-editor-block-list__block wp-block rich-text block-editor-rich-text__editable wp-block\" tabindex=\"0\" role=\"textbox\" aria-label=\"Paragraph block\" aria-multiline=\"true\" data-block=\"455a8047-96a7-49a3-98ce-2d3a669de4e5\" data-type=\"core\/paragraph\" data-title=\"Paragraph\">Presentata la ricerca di Euricse che indaga i contratti di rete per l\u2019inserimento lavorativo.<\/p>\n<p id=\"block-3e22577d-4125-429e-b0a0-0794bb40ced1\" class=\"block-editor-block-list__block wp-block rich-text block-editor-rich-text__editable wp-block\" tabindex=\"0\" role=\"textbox\" aria-label=\"Paragraph block\" aria-multiline=\"true\" data-block=\"3e22577d-4125-429e-b0a0-0794bb40ced1\" data-type=\"core\/paragraph\" data-title=\"Paragraph\"><strong>Sempre pi\u00f9 le cooperative sociali di inserimento lavorativo hanno la necessit\u00e0 e la volont\u00e0 di consolidarsi e crescere al fine di potenziare quantitativamente e qualitativamente l\u2019attivit\u00e0. In particolare hanno spesso bisogno di stabilizzare e consolidare le relazioni con imprese private, ancora caratterizzate da occasionalit\u00e0 e basso valore aggiunto e scarso o nullo coinvolgimento delle stesse imprese nel perseguimento dell\u2019obiettivo sociale dell\u2019inserimento lavorativo. Come dimostra lo studio sul contratto di rete, oggetto del Rapporto \u201cReti di Inserimento Lavorativo\u201d che Euricse ha redatto nell\u2019ambito dell\u2019accordo quadro con la Provincia autonoma di Trento, esso pu\u00f2 costituire un interessante strumento per rafforzare l\u2019attivit\u00e0 di queste cooperative e stabilizzare le relazioni con le imprese.<\/strong><\/p>\n<p id=\"block-882718a1-fb19-4140-9b3c-e0aad676603e\" class=\"block-editor-block-list__block wp-block rich-text block-editor-rich-text__editable wp-block\" tabindex=\"0\" role=\"textbox\" aria-label=\"Paragraph block\" aria-multiline=\"true\" data-block=\"882718a1-fb19-4140-9b3c-e0aad676603e\" data-type=\"core\/paragraph\" data-title=\"Paragraph\">Scarica il <a href=\"https:\/\/www.euricse.eu\/it\/publications\/reti-tra-imprese-per-linserimento-lavorativo\/\">Rapporto<\/a><\/p>\n<p id=\"block-f07c8713-290b-463a-8547-709daf572f9f\" class=\"block-editor-block-list__block wp-block rich-text block-editor-rich-text__editable wp-block\" tabindex=\"0\" role=\"textbox\" aria-label=\"Paragraph block\" aria-multiline=\"true\" data-block=\"f07c8713-290b-463a-8547-709daf572f9f\" data-type=\"core\/paragraph\" data-title=\"Paragraph\">Scarica le <a href=\"https:\/\/www.euricse.eu\/it\/publications\/linee-guida-reti-per-linserimento-lavorativo\/\">Linee Guida<\/a><\/p>\n<p id=\"block-feed1bf7-3096-43f8-804b-434aeea14ad6\" class=\"block-editor-block-list__block wp-block rich-text block-editor-rich-text__editable wp-block\" tabindex=\"0\" role=\"textbox\" aria-label=\"Paragraph block\" aria-multiline=\"true\" data-block=\"feed1bf7-3096-43f8-804b-434aeea14ad6\" data-type=\"core\/paragraph\" data-title=\"Paragraph\">La ricerca \u00e8 partita da un\u2019indagine che ha studiato innanzitutto i rapporti tra cooperative sociali e imprese convenzionali ed ha poi letto al contratto di rete in termini pi\u00f9 generali includendo anche i contratti tra sole cooperative sociali, che al momento rimangono la maggioranza. In effetti lo studio della possibile declinazione di contratti di rete tra cooperative sociali di inserimento lavorativo e imprese evidenzia come questo innovativo strumento sia di particolare interesse sia per rafforzare le relazioni commerciali che per condividere gli obiettivi di inserimento nel lavoro. Tuttavia stando ai numeri emersi nell\u2019indagine, risulta che le potenzialit\u00e0 del contratto di rete siano ancora poco sfruttato.<\/p>\n<p id=\"block-92a422c6-11c0-434c-9cfb-93b59edef7ad\" class=\"block-editor-block-list__block wp-block rich-text block-editor-rich-text__editable wp-block\" tabindex=\"0\" role=\"textbox\" aria-label=\"Paragraph block\" aria-multiline=\"true\" data-block=\"92a422c6-11c0-434c-9cfb-93b59edef7ad\" data-type=\"core\/paragraph\" data-title=\"Paragraph\">Sono infatti solo 27 i contratti di rete stipulati tra sole cooperative sociali, di cui 23 menzionano espressamente tra le finalit\u00e0 anche l&#8217;inserimento lavorativo. 7 invece sono i contratti stipulati tra coop sociali e imprese, di cui 4 con oggetto esplicito l&#8217;inserimento lavorativo.\u00a0 Sul numero delle aderenti alla rete si va tipicamente da 10 a 20 imprese, con pochi casi di stipula tra soli 2-3 partner. La maggior parte dei contratti di rete stipulati sono molto recenti (la quasi totalit\u00e0 stipulati negli ultimi 5 anni) ma con durata prospettata superiore ai 10 anni e con possibilit\u00e0 di proroga.<\/p>\n<p id=\"block-253e5ee3-e031-4fbe-a568-35ffdbc9b10f\" class=\"block-editor-block-list__block wp-block rich-text block-editor-rich-text__editable wp-block\" tabindex=\"0\" role=\"textbox\" aria-label=\"Paragraph block\" aria-multiline=\"true\" data-block=\"253e5ee3-e031-4fbe-a568-35ffdbc9b10f\" data-type=\"core\/paragraph\" data-title=\"Paragraph\">L\u2019analisi giuridica del contratto di rete porta invece a rilevare come esso sia particolarmente flessibile ed effettivamente in gradi di contribuire in vario modo allo sviluppo di settore. <strong>Chiara Ferrari<\/strong>, docente a contratto presso l\u2019Universit\u00e0 degli Studi di Trento osserva che \u201cIl contratto di rete si dimostra perfettamente compatibile con la filosofia e la mission che caratterizza le cooperative sociali e si presta ad un ampio spettro di utilizzi in questo contesto, potendo realizzare forme di collaborazione strategica tra sole cooperative sociali o tra cooperative sociali e imprese convenzionali, sia in chiave di stabilizzazione di rapporti pregressi, che di sperimentazione di nuove partnership, con una maggiore vocazione al mercato, oppure con finalit\u00e0 di erogazione di servizi strumentali ai partecipanti, o ancora per creare opportunit\u00e0 di lavoro per le persone svantaggiate e diversificare i percorsi di inserimento lavorativo presso i partner\u201d.<\/p>\n<figure id=\"block-a5099880-d28c-4263-bd58-de5af785d5b2\" class=\"wp-block-image block-editor-block-list__block wp-block size-large wp-block\" tabindex=\"0\" role=\"group\" aria-label=\"Block: Image\" data-block=\"a5099880-d28c-4263-bd58-de5af785d5b2\" data-type=\"core\/image\" data-title=\"Image\">\n<div class=\"components-resizable-box__container\"><img decoding=\"async\" src=\"https:\/\/www.euricse.eu\/wp-content\/uploads\/2021\/07\/Michele-Mazzetti-1024x576.png\" alt=\"This image has an empty alt attribute; its file name is Michele-Mazzetti-1024x576.png\" \/><\/p>\n<div><\/div>\n<\/div>\n<div class=\"components-drop-zone\"><\/div>\n<\/figure>\n<p id=\"block-172b369f-a5a6-4d8d-87c1-145d51621685\" class=\"block-editor-block-list__block wp-block rich-text block-editor-rich-text__editable wp-block\" tabindex=\"0\" role=\"textbox\" aria-label=\"Paragraph block\" aria-multiline=\"true\" data-block=\"172b369f-a5a6-4d8d-87c1-145d51621685\" data-type=\"core\/paragraph\" data-title=\"Paragraph\">Anche dal punto di vista giuslavoristico \u00a0\u2013 ha spiegato <strong>Michele Mazzetti<\/strong>, PhD in Studi Internazionali presso la Scuola di Studi Internazionali dell\u2019Universit\u00e0 degli Studi di Trento \u2013 il contratto di rete \u00e8 uno strumento duttile in grado di consentire alle imprese e alle cooperative che vogliano ricorrervi \u00a0un\u2019ampia gamma di benefici, non ultima la gestione condivisa del personale attraverso il distacco agevolato infra-rete e la codatorialit\u00e0, ovvero la possibilit\u00e0, in capo a due o pi\u00f9 imprenditori appartenenti ad una rete di imprese, di utilizzare, in forma cumulativa e promiscua, la prestazione di uno o pi\u00f9 lavoratori, condividendo il potere direttivo, secondo le forme stabilite nel contratto di rete e in funzione del relativo programma\u201d.<\/p>\n<p id=\"block-73693be8-37d7-49f2-ab9b-1ac5ef3e0ccc\" class=\"block-editor-block-list__block wp-block rich-text block-editor-rich-text__editable wp-block\" tabindex=\"0\" role=\"textbox\" aria-label=\"Paragraph block\" aria-multiline=\"true\" data-block=\"73693be8-37d7-49f2-ab9b-1ac5ef3e0ccc\" data-type=\"core\/paragraph\" data-title=\"Paragraph\">A confermare i vantaggi, anche economici, che i rapporti di rete possono avere per cooperative sociali e imprese \u00e8 <strong>Sara Depedri<\/strong> ricercatrice Senior Euricse \u201cSuperare la logica meramente contrattuale e commerciale nei rapporti tra le imprese per abbracciare quella della condivisione di obiettivi e funzioni produttive rappresenta una grande opportunit\u00e0 per le imprese partecipanti e per l&#8217;economia. Quando al centro di tale azione si pongono anche obiettivi sociali ed occupazionali condivisi, il valore sociale della strutturazione di una relazione integrata ed istituzionalizzata dalla sottoscrizione di un contratto di rete aumenta ulteriormente\u201d.<\/p>\n<p id=\"block-07b1efbd-618c-49fd-abd3-38db6664136d\" class=\"block-editor-block-list__block wp-block rich-text block-editor-rich-text__editable wp-block\" tabindex=\"0\" role=\"textbox\" aria-label=\"Paragraph block\" aria-multiline=\"true\" data-block=\"07b1efbd-618c-49fd-abd3-38db6664136d\" data-type=\"core\/paragraph\" data-title=\"Paragraph\">Nelle conclusioni <strong>Carlo Borzaga,<\/strong> presidente Euricse e professore Senior presso l\u2019Universit\u00e0 degli Studi di Trento ha spiegato che <strong>\u201c<\/strong>L\u2019alternativa offerta dalla disciplina dei contratti di rete pu\u00f2 effettivamente contribuire sia ad ampliare e qualificare l\u2019attivit\u00e0 produttiva delle cooperative, aumentare il numero di inserimenti e favorire la crescita professionale. E, almeno in alcuni casi, le retribuzioni dei lavoratori e, nel tempo, a offrire alle imprese convenzionali una occasione concreta per divenire socialmente responsabili<strong>\u201d.<\/strong><\/p>\n<figure id=\"block-91299dad-aa11-4f4d-9c85-35bb3a242bb9\" class=\"wp-block-image block-editor-block-list__block wp-block size-large is-hovered wp-block\" tabindex=\"0\" role=\"group\" aria-label=\"Block: Image\" data-block=\"91299dad-aa11-4f4d-9c85-35bb3a242bb9\" data-type=\"core\/image\" data-title=\"Image\">\n<div class=\"components-resizable-box__container\"><img decoding=\"async\" src=\"https:\/\/www.euricse.eu\/wp-content\/uploads\/2021\/07\/Carlo-Borzaga-Euricse.png\" alt=\"This image has an empty alt attribute; its file name is Carlo-Borzaga-Euricse.png\" \/><\/p>\n<div><\/div>\n<\/div>\n<div class=\"components-drop-zone\"><\/div>\n<\/figure>\n<div class=\"block-list-appender\" tabindex=\"-1\"><\/div>\n","protected":false},"excerpt":{"rendered":"<p>Presentata la ricerca di Euricse che indaga i contratti di rete per l\u2019inserimento lavorativo. Sempre pi\u00f9 le cooperative sociali di inserimento lavorativo hanno la necessit\u00e0 e la volont\u00e0 di consolidarsi e crescere al fine di potenziare quantitativamente e qualitativamente l\u2019attivit\u00e0. In particolare hanno spesso bisogno di stabilizzare e consolidare le relazioni con imprese private, ancora [&hellip;]<\/p>\n","protected":false},"author":1,"featured_media":15253,"comment_status":"closed","ping_status":"closed","sticky":false,"template":"","format":"standard","meta":{"_acf_changed":false,"episode_type":"","audio_file":"","cover_image":"","cover_image_id":"","duration":"","filesize":"","date_recorded":"","explicit":"","block":"","itunes_episode_number":"","itunes_title":"","itunes_season_number":"","itunes_episode_type":"","filesize_raw":"","footnotes":""},"categories":[17],"tags":[],"class_list":["post-15252","post","type-post","status-publish","format-standard","has-post-thumbnail","hentry","category-news-it"],"acf":[],"yoast_head":"<!-- This site is optimized with the Yoast SEO plugin v26.1.1 - https:\/\/yoast.com\/wordpress\/plugins\/seo\/ -->\n<title>Le potenzialit\u00e0 del contratto di rete - Euricse<\/title>\n<meta name=\"robots\" content=\"index, follow, max-snippet:-1, max-image-preview:large, max-video-preview:-1\" \/>\n<link rel=\"canonical\" href=\"https:\/\/euricse.eu\/it\/le-potenzialita-del-contratto-di-rete\/\" \/>\n<meta property=\"og:locale\" content=\"it_IT\" \/>\n<meta property=\"og:type\" content=\"article\" \/>\n<meta property=\"og:title\" content=\"Le potenzialit\u00e0 del contratto di rete - Euricse\" \/>\n<meta property=\"og:description\" content=\"Presentata la ricerca di Euricse che indaga i contratti di rete per l\u2019inserimento lavorativo. Sempre pi\u00f9 le cooperative sociali di inserimento lavorativo hanno la necessit\u00e0 e la volont\u00e0 di consolidarsi e crescere al fine di potenziare quantitativamente e qualitativamente l\u2019attivit\u00e0. In particolare hanno spesso bisogno di stabilizzare e consolidare le relazioni con imprese private, ancora [&hellip;]\" \/>\n<meta property=\"og:url\" content=\"https:\/\/euricse.eu\/it\/le-potenzialita-del-contratto-di-rete\/\" \/>\n<meta property=\"og:site_name\" content=\"Euricse\" \/>\n<meta property=\"article:published_time\" content=\"2021-07-13T14:34:37+00:00\" \/>\n<meta property=\"article:modified_time\" content=\"2022-04-26T14:35:45+00:00\" \/>\n<meta property=\"og:image\" content=\"https:\/\/euricse.eu\/wp-content\/uploads\/2022\/04\/ContrattoDiRete_Sara-Depedri-Euricse2.jpg\" \/>\n\t<meta property=\"og:image:width\" content=\"500\" \/>\n\t<meta property=\"og:image:height\" content=\"327\" \/>\n\t<meta property=\"og:image:type\" content=\"image\/jpeg\" \/>\n<meta name=\"author\" content=\"euricse\" \/>\n<meta name=\"twitter:card\" content=\"summary_large_image\" \/>\n<meta name=\"twitter:label1\" content=\"Scritto da\" \/>\n\t<meta name=\"twitter:data1\" content=\"euricse\" \/>\n\t<meta name=\"twitter:label2\" content=\"Tempo di lettura stimato\" \/>\n\t<meta name=\"twitter:data2\" content=\"4 minuti\" \/>\n<script type=\"application\/ld+json\" class=\"yoast-schema-graph\">{\"@context\":\"https:\/\/schema.org\",\"@graph\":[{\"@type\":\"WebPage\",\"@id\":\"https:\/\/euricse.eu\/it\/le-potenzialita-del-contratto-di-rete\/\",\"url\":\"https:\/\/euricse.eu\/it\/le-potenzialita-del-contratto-di-rete\/\",\"name\":\"Le potenzialit\u00e0 del contratto di rete - Euricse\",\"isPartOf\":{\"@id\":\"https:\/\/euricse.eu\/en\/#website\"},\"primaryImageOfPage\":{\"@id\":\"https:\/\/euricse.eu\/it\/le-potenzialita-del-contratto-di-rete\/#primaryimage\"},\"image\":{\"@id\":\"https:\/\/euricse.eu\/it\/le-potenzialita-del-contratto-di-rete\/#primaryimage\"},\"thumbnailUrl\":\"https:\/\/euricse.eu\/wp-content\/uploads\/2022\/04\/ContrattoDiRete_Sara-Depedri-Euricse2.jpg\",\"datePublished\":\"2021-07-13T14:34:37+00:00\",\"dateModified\":\"2022-04-26T14:35:45+00:00\",\"author\":{\"@id\":\"https:\/\/euricse.eu\/en\/#\/schema\/person\/1ffac29ea6fee2ce84b34189be040a4a\"},\"breadcrumb\":{\"@id\":\"https:\/\/euricse.eu\/it\/le-potenzialita-del-contratto-di-rete\/#breadcrumb\"},\"inLanguage\":\"it-IT\",\"potentialAction\":[{\"@type\":\"ReadAction\",\"target\":[\"https:\/\/euricse.eu\/it\/le-potenzialita-del-contratto-di-rete\/\"]}]},{\"@type\":\"ImageObject\",\"inLanguage\":\"it-IT\",\"@id\":\"https:\/\/euricse.eu\/it\/le-potenzialita-del-contratto-di-rete\/#primaryimage\",\"url\":\"https:\/\/euricse.eu\/wp-content\/uploads\/2022\/04\/ContrattoDiRete_Sara-Depedri-Euricse2.jpg\",\"contentUrl\":\"https:\/\/euricse.eu\/wp-content\/uploads\/2022\/04\/ContrattoDiRete_Sara-Depedri-Euricse2.jpg\",\"width\":500,\"height\":327},{\"@type\":\"BreadcrumbList\",\"@id\":\"https:\/\/euricse.eu\/it\/le-potenzialita-del-contratto-di-rete\/#breadcrumb\",\"itemListElement\":[{\"@type\":\"ListItem\",\"position\":1,\"name\":\"Home\",\"item\":\"https:\/\/euricse.eu\/it\/\"},{\"@type\":\"ListItem\",\"position\":2,\"name\":\"Le potenzialit\u00e0 del contratto di rete\"}]},{\"@type\":\"WebSite\",\"@id\":\"https:\/\/euricse.eu\/en\/#website\",\"url\":\"https:\/\/euricse.eu\/en\/\",\"name\":\"Euricse\",\"description\":\"Knowledge and innovation for cooperative and social enterprises.\",\"potentialAction\":[{\"@type\":\"SearchAction\",\"target\":{\"@type\":\"EntryPoint\",\"urlTemplate\":\"https:\/\/euricse.eu\/en\/?s={search_term_string}\"},\"query-input\":{\"@type\":\"PropertyValueSpecification\",\"valueRequired\":true,\"valueName\":\"search_term_string\"}}],\"inLanguage\":\"it-IT\"},{\"@type\":\"Person\",\"@id\":\"https:\/\/euricse.eu\/en\/#\/schema\/person\/1ffac29ea6fee2ce84b34189be040a4a\",\"name\":\"euricse\",\"image\":{\"@type\":\"ImageObject\",\"inLanguage\":\"it-IT\",\"@id\":\"https:\/\/euricse.eu\/en\/#\/schema\/person\/image\/\",\"url\":\"https:\/\/secure.gravatar.com\/avatar\/d88182b355a036085030d3884f5d4893b4217932cd579a290378c152284775d4?s=96&d=mm&r=g\",\"contentUrl\":\"https:\/\/secure.gravatar.com\/avatar\/d88182b355a036085030d3884f5d4893b4217932cd579a290378c152284775d4?s=96&d=mm&r=g\",\"caption\":\"euricse\"},\"url\":\"https:\/\/euricse.eu\/it\/author\/euricse\/\"}]}<\/script>\n<!-- \/ Yoast SEO plugin. -->","yoast_head_json":{"title":"Le potenzialit\u00e0 del contratto di rete - Euricse","robots":{"index":"index","follow":"follow","max-snippet":"max-snippet:-1","max-image-preview":"max-image-preview:large","max-video-preview":"max-video-preview:-1"},"canonical":"https:\/\/euricse.eu\/it\/le-potenzialita-del-contratto-di-rete\/","og_locale":"it_IT","og_type":"article","og_title":"Le potenzialit\u00e0 del contratto di rete - Euricse","og_description":"Presentata la ricerca di Euricse che indaga i contratti di rete per l\u2019inserimento lavorativo. Sempre pi\u00f9 le cooperative sociali di inserimento lavorativo hanno la necessit\u00e0 e la volont\u00e0 di consolidarsi e crescere al fine di potenziare quantitativamente e qualitativamente l\u2019attivit\u00e0. In particolare hanno spesso bisogno di stabilizzare e consolidare le relazioni con imprese private, ancora [&hellip;]","og_url":"https:\/\/euricse.eu\/it\/le-potenzialita-del-contratto-di-rete\/","og_site_name":"Euricse","article_published_time":"2021-07-13T14:34:37+00:00","article_modified_time":"2022-04-26T14:35:45+00:00","og_image":[{"width":500,"height":327,"url":"https:\/\/euricse.eu\/wp-content\/uploads\/2022\/04\/ContrattoDiRete_Sara-Depedri-Euricse2.jpg","type":"image\/jpeg"}],"author":"euricse","twitter_card":"summary_large_image","twitter_misc":{"Scritto da":"euricse","Tempo di lettura stimato":"4 minuti"},"schema":{"@context":"https:\/\/schema.org","@graph":[{"@type":"WebPage","@id":"https:\/\/euricse.eu\/it\/le-potenzialita-del-contratto-di-rete\/","url":"https:\/\/euricse.eu\/it\/le-potenzialita-del-contratto-di-rete\/","name":"Le potenzialit\u00e0 del contratto di rete - Euricse","isPartOf":{"@id":"https:\/\/euricse.eu\/en\/#website"},"primaryImageOfPage":{"@id":"https:\/\/euricse.eu\/it\/le-potenzialita-del-contratto-di-rete\/#primaryimage"},"image":{"@id":"https:\/\/euricse.eu\/it\/le-potenzialita-del-contratto-di-rete\/#primaryimage"},"thumbnailUrl":"https:\/\/euricse.eu\/wp-content\/uploads\/2022\/04\/ContrattoDiRete_Sara-Depedri-Euricse2.jpg","datePublished":"2021-07-13T14:34:37+00:00","dateModified":"2022-04-26T14:35:45+00:00","author":{"@id":"https:\/\/euricse.eu\/en\/#\/schema\/person\/1ffac29ea6fee2ce84b34189be040a4a"},"breadcrumb":{"@id":"https:\/\/euricse.eu\/it\/le-potenzialita-del-contratto-di-rete\/#breadcrumb"},"inLanguage":"it-IT","potentialAction":[{"@type":"ReadAction","target":["https:\/\/euricse.eu\/it\/le-potenzialita-del-contratto-di-rete\/"]}]},{"@type":"ImageObject","inLanguage":"it-IT","@id":"https:\/\/euricse.eu\/it\/le-potenzialita-del-contratto-di-rete\/#primaryimage","url":"https:\/\/euricse.eu\/wp-content\/uploads\/2022\/04\/ContrattoDiRete_Sara-Depedri-Euricse2.jpg","contentUrl":"https:\/\/euricse.eu\/wp-content\/uploads\/2022\/04\/ContrattoDiRete_Sara-Depedri-Euricse2.jpg","width":500,"height":327},{"@type":"BreadcrumbList","@id":"https:\/\/euricse.eu\/it\/le-potenzialita-del-contratto-di-rete\/#breadcrumb","itemListElement":[{"@type":"ListItem","position":1,"name":"Home","item":"https:\/\/euricse.eu\/it\/"},{"@type":"ListItem","position":2,"name":"Le potenzialit\u00e0 del contratto di rete"}]},{"@type":"WebSite","@id":"https:\/\/euricse.eu\/en\/#website","url":"https:\/\/euricse.eu\/en\/","name":"Euricse","description":"Knowledge and innovation for cooperative and social enterprises.","potentialAction":[{"@type":"SearchAction","target":{"@type":"EntryPoint","urlTemplate":"https:\/\/euricse.eu\/en\/?s={search_term_string}"},"query-input":{"@type":"PropertyValueSpecification","valueRequired":true,"valueName":"search_term_string"}}],"inLanguage":"it-IT"},{"@type":"Person","@id":"https:\/\/euricse.eu\/en\/#\/schema\/person\/1ffac29ea6fee2ce84b34189be040a4a","name":"euricse","image":{"@type":"ImageObject","inLanguage":"it-IT","@id":"https:\/\/euricse.eu\/en\/#\/schema\/person\/image\/","url":"https:\/\/secure.gravatar.com\/avatar\/d88182b355a036085030d3884f5d4893b4217932cd579a290378c152284775d4?s=96&d=mm&r=g","contentUrl":"https:\/\/secure.gravatar.com\/avatar\/d88182b355a036085030d3884f5d4893b4217932cd579a290378c152284775d4?s=96&d=mm&r=g","caption":"euricse"},"url":"https:\/\/euricse.eu\/it\/author\/euricse\/"}]}},"_links":{"self":[{"href":"https:\/\/euricse.eu\/it\/wp-json\/wp\/v2\/posts\/15252","targetHints":{"allow":["GET"]}}],"collection":[{"href":"https:\/\/euricse.eu\/it\/wp-json\/wp\/v2\/posts"}],"about":[{"href":"https:\/\/euricse.eu\/it\/wp-json\/wp\/v2\/types\/post"}],"author":[{"embeddable":true,"href":"https:\/\/euricse.eu\/it\/wp-json\/wp\/v2\/users\/1"}],"replies":[{"embeddable":true,"href":"https:\/\/euricse.eu\/it\/wp-json\/wp\/v2\/comments?post=15252"}],"version-history":[{"count":0,"href":"https:\/\/euricse.eu\/it\/wp-json\/wp\/v2\/posts\/15252\/revisions"}],"wp:featuredmedia":[{"embeddable":true,"href":"https:\/\/euricse.eu\/it\/wp-json\/wp\/v2\/media\/15253"}],"wp:attachment":[{"href":"https:\/\/euricse.eu\/it\/wp-json\/wp\/v2\/media?parent=15252"}],"wp:term":[{"taxonomy":"category","embeddable":true,"href":"https:\/\/euricse.eu\/it\/wp-json\/wp\/v2\/categories?post=15252"},{"taxonomy":"post_tag","embeddable":true,"href":"https:\/\/euricse.eu\/it\/wp-json\/wp\/v2\/tags?post=15252"}],"curies":[{"name":"wp","href":"https:\/\/api.w.org\/{rel}","templated":true}]}}