{"id":15264,"date":"2021-06-25T15:38:56","date_gmt":"2021-06-25T14:38:56","guid":{"rendered":"https:\/\/euricse.hgblu.dev\/?p=15264"},"modified":"2022-04-26T15:41:37","modified_gmt":"2022-04-26T14:41:37","slug":"ecco-il-centro-per-leconomia-solidale-trentina","status":"publish","type":"post","link":"https:\/\/euricse.eu\/it\/ecco-il-centro-per-leconomia-solidale-trentina\/","title":{"rendered":"Ecco il centro per l&#8217;economia solidale trentina"},"content":{"rendered":"\r\n\r\nPromosso dalla Provincia autonoma di Trento e gestito dal consorzio Consolida, il Centro offre servizi informativi e di accompagnamento alla nascita e allo sviluppo dei DES, i Distretti dell\u2019Economia Solidale, un\u00a0modo di fare economia in rete tra attori diversi, valorizzando la dimensione locale, l\u2019equit\u00e0 e la sostenibilit\u00e0 ambientale e sociale. Il Centro sar\u00e0 gestito da un <strong>team multidisciplinare<\/strong>, che vede al suo interno anche la\u00a0collaborazione dei nostri ricercatori Euricse\u00a0<strong>Jacopo Sforzi<\/strong>, <strong>Paolo Fontana<\/strong> e <strong>Alessandro Caviola<\/strong> per l\u2019accompagnamento agli enti interessati ad approfondire il tema DES.\r\n\r\n \r\n\r\nPrende il via ufficialmente la sperimentazione in Trentino del primo Centro dedicato all\u2019Economia Solidale, ovvero ad un modo di fare impresa su base territoriale che pratica i valori della equit\u00e0, della sostenibilit\u00e0 sociale e ambientale, creando anche opportunit\u00e0 di inserimento lavorativo per le persone pi\u00f9 fragili.\r\nL\u2019Economia solidale, che si realizza attraverso la partecipazione e il dialogo tra produttori e consumatori, si basa su un modello di sviluppo che valorizza i territori e la dimensione locale e trova nei Distretti dell\u2019Economia Solidale (DES) lo strumento pratico per creare filiere e reti tra attori diversi \u2013 pubblici e privati \u2013 che si occupano di produzione, distribuzione, consumo di beni e servizi.\r\n\r\n \r\n\r\nIl Centro si rivolge, oltre che agli attori gi\u00e0 iscritti ai disciplinari (pi\u00f9 di 100), anche a tutte le imprese, le pubbliche amministrazioni locali, il Terzo Settore, gli enti di ricerca, gli hub e ai gruppi organizzati di cittadini come i Gas.\r\nLa sperimentazione di un Centro dedicato ai DES nasce su iniziativa della Provincia autonoma di Trento in base alla legge 13 del 2010 sull\u2019Economia Solidale e la Responsabilit\u00e0 Sociale di Impresa ed \u00e8 stata espressamente inserita nel Programma provinciale per l\u2019Economia Solidale di recente approvazione da parte della Giunta provinciale.\r\nPer i primi sei mesi, rinnovabili per un ulteriore anno, il Centro sar\u00e0 gestito da Consolida, il consorzio delle cooperative sociali trentine vincitore del bando promosso dalla segreteria del Tavolo dell\u2019Economia Solidale.\r\n\r\n \r\n\r\nIl Centro gestisce uno <strong>sportello informativo<\/strong>, aperto dal luned\u00ec e gioved\u00ec al mattino presso la sede del consorzio (in via Rienza 22 a Trento) e cura l\u2019accompagnamento delle realt\u00e0 che sul territorio vogliano verificare o concretizzare la costituzione di un DES.\r\nI lavori del Centro saranno monitorati dal Tavolo per l\u2019Economia Solidale coordinato dall\u2019UMST provinciale enti locali, politiche territoriali e della montagna. Il Centro sar\u00e0 gestito da un team multidisciplinare: Giusi Valenti e Silvia Floriani di Consolida che si avvarranno della collaborazione di <strong>Jacopo Sforzi<\/strong>, <strong>Paolo Fontana<\/strong> e <strong>Alessandro Caviola<\/strong> di Euricse per l\u2019accompagnamento agli enti interessati ad approfondire il tema DES, e di\r\nTania Giovannini (CBS Societ\u00e0 Benefit) per la comunicazione.\r\n\r\n \r\n\r\nPer maggiori informazioni:\r\n\r\n \r\n\r\nSilva Floriani &#8211; Community Manager\r\n<a href=\"mailto:centroeconomiasolidale@consolida.it\">centroeconomiasolidale@consolida.it<\/a>\r\nTel: 348.6108195\r\n\r\n \r\n\r\nSportello su appuntamento:\r\nConsolida, Via Rienza 22 \u2013 38121 Trento\r\nDal luned\u00ec \u2013 gioved\u00ec 9.00-12.00\r\n\r\n \r\n\r\n<a href=\"http:\/\/www.economiasolidaletrentina.it\" target=\"_blank\" rel=\"noreferrer noopener\">www.economiasolidaletrentina.it<\/a>\r\n\r\n","protected":false},"excerpt":{"rendered":"<p>Il Centro sar\u00e0 gestito da un team multidisciplinare, che vede al suo interno anche la collaborazione dei nostri ricercatori Euricse per l\u2019accompagnamento agli enti interessati ad approfondire il tema DES.<\/p>\n","protected":false},"author":1,"featured_media":15265,"comment_status":"closed","ping_status":"closed","sticky":false,"template":"","format":"standard","meta":{"_acf_changed":false,"episode_type":"","audio_file":"","cover_image":"","cover_image_id":"","duration":"","filesize":"","date_recorded":"","explicit":"","block":"","itunes_episode_number":"","itunes_title":"","itunes_season_number":"","itunes_episode_type":"","filesize_raw":"","footnotes":""},"categories":[17],"tags":[1036,1037,1038,1039],"class_list":["post-15264","post","type-post","status-publish","format-standard","has-post-thumbnail","hentry","category-news-it","tag-consulenza","tag-des","tag-ricercatori","tag-economia-solidale-it"],"acf":[],"yoast_head":"<!-- This site is optimized with the Yoast SEO plugin v26.1.1 - https:\/\/yoast.com\/wordpress\/plugins\/seo\/ -->\n<title>Ecco il centro per l&#039;economia solidale trentina - Euricse<\/title>\n<meta name=\"robots\" content=\"index, follow, max-snippet:-1, max-image-preview:large, max-video-preview:-1\" \/>\n<link rel=\"canonical\" href=\"https:\/\/euricse.eu\/it\/ecco-il-centro-per-leconomia-solidale-trentina\/\" \/>\n<meta property=\"og:locale\" content=\"it_IT\" \/>\n<meta property=\"og:type\" content=\"article\" \/>\n<meta property=\"og:title\" content=\"Ecco il centro per l&#039;economia solidale trentina - Euricse\" \/>\n<meta property=\"og:description\" content=\"Il Centro sar\u00e0 gestito da un team multidisciplinare, che vede al suo interno anche la collaborazione dei nostri ricercatori Euricse per l\u2019accompagnamento agli enti interessati ad approfondire il tema DES.\" \/>\n<meta property=\"og:url\" content=\"https:\/\/euricse.eu\/it\/ecco-il-centro-per-leconomia-solidale-trentina\/\" \/>\n<meta property=\"og:site_name\" content=\"Euricse\" \/>\n<meta property=\"article:published_time\" content=\"2021-06-25T14:38:56+00:00\" \/>\n<meta property=\"article:modified_time\" content=\"2022-04-26T14:41:37+00:00\" \/>\n<meta property=\"og:image\" content=\"https:\/\/euricse.eu\/wp-content\/uploads\/2022\/04\/la-sede-del-nuovo-centro-economia-solidale.jpg\" \/>\n\t<meta property=\"og:image:width\" content=\"1600\" \/>\n\t<meta property=\"og:image:height\" content=\"1200\" \/>\n\t<meta property=\"og:image:type\" content=\"image\/jpeg\" \/>\n<meta name=\"author\" content=\"euricse\" \/>\n<meta name=\"twitter:card\" content=\"summary_large_image\" \/>\n<meta name=\"twitter:label1\" content=\"Scritto da\" \/>\n\t<meta name=\"twitter:data1\" content=\"euricse\" \/>\n\t<meta name=\"twitter:label2\" content=\"Tempo di lettura stimato\" \/>\n\t<meta name=\"twitter:data2\" content=\"2 minuti\" \/>\n<script type=\"application\/ld+json\" class=\"yoast-schema-graph\">{\"@context\":\"https:\/\/schema.org\",\"@graph\":[{\"@type\":\"WebPage\",\"@id\":\"https:\/\/euricse.eu\/it\/ecco-il-centro-per-leconomia-solidale-trentina\/\",\"url\":\"https:\/\/euricse.eu\/it\/ecco-il-centro-per-leconomia-solidale-trentina\/\",\"name\":\"Ecco il centro per l'economia solidale trentina - Euricse\",\"isPartOf\":{\"@id\":\"https:\/\/euricse.eu\/en\/#website\"},\"primaryImageOfPage\":{\"@id\":\"https:\/\/euricse.eu\/it\/ecco-il-centro-per-leconomia-solidale-trentina\/#primaryimage\"},\"image\":{\"@id\":\"https:\/\/euricse.eu\/it\/ecco-il-centro-per-leconomia-solidale-trentina\/#primaryimage\"},\"thumbnailUrl\":\"https:\/\/euricse.eu\/wp-content\/uploads\/2022\/04\/la-sede-del-nuovo-centro-economia-solidale.jpg\",\"datePublished\":\"2021-06-25T14:38:56+00:00\",\"dateModified\":\"2022-04-26T14:41:37+00:00\",\"author\":{\"@id\":\"https:\/\/euricse.eu\/en\/#\/schema\/person\/1ffac29ea6fee2ce84b34189be040a4a\"},\"breadcrumb\":{\"@id\":\"https:\/\/euricse.eu\/it\/ecco-il-centro-per-leconomia-solidale-trentina\/#breadcrumb\"},\"inLanguage\":\"it-IT\",\"potentialAction\":[{\"@type\":\"ReadAction\",\"target\":[\"https:\/\/euricse.eu\/it\/ecco-il-centro-per-leconomia-solidale-trentina\/\"]}]},{\"@type\":\"ImageObject\",\"inLanguage\":\"it-IT\",\"@id\":\"https:\/\/euricse.eu\/it\/ecco-il-centro-per-leconomia-solidale-trentina\/#primaryimage\",\"url\":\"https:\/\/euricse.eu\/wp-content\/uploads\/2022\/04\/la-sede-del-nuovo-centro-economia-solidale.jpg\",\"contentUrl\":\"https:\/\/euricse.eu\/wp-content\/uploads\/2022\/04\/la-sede-del-nuovo-centro-economia-solidale.jpg\",\"width\":1600,\"height\":1200},{\"@type\":\"BreadcrumbList\",\"@id\":\"https:\/\/euricse.eu\/it\/ecco-il-centro-per-leconomia-solidale-trentina\/#breadcrumb\",\"itemListElement\":[{\"@type\":\"ListItem\",\"position\":1,\"name\":\"Home\",\"item\":\"https:\/\/euricse.eu\/it\/\"},{\"@type\":\"ListItem\",\"position\":2,\"name\":\"Ecco il centro per l&#8217;economia solidale trentina\"}]},{\"@type\":\"WebSite\",\"@id\":\"https:\/\/euricse.eu\/en\/#website\",\"url\":\"https:\/\/euricse.eu\/en\/\",\"name\":\"Euricse\",\"description\":\"Knowledge and innovation for cooperative and social enterprises.\",\"potentialAction\":[{\"@type\":\"SearchAction\",\"target\":{\"@type\":\"EntryPoint\",\"urlTemplate\":\"https:\/\/euricse.eu\/en\/?s={search_term_string}\"},\"query-input\":{\"@type\":\"PropertyValueSpecification\",\"valueRequired\":true,\"valueName\":\"search_term_string\"}}],\"inLanguage\":\"it-IT\"},{\"@type\":\"Person\",\"@id\":\"https:\/\/euricse.eu\/en\/#\/schema\/person\/1ffac29ea6fee2ce84b34189be040a4a\",\"name\":\"euricse\",\"image\":{\"@type\":\"ImageObject\",\"inLanguage\":\"it-IT\",\"@id\":\"https:\/\/euricse.eu\/en\/#\/schema\/person\/image\/\",\"url\":\"https:\/\/secure.gravatar.com\/avatar\/d88182b355a036085030d3884f5d4893b4217932cd579a290378c152284775d4?s=96&d=mm&r=g\",\"contentUrl\":\"https:\/\/secure.gravatar.com\/avatar\/d88182b355a036085030d3884f5d4893b4217932cd579a290378c152284775d4?s=96&d=mm&r=g\",\"caption\":\"euricse\"},\"url\":\"https:\/\/euricse.eu\/it\/author\/euricse\/\"}]}<\/script>\n<!-- \/ Yoast SEO plugin. -->","yoast_head_json":{"title":"Ecco il centro per l'economia solidale trentina - Euricse","robots":{"index":"index","follow":"follow","max-snippet":"max-snippet:-1","max-image-preview":"max-image-preview:large","max-video-preview":"max-video-preview:-1"},"canonical":"https:\/\/euricse.eu\/it\/ecco-il-centro-per-leconomia-solidale-trentina\/","og_locale":"it_IT","og_type":"article","og_title":"Ecco il centro per l'economia solidale trentina - Euricse","og_description":"Il Centro sar\u00e0 gestito da un team multidisciplinare, che vede al suo interno anche la collaborazione dei nostri ricercatori Euricse per l\u2019accompagnamento agli enti interessati ad approfondire il tema DES.","og_url":"https:\/\/euricse.eu\/it\/ecco-il-centro-per-leconomia-solidale-trentina\/","og_site_name":"Euricse","article_published_time":"2021-06-25T14:38:56+00:00","article_modified_time":"2022-04-26T14:41:37+00:00","og_image":[{"width":1600,"height":1200,"url":"https:\/\/euricse.eu\/wp-content\/uploads\/2022\/04\/la-sede-del-nuovo-centro-economia-solidale.jpg","type":"image\/jpeg"}],"author":"euricse","twitter_card":"summary_large_image","twitter_misc":{"Scritto da":"euricse","Tempo di lettura stimato":"2 minuti"},"schema":{"@context":"https:\/\/schema.org","@graph":[{"@type":"WebPage","@id":"https:\/\/euricse.eu\/it\/ecco-il-centro-per-leconomia-solidale-trentina\/","url":"https:\/\/euricse.eu\/it\/ecco-il-centro-per-leconomia-solidale-trentina\/","name":"Ecco il centro per l'economia solidale trentina - Euricse","isPartOf":{"@id":"https:\/\/euricse.eu\/en\/#website"},"primaryImageOfPage":{"@id":"https:\/\/euricse.eu\/it\/ecco-il-centro-per-leconomia-solidale-trentina\/#primaryimage"},"image":{"@id":"https:\/\/euricse.eu\/it\/ecco-il-centro-per-leconomia-solidale-trentina\/#primaryimage"},"thumbnailUrl":"https:\/\/euricse.eu\/wp-content\/uploads\/2022\/04\/la-sede-del-nuovo-centro-economia-solidale.jpg","datePublished":"2021-06-25T14:38:56+00:00","dateModified":"2022-04-26T14:41:37+00:00","author":{"@id":"https:\/\/euricse.eu\/en\/#\/schema\/person\/1ffac29ea6fee2ce84b34189be040a4a"},"breadcrumb":{"@id":"https:\/\/euricse.eu\/it\/ecco-il-centro-per-leconomia-solidale-trentina\/#breadcrumb"},"inLanguage":"it-IT","potentialAction":[{"@type":"ReadAction","target":["https:\/\/euricse.eu\/it\/ecco-il-centro-per-leconomia-solidale-trentina\/"]}]},{"@type":"ImageObject","inLanguage":"it-IT","@id":"https:\/\/euricse.eu\/it\/ecco-il-centro-per-leconomia-solidale-trentina\/#primaryimage","url":"https:\/\/euricse.eu\/wp-content\/uploads\/2022\/04\/la-sede-del-nuovo-centro-economia-solidale.jpg","contentUrl":"https:\/\/euricse.eu\/wp-content\/uploads\/2022\/04\/la-sede-del-nuovo-centro-economia-solidale.jpg","width":1600,"height":1200},{"@type":"BreadcrumbList","@id":"https:\/\/euricse.eu\/it\/ecco-il-centro-per-leconomia-solidale-trentina\/#breadcrumb","itemListElement":[{"@type":"ListItem","position":1,"name":"Home","item":"https:\/\/euricse.eu\/it\/"},{"@type":"ListItem","position":2,"name":"Ecco il centro per l&#8217;economia solidale trentina"}]},{"@type":"WebSite","@id":"https:\/\/euricse.eu\/en\/#website","url":"https:\/\/euricse.eu\/en\/","name":"Euricse","description":"Knowledge and innovation for cooperative and social enterprises.","potentialAction":[{"@type":"SearchAction","target":{"@type":"EntryPoint","urlTemplate":"https:\/\/euricse.eu\/en\/?s={search_term_string}"},"query-input":{"@type":"PropertyValueSpecification","valueRequired":true,"valueName":"search_term_string"}}],"inLanguage":"it-IT"},{"@type":"Person","@id":"https:\/\/euricse.eu\/en\/#\/schema\/person\/1ffac29ea6fee2ce84b34189be040a4a","name":"euricse","image":{"@type":"ImageObject","inLanguage":"it-IT","@id":"https:\/\/euricse.eu\/en\/#\/schema\/person\/image\/","url":"https:\/\/secure.gravatar.com\/avatar\/d88182b355a036085030d3884f5d4893b4217932cd579a290378c152284775d4?s=96&d=mm&r=g","contentUrl":"https:\/\/secure.gravatar.com\/avatar\/d88182b355a036085030d3884f5d4893b4217932cd579a290378c152284775d4?s=96&d=mm&r=g","caption":"euricse"},"url":"https:\/\/euricse.eu\/it\/author\/euricse\/"}]}},"_links":{"self":[{"href":"https:\/\/euricse.eu\/it\/wp-json\/wp\/v2\/posts\/15264","targetHints":{"allow":["GET"]}}],"collection":[{"href":"https:\/\/euricse.eu\/it\/wp-json\/wp\/v2\/posts"}],"about":[{"href":"https:\/\/euricse.eu\/it\/wp-json\/wp\/v2\/types\/post"}],"author":[{"embeddable":true,"href":"https:\/\/euricse.eu\/it\/wp-json\/wp\/v2\/users\/1"}],"replies":[{"embeddable":true,"href":"https:\/\/euricse.eu\/it\/wp-json\/wp\/v2\/comments?post=15264"}],"version-history":[{"count":0,"href":"https:\/\/euricse.eu\/it\/wp-json\/wp\/v2\/posts\/15264\/revisions"}],"wp:featuredmedia":[{"embeddable":true,"href":"https:\/\/euricse.eu\/it\/wp-json\/wp\/v2\/media\/15265"}],"wp:attachment":[{"href":"https:\/\/euricse.eu\/it\/wp-json\/wp\/v2\/media?parent=15264"}],"wp:term":[{"taxonomy":"category","embeddable":true,"href":"https:\/\/euricse.eu\/it\/wp-json\/wp\/v2\/categories?post=15264"},{"taxonomy":"post_tag","embeddable":true,"href":"https:\/\/euricse.eu\/it\/wp-json\/wp\/v2\/tags?post=15264"}],"curies":[{"name":"wp","href":"https:\/\/api.w.org\/{rel}","templated":true}]}}