{"id":15330,"date":"2022-04-29T10:33:19","date_gmt":"2022-04-29T09:33:19","guid":{"rendered":"https:\/\/euricse.hgblu.dev\/?p=15330"},"modified":"2022-05-02T14:55:53","modified_gmt":"2022-05-02T13:55:53","slug":"economia-sociale-il-futuro-delleuropa","status":"publish","type":"post","link":"https:\/\/euricse.eu\/it\/economia-sociale-il-futuro-delleuropa\/","title":{"rendered":"Economia Sociale, il futuro dell&#8217;Europa"},"content":{"rendered":"<p>La Conferenza\u00a0<a href=\"https:\/\/www.economiesociale-futur.eu\/fr\/economiesocialefutur\/Accueil\/\" data-cke-saved-href=\"https:\/\/www.economiesociale-futur.eu\/fr\/economiesocialefutur\/Accueil\/\">Economia sociale, il Futuro dell\u2019Europa<\/a><strong>,\u00a0<\/strong>promossa dalla Commissione Europea, insieme alla presidenza Francese del Consiglio dell\u2019UE e varie reti europee,\u00a0si svolger\u00e0 a Strasburgo <strong>gioved\u00ec 5 <\/strong>e<strong> venerd\u00ec\u00a06 maggio.\u00a0<\/strong>Sar\u00e0 l\u2019occasione per un confronto tra gli attori dell\u2019economia sociale (e solidale) e le loro organizzazioni e le istituzioni europee, e per approfondire\u00a0le modalit\u00e0 di implementazione del\u00a0<a href=\"https:\/\/eur-lex.europa.eu\/legal-content\/IT\/TXT\/?uri=CELEX%3A52021DC0778&amp;qid=1644937802979\" target=\"_blank\" rel=\"noopener\" data-cke-saved-href=\"https:\/\/eur-lex.europa.eu\/legal-content\/IT\/TXT\/?uri=CELEX%3A52021DC0778&amp;qid=1644937802979\"><strong>Piano di azione per l\u2019Economia Sociale<\/strong><\/a>\u00a0varato della Commissione europea lo scorso dicembre. <strong>Euricse<\/strong>\u00a0interverr\u00e0 in molte sessioni su svariate tematiche:\u00a0<strong>innovazione sociale<\/strong> e buone pratiche in Europa,\u00a0<strong>politiche pubbliche<\/strong> e ruolo della mutualit\u00e0 cooperativa, percorsi di transizione per l&#8217;<strong>ecosistema industriale dell&#8217;economia sociale<\/strong> e <strong>di prossimit\u00e0<\/strong> e\u00a0il\u00a0workshop dedicato al\u00a0progetto <a href=\"https:\/\/www.bwiseproject.eu\/it\/home\" target=\"_blank\" rel=\"noopener\">europeo BWise<\/a> sulle<strong>\u00a0reti sociali di inserimento lavorativo<\/strong>.<\/p>\n<p>Le sessioni alle quali Euricse sar\u00e0 presente:<\/p>\n<p>&nbsp;<\/p>\n<p>Il segretario generale di Euricse <strong>Gianluca Salvatori\u00a0<\/strong>parteciper\u00e0 al dibattito sulle inziative di innovazione sociale e buone pratiche in Europa (<a href=\"https:\/\/live.eventtia.com\/en\/economiesocialefutureen\/Cooperations#\" target=\"_blank\" rel=\"noreferrer noopener\">5 maggio dalle 15:30 alle 17.30)<\/a>.<\/p>\n<p>Il giorno seguente sar\u00e0 tra i relatori nel workshop sulle politiche pubbliche \u00a0(<a href=\"https:\/\/live.eventtia.com\/en\/economiesocialefutureen\/Local_CommunitiesPublicPolicies2#\" target=\"_blank\" rel=\"noreferrer noopener\">6 maggio dalle 9:15 alle 10:45)<\/a> and ed in quello sul progetto europeo &#8220;Transition Pathway for the Proximity and Social Economy Industrial ecosystem&#8221; (<a href=\"https:\/\/live.eventtia.com\/en\/economiesocialefutureen\/transitions2#\" target=\"_blank\" rel=\"noreferrer noopener\">6 maggio dalle 11:15 alle 12:30<\/a>).<br \/>\nContemporaneamente la ricercatrice senior <strong>Giulia Galera<\/strong> presenter\u00e0 i risultati del progetto europeo <a href=\"https:\/\/www.bwiseproject.eu\/\" target=\"_blank\" rel=\"noreferrer noopener\">B-WISE <\/a>offrendo una panoramica delle imprese sociali di inserimento lavorativo in Europe (<a href=\"https:\/\/live.eventtia.com\/en\/economiesocialefutureen\/Solutions2#\" target=\"_blank\" rel=\"noreferrer noopener\">6 maggio dalle 11:00 alle 12:30<\/a>).<\/p>\n<p>Consulta il <a href=\"https:\/\/live.eventtia.com\/en\/economiesocialefutureen\/Program\/\" target=\"_blank\" rel=\"noopener\">programma completo<\/a><\/p>\n<p>Iscrizione<a href=\"https:\/\/live.eventtia.com\/en\/economiesocialefutureen\/Registration\" target=\"_blank\" rel=\"noopener\"> a questo link.<\/a><\/p>\n<p>&nbsp;<\/p>\n","protected":false},"excerpt":{"rendered":"<p>La Conferenza\u00a0Economia sociale, il Futuro dell\u2019Europa,\u00a0promossa dalla Commissione Europea, insieme alla presidenza Francese del Consiglio dell\u2019UE e varie reti europee,\u00a0si svolger\u00e0 a Strasburgo gioved\u00ec 5 e venerd\u00ec\u00a06 maggio.\u00a0Sar\u00e0 l\u2019occasione per un confronto tra gli attori dell\u2019economia sociale (e solidale) e le loro organizzazioni e le istituzioni europee, e per approfondire\u00a0le modalit\u00e0 di implementazione del\u00a0Piano di [&hellip;]<\/p>\n","protected":false},"author":32,"featured_media":15331,"comment_status":"closed","ping_status":"closed","sticky":false,"template":"","format":"standard","meta":{"_acf_changed":false,"episode_type":"","audio_file":"","cover_image":"","cover_image_id":"","duration":"","filesize":"","date_recorded":"","explicit":"","block":"","itunes_episode_number":"","itunes_title":"","itunes_season_number":"","itunes_episode_type":"","filesize_raw":"","footnotes":""},"categories":[14,17],"tags":[],"class_list":["post-15330","post","type-post","status-publish","format-standard","has-post-thumbnail","hentry","category-blog-it","category-news-it"],"acf":[],"yoast_head":"<!-- This site is optimized with the Yoast SEO plugin v26.1.1 - https:\/\/yoast.com\/wordpress\/plugins\/seo\/ -->\n<title>Economia Sociale, il futuro dell&#039;Europa - Euricse<\/title>\n<meta name=\"description\" content=\"Il 5 e 6 maggio a Strasburgo si terr\u00e0 la Conferenza\u00a0&quot;Economia sociale, il Futuro dell\u2019Europa&quot;\u00a0promossa dalla Commissione Europea, insieme alla presidenza Francese del Consiglio dell\u2019UE e varie reti europee...\" \/>\n<meta name=\"robots\" content=\"index, follow, max-snippet:-1, max-image-preview:large, max-video-preview:-1\" \/>\n<link rel=\"canonical\" href=\"https:\/\/euricse.eu\/it\/economia-sociale-il-futuro-delleuropa\/\" \/>\n<meta property=\"og:locale\" content=\"it_IT\" \/>\n<meta property=\"og:type\" content=\"article\" \/>\n<meta property=\"og:title\" content=\"Economia Sociale, il futuro dell&#039;Europa - Euricse\" \/>\n<meta property=\"og:description\" content=\"Il 5 e 6 maggio a Strasburgo si terr\u00e0 la Conferenza\u00a0&quot;Economia sociale, il Futuro dell\u2019Europa&quot;\u00a0promossa dalla Commissione Europea, insieme alla presidenza Francese del Consiglio dell\u2019UE e varie reti europee...\" \/>\n<meta property=\"og:url\" content=\"https:\/\/euricse.eu\/it\/economia-sociale-il-futuro-delleuropa\/\" \/>\n<meta property=\"og:site_name\" content=\"Euricse\" \/>\n<meta property=\"article:published_time\" content=\"2022-04-29T09:33:19+00:00\" \/>\n<meta property=\"article:modified_time\" content=\"2022-05-02T13:55:53+00:00\" \/>\n<meta property=\"og:image\" content=\"https:\/\/euricse.eu\/wp-content\/uploads\/2022\/04\/Social-Economy-Strasbourg.jpg\" \/>\n\t<meta property=\"og:image:width\" content=\"600\" \/>\n\t<meta property=\"og:image:height\" content=\"600\" \/>\n\t<meta property=\"og:image:type\" content=\"image\/jpeg\" \/>\n<meta name=\"author\" content=\"Silvia\" \/>\n<meta name=\"twitter:card\" content=\"summary_large_image\" \/>\n<meta name=\"twitter:label1\" content=\"Scritto da\" \/>\n\t<meta name=\"twitter:data1\" content=\"Silvia\" \/>\n\t<meta name=\"twitter:label2\" content=\"Tempo di lettura stimato\" \/>\n\t<meta name=\"twitter:data2\" content=\"1 minuto\" \/>\n<script type=\"application\/ld+json\" class=\"yoast-schema-graph\">{\"@context\":\"https:\/\/schema.org\",\"@graph\":[{\"@type\":\"WebPage\",\"@id\":\"https:\/\/euricse.eu\/it\/economia-sociale-il-futuro-delleuropa\/\",\"url\":\"https:\/\/euricse.eu\/it\/economia-sociale-il-futuro-delleuropa\/\",\"name\":\"Economia Sociale, il futuro dell'Europa - Euricse\",\"isPartOf\":{\"@id\":\"https:\/\/euricse.eu\/en\/#website\"},\"primaryImageOfPage\":{\"@id\":\"https:\/\/euricse.eu\/it\/economia-sociale-il-futuro-delleuropa\/#primaryimage\"},\"image\":{\"@id\":\"https:\/\/euricse.eu\/it\/economia-sociale-il-futuro-delleuropa\/#primaryimage\"},\"thumbnailUrl\":\"https:\/\/euricse.eu\/wp-content\/uploads\/2022\/04\/Social-Economy-Strasbourg.jpg\",\"datePublished\":\"2022-04-29T09:33:19+00:00\",\"dateModified\":\"2022-05-02T13:55:53+00:00\",\"author\":{\"@id\":\"https:\/\/euricse.eu\/en\/#\/schema\/person\/a5b25693531e3458dfedff34c273ba14\"},\"description\":\"Il 5 e 6 maggio a Strasburgo si terr\u00e0 la Conferenza\u00a0\\\"Economia sociale, il Futuro dell\u2019Europa\\\"\u00a0promossa dalla Commissione Europea, insieme alla presidenza Francese del Consiglio dell\u2019UE e varie reti europee...\",\"breadcrumb\":{\"@id\":\"https:\/\/euricse.eu\/it\/economia-sociale-il-futuro-delleuropa\/#breadcrumb\"},\"inLanguage\":\"it-IT\",\"potentialAction\":[{\"@type\":\"ReadAction\",\"target\":[\"https:\/\/euricse.eu\/it\/economia-sociale-il-futuro-delleuropa\/\"]}]},{\"@type\":\"ImageObject\",\"inLanguage\":\"it-IT\",\"@id\":\"https:\/\/euricse.eu\/it\/economia-sociale-il-futuro-delleuropa\/#primaryimage\",\"url\":\"https:\/\/euricse.eu\/wp-content\/uploads\/2022\/04\/Social-Economy-Strasbourg.jpg\",\"contentUrl\":\"https:\/\/euricse.eu\/wp-content\/uploads\/2022\/04\/Social-Economy-Strasbourg.jpg\",\"width\":600,\"height\":600},{\"@type\":\"BreadcrumbList\",\"@id\":\"https:\/\/euricse.eu\/it\/economia-sociale-il-futuro-delleuropa\/#breadcrumb\",\"itemListElement\":[{\"@type\":\"ListItem\",\"position\":1,\"name\":\"Home\",\"item\":\"https:\/\/euricse.eu\/it\/\"},{\"@type\":\"ListItem\",\"position\":2,\"name\":\"Economia Sociale, il futuro dell&#8217;Europa\"}]},{\"@type\":\"WebSite\",\"@id\":\"https:\/\/euricse.eu\/en\/#website\",\"url\":\"https:\/\/euricse.eu\/en\/\",\"name\":\"Euricse\",\"description\":\"Knowledge and innovation for cooperative and social enterprises.\",\"potentialAction\":[{\"@type\":\"SearchAction\",\"target\":{\"@type\":\"EntryPoint\",\"urlTemplate\":\"https:\/\/euricse.eu\/en\/?s={search_term_string}\"},\"query-input\":{\"@type\":\"PropertyValueSpecification\",\"valueRequired\":true,\"valueName\":\"search_term_string\"}}],\"inLanguage\":\"it-IT\"},{\"@type\":\"Person\",\"@id\":\"https:\/\/euricse.eu\/en\/#\/schema\/person\/a5b25693531e3458dfedff34c273ba14\",\"name\":\"Silvia\",\"image\":{\"@type\":\"ImageObject\",\"inLanguage\":\"it-IT\",\"@id\":\"https:\/\/euricse.eu\/en\/#\/schema\/person\/image\/\",\"url\":\"https:\/\/secure.gravatar.com\/avatar\/3cef1082b65edc85f1a4c0caa7ce4808f397a517b7217eab6215fe435640f8f7?s=96&d=mm&r=g\",\"contentUrl\":\"https:\/\/secure.gravatar.com\/avatar\/3cef1082b65edc85f1a4c0caa7ce4808f397a517b7217eab6215fe435640f8f7?s=96&d=mm&r=g\",\"caption\":\"Silvia\"},\"url\":\"https:\/\/euricse.eu\/it\/author\/silvia\/\"}]}<\/script>\n<!-- \/ Yoast SEO plugin. -->","yoast_head_json":{"title":"Economia Sociale, il futuro dell'Europa - Euricse","description":"Il 5 e 6 maggio a Strasburgo si terr\u00e0 la Conferenza\u00a0\"Economia sociale, il Futuro dell\u2019Europa\"\u00a0promossa dalla Commissione Europea, insieme alla presidenza Francese del Consiglio dell\u2019UE e varie reti europee...","robots":{"index":"index","follow":"follow","max-snippet":"max-snippet:-1","max-image-preview":"max-image-preview:large","max-video-preview":"max-video-preview:-1"},"canonical":"https:\/\/euricse.eu\/it\/economia-sociale-il-futuro-delleuropa\/","og_locale":"it_IT","og_type":"article","og_title":"Economia Sociale, il futuro dell'Europa - Euricse","og_description":"Il 5 e 6 maggio a Strasburgo si terr\u00e0 la Conferenza\u00a0\"Economia sociale, il Futuro dell\u2019Europa\"\u00a0promossa dalla Commissione Europea, insieme alla presidenza Francese del Consiglio dell\u2019UE e varie reti europee...","og_url":"https:\/\/euricse.eu\/it\/economia-sociale-il-futuro-delleuropa\/","og_site_name":"Euricse","article_published_time":"2022-04-29T09:33:19+00:00","article_modified_time":"2022-05-02T13:55:53+00:00","og_image":[{"width":600,"height":600,"url":"https:\/\/euricse.eu\/wp-content\/uploads\/2022\/04\/Social-Economy-Strasbourg.jpg","type":"image\/jpeg"}],"author":"Silvia","twitter_card":"summary_large_image","twitter_misc":{"Scritto da":"Silvia","Tempo di lettura stimato":"1 minuto"},"schema":{"@context":"https:\/\/schema.org","@graph":[{"@type":"WebPage","@id":"https:\/\/euricse.eu\/it\/economia-sociale-il-futuro-delleuropa\/","url":"https:\/\/euricse.eu\/it\/economia-sociale-il-futuro-delleuropa\/","name":"Economia Sociale, il futuro dell'Europa - Euricse","isPartOf":{"@id":"https:\/\/euricse.eu\/en\/#website"},"primaryImageOfPage":{"@id":"https:\/\/euricse.eu\/it\/economia-sociale-il-futuro-delleuropa\/#primaryimage"},"image":{"@id":"https:\/\/euricse.eu\/it\/economia-sociale-il-futuro-delleuropa\/#primaryimage"},"thumbnailUrl":"https:\/\/euricse.eu\/wp-content\/uploads\/2022\/04\/Social-Economy-Strasbourg.jpg","datePublished":"2022-04-29T09:33:19+00:00","dateModified":"2022-05-02T13:55:53+00:00","author":{"@id":"https:\/\/euricse.eu\/en\/#\/schema\/person\/a5b25693531e3458dfedff34c273ba14"},"description":"Il 5 e 6 maggio a Strasburgo si terr\u00e0 la Conferenza\u00a0\"Economia sociale, il Futuro dell\u2019Europa\"\u00a0promossa dalla Commissione Europea, insieme alla presidenza Francese del Consiglio dell\u2019UE e varie reti europee...","breadcrumb":{"@id":"https:\/\/euricse.eu\/it\/economia-sociale-il-futuro-delleuropa\/#breadcrumb"},"inLanguage":"it-IT","potentialAction":[{"@type":"ReadAction","target":["https:\/\/euricse.eu\/it\/economia-sociale-il-futuro-delleuropa\/"]}]},{"@type":"ImageObject","inLanguage":"it-IT","@id":"https:\/\/euricse.eu\/it\/economia-sociale-il-futuro-delleuropa\/#primaryimage","url":"https:\/\/euricse.eu\/wp-content\/uploads\/2022\/04\/Social-Economy-Strasbourg.jpg","contentUrl":"https:\/\/euricse.eu\/wp-content\/uploads\/2022\/04\/Social-Economy-Strasbourg.jpg","width":600,"height":600},{"@type":"BreadcrumbList","@id":"https:\/\/euricse.eu\/it\/economia-sociale-il-futuro-delleuropa\/#breadcrumb","itemListElement":[{"@type":"ListItem","position":1,"name":"Home","item":"https:\/\/euricse.eu\/it\/"},{"@type":"ListItem","position":2,"name":"Economia Sociale, il futuro dell&#8217;Europa"}]},{"@type":"WebSite","@id":"https:\/\/euricse.eu\/en\/#website","url":"https:\/\/euricse.eu\/en\/","name":"Euricse","description":"Knowledge and innovation for cooperative and social enterprises.","potentialAction":[{"@type":"SearchAction","target":{"@type":"EntryPoint","urlTemplate":"https:\/\/euricse.eu\/en\/?s={search_term_string}"},"query-input":{"@type":"PropertyValueSpecification","valueRequired":true,"valueName":"search_term_string"}}],"inLanguage":"it-IT"},{"@type":"Person","@id":"https:\/\/euricse.eu\/en\/#\/schema\/person\/a5b25693531e3458dfedff34c273ba14","name":"Silvia","image":{"@type":"ImageObject","inLanguage":"it-IT","@id":"https:\/\/euricse.eu\/en\/#\/schema\/person\/image\/","url":"https:\/\/secure.gravatar.com\/avatar\/3cef1082b65edc85f1a4c0caa7ce4808f397a517b7217eab6215fe435640f8f7?s=96&d=mm&r=g","contentUrl":"https:\/\/secure.gravatar.com\/avatar\/3cef1082b65edc85f1a4c0caa7ce4808f397a517b7217eab6215fe435640f8f7?s=96&d=mm&r=g","caption":"Silvia"},"url":"https:\/\/euricse.eu\/it\/author\/silvia\/"}]}},"_links":{"self":[{"href":"https:\/\/euricse.eu\/it\/wp-json\/wp\/v2\/posts\/15330","targetHints":{"allow":["GET"]}}],"collection":[{"href":"https:\/\/euricse.eu\/it\/wp-json\/wp\/v2\/posts"}],"about":[{"href":"https:\/\/euricse.eu\/it\/wp-json\/wp\/v2\/types\/post"}],"author":[{"embeddable":true,"href":"https:\/\/euricse.eu\/it\/wp-json\/wp\/v2\/users\/32"}],"replies":[{"embeddable":true,"href":"https:\/\/euricse.eu\/it\/wp-json\/wp\/v2\/comments?post=15330"}],"version-history":[{"count":2,"href":"https:\/\/euricse.eu\/it\/wp-json\/wp\/v2\/posts\/15330\/revisions"}],"predecessor-version":[{"id":15529,"href":"https:\/\/euricse.eu\/it\/wp-json\/wp\/v2\/posts\/15330\/revisions\/15529"}],"wp:featuredmedia":[{"embeddable":true,"href":"https:\/\/euricse.eu\/it\/wp-json\/wp\/v2\/media\/15331"}],"wp:attachment":[{"href":"https:\/\/euricse.eu\/it\/wp-json\/wp\/v2\/media?parent=15330"}],"wp:term":[{"taxonomy":"category","embeddable":true,"href":"https:\/\/euricse.eu\/it\/wp-json\/wp\/v2\/categories?post=15330"},{"taxonomy":"post_tag","embeddable":true,"href":"https:\/\/euricse.eu\/it\/wp-json\/wp\/v2\/tags?post=15330"}],"curies":[{"name":"wp","href":"https:\/\/api.w.org\/{rel}","templated":true}]}}