{"id":15334,"date":"2022-06-06T10:35:06","date_gmt":"2022-06-06T09:35:06","guid":{"rendered":"https:\/\/euricse.hgblu.dev\/?p=15334"},"modified":"2022-06-06T15:07:27","modified_gmt":"2022-06-06T14:07:27","slug":"13-workshop-internazionale-sulla-finanza-cooperativa-e-responsabile-per-lo-sviluppo","status":"publish","type":"post","link":"https:\/\/euricse.eu\/it\/13-workshop-internazionale-sulla-finanza-cooperativa-e-responsabile-per-lo-sviluppo\/","title":{"rendered":"13\u00b0 Workshop Internazionale sulla Finanza Cooperativa e Responsabile per lo Sviluppo"},"content":{"rendered":"<p>Il\u00a0<strong>13\u00b0 Workshop Internazionale sulla Finanza Cooperativa e Responsabile per lo Sviluppo <\/strong>si svolger\u00e0 a <strong>Trento<\/strong>\u00a0il\u00a0<strong>16 e 17 giugno 2022\u00a0<\/strong>con<strong>\u00a020 studiosi<\/strong> e ricercatori provenienti da tutto il mondo.<\/p>\n<p>L&#8217;evento<strong>\u00a0<\/strong>\u00e8 organizzato da\u00a0<strong>Euricse<\/strong>\u00a0in collaborazione con l&#8217;<a href=\"https:\/\/euricse.us2.list-manage.com\/track\/click?u=1c9965065e22b72afa91c6488&amp;id=661ee43c79&amp;e=ceda943ad7\" target=\"_blank\" rel=\"noopener\" data-saferedirecturl=\"https:\/\/www.google.com\/url?q=https:\/\/euricse.us2.list-manage.com\/track\/click?u%3D1c9965065e22b72afa91c6488%26id%3D661ee43c79%26e%3Dceda943ad7&amp;source=gmail&amp;ust=1651141523225000&amp;usg=AOvVaw0EfIqD4YTN2AOBzThvT8hN\" data-cke-saved-href=\"https:\/\/euricse.us2.list-manage.com\/track\/click?u=1c9965065e22b72afa91c6488&amp;id=661ee43c79&amp;e=ceda943ad7\">Universit\u00e0 di Trento<\/a>,\u00a0con\u00a0<a href=\"https:\/\/euricse.us2.list-manage.com\/track\/click?u=1c9965065e22b72afa91c6488&amp;id=a4b24bdf77&amp;e=ceda943ad7\" target=\"_blank\" rel=\"noopener\" data-saferedirecturl=\"https:\/\/www.google.com\/url?q=https:\/\/euricse.us2.list-manage.com\/track\/click?u%3D1c9965065e22b72afa91c6488%26id%3Da4b24bdf77%26e%3Dceda943ad7&amp;source=gmail&amp;ust=1651141523225000&amp;usg=AOvVaw3sI2Fbs8SQY0GZQJFGh9a9\" data-cke-saved-href=\"https:\/\/euricse.us2.list-manage.com\/track\/click?u=1c9965065e22b72afa91c6488&amp;id=a4b24bdf77&amp;e=ceda943ad7\">Federcasse<\/a>\u00a0e con\u00a0il supporto dell&#8217;<a href=\"https:\/\/euricse.us2.list-manage.com\/track\/click?u=1c9965065e22b72afa91c6488&amp;id=07d911b5df&amp;e=ceda943ad7\" target=\"_blank\" rel=\"noopener\" data-saferedirecturl=\"https:\/\/www.google.com\/url?q=https:\/\/euricse.us2.list-manage.com\/track\/click?u%3D1c9965065e22b72afa91c6488%26id%3D07d911b5df%26e%3Dceda943ad7&amp;source=gmail&amp;ust=1651141523225000&amp;usg=AOvVaw2TKESyQbIqcu7eyzc8SNYf\" data-cke-saved-href=\"https:\/\/euricse.us2.list-manage.com\/track\/click?u=1c9965065e22b72afa91c6488&amp;id=07d911b5df&amp;e=ceda943ad7\">Associazione Europea delle Banche Cooperative<\/a> (EACB).<\/p>\n<p>I seminari si svolgeranno in presenza (con possibilit\u00e0 di seguire online previa registrazione) e si terranno in lingua inglese.<\/p>\n<p>&nbsp;<\/p>\n<h3>IL FOCUS DELLA NUOVA EDIZIONE<\/h3>\n<p>La crescente attenzione nei confronti di un\u2019economia basata non solo sui prodotti materiali, ma anche sulle relazioni \u2013 sommata ai cambiamenti demografici e alle crisi fiscali di molti Stati \u2013 apre interessanti prospettive di crescita per quelle attivit\u00e0 che investono nella salute e nell\u2019assistenza sanitaria, nei servizi sociali e personali, nell\u2019assistenza online, nell\u2019industria green e nella difesa dell\u2019ambiente. Questo trend ha assunto ancora pi\u00f9 importanza in seguito alla pandemia, ed alla crisi che ne \u00e8 conseguita, che ha indebolito l\u2019economia globale e ha divaricato la forbice delle disuguaglianze, mettendo a repentaglio la coesione sociale e le relazioni internazionali. In questo contesto le banche etiche e cooperative, i fondi alternativi e le istituzioni finanziarie che hanno investito nell\u2019innovazione sociale hanno mostrato molto potenziale e opportunit\u00e0 di crescita.<\/p>\n<p>Sono queste le premesse del convegno che torner\u00e0 finalmente in presenza a Trento (dopo due edizioni online) il prossimo 16 e 17 giugno, organizzato da <strong>Euricse<\/strong> in collaborazione con <strong>Federcasse <\/strong>e il <strong>Dipartimento di economia e management dell\u2019Universit\u00e0 di Trento<\/strong>, con il supporto di <strong>EACB, l\u2019Associazione Europea delle Banche Cooperative<\/strong> (European Association of Co-operative Banks).<\/p>\n<p>Durante il meeting presso la Facolt\u00e0 di Economia, oltre 20 studiosi e ricercatori da tutto il mondo in rappresentanza di altrettante universit\u00e0 e centri di ricerca discuteranno di <strong>finanza sociale<\/strong>, <strong>banche cooperative e digitalizzazione<\/strong>, proponendo anche un\u2019ampia panoramica sugli obiettivi di <strong>sviluppo sostenibile<\/strong> e sui <strong>sistemi bancari regionali<\/strong>, dalle banche cooperative locali tedesche agli esempi di aree pi\u00f9 marginali come le Repubbliche Baltiche.<\/p>\n<p>Il seminario sar\u00e0 aperto da <strong>Silvio Goglio<\/strong> e <strong>Flavio Bazzana<\/strong> in rappresentanza di Euricse e del Dipartimento di economia e management dell\u2019Universit\u00e0 di Trento, insieme a <b>Sergio Gatti<\/b>\u00a0di Federcasse e <strong>Nina Schindler<\/strong>, Amministratrice Delegata (CEO) di EACB. A seguire, una dopo l\u2019altra, si svolgeranno le sei sessioni tematiche, in lingua inglese, composte ciascuna da tre interventi.<\/p>\n<p>Il programma e la suddivisione in giornate sono consultabili al link sotto indicato ed \u00e8 obbligatorio registrarsi compilando l&#8217;apposito modulo di partecipazione. \u00c8 prevista la possibilit\u00e0 di seguire in presenza oppure da remoto. Ai soli iscritti sar\u00e0 inviato il link per partecipare online. Tutte le sessioni si terranno in lingua inglese senza traduzione.<\/p>\n<p>&nbsp;<\/p>\n<h3><a href=\"https:\/\/euricse.eu\/wp-content\/uploads\/2022\/05\/Provisional-ProgrammeWorkshop-2022-1.pdf\" target=\"_blank\" rel=\"noopener\">PROGRAMMA<\/a><\/h3>\n<p>&nbsp;<\/p>\n<h3><a href=\"https:\/\/docs.google.com\/forms\/d\/e\/1FAIpQLSfM5tKLMWPUKCinCoprenNy14IRKRtS6M4cZGH7cFiJVDeDxg\/viewform\" target=\"_blank\" rel=\"noopener\">MODULO DI PARTECIPAZIONE (OBBLIGATORIO)<\/a><\/h3>\n<p>&nbsp;<\/p>\n<h3><a href=\"https:\/\/euricse.eu\/wp-content\/uploads\/2022\/04\/LOGISTIC-GUIDE.pdf\" target=\"_blank\" rel=\"noopener\">INFORMAZIONI LOGISTICHE<\/a><\/h3>\n<p>&nbsp;<\/p>\n<h3><a href=\"https:\/\/euricse.eu\/wp-content\/uploads\/2022\/05\/2022-Cooperative-and-Responsibile-Finance-for-Development-CALL-for-Papers.pdf\" target=\"_blank\" rel=\"noopener\">CALL FOR PAPERS 2022 e REGOLAMENTO<\/a><\/h3>\n<h3><\/h3>\n","protected":false},"excerpt":{"rendered":"<p>Il workshop di Euricse per la sua 13esima edizione vedr\u00e0 oltre 20 studiosi provenienti da tutto il mondo, per discutere sulle potenzialit\u00e0 innovative del settore Finalmente si torna in presenza dopo due edizioni online. <\/p>\n","protected":false},"author":32,"featured_media":15335,"comment_status":"closed","ping_status":"closed","sticky":false,"template":"","format":"standard","meta":{"_acf_changed":false,"episode_type":"","audio_file":"","cover_image":"","cover_image_id":"","duration":"","filesize":"","date_recorded":"","explicit":"","block":"","itunes_episode_number":"","itunes_title":"","itunes_season_number":"","itunes_episode_type":"","filesize_raw":"","footnotes":""},"categories":[17],"tags":[],"class_list":["post-15334","post","type-post","status-publish","format-standard","has-post-thumbnail","hentry","category-news-it"],"acf":[],"yoast_head":"<!-- This site is optimized with the Yoast SEO plugin v26.1.1 - https:\/\/yoast.com\/wordpress\/plugins\/seo\/ -->\n<title>13\u00b0 Workshop Internazionale sulla Finanza Cooperativa e Responsabile per lo Sviluppo - Euricse<\/title>\n<meta name=\"description\" content=\"Il\u00a013\u00b0 Workshop Internazionale sulla Finanza Cooperativa e Responsabile per lo Sviluppo sar\u00e0 a\u00a0Trento\u00a0il\u00a016 e 17 giugno con studiosi e ricercatori da tutto il mondo.\u00a0\" \/>\n<meta name=\"robots\" content=\"index, follow, max-snippet:-1, max-image-preview:large, max-video-preview:-1\" \/>\n<link rel=\"canonical\" href=\"https:\/\/euricse.eu\/it\/13-workshop-internazionale-sulla-finanza-cooperativa-e-responsabile-per-lo-sviluppo\/\" \/>\n<meta property=\"og:locale\" content=\"it_IT\" \/>\n<meta property=\"og:type\" content=\"article\" \/>\n<meta property=\"og:title\" content=\"13\u00b0 Workshop Internazionale sulla Finanza Cooperativa e Responsabile per lo Sviluppo - Euricse\" \/>\n<meta property=\"og:description\" content=\"Il\u00a013\u00b0 Workshop Internazionale sulla Finanza Cooperativa e Responsabile per lo Sviluppo sar\u00e0 a\u00a0Trento\u00a0il\u00a016 e 17 giugno con studiosi e ricercatori da tutto il mondo.\u00a0\" \/>\n<meta property=\"og:url\" content=\"https:\/\/euricse.eu\/it\/13-workshop-internazionale-sulla-finanza-cooperativa-e-responsabile-per-lo-sviluppo\/\" \/>\n<meta property=\"og:site_name\" content=\"Euricse\" \/>\n<meta property=\"article:published_time\" content=\"2022-06-06T09:35:06+00:00\" \/>\n<meta property=\"article:modified_time\" content=\"2022-06-06T14:07:27+00:00\" \/>\n<meta property=\"og:image\" content=\"https:\/\/euricse.eu\/wp-content\/uploads\/2022\/04\/Finanza-Cooperativa-Workshop.png\" \/>\n\t<meta property=\"og:image:width\" content=\"1080\" \/>\n\t<meta property=\"og:image:height\" content=\"1080\" \/>\n\t<meta property=\"og:image:type\" content=\"image\/png\" \/>\n<meta name=\"author\" content=\"Silvia\" \/>\n<meta name=\"twitter:card\" content=\"summary_large_image\" \/>\n<meta name=\"twitter:label1\" content=\"Scritto da\" \/>\n\t<meta name=\"twitter:data1\" content=\"Silvia\" \/>\n\t<meta name=\"twitter:label2\" content=\"Tempo di lettura stimato\" \/>\n\t<meta name=\"twitter:data2\" content=\"1 minuto\" \/>\n<script type=\"application\/ld+json\" class=\"yoast-schema-graph\">{\"@context\":\"https:\/\/schema.org\",\"@graph\":[{\"@type\":\"WebPage\",\"@id\":\"https:\/\/euricse.eu\/it\/13-workshop-internazionale-sulla-finanza-cooperativa-e-responsabile-per-lo-sviluppo\/\",\"url\":\"https:\/\/euricse.eu\/it\/13-workshop-internazionale-sulla-finanza-cooperativa-e-responsabile-per-lo-sviluppo\/\",\"name\":\"13\u00b0 Workshop Internazionale sulla Finanza Cooperativa e Responsabile per lo Sviluppo - Euricse\",\"isPartOf\":{\"@id\":\"https:\/\/euricse.eu\/en\/#website\"},\"primaryImageOfPage\":{\"@id\":\"https:\/\/euricse.eu\/it\/13-workshop-internazionale-sulla-finanza-cooperativa-e-responsabile-per-lo-sviluppo\/#primaryimage\"},\"image\":{\"@id\":\"https:\/\/euricse.eu\/it\/13-workshop-internazionale-sulla-finanza-cooperativa-e-responsabile-per-lo-sviluppo\/#primaryimage\"},\"thumbnailUrl\":\"https:\/\/euricse.eu\/wp-content\/uploads\/2022\/04\/Finanza-Cooperativa-Workshop.png\",\"datePublished\":\"2022-06-06T09:35:06+00:00\",\"dateModified\":\"2022-06-06T14:07:27+00:00\",\"author\":{\"@id\":\"https:\/\/euricse.eu\/en\/#\/schema\/person\/a5b25693531e3458dfedff34c273ba14\"},\"description\":\"Il\u00a013\u00b0 Workshop Internazionale sulla Finanza Cooperativa e Responsabile per lo Sviluppo sar\u00e0 a\u00a0Trento\u00a0il\u00a016 e 17 giugno con studiosi e ricercatori da tutto il mondo.\u00a0\",\"breadcrumb\":{\"@id\":\"https:\/\/euricse.eu\/it\/13-workshop-internazionale-sulla-finanza-cooperativa-e-responsabile-per-lo-sviluppo\/#breadcrumb\"},\"inLanguage\":\"it-IT\",\"potentialAction\":[{\"@type\":\"ReadAction\",\"target\":[\"https:\/\/euricse.eu\/it\/13-workshop-internazionale-sulla-finanza-cooperativa-e-responsabile-per-lo-sviluppo\/\"]}]},{\"@type\":\"ImageObject\",\"inLanguage\":\"it-IT\",\"@id\":\"https:\/\/euricse.eu\/it\/13-workshop-internazionale-sulla-finanza-cooperativa-e-responsabile-per-lo-sviluppo\/#primaryimage\",\"url\":\"https:\/\/euricse.eu\/wp-content\/uploads\/2022\/04\/Finanza-Cooperativa-Workshop.png\",\"contentUrl\":\"https:\/\/euricse.eu\/wp-content\/uploads\/2022\/04\/Finanza-Cooperativa-Workshop.png\",\"width\":1080,\"height\":1080},{\"@type\":\"BreadcrumbList\",\"@id\":\"https:\/\/euricse.eu\/it\/13-workshop-internazionale-sulla-finanza-cooperativa-e-responsabile-per-lo-sviluppo\/#breadcrumb\",\"itemListElement\":[{\"@type\":\"ListItem\",\"position\":1,\"name\":\"Home\",\"item\":\"https:\/\/euricse.eu\/it\/\"},{\"@type\":\"ListItem\",\"position\":2,\"name\":\"13\u00b0 Workshop Internazionale sulla Finanza Cooperativa e Responsabile per lo Sviluppo\"}]},{\"@type\":\"WebSite\",\"@id\":\"https:\/\/euricse.eu\/en\/#website\",\"url\":\"https:\/\/euricse.eu\/en\/\",\"name\":\"Euricse\",\"description\":\"Knowledge and innovation for cooperative and social enterprises.\",\"potentialAction\":[{\"@type\":\"SearchAction\",\"target\":{\"@type\":\"EntryPoint\",\"urlTemplate\":\"https:\/\/euricse.eu\/en\/?s={search_term_string}\"},\"query-input\":{\"@type\":\"PropertyValueSpecification\",\"valueRequired\":true,\"valueName\":\"search_term_string\"}}],\"inLanguage\":\"it-IT\"},{\"@type\":\"Person\",\"@id\":\"https:\/\/euricse.eu\/en\/#\/schema\/person\/a5b25693531e3458dfedff34c273ba14\",\"name\":\"Silvia\",\"image\":{\"@type\":\"ImageObject\",\"inLanguage\":\"it-IT\",\"@id\":\"https:\/\/euricse.eu\/en\/#\/schema\/person\/image\/\",\"url\":\"https:\/\/secure.gravatar.com\/avatar\/3cef1082b65edc85f1a4c0caa7ce4808f397a517b7217eab6215fe435640f8f7?s=96&d=mm&r=g\",\"contentUrl\":\"https:\/\/secure.gravatar.com\/avatar\/3cef1082b65edc85f1a4c0caa7ce4808f397a517b7217eab6215fe435640f8f7?s=96&d=mm&r=g\",\"caption\":\"Silvia\"},\"url\":\"https:\/\/euricse.eu\/it\/author\/silvia\/\"}]}<\/script>\n<!-- \/ Yoast SEO plugin. -->","yoast_head_json":{"title":"13\u00b0 Workshop Internazionale sulla Finanza Cooperativa e Responsabile per lo Sviluppo - Euricse","description":"Il\u00a013\u00b0 Workshop Internazionale sulla Finanza Cooperativa e Responsabile per lo Sviluppo sar\u00e0 a\u00a0Trento\u00a0il\u00a016 e 17 giugno con studiosi e ricercatori da tutto il mondo.\u00a0","robots":{"index":"index","follow":"follow","max-snippet":"max-snippet:-1","max-image-preview":"max-image-preview:large","max-video-preview":"max-video-preview:-1"},"canonical":"https:\/\/euricse.eu\/it\/13-workshop-internazionale-sulla-finanza-cooperativa-e-responsabile-per-lo-sviluppo\/","og_locale":"it_IT","og_type":"article","og_title":"13\u00b0 Workshop Internazionale sulla Finanza Cooperativa e Responsabile per lo Sviluppo - Euricse","og_description":"Il\u00a013\u00b0 Workshop Internazionale sulla Finanza Cooperativa e Responsabile per lo Sviluppo sar\u00e0 a\u00a0Trento\u00a0il\u00a016 e 17 giugno con studiosi e ricercatori da tutto il mondo.\u00a0","og_url":"https:\/\/euricse.eu\/it\/13-workshop-internazionale-sulla-finanza-cooperativa-e-responsabile-per-lo-sviluppo\/","og_site_name":"Euricse","article_published_time":"2022-06-06T09:35:06+00:00","article_modified_time":"2022-06-06T14:07:27+00:00","og_image":[{"width":1080,"height":1080,"url":"https:\/\/euricse.eu\/wp-content\/uploads\/2022\/04\/Finanza-Cooperativa-Workshop.png","type":"image\/png"}],"author":"Silvia","twitter_card":"summary_large_image","twitter_misc":{"Scritto da":"Silvia","Tempo di lettura stimato":"1 minuto"},"schema":{"@context":"https:\/\/schema.org","@graph":[{"@type":"WebPage","@id":"https:\/\/euricse.eu\/it\/13-workshop-internazionale-sulla-finanza-cooperativa-e-responsabile-per-lo-sviluppo\/","url":"https:\/\/euricse.eu\/it\/13-workshop-internazionale-sulla-finanza-cooperativa-e-responsabile-per-lo-sviluppo\/","name":"13\u00b0 Workshop Internazionale sulla Finanza Cooperativa e Responsabile per lo Sviluppo - Euricse","isPartOf":{"@id":"https:\/\/euricse.eu\/en\/#website"},"primaryImageOfPage":{"@id":"https:\/\/euricse.eu\/it\/13-workshop-internazionale-sulla-finanza-cooperativa-e-responsabile-per-lo-sviluppo\/#primaryimage"},"image":{"@id":"https:\/\/euricse.eu\/it\/13-workshop-internazionale-sulla-finanza-cooperativa-e-responsabile-per-lo-sviluppo\/#primaryimage"},"thumbnailUrl":"https:\/\/euricse.eu\/wp-content\/uploads\/2022\/04\/Finanza-Cooperativa-Workshop.png","datePublished":"2022-06-06T09:35:06+00:00","dateModified":"2022-06-06T14:07:27+00:00","author":{"@id":"https:\/\/euricse.eu\/en\/#\/schema\/person\/a5b25693531e3458dfedff34c273ba14"},"description":"Il\u00a013\u00b0 Workshop Internazionale sulla Finanza Cooperativa e Responsabile per lo Sviluppo sar\u00e0 a\u00a0Trento\u00a0il\u00a016 e 17 giugno con studiosi e ricercatori da tutto il mondo.\u00a0","breadcrumb":{"@id":"https:\/\/euricse.eu\/it\/13-workshop-internazionale-sulla-finanza-cooperativa-e-responsabile-per-lo-sviluppo\/#breadcrumb"},"inLanguage":"it-IT","potentialAction":[{"@type":"ReadAction","target":["https:\/\/euricse.eu\/it\/13-workshop-internazionale-sulla-finanza-cooperativa-e-responsabile-per-lo-sviluppo\/"]}]},{"@type":"ImageObject","inLanguage":"it-IT","@id":"https:\/\/euricse.eu\/it\/13-workshop-internazionale-sulla-finanza-cooperativa-e-responsabile-per-lo-sviluppo\/#primaryimage","url":"https:\/\/euricse.eu\/wp-content\/uploads\/2022\/04\/Finanza-Cooperativa-Workshop.png","contentUrl":"https:\/\/euricse.eu\/wp-content\/uploads\/2022\/04\/Finanza-Cooperativa-Workshop.png","width":1080,"height":1080},{"@type":"BreadcrumbList","@id":"https:\/\/euricse.eu\/it\/13-workshop-internazionale-sulla-finanza-cooperativa-e-responsabile-per-lo-sviluppo\/#breadcrumb","itemListElement":[{"@type":"ListItem","position":1,"name":"Home","item":"https:\/\/euricse.eu\/it\/"},{"@type":"ListItem","position":2,"name":"13\u00b0 Workshop Internazionale sulla Finanza Cooperativa e Responsabile per lo Sviluppo"}]},{"@type":"WebSite","@id":"https:\/\/euricse.eu\/en\/#website","url":"https:\/\/euricse.eu\/en\/","name":"Euricse","description":"Knowledge and innovation for cooperative and social enterprises.","potentialAction":[{"@type":"SearchAction","target":{"@type":"EntryPoint","urlTemplate":"https:\/\/euricse.eu\/en\/?s={search_term_string}"},"query-input":{"@type":"PropertyValueSpecification","valueRequired":true,"valueName":"search_term_string"}}],"inLanguage":"it-IT"},{"@type":"Person","@id":"https:\/\/euricse.eu\/en\/#\/schema\/person\/a5b25693531e3458dfedff34c273ba14","name":"Silvia","image":{"@type":"ImageObject","inLanguage":"it-IT","@id":"https:\/\/euricse.eu\/en\/#\/schema\/person\/image\/","url":"https:\/\/secure.gravatar.com\/avatar\/3cef1082b65edc85f1a4c0caa7ce4808f397a517b7217eab6215fe435640f8f7?s=96&d=mm&r=g","contentUrl":"https:\/\/secure.gravatar.com\/avatar\/3cef1082b65edc85f1a4c0caa7ce4808f397a517b7217eab6215fe435640f8f7?s=96&d=mm&r=g","caption":"Silvia"},"url":"https:\/\/euricse.eu\/it\/author\/silvia\/"}]}},"_links":{"self":[{"href":"https:\/\/euricse.eu\/it\/wp-json\/wp\/v2\/posts\/15334","targetHints":{"allow":["GET"]}}],"collection":[{"href":"https:\/\/euricse.eu\/it\/wp-json\/wp\/v2\/posts"}],"about":[{"href":"https:\/\/euricse.eu\/it\/wp-json\/wp\/v2\/types\/post"}],"author":[{"embeddable":true,"href":"https:\/\/euricse.eu\/it\/wp-json\/wp\/v2\/users\/32"}],"replies":[{"embeddable":true,"href":"https:\/\/euricse.eu\/it\/wp-json\/wp\/v2\/comments?post=15334"}],"version-history":[{"count":1,"href":"https:\/\/euricse.eu\/it\/wp-json\/wp\/v2\/posts\/15334\/revisions"}],"predecessor-version":[{"id":15886,"href":"https:\/\/euricse.eu\/it\/wp-json\/wp\/v2\/posts\/15334\/revisions\/15886"}],"wp:featuredmedia":[{"embeddable":true,"href":"https:\/\/euricse.eu\/it\/wp-json\/wp\/v2\/media\/15335"}],"wp:attachment":[{"href":"https:\/\/euricse.eu\/it\/wp-json\/wp\/v2\/media?parent=15334"}],"wp:term":[{"taxonomy":"category","embeddable":true,"href":"https:\/\/euricse.eu\/it\/wp-json\/wp\/v2\/categories?post=15334"},{"taxonomy":"post_tag","embeddable":true,"href":"https:\/\/euricse.eu\/it\/wp-json\/wp\/v2\/tags?post=15334"}],"curies":[{"name":"wp","href":"https:\/\/api.w.org\/{rel}","templated":true}]}}