{"id":15763,"date":"2022-05-13T10:12:18","date_gmt":"2022-05-13T09:12:18","guid":{"rendered":"https:\/\/euricse.eu\/?p=15763"},"modified":"2022-05-13T10:15:46","modified_gmt":"2022-05-13T09:15:46","slug":"agire-la-sostenibilita-i-webinar-di-approfondimento","status":"publish","type":"post","link":"https:\/\/euricse.eu\/it\/agire-la-sostenibilita-i-webinar-di-approfondimento\/","title":{"rendered":"Agire la sostenibilit\u00e0: i webinar di approfondimento"},"content":{"rendered":"<p><em>Fon.Coop presenta due seminari tematici on line per approfondire il tema della formazione alla sostenibilit\u00e0. <\/em><\/p>\n<p><em>I seminari si inseriscono nell\u2019ambito delle iniziative di promozione dell\u2019<\/em><a href=\"https:\/\/www.foncoop.coop\/fondo-di-rotazione\/avviso-50\/\">Avviso 50<\/a><em> che gi\u00e0 nel titolo &#8211; \u201cNuove competenze per agire la sostenibilit\u00e0\u201d &#8211; \u00e8 focalizzato su questo tema ma vogliono elemento di stimolo per tutta la formazione finanziata dai canali Fon.Coop.<\/em><\/p>\n<p><em>L\u2019attuale contesto sociale ed economico impone alle imprese, come anche alle lavoratrici ed ai lavoratori, rapidi cambiamenti e il Fondo ha orientato tutta la <\/em><a href=\"https:\/\/www.foncoop.coop\/wp-content\/uploads\/2022\/05\/FonCoop-Programmazione-FdR-2022.pdf\">programmazione dei finanziamenti alla formazione 2022<\/a><em> sulla promozione della cultura della sostenibilit\u00e0. Sostenibilit\u00e0 quale valore fondante dei processi di riorganizzazione o riposizionamento delle imprese che acquisiscono, con la formazione e l\u2019upskillink e il reskilling di competenze evolute, competitivit\u00e0 e mentalit\u00e0 innovative.<\/em><\/p>\n<p><em>Riteniamo che questi seminari possano interessare e coinvolgere tutte le imprese che fanno formazione con Fon.Coop \u2013 o che sono intenzionate a farlo \u2013 insieme agli enti di formazione, per arricchire di nuovi spunti la domanda formativa e la progettazione.<\/em><\/p>\n<p><em>\u00a0<\/em><\/p>\n<p><em> <img loading=\"lazy\" decoding=\"async\" class=\"wp-image-15768 size-medium alignleft\" src=\"https:\/\/euricse.eu\/wp-content\/uploads\/2022\/05\/FB-webinar-a1-300x300.png\" alt=\"\" width=\"300\" height=\"300\" srcset=\"https:\/\/euricse.eu\/wp-content\/uploads\/2022\/05\/FB-webinar-a1-300x300.png 300w, https:\/\/euricse.eu\/wp-content\/uploads\/2022\/05\/FB-webinar-a1-400x400.png 400w, https:\/\/euricse.eu\/wp-content\/uploads\/2022\/05\/FB-webinar-a1.png 680w\" sizes=\"auto, (max-width: 300px) 100vw, 300px\" \/><\/em><\/p>\n<p><em><strong>webinar 1 &#8211; Sostenibilit\u00e0 e governance cooperativa<\/strong><\/em><\/p>\n<p><em>con Vincenzo Marino e Pietro Moro <\/em><\/p>\n<p><em>Luned\u00ec 16 maggio ore 11:00 \u2013 12:30<\/em><\/p>\n<p><a href=\"https:\/\/www.foncoop.coop\/seminari\/iscrizione-webinar-1\/\">Iscriviti qui<\/a><\/p>\n<p><em>\u00a0<\/em><\/p>\n<p>&nbsp;<\/p>\n<p>&nbsp;<\/p>\n<p>&nbsp;<\/p>\n<p><em> <img loading=\"lazy\" decoding=\"async\" class=\"size-medium wp-image-15764 alignleft\" src=\"https:\/\/euricse.eu\/wp-content\/uploads\/2022\/05\/FB-webinar-c1-300x300.png\" alt=\"\" width=\"300\" height=\"300\" srcset=\"https:\/\/euricse.eu\/wp-content\/uploads\/2022\/05\/FB-webinar-c1-300x300.png 300w, https:\/\/euricse.eu\/wp-content\/uploads\/2022\/05\/FB-webinar-c1-400x400.png 400w, https:\/\/euricse.eu\/wp-content\/uploads\/2022\/05\/FB-webinar-c1.png 680w\" sizes=\"auto, (max-width: 300px) 100vw, 300px\" \/><\/em><\/p>\n<p><em><strong>webinar 2 &#8211; Formazione e sostenibilit\u00e0 ambientale, sociale, imprenditoriale<\/strong><\/em><\/p>\n<p><em>con Luigi Corvo e Paolo Fontana<\/em><\/p>\n<p><em>venerd\u00ec 20 maggio dalle 10:00 alle 11:30<\/em><\/p>\n<p><a href=\"https:\/\/www.foncoop.coop\/seminari\/iscrizione-webinar-2\/\">Iscriviti qui<\/a><\/p>\n<p><em>\u00a0<\/em><\/p>\n<p>&nbsp;<\/p>\n<p>&nbsp;<\/p>\n<p>&nbsp;<\/p>\n<h3><em><strong>Le biografie dei relatori<\/strong><\/em><\/h3>\n<p><strong>Vincenzo Marino<\/strong> \u00e8 laureato in Economia e Commercio presso l\u2019Universit\u00e0 degli Studi Federico II di Napoli, \u00e8 stato dottore di ricerca in Politiche per lo sviluppo economico e professore a contratto di Economia presso le Universit\u00e0 di Napoli e di Cassino.<\/p>\n<p>\u00c8 nel mondo della cooperazione dal 2006, dapprima come Direttore di Elabora soc. coop., oggi \u00e8 Direttore Generale di Italia Consulting Network S.p.A. \u00c8 consigliere delegato del Consorzio Nazionale di formazione cooperativa. Membro del Comitato Scientifico del Master in Impresa Cooperativa della III Universit\u00e0 di Roma. Membro del Comitato Scientifico del Master Universitario in Economia Cooperativa dell\u2019Universit\u00e0 di Bologna.<\/p>\n<p><strong>Pietro Moro.<\/strong> Avvocato d\u2019impresa, ha maturato una trentennale esperienza nell\u2019analisi e gestione delle tematiche giuridiche e gestionali delle imprese cooperative e degli enti di terzo settore. In particolare, ha sviluppato una specifica competenza nell\u2019organizzare e coordinare team di lavoro multispecialistici finalizzati ad offrire risposte integrate ai bisogni imprenditoriali o di corporate governance dei committenti.<\/p>\n<p>Ha maturato una lunga esperienza come componente di organi amministrativi di imprese pubbliche e private nonch\u00e9 organismi di vigilanza. Svolge abitualmente attivit\u00e0 di formatore.<\/p>\n<p>&nbsp;<\/p>\n<p><strong>Luigi Corvo<\/strong> \u00e8 ricercatore sui temi di Innovazione Sociale e Imprenditoria Sociale presso il Dipartimento di Scienze Economico Aziendali e Diritto per l&#8217;Economia dell&#8217;Universit\u00e0 degli Studi di Milano-Bicocca. Ha lavorato per 10 anni come ricercatore e professore a contratto in CSR e Imprenditoria Sociale e Innovazione presso l&#8217;Universit\u00e0 degli Studi di Roma \u201cTor Vergata\u201d. Dal 2021 \u00e8 membro del Consiglio Nazionale del Terzo Settore, del Ministero del Lavoro e delle Politiche Sociali. Nel 2019 Luigi ha fondato Open Impact.<\/p>\n<p><strong>Paolo Fontana<\/strong>, sociologo, coordina l\u2019area formazione della Fondazione Euricse. \u00c8 esperto di analisi del fabbisogno e di progettazione di interventi complessi per lo sviluppo strategico delle imprese sociali e organizzazioni non profit.\u00a0 All&#8217;interno del \u201cMaster GIS \u2013 Master Universitario in Gestione di Imprese Sociali\u201d conduce gli interventi di orientamento e di placement.<\/p>\n<p><em>\u00a0<\/em><\/p>\n","protected":false},"excerpt":{"rendered":"<p>Fon.Coop presenta due seminari tematici on line per approfondire il tema della formazione alla sostenibilit\u00e0. Il 16 maggio e il 20 maggio con il nostro Paolo Fontana, responsabile formazione in Euricse. <\/p>\n","protected":false},"author":30,"featured_media":15766,"comment_status":"closed","ping_status":"closed","sticky":false,"template":"","format":"standard","meta":{"_acf_changed":false,"episode_type":"","audio_file":"","cover_image":"","cover_image_id":"","duration":"","filesize":"","date_recorded":"","explicit":"","block":"","itunes_episode_number":"","itunes_title":"","itunes_season_number":"","itunes_episode_type":"","filesize_raw":"","footnotes":""},"categories":[15],"tags":[264,1042],"class_list":["post-15763","post","type-post","status-publish","format-standard","has-post-thumbnail","hentry","category-eventi","tag-formazione","tag-paolo-fontana"],"acf":[],"yoast_head":"<!-- This site is optimized with the Yoast SEO plugin v26.1.1 - https:\/\/yoast.com\/wordpress\/plugins\/seo\/ -->\n<title>Agire la sostenibilit\u00e0: i webinar di approfondimento - Euricse<\/title>\n<meta name=\"description\" content=\"Fon.Coop presenta due seminari tematici on line per approfondire il tema della formazione alla sostenibilit\u00e0.\" \/>\n<meta name=\"robots\" content=\"index, follow, max-snippet:-1, max-image-preview:large, max-video-preview:-1\" \/>\n<link rel=\"canonical\" href=\"https:\/\/euricse.eu\/it\/agire-la-sostenibilita-i-webinar-di-approfondimento\/\" \/>\n<meta property=\"og:locale\" content=\"it_IT\" \/>\n<meta property=\"og:type\" content=\"article\" \/>\n<meta property=\"og:title\" content=\"Agire la sostenibilit\u00e0: i webinar di approfondimento - Euricse\" \/>\n<meta property=\"og:description\" content=\"Fon.Coop presenta due seminari tematici on line per approfondire il tema della formazione alla sostenibilit\u00e0.\" \/>\n<meta property=\"og:url\" content=\"https:\/\/euricse.eu\/it\/agire-la-sostenibilita-i-webinar-di-approfondimento\/\" \/>\n<meta property=\"og:site_name\" content=\"Euricse\" \/>\n<meta property=\"article:published_time\" content=\"2022-05-13T09:12:18+00:00\" \/>\n<meta property=\"article:modified_time\" content=\"2022-05-13T09:15:46+00:00\" \/>\n<meta property=\"og:image\" content=\"https:\/\/euricse.eu\/wp-content\/uploads\/2022\/05\/Logo-Foncoop-Trasparente-per-newsletter.jpg\" \/>\n\t<meta property=\"og:image:width\" content=\"580\" \/>\n\t<meta property=\"og:image:height\" content=\"300\" \/>\n\t<meta property=\"og:image:type\" content=\"image\/jpeg\" \/>\n<meta name=\"author\" content=\"redazione\" \/>\n<meta name=\"twitter:card\" content=\"summary_large_image\" \/>\n<meta name=\"twitter:label1\" content=\"Scritto da\" \/>\n\t<meta name=\"twitter:data1\" content=\"redazione\" \/>\n\t<meta name=\"twitter:label2\" content=\"Tempo di lettura stimato\" \/>\n\t<meta name=\"twitter:data2\" content=\"3 minuti\" \/>\n<script type=\"application\/ld+json\" class=\"yoast-schema-graph\">{\"@context\":\"https:\/\/schema.org\",\"@graph\":[{\"@type\":\"WebPage\",\"@id\":\"https:\/\/euricse.eu\/it\/agire-la-sostenibilita-i-webinar-di-approfondimento\/\",\"url\":\"https:\/\/euricse.eu\/it\/agire-la-sostenibilita-i-webinar-di-approfondimento\/\",\"name\":\"Agire la sostenibilit\u00e0: i webinar di approfondimento - Euricse\",\"isPartOf\":{\"@id\":\"https:\/\/euricse.eu\/en\/#website\"},\"primaryImageOfPage\":{\"@id\":\"https:\/\/euricse.eu\/it\/agire-la-sostenibilita-i-webinar-di-approfondimento\/#primaryimage\"},\"image\":{\"@id\":\"https:\/\/euricse.eu\/it\/agire-la-sostenibilita-i-webinar-di-approfondimento\/#primaryimage\"},\"thumbnailUrl\":\"https:\/\/euricse.eu\/wp-content\/uploads\/2022\/05\/Logo-Foncoop-Trasparente-per-newsletter.jpg\",\"datePublished\":\"2022-05-13T09:12:18+00:00\",\"dateModified\":\"2022-05-13T09:15:46+00:00\",\"author\":{\"@id\":\"https:\/\/euricse.eu\/en\/#\/schema\/person\/46be9426d76e3114ba478b69f3d8040b\"},\"description\":\"Fon.Coop presenta due seminari tematici on line per approfondire il tema della formazione alla sostenibilit\u00e0.\",\"breadcrumb\":{\"@id\":\"https:\/\/euricse.eu\/it\/agire-la-sostenibilita-i-webinar-di-approfondimento\/#breadcrumb\"},\"inLanguage\":\"it-IT\",\"potentialAction\":[{\"@type\":\"ReadAction\",\"target\":[\"https:\/\/euricse.eu\/it\/agire-la-sostenibilita-i-webinar-di-approfondimento\/\"]}]},{\"@type\":\"ImageObject\",\"inLanguage\":\"it-IT\",\"@id\":\"https:\/\/euricse.eu\/it\/agire-la-sostenibilita-i-webinar-di-approfondimento\/#primaryimage\",\"url\":\"https:\/\/euricse.eu\/wp-content\/uploads\/2022\/05\/Logo-Foncoop-Trasparente-per-newsletter.jpg\",\"contentUrl\":\"https:\/\/euricse.eu\/wp-content\/uploads\/2022\/05\/Logo-Foncoop-Trasparente-per-newsletter.jpg\",\"width\":580,\"height\":300},{\"@type\":\"BreadcrumbList\",\"@id\":\"https:\/\/euricse.eu\/it\/agire-la-sostenibilita-i-webinar-di-approfondimento\/#breadcrumb\",\"itemListElement\":[{\"@type\":\"ListItem\",\"position\":1,\"name\":\"Home\",\"item\":\"https:\/\/euricse.eu\/it\/\"},{\"@type\":\"ListItem\",\"position\":2,\"name\":\"Agire la sostenibilit\u00e0: i webinar di approfondimento\"}]},{\"@type\":\"WebSite\",\"@id\":\"https:\/\/euricse.eu\/en\/#website\",\"url\":\"https:\/\/euricse.eu\/en\/\",\"name\":\"Euricse\",\"description\":\"Knowledge and innovation for cooperative and social enterprises.\",\"potentialAction\":[{\"@type\":\"SearchAction\",\"target\":{\"@type\":\"EntryPoint\",\"urlTemplate\":\"https:\/\/euricse.eu\/en\/?s={search_term_string}\"},\"query-input\":{\"@type\":\"PropertyValueSpecification\",\"valueRequired\":true,\"valueName\":\"search_term_string\"}}],\"inLanguage\":\"it-IT\"},{\"@type\":\"Person\",\"@id\":\"https:\/\/euricse.eu\/en\/#\/schema\/person\/46be9426d76e3114ba478b69f3d8040b\",\"name\":\"redazione\",\"image\":{\"@type\":\"ImageObject\",\"inLanguage\":\"it-IT\",\"@id\":\"https:\/\/euricse.eu\/en\/#\/schema\/person\/image\/\",\"url\":\"https:\/\/secure.gravatar.com\/avatar\/d1e5fb76fa001722a0822f32de0a8935d9c7a01b0f055f16dc71df73252c3c50?s=96&d=mm&r=g\",\"contentUrl\":\"https:\/\/secure.gravatar.com\/avatar\/d1e5fb76fa001722a0822f32de0a8935d9c7a01b0f055f16dc71df73252c3c50?s=96&d=mm&r=g\",\"caption\":\"redazione\"},\"url\":\"https:\/\/euricse.eu\/it\/author\/marikadmin\/\"}]}<\/script>\n<!-- \/ Yoast SEO plugin. -->","yoast_head_json":{"title":"Agire la sostenibilit\u00e0: i webinar di approfondimento - Euricse","description":"Fon.Coop presenta due seminari tematici on line per approfondire il tema della formazione alla sostenibilit\u00e0.","robots":{"index":"index","follow":"follow","max-snippet":"max-snippet:-1","max-image-preview":"max-image-preview:large","max-video-preview":"max-video-preview:-1"},"canonical":"https:\/\/euricse.eu\/it\/agire-la-sostenibilita-i-webinar-di-approfondimento\/","og_locale":"it_IT","og_type":"article","og_title":"Agire la sostenibilit\u00e0: i webinar di approfondimento - Euricse","og_description":"Fon.Coop presenta due seminari tematici on line per approfondire il tema della formazione alla sostenibilit\u00e0.","og_url":"https:\/\/euricse.eu\/it\/agire-la-sostenibilita-i-webinar-di-approfondimento\/","og_site_name":"Euricse","article_published_time":"2022-05-13T09:12:18+00:00","article_modified_time":"2022-05-13T09:15:46+00:00","og_image":[{"width":580,"height":300,"url":"https:\/\/euricse.eu\/wp-content\/uploads\/2022\/05\/Logo-Foncoop-Trasparente-per-newsletter.jpg","type":"image\/jpeg"}],"author":"redazione","twitter_card":"summary_large_image","twitter_misc":{"Scritto da":"redazione","Tempo di lettura stimato":"3 minuti"},"schema":{"@context":"https:\/\/schema.org","@graph":[{"@type":"WebPage","@id":"https:\/\/euricse.eu\/it\/agire-la-sostenibilita-i-webinar-di-approfondimento\/","url":"https:\/\/euricse.eu\/it\/agire-la-sostenibilita-i-webinar-di-approfondimento\/","name":"Agire la sostenibilit\u00e0: i webinar di approfondimento - Euricse","isPartOf":{"@id":"https:\/\/euricse.eu\/en\/#website"},"primaryImageOfPage":{"@id":"https:\/\/euricse.eu\/it\/agire-la-sostenibilita-i-webinar-di-approfondimento\/#primaryimage"},"image":{"@id":"https:\/\/euricse.eu\/it\/agire-la-sostenibilita-i-webinar-di-approfondimento\/#primaryimage"},"thumbnailUrl":"https:\/\/euricse.eu\/wp-content\/uploads\/2022\/05\/Logo-Foncoop-Trasparente-per-newsletter.jpg","datePublished":"2022-05-13T09:12:18+00:00","dateModified":"2022-05-13T09:15:46+00:00","author":{"@id":"https:\/\/euricse.eu\/en\/#\/schema\/person\/46be9426d76e3114ba478b69f3d8040b"},"description":"Fon.Coop presenta due seminari tematici on line per approfondire il tema della formazione alla sostenibilit\u00e0.","breadcrumb":{"@id":"https:\/\/euricse.eu\/it\/agire-la-sostenibilita-i-webinar-di-approfondimento\/#breadcrumb"},"inLanguage":"it-IT","potentialAction":[{"@type":"ReadAction","target":["https:\/\/euricse.eu\/it\/agire-la-sostenibilita-i-webinar-di-approfondimento\/"]}]},{"@type":"ImageObject","inLanguage":"it-IT","@id":"https:\/\/euricse.eu\/it\/agire-la-sostenibilita-i-webinar-di-approfondimento\/#primaryimage","url":"https:\/\/euricse.eu\/wp-content\/uploads\/2022\/05\/Logo-Foncoop-Trasparente-per-newsletter.jpg","contentUrl":"https:\/\/euricse.eu\/wp-content\/uploads\/2022\/05\/Logo-Foncoop-Trasparente-per-newsletter.jpg","width":580,"height":300},{"@type":"BreadcrumbList","@id":"https:\/\/euricse.eu\/it\/agire-la-sostenibilita-i-webinar-di-approfondimento\/#breadcrumb","itemListElement":[{"@type":"ListItem","position":1,"name":"Home","item":"https:\/\/euricse.eu\/it\/"},{"@type":"ListItem","position":2,"name":"Agire la sostenibilit\u00e0: i webinar di approfondimento"}]},{"@type":"WebSite","@id":"https:\/\/euricse.eu\/en\/#website","url":"https:\/\/euricse.eu\/en\/","name":"Euricse","description":"Knowledge and innovation for cooperative and social enterprises.","potentialAction":[{"@type":"SearchAction","target":{"@type":"EntryPoint","urlTemplate":"https:\/\/euricse.eu\/en\/?s={search_term_string}"},"query-input":{"@type":"PropertyValueSpecification","valueRequired":true,"valueName":"search_term_string"}}],"inLanguage":"it-IT"},{"@type":"Person","@id":"https:\/\/euricse.eu\/en\/#\/schema\/person\/46be9426d76e3114ba478b69f3d8040b","name":"redazione","image":{"@type":"ImageObject","inLanguage":"it-IT","@id":"https:\/\/euricse.eu\/en\/#\/schema\/person\/image\/","url":"https:\/\/secure.gravatar.com\/avatar\/d1e5fb76fa001722a0822f32de0a8935d9c7a01b0f055f16dc71df73252c3c50?s=96&d=mm&r=g","contentUrl":"https:\/\/secure.gravatar.com\/avatar\/d1e5fb76fa001722a0822f32de0a8935d9c7a01b0f055f16dc71df73252c3c50?s=96&d=mm&r=g","caption":"redazione"},"url":"https:\/\/euricse.eu\/it\/author\/marikadmin\/"}]}},"_links":{"self":[{"href":"https:\/\/euricse.eu\/it\/wp-json\/wp\/v2\/posts\/15763","targetHints":{"allow":["GET"]}}],"collection":[{"href":"https:\/\/euricse.eu\/it\/wp-json\/wp\/v2\/posts"}],"about":[{"href":"https:\/\/euricse.eu\/it\/wp-json\/wp\/v2\/types\/post"}],"author":[{"embeddable":true,"href":"https:\/\/euricse.eu\/it\/wp-json\/wp\/v2\/users\/30"}],"replies":[{"embeddable":true,"href":"https:\/\/euricse.eu\/it\/wp-json\/wp\/v2\/comments?post=15763"}],"version-history":[{"count":2,"href":"https:\/\/euricse.eu\/it\/wp-json\/wp\/v2\/posts\/15763\/revisions"}],"predecessor-version":[{"id":15778,"href":"https:\/\/euricse.eu\/it\/wp-json\/wp\/v2\/posts\/15763\/revisions\/15778"}],"wp:featuredmedia":[{"embeddable":true,"href":"https:\/\/euricse.eu\/it\/wp-json\/wp\/v2\/media\/15766"}],"wp:attachment":[{"href":"https:\/\/euricse.eu\/it\/wp-json\/wp\/v2\/media?parent=15763"}],"wp:term":[{"taxonomy":"category","embeddable":true,"href":"https:\/\/euricse.eu\/it\/wp-json\/wp\/v2\/categories?post=15763"},{"taxonomy":"post_tag","embeddable":true,"href":"https:\/\/euricse.eu\/it\/wp-json\/wp\/v2\/tags?post=15763"}],"curies":[{"name":"wp","href":"https:\/\/api.w.org\/{rel}","templated":true}]}}