{"id":15932,"date":"2022-06-06T14:44:29","date_gmt":"2022-06-06T13:44:29","guid":{"rendered":"https:\/\/euricse.eu\/?p=15932"},"modified":"2022-06-06T14:52:13","modified_gmt":"2022-06-06T13:52:13","slug":"al-festival-economia-di-trento-si-e-parlato-del-ruolo-delleconomia-sociale-alla-prova-dei-mercati","status":"publish","type":"post","link":"https:\/\/euricse.eu\/it\/al-festival-economia-di-trento-si-e-parlato-del-ruolo-delleconomia-sociale-alla-prova-dei-mercati\/","title":{"rendered":"Al\u00a0Festival Economia di Trento si \u00e8 parlato del ruolo dell\u2019economia sociale alla prova dei mercati"},"content":{"rendered":"<p>Al Festival Economia di Trento 2022 si \u00e8 parlato del ruolo dell\u2019economia sociale alla prova dei mercati. Per la verit\u00e0, come ha osservato il segretario generale di Euricse <strong>Gianluca Salvatori<\/strong>, una crisi dopo l\u2019altra ha portato il mercato a una vera autodiagnosi, e ha mostrato i propri limiti. E una via alternativa: la collaborazione tra \u201ccittadini associati\u201d, istituzioni pubbliche, il privato for profit, per arrivare all\u2019attuazione dell\u2019interesse generale.<\/p>\n<p>\u201cFino a pochi anni fa \u2013 ha detto Salvatori \u2013 l\u2019economia sociale veniva interpellata solo come soggetto riparatore, capace di intervenire solo in ultima istanza. Adesso si pensa di trattare diversamente questo settore, a partire da una fiscalit\u00e0 di favore, ma ci sono volute le crisi del 2008, del 2012, il Covid e ora la guerra.\u00a0Il Piano di azione (Action Plan) approvato a dicembre \u00e8 una svolta. La durata \u00e8 decennale, ci vorr\u00e0 del tempo, ma il momento \u00e8 favorevole\u201d.<span class=\"Apple-converted-space\">\u00a0<\/span><\/p>\n<p>&nbsp;<\/p>\n<div class=\"cxmmr5t8 oygrvhab hcukyx3x c1et5uql o9v6fnle ii04i59q\">\n<ul>\n<li dir=\"auto\">\n<h3><a href=\"https:\/\/lnkd.in\/eRAg5Evw\" target=\"_blank\" rel=\"noopener\">Leggi il comunicato<\/a><\/h3>\n<\/li>\n<li>\n<h3 dir=\"auto\"><a href=\"http:\/\/ow.ly\/2PVY50JqbfX\" target=\"_blank\" rel=\"noopener\">Rivedi il panel<\/a><\/h3>\n<\/li>\n<\/ul>\n<\/div>\n<div class=\"cxmmr5t8 oygrvhab hcukyx3x c1et5uql o9v6fnle ii04i59q\">\n<div dir=\"auto\"><\/div>\n<\/div>\n","protected":false},"excerpt":{"rendered":"<p>Al Festival Economia di Trento 2022 si \u00e8 parlato del ruolo dell\u2019economia sociale alla prova dei mercati. Tra i relatori anche il segretario generale di Euricse Gianluca Salvatori. <\/p>\n","protected":false},"author":30,"featured_media":15933,"comment_status":"closed","ping_status":"closed","sticky":false,"template":"","format":"standard","meta":{"_acf_changed":false,"episode_type":"","audio_file":"","cover_image":"","cover_image_id":"","duration":"","filesize":"","date_recorded":"","explicit":"","block":"","itunes_episode_number":"","itunes_title":"","itunes_season_number":"","itunes_episode_type":"","filesize_raw":"","footnotes":""},"categories":[17],"tags":[1054],"class_list":["post-15932","post","type-post","status-publish","format-standard","has-post-thumbnail","hentry","category-news-it","tag-economia-soiale"],"acf":[],"yoast_head":"<!-- This site is optimized with the Yoast SEO plugin v26.1.1 - https:\/\/yoast.com\/wordpress\/plugins\/seo\/ -->\n<title>Al\u00a0Festival Economia di Trento si \u00e8 parlato del ruolo dell\u2019economia sociale alla prova dei mercati - Euricse<\/title>\n<meta name=\"description\" content=\"Al Festival Economia di Trento 2022 si \u00e8 parlato del ruolo dell\u2019economia sociale alla prova dei mercati. Tra i relatori anche il segretario generale di Euricse Gianluca Salvatori.\" \/>\n<meta name=\"robots\" content=\"index, follow, max-snippet:-1, max-image-preview:large, max-video-preview:-1\" \/>\n<link rel=\"canonical\" href=\"https:\/\/euricse.eu\/it\/al-festival-economia-di-trento-si-e-parlato-del-ruolo-delleconomia-sociale-alla-prova-dei-mercati\/\" \/>\n<meta property=\"og:locale\" content=\"it_IT\" \/>\n<meta property=\"og:type\" content=\"article\" \/>\n<meta property=\"og:title\" content=\"Al\u00a0Festival Economia di Trento si \u00e8 parlato del ruolo dell\u2019economia sociale alla prova dei mercati - Euricse\" \/>\n<meta property=\"og:description\" content=\"Al Festival Economia di Trento 2022 si \u00e8 parlato del ruolo dell\u2019economia sociale alla prova dei mercati. Tra i relatori anche il segretario generale di Euricse Gianluca Salvatori.\" \/>\n<meta property=\"og:url\" content=\"https:\/\/euricse.eu\/it\/al-festival-economia-di-trento-si-e-parlato-del-ruolo-delleconomia-sociale-alla-prova-dei-mercati\/\" \/>\n<meta property=\"og:site_name\" content=\"Euricse\" \/>\n<meta property=\"article:published_time\" content=\"2022-06-06T13:44:29+00:00\" \/>\n<meta property=\"article:modified_time\" content=\"2022-06-06T13:52:13+00:00\" \/>\n<meta property=\"og:image\" content=\"https:\/\/euricse.eu\/wp-content\/uploads\/2022\/06\/FESTIVAL-ECONOMIA-PANEL.jpg\" \/>\n\t<meta property=\"og:image:width\" content=\"500\" \/>\n\t<meta property=\"og:image:height\" content=\"261\" \/>\n\t<meta property=\"og:image:type\" content=\"image\/jpeg\" \/>\n<meta name=\"author\" content=\"redazione\" \/>\n<meta name=\"twitter:card\" content=\"summary_large_image\" \/>\n<meta name=\"twitter:label1\" content=\"Scritto da\" \/>\n\t<meta name=\"twitter:data1\" content=\"redazione\" \/>\n\t<meta name=\"twitter:label2\" content=\"Tempo di lettura stimato\" \/>\n\t<meta name=\"twitter:data2\" content=\"1 minuto\" \/>\n<script type=\"application\/ld+json\" class=\"yoast-schema-graph\">{\"@context\":\"https:\/\/schema.org\",\"@graph\":[{\"@type\":\"WebPage\",\"@id\":\"https:\/\/euricse.eu\/it\/al-festival-economia-di-trento-si-e-parlato-del-ruolo-delleconomia-sociale-alla-prova-dei-mercati\/\",\"url\":\"https:\/\/euricse.eu\/it\/al-festival-economia-di-trento-si-e-parlato-del-ruolo-delleconomia-sociale-alla-prova-dei-mercati\/\",\"name\":\"Al\u00a0Festival Economia di Trento si \u00e8 parlato del ruolo dell\u2019economia sociale alla prova dei mercati - Euricse\",\"isPartOf\":{\"@id\":\"https:\/\/euricse.eu\/en\/#website\"},\"primaryImageOfPage\":{\"@id\":\"https:\/\/euricse.eu\/it\/al-festival-economia-di-trento-si-e-parlato-del-ruolo-delleconomia-sociale-alla-prova-dei-mercati\/#primaryimage\"},\"image\":{\"@id\":\"https:\/\/euricse.eu\/it\/al-festival-economia-di-trento-si-e-parlato-del-ruolo-delleconomia-sociale-alla-prova-dei-mercati\/#primaryimage\"},\"thumbnailUrl\":\"https:\/\/euricse.eu\/wp-content\/uploads\/2022\/06\/FESTIVAL-ECONOMIA-PANEL.jpg\",\"datePublished\":\"2022-06-06T13:44:29+00:00\",\"dateModified\":\"2022-06-06T13:52:13+00:00\",\"author\":{\"@id\":\"https:\/\/euricse.eu\/en\/#\/schema\/person\/46be9426d76e3114ba478b69f3d8040b\"},\"description\":\"Al Festival Economia di Trento 2022 si \u00e8 parlato del ruolo dell\u2019economia sociale alla prova dei mercati. Tra i relatori anche il segretario generale di Euricse Gianluca Salvatori.\",\"breadcrumb\":{\"@id\":\"https:\/\/euricse.eu\/it\/al-festival-economia-di-trento-si-e-parlato-del-ruolo-delleconomia-sociale-alla-prova-dei-mercati\/#breadcrumb\"},\"inLanguage\":\"it-IT\",\"potentialAction\":[{\"@type\":\"ReadAction\",\"target\":[\"https:\/\/euricse.eu\/it\/al-festival-economia-di-trento-si-e-parlato-del-ruolo-delleconomia-sociale-alla-prova-dei-mercati\/\"]}]},{\"@type\":\"ImageObject\",\"inLanguage\":\"it-IT\",\"@id\":\"https:\/\/euricse.eu\/it\/al-festival-economia-di-trento-si-e-parlato-del-ruolo-delleconomia-sociale-alla-prova-dei-mercati\/#primaryimage\",\"url\":\"https:\/\/euricse.eu\/wp-content\/uploads\/2022\/06\/FESTIVAL-ECONOMIA-PANEL.jpg\",\"contentUrl\":\"https:\/\/euricse.eu\/wp-content\/uploads\/2022\/06\/FESTIVAL-ECONOMIA-PANEL.jpg\",\"width\":500,\"height\":261},{\"@type\":\"BreadcrumbList\",\"@id\":\"https:\/\/euricse.eu\/it\/al-festival-economia-di-trento-si-e-parlato-del-ruolo-delleconomia-sociale-alla-prova-dei-mercati\/#breadcrumb\",\"itemListElement\":[{\"@type\":\"ListItem\",\"position\":1,\"name\":\"Home\",\"item\":\"https:\/\/euricse.eu\/it\/\"},{\"@type\":\"ListItem\",\"position\":2,\"name\":\"Al\u00a0Festival Economia di Trento si \u00e8 parlato del ruolo dell\u2019economia sociale alla prova dei mercati\"}]},{\"@type\":\"WebSite\",\"@id\":\"https:\/\/euricse.eu\/en\/#website\",\"url\":\"https:\/\/euricse.eu\/en\/\",\"name\":\"Euricse\",\"description\":\"Knowledge and innovation for cooperative and social enterprises.\",\"potentialAction\":[{\"@type\":\"SearchAction\",\"target\":{\"@type\":\"EntryPoint\",\"urlTemplate\":\"https:\/\/euricse.eu\/en\/?s={search_term_string}\"},\"query-input\":{\"@type\":\"PropertyValueSpecification\",\"valueRequired\":true,\"valueName\":\"search_term_string\"}}],\"inLanguage\":\"it-IT\"},{\"@type\":\"Person\",\"@id\":\"https:\/\/euricse.eu\/en\/#\/schema\/person\/46be9426d76e3114ba478b69f3d8040b\",\"name\":\"redazione\",\"image\":{\"@type\":\"ImageObject\",\"inLanguage\":\"it-IT\",\"@id\":\"https:\/\/euricse.eu\/en\/#\/schema\/person\/image\/\",\"url\":\"https:\/\/secure.gravatar.com\/avatar\/d1e5fb76fa001722a0822f32de0a8935d9c7a01b0f055f16dc71df73252c3c50?s=96&d=mm&r=g\",\"contentUrl\":\"https:\/\/secure.gravatar.com\/avatar\/d1e5fb76fa001722a0822f32de0a8935d9c7a01b0f055f16dc71df73252c3c50?s=96&d=mm&r=g\",\"caption\":\"redazione\"},\"url\":\"https:\/\/euricse.eu\/it\/author\/marikadmin\/\"}]}<\/script>\n<!-- \/ Yoast SEO plugin. -->","yoast_head_json":{"title":"Al\u00a0Festival Economia di Trento si \u00e8 parlato del ruolo dell\u2019economia sociale alla prova dei mercati - Euricse","description":"Al Festival Economia di Trento 2022 si \u00e8 parlato del ruolo dell\u2019economia sociale alla prova dei mercati. Tra i relatori anche il segretario generale di Euricse Gianluca Salvatori.","robots":{"index":"index","follow":"follow","max-snippet":"max-snippet:-1","max-image-preview":"max-image-preview:large","max-video-preview":"max-video-preview:-1"},"canonical":"https:\/\/euricse.eu\/it\/al-festival-economia-di-trento-si-e-parlato-del-ruolo-delleconomia-sociale-alla-prova-dei-mercati\/","og_locale":"it_IT","og_type":"article","og_title":"Al\u00a0Festival Economia di Trento si \u00e8 parlato del ruolo dell\u2019economia sociale alla prova dei mercati - Euricse","og_description":"Al Festival Economia di Trento 2022 si \u00e8 parlato del ruolo dell\u2019economia sociale alla prova dei mercati. Tra i relatori anche il segretario generale di Euricse Gianluca Salvatori.","og_url":"https:\/\/euricse.eu\/it\/al-festival-economia-di-trento-si-e-parlato-del-ruolo-delleconomia-sociale-alla-prova-dei-mercati\/","og_site_name":"Euricse","article_published_time":"2022-06-06T13:44:29+00:00","article_modified_time":"2022-06-06T13:52:13+00:00","og_image":[{"width":500,"height":261,"url":"https:\/\/euricse.eu\/wp-content\/uploads\/2022\/06\/FESTIVAL-ECONOMIA-PANEL.jpg","type":"image\/jpeg"}],"author":"redazione","twitter_card":"summary_large_image","twitter_misc":{"Scritto da":"redazione","Tempo di lettura stimato":"1 minuto"},"schema":{"@context":"https:\/\/schema.org","@graph":[{"@type":"WebPage","@id":"https:\/\/euricse.eu\/it\/al-festival-economia-di-trento-si-e-parlato-del-ruolo-delleconomia-sociale-alla-prova-dei-mercati\/","url":"https:\/\/euricse.eu\/it\/al-festival-economia-di-trento-si-e-parlato-del-ruolo-delleconomia-sociale-alla-prova-dei-mercati\/","name":"Al\u00a0Festival Economia di Trento si \u00e8 parlato del ruolo dell\u2019economia sociale alla prova dei mercati - Euricse","isPartOf":{"@id":"https:\/\/euricse.eu\/en\/#website"},"primaryImageOfPage":{"@id":"https:\/\/euricse.eu\/it\/al-festival-economia-di-trento-si-e-parlato-del-ruolo-delleconomia-sociale-alla-prova-dei-mercati\/#primaryimage"},"image":{"@id":"https:\/\/euricse.eu\/it\/al-festival-economia-di-trento-si-e-parlato-del-ruolo-delleconomia-sociale-alla-prova-dei-mercati\/#primaryimage"},"thumbnailUrl":"https:\/\/euricse.eu\/wp-content\/uploads\/2022\/06\/FESTIVAL-ECONOMIA-PANEL.jpg","datePublished":"2022-06-06T13:44:29+00:00","dateModified":"2022-06-06T13:52:13+00:00","author":{"@id":"https:\/\/euricse.eu\/en\/#\/schema\/person\/46be9426d76e3114ba478b69f3d8040b"},"description":"Al Festival Economia di Trento 2022 si \u00e8 parlato del ruolo dell\u2019economia sociale alla prova dei mercati. Tra i relatori anche il segretario generale di Euricse Gianluca Salvatori.","breadcrumb":{"@id":"https:\/\/euricse.eu\/it\/al-festival-economia-di-trento-si-e-parlato-del-ruolo-delleconomia-sociale-alla-prova-dei-mercati\/#breadcrumb"},"inLanguage":"it-IT","potentialAction":[{"@type":"ReadAction","target":["https:\/\/euricse.eu\/it\/al-festival-economia-di-trento-si-e-parlato-del-ruolo-delleconomia-sociale-alla-prova-dei-mercati\/"]}]},{"@type":"ImageObject","inLanguage":"it-IT","@id":"https:\/\/euricse.eu\/it\/al-festival-economia-di-trento-si-e-parlato-del-ruolo-delleconomia-sociale-alla-prova-dei-mercati\/#primaryimage","url":"https:\/\/euricse.eu\/wp-content\/uploads\/2022\/06\/FESTIVAL-ECONOMIA-PANEL.jpg","contentUrl":"https:\/\/euricse.eu\/wp-content\/uploads\/2022\/06\/FESTIVAL-ECONOMIA-PANEL.jpg","width":500,"height":261},{"@type":"BreadcrumbList","@id":"https:\/\/euricse.eu\/it\/al-festival-economia-di-trento-si-e-parlato-del-ruolo-delleconomia-sociale-alla-prova-dei-mercati\/#breadcrumb","itemListElement":[{"@type":"ListItem","position":1,"name":"Home","item":"https:\/\/euricse.eu\/it\/"},{"@type":"ListItem","position":2,"name":"Al\u00a0Festival Economia di Trento si \u00e8 parlato del ruolo dell\u2019economia sociale alla prova dei mercati"}]},{"@type":"WebSite","@id":"https:\/\/euricse.eu\/en\/#website","url":"https:\/\/euricse.eu\/en\/","name":"Euricse","description":"Knowledge and innovation for cooperative and social enterprises.","potentialAction":[{"@type":"SearchAction","target":{"@type":"EntryPoint","urlTemplate":"https:\/\/euricse.eu\/en\/?s={search_term_string}"},"query-input":{"@type":"PropertyValueSpecification","valueRequired":true,"valueName":"search_term_string"}}],"inLanguage":"it-IT"},{"@type":"Person","@id":"https:\/\/euricse.eu\/en\/#\/schema\/person\/46be9426d76e3114ba478b69f3d8040b","name":"redazione","image":{"@type":"ImageObject","inLanguage":"it-IT","@id":"https:\/\/euricse.eu\/en\/#\/schema\/person\/image\/","url":"https:\/\/secure.gravatar.com\/avatar\/d1e5fb76fa001722a0822f32de0a8935d9c7a01b0f055f16dc71df73252c3c50?s=96&d=mm&r=g","contentUrl":"https:\/\/secure.gravatar.com\/avatar\/d1e5fb76fa001722a0822f32de0a8935d9c7a01b0f055f16dc71df73252c3c50?s=96&d=mm&r=g","caption":"redazione"},"url":"https:\/\/euricse.eu\/it\/author\/marikadmin\/"}]}},"_links":{"self":[{"href":"https:\/\/euricse.eu\/it\/wp-json\/wp\/v2\/posts\/15932","targetHints":{"allow":["GET"]}}],"collection":[{"href":"https:\/\/euricse.eu\/it\/wp-json\/wp\/v2\/posts"}],"about":[{"href":"https:\/\/euricse.eu\/it\/wp-json\/wp\/v2\/types\/post"}],"author":[{"embeddable":true,"href":"https:\/\/euricse.eu\/it\/wp-json\/wp\/v2\/users\/30"}],"replies":[{"embeddable":true,"href":"https:\/\/euricse.eu\/it\/wp-json\/wp\/v2\/comments?post=15932"}],"version-history":[{"count":1,"href":"https:\/\/euricse.eu\/it\/wp-json\/wp\/v2\/posts\/15932\/revisions"}],"predecessor-version":[{"id":15937,"href":"https:\/\/euricse.eu\/it\/wp-json\/wp\/v2\/posts\/15932\/revisions\/15937"}],"wp:featuredmedia":[{"embeddable":true,"href":"https:\/\/euricse.eu\/it\/wp-json\/wp\/v2\/media\/15933"}],"wp:attachment":[{"href":"https:\/\/euricse.eu\/it\/wp-json\/wp\/v2\/media?parent=15932"}],"wp:term":[{"taxonomy":"category","embeddable":true,"href":"https:\/\/euricse.eu\/it\/wp-json\/wp\/v2\/categories?post=15932"},{"taxonomy":"post_tag","embeddable":true,"href":"https:\/\/euricse.eu\/it\/wp-json\/wp\/v2\/tags?post=15932"}],"curies":[{"name":"wp","href":"https:\/\/api.w.org\/{rel}","templated":true}]}}