{"id":15987,"date":"2022-06-21T13:46:12","date_gmt":"2022-06-21T12:46:12","guid":{"rendered":"https:\/\/euricse.eu\/?p=15987"},"modified":"2025-03-26T14:47:11","modified_gmt":"2025-03-26T14:47:11","slug":"mario-diani-e-il-nuovo-presidente-di-euricse","status":"publish","type":"post","link":"https:\/\/euricse.eu\/it\/mario-diani-e-il-nuovo-presidente-di-euricse\/","title":{"rendered":"Mario Diani \u00e8 il nuovo presidente di Euricse"},"content":{"rendered":"<p><strong>Cambio al vertice di Euricse: il professor Mario Diani subentra alla storica guida di Carlo Borzaga, che continuer\u00e0 a garantire \u2013 in qualit\u00e0 di Presidente Emerito \u2013 il proprio apporto all\u2019Istituto di ricerca che ha presieduto a partire dalla sua nascita nel 2008. Oltre al fondamentale contributo dato agli studi sull\u2019economia sociale nelle sue varie forme, Borzaga ha infatti saputo far nascere e crescere quello che \u00e8 oggi uno dei centri di ricerca in questo ambito pi\u00f9 affermati a livello europeo e internazionale. La nuova presidenza affidata a Diani, gi\u00e0 Direttore del Dipartimento di sociologia e ricerca sociale dell\u2019Universit\u00e0 di Trento, potr\u00e0 valorizzare e consolidare ulteriormente il ruolo dell\u2019Istituto, ampliandone il raggio di azione e forgiando nuove relazioni con il mondo accademico.<\/strong><\/p>\n<p>&nbsp;<\/p>\n<p>Per il prossimo quadriennio sar\u00e0 il professor <strong>Mario Diani<\/strong> a guidare Euricse in qualit\u00e0 di Presidente. Marted\u00ec 21 giugno 2022 \u00e8 stato eletto dal Collegio dei Membri Fondatori su proposta del Rettore dell\u2019Universit\u00e0 di Trento, cos\u00ec come previsto dallo Statuto. Un mandato, questo, che se da una parte apre una fase nuova nella vita della Fondazione, dall\u2019altra si configura come una naturale prosecuzione di quanto impostato fino ad ora.<\/p>\n<p>Mario Diani \u00e8 conosciuto a livello internazionale per le sue applicazioni della network analysis allo studio dell\u2019azione collettiva e per i suoi studi sui movimenti sociali. Ha condotto ricerche sull\u2019ambientalismo, sull\u2019etnonazionalismo, sul rapporto tra associazionismo e capitale sociale in Italia, Regno Unito, e Sudafrica. I suoi lavori sono apparsi in prestigiose sedi internazionali. \u00c8 stato per due mandati consecutivi Direttore del Dipartimento di sociologia e ricerca sociale dell\u2019Universit\u00e0 di Trento. Il professor Diani ha gi\u00e0 collaborato con l\u2019Istituto su vari fronti, non solo in qualit\u00e0 di membro del Comitato di Gestione, ma anche facendo parte del team editoriale di JEOD, la rivista scientifica internazionale edita da Euricse.<\/p>\n<p>\u00abCon Mario Diani ci conosciamo e ci stimiamo da tempo \u2013 ha affermato <strong>Carlo Borzaga<\/strong> \u2013 e in quanto membro del Comitato di gestione di Euricse, Mario ha avuto modo negli ultimi anni di conoscere bene l\u2019Istituto, la sua organizzazione e le attivit\u00e0 di ricerca e formazione in cui \u00e8 impegnato. Anche grazie al fatto che in questi anni abbiamo condiviso molte riflessioni sui temi che ci appassionano, sono sicuro che gli interessi di ricerca e le competenze del prof. Diani pur in parte diversi dai miei \u2013 anche per ragioni disciplinari &#8211; sono complementari a quelli di Euricse. Proprio per questa combinazione di diversit\u00e0 e complementariet\u00e0 sono certo che la sua presidenza consentir\u00e0 sia di garantire e rafforzare l\u2019autonomia scientifica e il rigore metodologico, sia gli ambiti di ricerca di Euricse. Ambiti, finora, che sono stati trattati separatamente, ma che dopo gli ultimi sviluppi della riflessione scientifica e delle scelte di policy sono sempre pi\u00f9 spesso ricompresi sotto il concetto pi\u00f9 generale di economia sociale, rientrando quindi a pieno titolo nella mission di Euricse cos\u00ec come si \u00e8 evoluta negli ultimi anni. Un ampliamento necessario non solo per affrontare le nuove problematiche sociali, economiche e ambientali, ma anche per impegnare in modo efficiente i 25 ricercatori che in vario modo lavorano in e per Euricse. Affido quindi il \u201cmio\u201d Euricse in buone mani\u00bb.<\/p>\n<p>Da parte sua <strong>Mario Diani<\/strong> ha espresso la volont\u00e0 di impegnarsi per valorizzare ulteriormente i punti di forza di Euricse, il legame con i suoi soci e con i membri fondatori, e per rafforzarne il posizionamento: \u00abSostituire Carlo Borzaga alla presidenza di Euricse sar\u00e0 al tempo stesso molto impegnativo e relativamente semplice. Molto impegnativo, in quanto non sono molte le figure che combinano una presenza di rilievo nel dibattito scientifico nazionale ed internazionale con un fortissimo radicamento in una specifica realt\u00e0 territoriale. Relativamente semplice, in quanto il lavoro di Borzaga nel corso degli anni ha creato una squadra di grande competenza sia dal punto di vista della ricerca e della formazione che da quello amministrativo. Intendo lavorare a stretto contatto con il Segretario Generale <strong>Gianluca Salvatori<\/strong> e con il Direttore <strong>Riccardo Bodini<\/strong> per mettere in condizione i ricercatori e tutti i collaboratori di esprimersi al meglio. Prester\u00f2 inoltre particolare attenzione all\u2019espansione della ricerca dell\u2019istituto in aree sino ad ora relativamente poco esplorate, come le organizzazioni attive nel settore culturale, ed il rapporto tra economia sociale ed altre forme di partecipazione della societ\u00e0 civile\u00bb.<\/p>\n<p>A Carlo Borzaga, che all\u2019inizio di questo mandato aveva gi\u00e0 comunicato la sua intenzione di non proseguire l\u2019incarico di vertice, \u00e8 stato rivolto un sincero ringraziamento da parte di tutti i presenti per il grande impegno profuso e la competenza dimostrata nei suoi lunghi anni di mandato. Fattori, questi, che hanno consentito alla Fondazione di rafforzarsi dal punto di vista economico e di instaurare collaborazioni ben strutturate con associazioni e reti nazionali ed internazionali.<\/p>\n<p>In veste di partner scientifico e istituzionale, Euricse, sotto la presidenza di Borzaga, ha curato progetti di interesse strategico per conto di Organismi internazionali come la Commissione e il Parlamento Europeo, l\u2019Organizzazione per la Cooperazione e lo Sviluppo Economico (OCSE), le Nazioni Unite (ONU), l\u2019Organizzazione Internazionale del Lavoro (ILO), l\u2019Organizzazione delle Nazioni Unite per l\u2019alimentazione e l\u2019agricoltura (FAO). Sul fronte nazionale, gli ultimi anni hanno visto nascere proficue collaborazioni con l\u2019ISTAT per la produzione dei primi rapporti ufficiali su cooperazione ed economia sociale, e si \u00e8 avviata l\u2019interlocuzione con il Governo anche attraverso la partecipazione a gruppi di lavoro ministeriali sul tema dell\u2019economia sociale.<\/p>\n<p>&nbsp;<\/p>\n<p>Mario Diani \u00e8 anche presidente del Comitato di Gestione di Euricse che rimarr\u00e0 in carica per il quadriennio 2022-2026. <a href=\"https:\/\/euricse.eu\/it\/il-nuovo-comitato-di-gestione\/\" target=\"_blank\" rel=\"noopener\">Leggi in questa news da chi \u00e8<\/a> composto.<\/p>\n<p>&nbsp;<\/p>\n<h4><strong>CARLO BORZAGA (Presidente di Euricse dal 2008 al 2022)<\/strong><\/h4>\n<p>&nbsp;<\/p>\n<p><strong>Carlo Borzaga, <\/strong>classe 1948, ha studiato presso la facolt\u00e0 di. Sociologia dell\u2019Universit\u00e0 di Trento. Nel corso degli anni \u201970 e \u201980 ha collaborato con il Department of Geography dell\u2019Universit\u00e0 di Durham (UK) dove ha passato anche un periodo come visiting e con diverse Universit\u00e0 Europee nel corso di uno dei primi e dei pi\u00f9 ampi progetti Erasmus. Professore ordinario di Politica economica all\u2019Universit\u00e0 degli studi di Trento, ha svolto, l\u2019incarico di delegato del rettore per il Programma Erasmus, di Presidente del Nucleo di Valutazione dell\u2019Universit\u00e0 e di Preside della Facolt\u00e0 di Economia. \u00c8 stato presidente dell\u2019Istituto Studi Aziende Non-profit (Issan) fino alla sua trasformazione in Euricse nel 2008, anno in cui ne ha assunto la presidenza. \u00c8 stato tra i fondatori del network europeo Emes (Emergence of Social Enterprises) e di Iris Network (il network italiano delle istituzioni di ricerca che si occupano di impresa sociale), che ha anche presieduto. Ha scritto e curato numerosi libri e saggi sul tema del mercato del lavoro, delle imprese sociali e cooperative, dei sistemi di welfare, pubblicati da prestigiose case editrici come la Oxford University Press \u00a0e su importante riviste internazionali. Sul fronte della ricerca si \u00e8 occupato di diversi progetti in collaborazione con CNR, Istat, OCSE e Commissione Europea sui temi della cooperazione, dell&#8217;impresa sociale e del mercato del lavoro.<\/p>\n<p>&nbsp;<\/p>\n<h4><strong>MARIO DIANI (Neo eletto presidente di Euricse in carica fino al 2026)<\/strong><\/h4>\n<p>&nbsp;<\/p>\n<p><strong>Mario Diani<\/strong> \u00e8 nato nel 1957. Ha studiato presso l\u2019Universit\u00e0 di Milano dove si \u00e8 laureato in scienze politiche nel 1982 e presso l\u2019Universit\u00e0 di Torino, dove ha conseguito il dottorato di ricerca in sociologia nel 1987. Professore ordinario di Sociologia generale a Trento dal 2001, \u00e8 stato preside della Facolt\u00e0 di Sociologia nel triennio 2005-2008, e direttore del Dipartimento di Sociologia e ricerca sociale nel periodo 2015-2021. In precedenza ha insegnato presso l&#8217;Universit\u00e0 Bocconi di Milano (1988-1993), l&#8217;Universit\u00e0 di Pavia (1993-1996) e l&#8217;Universit\u00e0 di Strathclyde a Glasgow, dove tra il 1996 e il 2001 \u00e8 stato titolare della Chair of Sociology presso il Department of Government, uno dei pi\u00f9 prestigiosi centri di ricerca politica in Europa, di cui \u00e8 stato anche direttore. Nel periodo 2010-2012 \u00e8 stato Icrea Research Professor presso l\u2019Universit\u00e0 Pompeu Fabra di Barcellona. I risultati dei suoi studi sull\u2019azione collettiva sono apparsi presso case editrici e riviste di grande rilievo tra cui Cambridge University Press, Oxford University Press, American Sociological Review e American Journal of Sociology. Un recente studio dell\u2019universit\u00e0 di Stanford lo ha indicato tra i 200 sociologi pi\u00f9 influenti nella letteratura internazionale degli ultimi 30 anni.<\/p>\n<p>&nbsp;<\/p>\n","protected":false},"excerpt":{"rendered":"<p>Cambio al vertice di Euricse: il professor Mario Diani subentra alla storica guida di Carlo Borzaga che diventa Presidente Emerito.<\/p>\n","protected":false},"author":30,"featured_media":15990,"comment_status":"closed","ping_status":"closed","sticky":false,"template":"","format":"standard","meta":{"_acf_changed":false,"episode_type":"","audio_file":"","cover_image":"","cover_image_id":"","duration":"","filesize":"","date_recorded":"","explicit":"","block":"","itunes_episode_number":"","itunes_title":"","itunes_season_number":"","itunes_episode_type":"","filesize_raw":"","footnotes":""},"categories":[17],"tags":[969,1060],"class_list":["post-15987","post","type-post","status-publish","format-standard","has-post-thumbnail","hentry","category-news-it","tag-carlo-borzaga","tag-mario-diani"],"acf":[],"yoast_head":"<!-- This site is optimized with the Yoast SEO plugin v26.1.1 - https:\/\/yoast.com\/wordpress\/plugins\/seo\/ -->\n<title>Mario Diani \u00e8 il nuovo presidente di Euricse - Euricse<\/title>\n<meta name=\"description\" content=\"Cambio al vertice di Euricse: il professor Mario Diani subentra alla storica guida di Carlo Borzaga che diventa Presidente Emerito.\" \/>\n<meta name=\"robots\" content=\"index, follow, max-snippet:-1, max-image-preview:large, max-video-preview:-1\" \/>\n<link rel=\"canonical\" href=\"https:\/\/euricse.eu\/it\/mario-diani-e-il-nuovo-presidente-di-euricse\/\" \/>\n<meta property=\"og:locale\" content=\"it_IT\" \/>\n<meta property=\"og:type\" content=\"article\" \/>\n<meta property=\"og:title\" content=\"Mario Diani \u00e8 il nuovo presidente di Euricse - Euricse\" \/>\n<meta property=\"og:description\" content=\"Cambio al vertice di Euricse: il professor Mario Diani subentra alla storica guida di Carlo Borzaga che diventa Presidente Emerito.\" \/>\n<meta property=\"og:url\" content=\"https:\/\/euricse.eu\/it\/mario-diani-e-il-nuovo-presidente-di-euricse\/\" \/>\n<meta property=\"og:site_name\" content=\"Euricse\" \/>\n<meta property=\"article:published_time\" content=\"2022-06-21T12:46:12+00:00\" \/>\n<meta property=\"article:modified_time\" content=\"2025-03-26T14:47:11+00:00\" \/>\n<meta property=\"og:image\" content=\"https:\/\/euricse.eu\/wp-content\/uploads\/2022\/06\/Carlo_Borzaga_Mario_Diani.jpg\" \/>\n\t<meta property=\"og:image:width\" content=\"1011\" \/>\n\t<meta property=\"og:image:height\" content=\"571\" \/>\n\t<meta property=\"og:image:type\" content=\"image\/jpeg\" \/>\n<meta name=\"author\" content=\"redazione\" \/>\n<meta name=\"twitter:card\" content=\"summary_large_image\" \/>\n<meta name=\"twitter:label1\" content=\"Scritto da\" \/>\n\t<meta name=\"twitter:data1\" content=\"redazione\" \/>\n\t<meta name=\"twitter:label2\" content=\"Tempo di lettura stimato\" \/>\n\t<meta name=\"twitter:data2\" content=\"8 minuti\" \/>\n<script type=\"application\/ld+json\" class=\"yoast-schema-graph\">{\"@context\":\"https:\/\/schema.org\",\"@graph\":[{\"@type\":\"WebPage\",\"@id\":\"https:\/\/euricse.eu\/it\/mario-diani-e-il-nuovo-presidente-di-euricse\/\",\"url\":\"https:\/\/euricse.eu\/it\/mario-diani-e-il-nuovo-presidente-di-euricse\/\",\"name\":\"Mario Diani \u00e8 il nuovo presidente di Euricse - Euricse\",\"isPartOf\":{\"@id\":\"https:\/\/euricse.eu\/en\/#website\"},\"primaryImageOfPage\":{\"@id\":\"https:\/\/euricse.eu\/it\/mario-diani-e-il-nuovo-presidente-di-euricse\/#primaryimage\"},\"image\":{\"@id\":\"https:\/\/euricse.eu\/it\/mario-diani-e-il-nuovo-presidente-di-euricse\/#primaryimage\"},\"thumbnailUrl\":\"https:\/\/euricse.eu\/wp-content\/uploads\/2022\/06\/Carlo_Borzaga_Mario_Diani.jpg\",\"datePublished\":\"2022-06-21T12:46:12+00:00\",\"dateModified\":\"2025-03-26T14:47:11+00:00\",\"author\":{\"@id\":\"https:\/\/euricse.eu\/en\/#\/schema\/person\/46be9426d76e3114ba478b69f3d8040b\"},\"description\":\"Cambio al vertice di Euricse: il professor Mario Diani subentra alla storica guida di Carlo Borzaga che diventa Presidente Emerito.\",\"breadcrumb\":{\"@id\":\"https:\/\/euricse.eu\/it\/mario-diani-e-il-nuovo-presidente-di-euricse\/#breadcrumb\"},\"inLanguage\":\"it-IT\",\"potentialAction\":[{\"@type\":\"ReadAction\",\"target\":[\"https:\/\/euricse.eu\/it\/mario-diani-e-il-nuovo-presidente-di-euricse\/\"]}]},{\"@type\":\"ImageObject\",\"inLanguage\":\"it-IT\",\"@id\":\"https:\/\/euricse.eu\/it\/mario-diani-e-il-nuovo-presidente-di-euricse\/#primaryimage\",\"url\":\"https:\/\/euricse.eu\/wp-content\/uploads\/2022\/06\/Carlo_Borzaga_Mario_Diani.jpg\",\"contentUrl\":\"https:\/\/euricse.eu\/wp-content\/uploads\/2022\/06\/Carlo_Borzaga_Mario_Diani.jpg\",\"width\":1011,\"height\":571},{\"@type\":\"BreadcrumbList\",\"@id\":\"https:\/\/euricse.eu\/it\/mario-diani-e-il-nuovo-presidente-di-euricse\/#breadcrumb\",\"itemListElement\":[{\"@type\":\"ListItem\",\"position\":1,\"name\":\"Home\",\"item\":\"https:\/\/euricse.eu\/it\/\"},{\"@type\":\"ListItem\",\"position\":2,\"name\":\"Mario Diani \u00e8 il nuovo presidente di Euricse\"}]},{\"@type\":\"WebSite\",\"@id\":\"https:\/\/euricse.eu\/en\/#website\",\"url\":\"https:\/\/euricse.eu\/en\/\",\"name\":\"Euricse\",\"description\":\"Knowledge and innovation for cooperative and social enterprises.\",\"potentialAction\":[{\"@type\":\"SearchAction\",\"target\":{\"@type\":\"EntryPoint\",\"urlTemplate\":\"https:\/\/euricse.eu\/en\/?s={search_term_string}\"},\"query-input\":{\"@type\":\"PropertyValueSpecification\",\"valueRequired\":true,\"valueName\":\"search_term_string\"}}],\"inLanguage\":\"it-IT\"},{\"@type\":\"Person\",\"@id\":\"https:\/\/euricse.eu\/en\/#\/schema\/person\/46be9426d76e3114ba478b69f3d8040b\",\"name\":\"redazione\",\"image\":{\"@type\":\"ImageObject\",\"inLanguage\":\"it-IT\",\"@id\":\"https:\/\/euricse.eu\/en\/#\/schema\/person\/image\/\",\"url\":\"https:\/\/secure.gravatar.com\/avatar\/d1e5fb76fa001722a0822f32de0a8935d9c7a01b0f055f16dc71df73252c3c50?s=96&d=mm&r=g\",\"contentUrl\":\"https:\/\/secure.gravatar.com\/avatar\/d1e5fb76fa001722a0822f32de0a8935d9c7a01b0f055f16dc71df73252c3c50?s=96&d=mm&r=g\",\"caption\":\"redazione\"},\"url\":\"https:\/\/euricse.eu\/it\/author\/marikadmin\/\"}]}<\/script>\n<!-- \/ Yoast SEO plugin. -->","yoast_head_json":{"title":"Mario Diani \u00e8 il nuovo presidente di Euricse - Euricse","description":"Cambio al vertice di Euricse: il professor Mario Diani subentra alla storica guida di Carlo Borzaga che diventa Presidente Emerito.","robots":{"index":"index","follow":"follow","max-snippet":"max-snippet:-1","max-image-preview":"max-image-preview:large","max-video-preview":"max-video-preview:-1"},"canonical":"https:\/\/euricse.eu\/it\/mario-diani-e-il-nuovo-presidente-di-euricse\/","og_locale":"it_IT","og_type":"article","og_title":"Mario Diani \u00e8 il nuovo presidente di Euricse - Euricse","og_description":"Cambio al vertice di Euricse: il professor Mario Diani subentra alla storica guida di Carlo Borzaga che diventa Presidente Emerito.","og_url":"https:\/\/euricse.eu\/it\/mario-diani-e-il-nuovo-presidente-di-euricse\/","og_site_name":"Euricse","article_published_time":"2022-06-21T12:46:12+00:00","article_modified_time":"2025-03-26T14:47:11+00:00","og_image":[{"width":1011,"height":571,"url":"https:\/\/euricse.eu\/wp-content\/uploads\/2022\/06\/Carlo_Borzaga_Mario_Diani.jpg","type":"image\/jpeg"}],"author":"redazione","twitter_card":"summary_large_image","twitter_misc":{"Scritto da":"redazione","Tempo di lettura stimato":"8 minuti"},"schema":{"@context":"https:\/\/schema.org","@graph":[{"@type":"WebPage","@id":"https:\/\/euricse.eu\/it\/mario-diani-e-il-nuovo-presidente-di-euricse\/","url":"https:\/\/euricse.eu\/it\/mario-diani-e-il-nuovo-presidente-di-euricse\/","name":"Mario Diani \u00e8 il nuovo presidente di Euricse - Euricse","isPartOf":{"@id":"https:\/\/euricse.eu\/en\/#website"},"primaryImageOfPage":{"@id":"https:\/\/euricse.eu\/it\/mario-diani-e-il-nuovo-presidente-di-euricse\/#primaryimage"},"image":{"@id":"https:\/\/euricse.eu\/it\/mario-diani-e-il-nuovo-presidente-di-euricse\/#primaryimage"},"thumbnailUrl":"https:\/\/euricse.eu\/wp-content\/uploads\/2022\/06\/Carlo_Borzaga_Mario_Diani.jpg","datePublished":"2022-06-21T12:46:12+00:00","dateModified":"2025-03-26T14:47:11+00:00","author":{"@id":"https:\/\/euricse.eu\/en\/#\/schema\/person\/46be9426d76e3114ba478b69f3d8040b"},"description":"Cambio al vertice di Euricse: il professor Mario Diani subentra alla storica guida di Carlo Borzaga che diventa Presidente Emerito.","breadcrumb":{"@id":"https:\/\/euricse.eu\/it\/mario-diani-e-il-nuovo-presidente-di-euricse\/#breadcrumb"},"inLanguage":"it-IT","potentialAction":[{"@type":"ReadAction","target":["https:\/\/euricse.eu\/it\/mario-diani-e-il-nuovo-presidente-di-euricse\/"]}]},{"@type":"ImageObject","inLanguage":"it-IT","@id":"https:\/\/euricse.eu\/it\/mario-diani-e-il-nuovo-presidente-di-euricse\/#primaryimage","url":"https:\/\/euricse.eu\/wp-content\/uploads\/2022\/06\/Carlo_Borzaga_Mario_Diani.jpg","contentUrl":"https:\/\/euricse.eu\/wp-content\/uploads\/2022\/06\/Carlo_Borzaga_Mario_Diani.jpg","width":1011,"height":571},{"@type":"BreadcrumbList","@id":"https:\/\/euricse.eu\/it\/mario-diani-e-il-nuovo-presidente-di-euricse\/#breadcrumb","itemListElement":[{"@type":"ListItem","position":1,"name":"Home","item":"https:\/\/euricse.eu\/it\/"},{"@type":"ListItem","position":2,"name":"Mario Diani \u00e8 il nuovo presidente di Euricse"}]},{"@type":"WebSite","@id":"https:\/\/euricse.eu\/en\/#website","url":"https:\/\/euricse.eu\/en\/","name":"Euricse","description":"Knowledge and innovation for cooperative and social enterprises.","potentialAction":[{"@type":"SearchAction","target":{"@type":"EntryPoint","urlTemplate":"https:\/\/euricse.eu\/en\/?s={search_term_string}"},"query-input":{"@type":"PropertyValueSpecification","valueRequired":true,"valueName":"search_term_string"}}],"inLanguage":"it-IT"},{"@type":"Person","@id":"https:\/\/euricse.eu\/en\/#\/schema\/person\/46be9426d76e3114ba478b69f3d8040b","name":"redazione","image":{"@type":"ImageObject","inLanguage":"it-IT","@id":"https:\/\/euricse.eu\/en\/#\/schema\/person\/image\/","url":"https:\/\/secure.gravatar.com\/avatar\/d1e5fb76fa001722a0822f32de0a8935d9c7a01b0f055f16dc71df73252c3c50?s=96&d=mm&r=g","contentUrl":"https:\/\/secure.gravatar.com\/avatar\/d1e5fb76fa001722a0822f32de0a8935d9c7a01b0f055f16dc71df73252c3c50?s=96&d=mm&r=g","caption":"redazione"},"url":"https:\/\/euricse.eu\/it\/author\/marikadmin\/"}]}},"_links":{"self":[{"href":"https:\/\/euricse.eu\/it\/wp-json\/wp\/v2\/posts\/15987","targetHints":{"allow":["GET"]}}],"collection":[{"href":"https:\/\/euricse.eu\/it\/wp-json\/wp\/v2\/posts"}],"about":[{"href":"https:\/\/euricse.eu\/it\/wp-json\/wp\/v2\/types\/post"}],"author":[{"embeddable":true,"href":"https:\/\/euricse.eu\/it\/wp-json\/wp\/v2\/users\/30"}],"replies":[{"embeddable":true,"href":"https:\/\/euricse.eu\/it\/wp-json\/wp\/v2\/comments?post=15987"}],"version-history":[{"count":2,"href":"https:\/\/euricse.eu\/it\/wp-json\/wp\/v2\/posts\/15987\/revisions"}],"predecessor-version":[{"id":16234,"href":"https:\/\/euricse.eu\/it\/wp-json\/wp\/v2\/posts\/15987\/revisions\/16234"}],"wp:featuredmedia":[{"embeddable":true,"href":"https:\/\/euricse.eu\/it\/wp-json\/wp\/v2\/media\/15990"}],"wp:attachment":[{"href":"https:\/\/euricse.eu\/it\/wp-json\/wp\/v2\/media?parent=15987"}],"wp:term":[{"taxonomy":"category","embeddable":true,"href":"https:\/\/euricse.eu\/it\/wp-json\/wp\/v2\/categories?post=15987"},{"taxonomy":"post_tag","embeddable":true,"href":"https:\/\/euricse.eu\/it\/wp-json\/wp\/v2\/tags?post=15987"}],"curies":[{"name":"wp","href":"https:\/\/api.w.org\/{rel}","templated":true}]}}