{"id":16326,"date":"2022-07-04T14:46:55","date_gmt":"2022-07-04T13:46:55","guid":{"rendered":"https:\/\/euricse.eu\/?p=16326"},"modified":"2022-07-04T14:50:11","modified_gmt":"2022-07-04T13:50:11","slug":"amif-momentum-work-in-progress-2","status":"publish","type":"post","link":"https:\/\/euricse.eu\/it\/amif-momentum-work-in-progress-2\/","title":{"rendered":"Amif Momentum, &#8220;work in progress&#8221;"},"content":{"rendered":"<p>Ha preso il via il progetto\u00a0<strong>Amif<\/strong>\u00a0<strong>Momentum<\/strong>, co-finanziato dal\u00a0<a href=\"https:\/\/euricse.us2.list-manage.com\/track\/click?u=1c9965065e22b72afa91c6488&amp;id=d7398c7acb&amp;e=ceda943ad7\" target=\"_blank\" rel=\"noopener\" data-saferedirecturl=\"https:\/\/www.google.com\/url?q=https:\/\/euricse.us2.list-manage.com\/track\/click?u%3D1c9965065e22b72afa91c6488%26id%3Dd7398c7acb%26e%3Dceda943ad7&amp;source=gmail&amp;ust=1657027771992000&amp;usg=AOvVaw19Mte3d8YAbKJzjpxTpEO6\">Fondo Asilo, Migrazione e Integrazione dell&#8217;Unione Europe<\/a>\u00a0per contribuire alla riduzione delle barriere strutturali e culturali che impediscono l\u2019accesso nel mercato del lavoro delle giovani donne migranti, con un focus particolare sulle donne rifugiate.\u00a0Il coordinamento \u00e8 di\u00a0<a href=\"https:\/\/euricse.us2.list-manage.com\/track\/click?u=1c9965065e22b72afa91c6488&amp;id=5a15236756&amp;e=ceda943ad7\" target=\"_blank\" rel=\"noopener\" data-saferedirecturl=\"https:\/\/www.google.com\/url?q=https:\/\/euricse.us2.list-manage.com\/track\/click?u%3D1c9965065e22b72afa91c6488%26id%3D5a15236756%26e%3Dceda943ad7&amp;source=gmail&amp;ust=1657027771992000&amp;usg=AOvVaw0pAFr1Bc7a2qMpiLo5SHtR\">ActionAid Hellas<\/a>\u00a0e sono coinvolti\u00a010\u00a0enti provenienti dai Paesi pi\u00f9 interessati dai recenti flussi migratori (Grecia, Spagna, Portogallo, Ungheria, Austria).<strong>\u00a0<\/strong><strong>Euricse<\/strong>\u00a0\u00e8 tra i\u00a0partner italiani<strong>\u00a0<\/strong>insieme a\u00a0<a href=\"https:\/\/euricse.us2.list-manage.com\/track\/click?u=1c9965065e22b72afa91c6488&amp;id=7422f2ecc7&amp;e=ceda943ad7\" target=\"_blank\" rel=\"noopener\" data-saferedirecturl=\"https:\/\/www.google.com\/url?q=https:\/\/euricse.us2.list-manage.com\/track\/click?u%3D1c9965065e22b72afa91c6488%26id%3D7422f2ecc7%26e%3Dceda943ad7&amp;source=gmail&amp;ust=1657027771992000&amp;usg=AOvVaw0Efr6OFcW2-uGir8PiYNxC\">Veneto Lavoro<\/a>\u00a0ed\u00a0<a href=\"https:\/\/euricse.us2.list-manage.com\/track\/click?u=1c9965065e22b72afa91c6488&amp;id=950aaaeb29&amp;e=ceda943ad7\" target=\"_blank\" rel=\"noopener\" data-saferedirecturl=\"https:\/\/www.google.com\/url?q=https:\/\/euricse.us2.list-manage.com\/track\/click?u%3D1c9965065e22b72afa91c6488%26id%3D950aaaeb29%26e%3Dceda943ad7&amp;source=gmail&amp;ust=1657027771992000&amp;usg=AOvVaw1ZNblyAkrhSnPPgB8mzJWN\">Irecoop Veneto<\/a>. I nostri ricercatori hanno presentato nelle scorse settimane\u00a0la metodologia di ricerca per mappare gli ostacoli che queste giovani donne devono affrontare.<\/p>\n<p>Euricse \u00e8 il partner responsabile del WP2, che consiste in una <strong>mappatura degli ostacoli e delle barriere<\/strong>\u00a0che devono affrontare giovani donne dei Paesi terzi,\u00a0 con particolare attenzione alle donne rifugiate, nell&#8217;accesso alla formazione professionale e al mercato del lavoro nei 5 paesi del partenariato\u00a0 e del livello di cooperazione di vari stakeholder nel facilitare l&#8217;accesso a specifiche opportunit\u00e0 di formazione e al mercato del lavoro attraverso l&#8217;Economia Sociale.<\/p>\n<p><strong>La prima azione<\/strong> del WP2, riguardante la creazione di una <strong>metodologia per condurre la ricerca sul campo<\/strong>, ha portato all&#8217;elaborazione di uno strumento per rendere tutti i partner del progetto in grado di svolgere le attivit\u00e0 di ricerca. La metodologia \u00e8 stata creata sulla base di una raccolta preliminare di dati secondari sulle caratteristiche socio-economiche di ogni territorio e sulle donne provenienti da Paesi Terzi in quei contesti specifici. La <strong><em>Researcher&#8217;s toolbox<\/em><\/strong> fornisce suggerimenti per quel che riguarda la procedura di selezione dei partecipanti, sulle metodologie di raccolta dei dati, e linee guida e consigli per portare a termine focus group, interviste e il sondaggio online. L&#8217;obiettivo \u00e8 raccogliere, in totale, 50 interviste in profondit\u00e0 con donne provenienti da Paesi Terzi, 5 focus group con rappresentanti di organizzazioni della societ\u00e0 civile e associazioni di migranti\/rifugiati, 5 focus group con la partecipazione di 50 rappresentanti enti di formazione nell&#8217;ambito dell&#8217;economia e dell&#8217;imprenditoria sociale, 25 interviste con rappresentanti di servizi pubblici per l&#8217;inserimento lavorativo e, infine, un sondaggio somministrato a 100 organizzazioni dell&#8217;economia sociale impegnate nell&#8217;integrazione lavorativa di giovani donne provenienti da Paesi Terzi, tutti suddivisi equamente tra i 5 paesi. Inoltre, il documento presenta sia tematiche importanti relative al target group &#8211; donne provenienti da Paesi Terzi &#8211; sia strumenti per i partner, utili a svolgere una prima analisi tematica dei dati raccolti. Un webinar e diversi follow-up individuali organizzati da Euricse hanno permesso di discutere con i partner eventuali domande e dubbi sul processo di ricerca. Durante le attivit\u00e0 di ricerca ogni contesto ha dovuto affrontare differenti sfide e problematiche, ma tutte le organizzazioni coinvolte si sono fortemente attivate stabilendo relazioni con gli stakeholder locali per raggiungere gli obiettivi prefissati. I dati raccolti sono ora sottoposti all&#8217; analisi da parte di Euricse, che condivider\u00e0 i primi risultati alla fine di luglio e concluder\u00e0 il report finale entro le prime settimane del mese di agosto.<\/p>\n<p>&nbsp;<\/p>\n<p>\u00c8 possibile seguire gli sviluppi del progetto attraverso il sito ufficiale di MOMENTUM <a href=\"http:\/\/www.momentumproject.eu\/\" data-attribute-index=\"24\">www.momentumproject.eu.\u00a0<\/a><\/p>\n<p>Per rimanere aggiornati ci sono <strong>4 newsletter<\/strong> che verranno inviate da qui alla fine del progetto!<\/p>\n<ul>\n<li><a href=\"https:\/\/mailchi.mp\/euricse\/momentum-project-newsletter-01\" target=\"_blank\" rel=\"noopener\"> Progetto Momentum &#8211; Newsletter 01<\/a><\/li>\n<\/ul>\n<p><a href=\"https:\/\/momentumproject.us12.list-manage.com\/subscribe?u=a131c61743eedc5b42e341dfd&amp;id=47803f671a\" target=\"_blank\" rel=\"noopener\">Iscriviti qui per ricevere le prossime newsletter.\u00a0<\/a><\/p>\n<p>&nbsp;<\/p>\n<p>&nbsp;<\/p>\n","protected":false},"excerpt":{"rendered":"<p>Ha preso il via il progetto\u00a0Amif\u00a0Momentum, co-finanziato dal\u00a0Fondo Asilo, Migrazione e Integrazione dell&#8217;Unione Europe\u00a0per contribuire alla riduzione delle barriere strutturali e culturali che impediscono l\u2019accesso nel mercato del lavoro delle giovani donne migranti, con un focus particolare sulle donne rifugiate.\u00a0Il coordinamento \u00e8 di\u00a0ActionAid Hellas\u00a0e sono coinvolti\u00a010\u00a0enti provenienti dai Paesi pi\u00f9 interessati dai recenti flussi migratori [&hellip;]<\/p>\n","protected":false},"author":30,"featured_media":16327,"comment_status":"closed","ping_status":"closed","sticky":false,"template":"","format":"standard","meta":{"_acf_changed":false,"episode_type":"","audio_file":"","cover_image":"","cover_image_id":"","duration":"","filesize":"","date_recorded":"","explicit":"","block":"","itunes_episode_number":"","itunes_title":"","itunes_season_number":"","itunes_episode_type":"","filesize_raw":"","footnotes":""},"categories":[17],"tags":[],"class_list":["post-16326","post","type-post","status-publish","format-standard","has-post-thumbnail","hentry","category-news-it"],"acf":[],"yoast_head":"<!-- This site is optimized with the Yoast SEO plugin v26.1.1 - https:\/\/yoast.com\/wordpress\/plugins\/seo\/ -->\n<title>Amif Momentum, &quot;work in progress&quot; - Euricse<\/title>\n<meta name=\"robots\" content=\"index, follow, max-snippet:-1, max-image-preview:large, max-video-preview:-1\" \/>\n<link rel=\"canonical\" href=\"https:\/\/euricse.eu\/it\/amif-momentum-work-in-progress-2\/\" \/>\n<meta property=\"og:locale\" content=\"it_IT\" \/>\n<meta property=\"og:type\" content=\"article\" \/>\n<meta property=\"og:title\" content=\"Amif Momentum, &quot;work in progress&quot; - Euricse\" \/>\n<meta property=\"og:description\" content=\"Ha preso il via il progetto\u00a0Amif\u00a0Momentum, co-finanziato dal\u00a0Fondo Asilo, Migrazione e Integrazione dell&#8217;Unione Europe\u00a0per contribuire alla riduzione delle barriere strutturali e culturali che impediscono l\u2019accesso nel mercato del lavoro delle giovani donne migranti, con un focus particolare sulle donne rifugiate.\u00a0Il coordinamento \u00e8 di\u00a0ActionAid Hellas\u00a0e sono coinvolti\u00a010\u00a0enti provenienti dai Paesi pi\u00f9 interessati dai recenti flussi migratori [&hellip;]\" \/>\n<meta property=\"og:url\" content=\"https:\/\/euricse.eu\/it\/amif-momentum-work-in-progress-2\/\" \/>\n<meta property=\"og:site_name\" content=\"Euricse\" \/>\n<meta property=\"article:published_time\" content=\"2022-07-04T13:46:55+00:00\" \/>\n<meta property=\"article:modified_time\" content=\"2022-07-04T13:50:11+00:00\" \/>\n<meta property=\"og:image\" content=\"https:\/\/euricse.eu\/wp-content\/uploads\/2022\/07\/momentum-2.jpg\" \/>\n\t<meta property=\"og:image:width\" content=\"1242\" \/>\n\t<meta property=\"og:image:height\" content=\"677\" \/>\n\t<meta property=\"og:image:type\" content=\"image\/jpeg\" \/>\n<meta name=\"author\" content=\"redazione\" \/>\n<meta name=\"twitter:card\" content=\"summary_large_image\" \/>\n<meta name=\"twitter:label1\" content=\"Scritto da\" \/>\n\t<meta name=\"twitter:data1\" content=\"redazione\" \/>\n\t<meta name=\"twitter:label2\" content=\"Tempo di lettura stimato\" \/>\n\t<meta name=\"twitter:data2\" content=\"3 minuti\" \/>\n<script type=\"application\/ld+json\" class=\"yoast-schema-graph\">{\"@context\":\"https:\/\/schema.org\",\"@graph\":[{\"@type\":\"WebPage\",\"@id\":\"https:\/\/euricse.eu\/it\/amif-momentum-work-in-progress-2\/\",\"url\":\"https:\/\/euricse.eu\/it\/amif-momentum-work-in-progress-2\/\",\"name\":\"Amif Momentum, \\\"work in progress\\\" - Euricse\",\"isPartOf\":{\"@id\":\"https:\/\/euricse.eu\/en\/#website\"},\"primaryImageOfPage\":{\"@id\":\"https:\/\/euricse.eu\/it\/amif-momentum-work-in-progress-2\/#primaryimage\"},\"image\":{\"@id\":\"https:\/\/euricse.eu\/it\/amif-momentum-work-in-progress-2\/#primaryimage\"},\"thumbnailUrl\":\"https:\/\/euricse.eu\/wp-content\/uploads\/2022\/07\/momentum-2.jpg\",\"datePublished\":\"2022-07-04T13:46:55+00:00\",\"dateModified\":\"2022-07-04T13:50:11+00:00\",\"author\":{\"@id\":\"https:\/\/euricse.eu\/en\/#\/schema\/person\/46be9426d76e3114ba478b69f3d8040b\"},\"breadcrumb\":{\"@id\":\"https:\/\/euricse.eu\/it\/amif-momentum-work-in-progress-2\/#breadcrumb\"},\"inLanguage\":\"it-IT\",\"potentialAction\":[{\"@type\":\"ReadAction\",\"target\":[\"https:\/\/euricse.eu\/it\/amif-momentum-work-in-progress-2\/\"]}]},{\"@type\":\"ImageObject\",\"inLanguage\":\"it-IT\",\"@id\":\"https:\/\/euricse.eu\/it\/amif-momentum-work-in-progress-2\/#primaryimage\",\"url\":\"https:\/\/euricse.eu\/wp-content\/uploads\/2022\/07\/momentum-2.jpg\",\"contentUrl\":\"https:\/\/euricse.eu\/wp-content\/uploads\/2022\/07\/momentum-2.jpg\",\"width\":1242,\"height\":677},{\"@type\":\"BreadcrumbList\",\"@id\":\"https:\/\/euricse.eu\/it\/amif-momentum-work-in-progress-2\/#breadcrumb\",\"itemListElement\":[{\"@type\":\"ListItem\",\"position\":1,\"name\":\"Home\",\"item\":\"https:\/\/euricse.eu\/it\/\"},{\"@type\":\"ListItem\",\"position\":2,\"name\":\"Amif Momentum, &#8220;work in progress&#8221;\"}]},{\"@type\":\"WebSite\",\"@id\":\"https:\/\/euricse.eu\/en\/#website\",\"url\":\"https:\/\/euricse.eu\/en\/\",\"name\":\"Euricse\",\"description\":\"Knowledge and innovation for cooperative and social enterprises.\",\"potentialAction\":[{\"@type\":\"SearchAction\",\"target\":{\"@type\":\"EntryPoint\",\"urlTemplate\":\"https:\/\/euricse.eu\/en\/?s={search_term_string}\"},\"query-input\":{\"@type\":\"PropertyValueSpecification\",\"valueRequired\":true,\"valueName\":\"search_term_string\"}}],\"inLanguage\":\"it-IT\"},{\"@type\":\"Person\",\"@id\":\"https:\/\/euricse.eu\/en\/#\/schema\/person\/46be9426d76e3114ba478b69f3d8040b\",\"name\":\"redazione\",\"image\":{\"@type\":\"ImageObject\",\"inLanguage\":\"it-IT\",\"@id\":\"https:\/\/euricse.eu\/en\/#\/schema\/person\/image\/\",\"url\":\"https:\/\/secure.gravatar.com\/avatar\/d1e5fb76fa001722a0822f32de0a8935d9c7a01b0f055f16dc71df73252c3c50?s=96&d=mm&r=g\",\"contentUrl\":\"https:\/\/secure.gravatar.com\/avatar\/d1e5fb76fa001722a0822f32de0a8935d9c7a01b0f055f16dc71df73252c3c50?s=96&d=mm&r=g\",\"caption\":\"redazione\"},\"url\":\"https:\/\/euricse.eu\/it\/author\/marikadmin\/\"}]}<\/script>\n<!-- \/ Yoast SEO plugin. -->","yoast_head_json":{"title":"Amif Momentum, \"work in progress\" - Euricse","robots":{"index":"index","follow":"follow","max-snippet":"max-snippet:-1","max-image-preview":"max-image-preview:large","max-video-preview":"max-video-preview:-1"},"canonical":"https:\/\/euricse.eu\/it\/amif-momentum-work-in-progress-2\/","og_locale":"it_IT","og_type":"article","og_title":"Amif Momentum, \"work in progress\" - Euricse","og_description":"Ha preso il via il progetto\u00a0Amif\u00a0Momentum, co-finanziato dal\u00a0Fondo Asilo, Migrazione e Integrazione dell&#8217;Unione Europe\u00a0per contribuire alla riduzione delle barriere strutturali e culturali che impediscono l\u2019accesso nel mercato del lavoro delle giovani donne migranti, con un focus particolare sulle donne rifugiate.\u00a0Il coordinamento \u00e8 di\u00a0ActionAid Hellas\u00a0e sono coinvolti\u00a010\u00a0enti provenienti dai Paesi pi\u00f9 interessati dai recenti flussi migratori [&hellip;]","og_url":"https:\/\/euricse.eu\/it\/amif-momentum-work-in-progress-2\/","og_site_name":"Euricse","article_published_time":"2022-07-04T13:46:55+00:00","article_modified_time":"2022-07-04T13:50:11+00:00","og_image":[{"width":1242,"height":677,"url":"https:\/\/euricse.eu\/wp-content\/uploads\/2022\/07\/momentum-2.jpg","type":"image\/jpeg"}],"author":"redazione","twitter_card":"summary_large_image","twitter_misc":{"Scritto da":"redazione","Tempo di lettura stimato":"3 minuti"},"schema":{"@context":"https:\/\/schema.org","@graph":[{"@type":"WebPage","@id":"https:\/\/euricse.eu\/it\/amif-momentum-work-in-progress-2\/","url":"https:\/\/euricse.eu\/it\/amif-momentum-work-in-progress-2\/","name":"Amif Momentum, \"work in progress\" - Euricse","isPartOf":{"@id":"https:\/\/euricse.eu\/en\/#website"},"primaryImageOfPage":{"@id":"https:\/\/euricse.eu\/it\/amif-momentum-work-in-progress-2\/#primaryimage"},"image":{"@id":"https:\/\/euricse.eu\/it\/amif-momentum-work-in-progress-2\/#primaryimage"},"thumbnailUrl":"https:\/\/euricse.eu\/wp-content\/uploads\/2022\/07\/momentum-2.jpg","datePublished":"2022-07-04T13:46:55+00:00","dateModified":"2022-07-04T13:50:11+00:00","author":{"@id":"https:\/\/euricse.eu\/en\/#\/schema\/person\/46be9426d76e3114ba478b69f3d8040b"},"breadcrumb":{"@id":"https:\/\/euricse.eu\/it\/amif-momentum-work-in-progress-2\/#breadcrumb"},"inLanguage":"it-IT","potentialAction":[{"@type":"ReadAction","target":["https:\/\/euricse.eu\/it\/amif-momentum-work-in-progress-2\/"]}]},{"@type":"ImageObject","inLanguage":"it-IT","@id":"https:\/\/euricse.eu\/it\/amif-momentum-work-in-progress-2\/#primaryimage","url":"https:\/\/euricse.eu\/wp-content\/uploads\/2022\/07\/momentum-2.jpg","contentUrl":"https:\/\/euricse.eu\/wp-content\/uploads\/2022\/07\/momentum-2.jpg","width":1242,"height":677},{"@type":"BreadcrumbList","@id":"https:\/\/euricse.eu\/it\/amif-momentum-work-in-progress-2\/#breadcrumb","itemListElement":[{"@type":"ListItem","position":1,"name":"Home","item":"https:\/\/euricse.eu\/it\/"},{"@type":"ListItem","position":2,"name":"Amif Momentum, &#8220;work in progress&#8221;"}]},{"@type":"WebSite","@id":"https:\/\/euricse.eu\/en\/#website","url":"https:\/\/euricse.eu\/en\/","name":"Euricse","description":"Knowledge and innovation for cooperative and social enterprises.","potentialAction":[{"@type":"SearchAction","target":{"@type":"EntryPoint","urlTemplate":"https:\/\/euricse.eu\/en\/?s={search_term_string}"},"query-input":{"@type":"PropertyValueSpecification","valueRequired":true,"valueName":"search_term_string"}}],"inLanguage":"it-IT"},{"@type":"Person","@id":"https:\/\/euricse.eu\/en\/#\/schema\/person\/46be9426d76e3114ba478b69f3d8040b","name":"redazione","image":{"@type":"ImageObject","inLanguage":"it-IT","@id":"https:\/\/euricse.eu\/en\/#\/schema\/person\/image\/","url":"https:\/\/secure.gravatar.com\/avatar\/d1e5fb76fa001722a0822f32de0a8935d9c7a01b0f055f16dc71df73252c3c50?s=96&d=mm&r=g","contentUrl":"https:\/\/secure.gravatar.com\/avatar\/d1e5fb76fa001722a0822f32de0a8935d9c7a01b0f055f16dc71df73252c3c50?s=96&d=mm&r=g","caption":"redazione"},"url":"https:\/\/euricse.eu\/it\/author\/marikadmin\/"}]}},"_links":{"self":[{"href":"https:\/\/euricse.eu\/it\/wp-json\/wp\/v2\/posts\/16326","targetHints":{"allow":["GET"]}}],"collection":[{"href":"https:\/\/euricse.eu\/it\/wp-json\/wp\/v2\/posts"}],"about":[{"href":"https:\/\/euricse.eu\/it\/wp-json\/wp\/v2\/types\/post"}],"author":[{"embeddable":true,"href":"https:\/\/euricse.eu\/it\/wp-json\/wp\/v2\/users\/30"}],"replies":[{"embeddable":true,"href":"https:\/\/euricse.eu\/it\/wp-json\/wp\/v2\/comments?post=16326"}],"version-history":[{"count":1,"href":"https:\/\/euricse.eu\/it\/wp-json\/wp\/v2\/posts\/16326\/revisions"}],"predecessor-version":[{"id":16330,"href":"https:\/\/euricse.eu\/it\/wp-json\/wp\/v2\/posts\/16326\/revisions\/16330"}],"wp:featuredmedia":[{"embeddable":true,"href":"https:\/\/euricse.eu\/it\/wp-json\/wp\/v2\/media\/16327"}],"wp:attachment":[{"href":"https:\/\/euricse.eu\/it\/wp-json\/wp\/v2\/media?parent=16326"}],"wp:term":[{"taxonomy":"category","embeddable":true,"href":"https:\/\/euricse.eu\/it\/wp-json\/wp\/v2\/categories?post=16326"},{"taxonomy":"post_tag","embeddable":true,"href":"https:\/\/euricse.eu\/it\/wp-json\/wp\/v2\/tags?post=16326"}],"curies":[{"name":"wp","href":"https:\/\/api.w.org\/{rel}","templated":true}]}}