{"id":17879,"date":"2022-11-15T18:33:56","date_gmt":"2022-11-15T18:33:56","guid":{"rendered":"https:\/\/euricse.eu\/?p=17879"},"modified":"2022-11-15T16:48:55","modified_gmt":"2022-11-15T16:48:55","slug":"euricse-al-festival-della-famiglia","status":"publish","type":"post","link":"https:\/\/euricse.eu\/it\/euricse-al-festival-della-famiglia\/","title":{"rendered":"Euricse al Festival della Famiglia"},"content":{"rendered":"<p>Da\u00a0<strong>luned\u00ec<\/strong><strong>\u00a028 novembre a\u00a0<\/strong><strong>sabato<\/strong><strong>\u00a03 dicembre 2022\u00a0<\/strong>a Trento torna il\u00a0<strong>Festival della Famiglia<\/strong>, per riflettere e interagire su coesione sociale, welfare territoriale e\u00a0qualit\u00e0 della vita. L&#8217;evento\u00a0si avvale del patrocinio del\u00a0<strong>Dipartimento per le Politiche della famiglia della Presidenza del Consiglio dei Ministr<\/strong>i, e vede il\u00a0coordinamento dell\u2019<strong>Assessorato alle politiche familiari della Provincia autonoma di Trento. <\/strong><\/p>\n<p>Anche <strong>Euricse<\/strong> sar\u00e0 presente con un evento sulla funzione formativa del <strong>Servizio Universale Civile Provinciale. <\/strong>Il nostro ricercatore<strong>\u00a0Giacomo Pisani\u00a0<\/strong>di<strong> Euricse <\/strong>sar\u00e0 co-oganizzatore della sessione e relatore nella stessa. L&#8217;incontro \u00e8 in programma <strong>mercoled\u00ec 30 novembre dalle ore 17 alle ore 19<\/strong> presso la Sala Vigilianum di via Endrici, 14 (Trento).<\/p>\n<h4><strong>IL SERVIZIO CIVILE PER DIVENTARE ADULTI<\/strong><\/h4>\n<p>In un momento in cui le condizioni di incertezza e precariet\u00e0 vissute dai giovani si sono ulteriormente approfondite, lo SCUP costituisce un importante strumento di accompagnamento dei giovani, finalizzato a sostenere la loro transizione all&#8217;et\u00e0 adulta. In questa prospettiva si apre uno spazio per un possibile ripensamento complessivo dello strumento di servizio civile, che superi il suo originario posizionamentoin senso &#8220;dicotomico&#8221; rispetto al servizio militare, per abbracciare un servizio pi\u00f9 generale di crescita del giovane che si appresta a vivere le sfide del mondo adulto. In questa chiave saranno raccolte delle testimonianze provenienti da altri contesti territoriali, che permetteranno di analizzare tutti gli aspetti implicati nella funzione formativa del servizio civile in un&#8217;ottica comparativa.<\/p>\n<h6><b>Introduzione<\/b><\/h6>\n<ul>\n<li><strong>Giampiero Girardi<\/strong> &#8211; Direttore, Ufficio Servizio Civile &#8211; Agenzia per la coesione sociale della Provincia autonoma di Trento<\/li>\n<li><strong>Giacomo Pisani &#8211; <\/strong>Ricercatore, Euricse<\/li>\n<\/ul>\n<h6><strong>Le dimensioni educative e di apprendimento del servizio civile<\/strong><\/h6>\n<ul>\n<li><strong>Sergio Silvotti<\/strong> &#8211; Presidente, Arci, Servizio Civile, Lombardia &#8211; L\u2019esperienza della Regione Lombardia &#8211;<\/li>\n<li><strong>Andrea Marisaldi<\/strong> &#8211; Ufficio Servizio Civile, Regione Emilia \u2013 Romagna &#8211; L\u2019esperienza della Regione Emilia &#8211; Romagna<\/li>\n<li><strong>Renza Pecoraro<\/strong> &#8211; Direttore, Agenzia per la coesione sociale, Provincia autonoma di Trento &#8211; La \u201cdote finanziaria\u201d prevista dalla Provincia di Trento<\/li>\n<\/ul>\n<h6><strong>Dibattito<\/strong><\/h6>\n<h6><strong>Conclusioni<\/strong><\/h6>\n<ul>\n<li><strong>Giampiero Girardi<\/strong> &#8211; Direttore, Ufficio Servizio Civile, Agenzia per la coesione sociale, Provincia autonoma di Trento<\/li>\n<\/ul>\n<p>&nbsp;<\/p>\n<p><a href=\"https:\/\/www.trentinofamiglia.it\/News-eventi\/Eventi-annuali-dell-Agenzia\/Festival-della-famiglia\/Appuntamenti-del-Festival-2022\/IL-SERVIZIO-CIVILE-PER-DIVENTARE-ADULTI\">Visita la pagina dedicata\u00a0<\/a><\/p>\n<p><a href=\"https:\/\/euricse.eu\/wp-content\/uploads\/2022\/11\/15-FF_2022_30nov_SCUP.pdf\">Scarica il programma dell&#8217;incontro<\/a><\/p>\n","protected":false},"excerpt":{"rendered":"<p>Da\u00a0luned\u00ec\u00a028 novembre a\u00a0sabato\u00a03 dicembre 2022\u00a0a Trento torna il\u00a0Festival della Famiglia, per riflettere e interagire su coesione sociale, welfare territoriale e\u00a0qualit\u00e0 della vita. L&#8217;evento\u00a0si avvale del patrocinio del\u00a0Dipartimento per le Politiche della famiglia della Presidenza del Consiglio dei Ministri, e vede il\u00a0coordinamento dell\u2019Assessorato alle politiche familiari della Provincia autonoma di Trento. Anche Euricse sar\u00e0 presente con [&hellip;]<\/p>\n","protected":false},"author":32,"featured_media":17880,"comment_status":"closed","ping_status":"closed","sticky":false,"template":"","format":"standard","meta":{"_acf_changed":false,"episode_type":"","audio_file":"","cover_image":"","cover_image_id":"","duration":"","filesize":"","date_recorded":"","explicit":"","block":"","itunes_episode_number":"","itunes_title":"","itunes_season_number":"","itunes_episode_type":"","filesize_raw":"","footnotes":""},"categories":[17],"tags":[],"class_list":["post-17879","post","type-post","status-publish","format-standard","has-post-thumbnail","hentry","category-news-it"],"acf":[],"yoast_head":"<!-- This site is optimized with the Yoast SEO plugin v26.1.1 - https:\/\/yoast.com\/wordpress\/plugins\/seo\/ -->\n<title>Euricse al Festival della Famiglia - Euricse<\/title>\n<meta name=\"robots\" content=\"index, follow, max-snippet:-1, max-image-preview:large, max-video-preview:-1\" \/>\n<link rel=\"canonical\" href=\"https:\/\/euricse.eu\/it\/euricse-al-festival-della-famiglia\/\" \/>\n<meta property=\"og:locale\" content=\"it_IT\" \/>\n<meta property=\"og:type\" content=\"article\" \/>\n<meta property=\"og:title\" content=\"Euricse al Festival della Famiglia - Euricse\" \/>\n<meta property=\"og:description\" content=\"Da\u00a0luned\u00ec\u00a028 novembre a\u00a0sabato\u00a03 dicembre 2022\u00a0a Trento torna il\u00a0Festival della Famiglia, per riflettere e interagire su coesione sociale, welfare territoriale e\u00a0qualit\u00e0 della vita. L&#8217;evento\u00a0si avvale del patrocinio del\u00a0Dipartimento per le Politiche della famiglia della Presidenza del Consiglio dei Ministri, e vede il\u00a0coordinamento dell\u2019Assessorato alle politiche familiari della Provincia autonoma di Trento. Anche Euricse sar\u00e0 presente con [&hellip;]\" \/>\n<meta property=\"og:url\" content=\"https:\/\/euricse.eu\/it\/euricse-al-festival-della-famiglia\/\" \/>\n<meta property=\"og:site_name\" content=\"Euricse\" \/>\n<meta property=\"article:published_time\" content=\"2022-11-15T18:33:56+00:00\" \/>\n<meta property=\"og:image\" content=\"https:\/\/euricse.eu\/wp-content\/uploads\/2022\/10\/unnamed-1-1.jpg\" \/>\n\t<meta property=\"og:image:width\" content=\"1152\" \/>\n\t<meta property=\"og:image:height\" content=\"1152\" \/>\n\t<meta property=\"og:image:type\" content=\"image\/jpeg\" \/>\n<meta name=\"author\" content=\"Silvia\" \/>\n<meta name=\"twitter:card\" content=\"summary_large_image\" \/>\n<meta name=\"twitter:label1\" content=\"Scritto da\" \/>\n\t<meta name=\"twitter:data1\" content=\"Silvia\" \/>\n\t<meta name=\"twitter:label2\" content=\"Tempo di lettura stimato\" \/>\n\t<meta name=\"twitter:data2\" content=\"2 minuti\" \/>\n<script type=\"application\/ld+json\" class=\"yoast-schema-graph\">{\"@context\":\"https:\/\/schema.org\",\"@graph\":[{\"@type\":\"WebPage\",\"@id\":\"https:\/\/euricse.eu\/it\/euricse-al-festival-della-famiglia\/\",\"url\":\"https:\/\/euricse.eu\/it\/euricse-al-festival-della-famiglia\/\",\"name\":\"Euricse al Festival della Famiglia - Euricse\",\"isPartOf\":{\"@id\":\"https:\/\/euricse.eu\/en\/#website\"},\"primaryImageOfPage\":{\"@id\":\"https:\/\/euricse.eu\/it\/euricse-al-festival-della-famiglia\/#primaryimage\"},\"image\":{\"@id\":\"https:\/\/euricse.eu\/it\/euricse-al-festival-della-famiglia\/#primaryimage\"},\"thumbnailUrl\":\"https:\/\/euricse.eu\/wp-content\/uploads\/2022\/10\/unnamed-1-1.jpg\",\"datePublished\":\"2022-11-15T18:33:56+00:00\",\"author\":{\"@id\":\"https:\/\/euricse.eu\/en\/#\/schema\/person\/a5b25693531e3458dfedff34c273ba14\"},\"breadcrumb\":{\"@id\":\"https:\/\/euricse.eu\/it\/euricse-al-festival-della-famiglia\/#breadcrumb\"},\"inLanguage\":\"it-IT\",\"potentialAction\":[{\"@type\":\"ReadAction\",\"target\":[\"https:\/\/euricse.eu\/it\/euricse-al-festival-della-famiglia\/\"]}]},{\"@type\":\"ImageObject\",\"inLanguage\":\"it-IT\",\"@id\":\"https:\/\/euricse.eu\/it\/euricse-al-festival-della-famiglia\/#primaryimage\",\"url\":\"https:\/\/euricse.eu\/wp-content\/uploads\/2022\/10\/unnamed-1-1.jpg\",\"contentUrl\":\"https:\/\/euricse.eu\/wp-content\/uploads\/2022\/10\/unnamed-1-1.jpg\",\"width\":1152,\"height\":1152},{\"@type\":\"BreadcrumbList\",\"@id\":\"https:\/\/euricse.eu\/it\/euricse-al-festival-della-famiglia\/#breadcrumb\",\"itemListElement\":[{\"@type\":\"ListItem\",\"position\":1,\"name\":\"Home\",\"item\":\"https:\/\/euricse.eu\/it\/\"},{\"@type\":\"ListItem\",\"position\":2,\"name\":\"Euricse al Festival della Famiglia\"}]},{\"@type\":\"WebSite\",\"@id\":\"https:\/\/euricse.eu\/en\/#website\",\"url\":\"https:\/\/euricse.eu\/en\/\",\"name\":\"Euricse\",\"description\":\"Knowledge and innovation for cooperative and social enterprises.\",\"potentialAction\":[{\"@type\":\"SearchAction\",\"target\":{\"@type\":\"EntryPoint\",\"urlTemplate\":\"https:\/\/euricse.eu\/en\/?s={search_term_string}\"},\"query-input\":{\"@type\":\"PropertyValueSpecification\",\"valueRequired\":true,\"valueName\":\"search_term_string\"}}],\"inLanguage\":\"it-IT\"},{\"@type\":\"Person\",\"@id\":\"https:\/\/euricse.eu\/en\/#\/schema\/person\/a5b25693531e3458dfedff34c273ba14\",\"name\":\"Silvia\",\"image\":{\"@type\":\"ImageObject\",\"inLanguage\":\"it-IT\",\"@id\":\"https:\/\/euricse.eu\/en\/#\/schema\/person\/image\/\",\"url\":\"https:\/\/secure.gravatar.com\/avatar\/3cef1082b65edc85f1a4c0caa7ce4808f397a517b7217eab6215fe435640f8f7?s=96&d=mm&r=g\",\"contentUrl\":\"https:\/\/secure.gravatar.com\/avatar\/3cef1082b65edc85f1a4c0caa7ce4808f397a517b7217eab6215fe435640f8f7?s=96&d=mm&r=g\",\"caption\":\"Silvia\"},\"url\":\"https:\/\/euricse.eu\/it\/author\/silvia\/\"}]}<\/script>\n<!-- \/ Yoast SEO plugin. -->","yoast_head_json":{"title":"Euricse al Festival della Famiglia - Euricse","robots":{"index":"index","follow":"follow","max-snippet":"max-snippet:-1","max-image-preview":"max-image-preview:large","max-video-preview":"max-video-preview:-1"},"canonical":"https:\/\/euricse.eu\/it\/euricse-al-festival-della-famiglia\/","og_locale":"it_IT","og_type":"article","og_title":"Euricse al Festival della Famiglia - Euricse","og_description":"Da\u00a0luned\u00ec\u00a028 novembre a\u00a0sabato\u00a03 dicembre 2022\u00a0a Trento torna il\u00a0Festival della Famiglia, per riflettere e interagire su coesione sociale, welfare territoriale e\u00a0qualit\u00e0 della vita. L&#8217;evento\u00a0si avvale del patrocinio del\u00a0Dipartimento per le Politiche della famiglia della Presidenza del Consiglio dei Ministri, e vede il\u00a0coordinamento dell\u2019Assessorato alle politiche familiari della Provincia autonoma di Trento. Anche Euricse sar\u00e0 presente con [&hellip;]","og_url":"https:\/\/euricse.eu\/it\/euricse-al-festival-della-famiglia\/","og_site_name":"Euricse","article_published_time":"2022-11-15T18:33:56+00:00","og_image":[{"width":1152,"height":1152,"url":"https:\/\/euricse.eu\/wp-content\/uploads\/2022\/10\/unnamed-1-1.jpg","type":"image\/jpeg"}],"author":"Silvia","twitter_card":"summary_large_image","twitter_misc":{"Scritto da":"Silvia","Tempo di lettura stimato":"2 minuti"},"schema":{"@context":"https:\/\/schema.org","@graph":[{"@type":"WebPage","@id":"https:\/\/euricse.eu\/it\/euricse-al-festival-della-famiglia\/","url":"https:\/\/euricse.eu\/it\/euricse-al-festival-della-famiglia\/","name":"Euricse al Festival della Famiglia - Euricse","isPartOf":{"@id":"https:\/\/euricse.eu\/en\/#website"},"primaryImageOfPage":{"@id":"https:\/\/euricse.eu\/it\/euricse-al-festival-della-famiglia\/#primaryimage"},"image":{"@id":"https:\/\/euricse.eu\/it\/euricse-al-festival-della-famiglia\/#primaryimage"},"thumbnailUrl":"https:\/\/euricse.eu\/wp-content\/uploads\/2022\/10\/unnamed-1-1.jpg","datePublished":"2022-11-15T18:33:56+00:00","author":{"@id":"https:\/\/euricse.eu\/en\/#\/schema\/person\/a5b25693531e3458dfedff34c273ba14"},"breadcrumb":{"@id":"https:\/\/euricse.eu\/it\/euricse-al-festival-della-famiglia\/#breadcrumb"},"inLanguage":"it-IT","potentialAction":[{"@type":"ReadAction","target":["https:\/\/euricse.eu\/it\/euricse-al-festival-della-famiglia\/"]}]},{"@type":"ImageObject","inLanguage":"it-IT","@id":"https:\/\/euricse.eu\/it\/euricse-al-festival-della-famiglia\/#primaryimage","url":"https:\/\/euricse.eu\/wp-content\/uploads\/2022\/10\/unnamed-1-1.jpg","contentUrl":"https:\/\/euricse.eu\/wp-content\/uploads\/2022\/10\/unnamed-1-1.jpg","width":1152,"height":1152},{"@type":"BreadcrumbList","@id":"https:\/\/euricse.eu\/it\/euricse-al-festival-della-famiglia\/#breadcrumb","itemListElement":[{"@type":"ListItem","position":1,"name":"Home","item":"https:\/\/euricse.eu\/it\/"},{"@type":"ListItem","position":2,"name":"Euricse al Festival della Famiglia"}]},{"@type":"WebSite","@id":"https:\/\/euricse.eu\/en\/#website","url":"https:\/\/euricse.eu\/en\/","name":"Euricse","description":"Knowledge and innovation for cooperative and social enterprises.","potentialAction":[{"@type":"SearchAction","target":{"@type":"EntryPoint","urlTemplate":"https:\/\/euricse.eu\/en\/?s={search_term_string}"},"query-input":{"@type":"PropertyValueSpecification","valueRequired":true,"valueName":"search_term_string"}}],"inLanguage":"it-IT"},{"@type":"Person","@id":"https:\/\/euricse.eu\/en\/#\/schema\/person\/a5b25693531e3458dfedff34c273ba14","name":"Silvia","image":{"@type":"ImageObject","inLanguage":"it-IT","@id":"https:\/\/euricse.eu\/en\/#\/schema\/person\/image\/","url":"https:\/\/secure.gravatar.com\/avatar\/3cef1082b65edc85f1a4c0caa7ce4808f397a517b7217eab6215fe435640f8f7?s=96&d=mm&r=g","contentUrl":"https:\/\/secure.gravatar.com\/avatar\/3cef1082b65edc85f1a4c0caa7ce4808f397a517b7217eab6215fe435640f8f7?s=96&d=mm&r=g","caption":"Silvia"},"url":"https:\/\/euricse.eu\/it\/author\/silvia\/"}]}},"_links":{"self":[{"href":"https:\/\/euricse.eu\/it\/wp-json\/wp\/v2\/posts\/17879","targetHints":{"allow":["GET"]}}],"collection":[{"href":"https:\/\/euricse.eu\/it\/wp-json\/wp\/v2\/posts"}],"about":[{"href":"https:\/\/euricse.eu\/it\/wp-json\/wp\/v2\/types\/post"}],"author":[{"embeddable":true,"href":"https:\/\/euricse.eu\/it\/wp-json\/wp\/v2\/users\/32"}],"replies":[{"embeddable":true,"href":"https:\/\/euricse.eu\/it\/wp-json\/wp\/v2\/comments?post=17879"}],"version-history":[{"count":1,"href":"https:\/\/euricse.eu\/it\/wp-json\/wp\/v2\/posts\/17879\/revisions"}],"predecessor-version":[{"id":17975,"href":"https:\/\/euricse.eu\/it\/wp-json\/wp\/v2\/posts\/17879\/revisions\/17975"}],"wp:featuredmedia":[{"embeddable":true,"href":"https:\/\/euricse.eu\/it\/wp-json\/wp\/v2\/media\/17880"}],"wp:attachment":[{"href":"https:\/\/euricse.eu\/it\/wp-json\/wp\/v2\/media?parent=17879"}],"wp:term":[{"taxonomy":"category","embeddable":true,"href":"https:\/\/euricse.eu\/it\/wp-json\/wp\/v2\/categories?post=17879"},{"taxonomy":"post_tag","embeddable":true,"href":"https:\/\/euricse.eu\/it\/wp-json\/wp\/v2\/tags?post=17879"}],"curies":[{"name":"wp","href":"https:\/\/api.w.org\/{rel}","templated":true}]}}