{"id":18119,"date":"2022-12-14T16:48:00","date_gmt":"2022-12-14T16:48:00","guid":{"rendered":"https:\/\/euricse.eu\/?p=18119"},"modified":"2023-03-09T09:16:18","modified_gmt":"2023-03-09T09:16:18","slug":"rapporto-sui-bisogni-in-termini-di-competenze-digitalidegli-utenti-nelle-wise","status":"publish","type":"post","link":"https:\/\/euricse.eu\/it\/rapporto-sui-bisogni-in-termini-di-competenze-digitalidegli-utenti-nelle-wise\/","title":{"rendered":"Imprese Sociali e inserimento lavorativo"},"content":{"rendered":"<div class=\"caption col-md-10\">\n<div class=\"\">E&#8217; stato pubblicato il &#8220;Rapporto sui bisogni in termini di competenze (digitali) degli utenti \u00a0nelle WISE&#8221;, le imprese sociali di inserimento lavorativo. Il documento \u00e8 il risultato del lavoro di ricerca condotto durante il WP2 coordinato dal Consorzio Nazionale <a href=\"about:blank\">Idee in Rete<\/a>, uno dei partner italiani del progetto, sotto la guida di Camilla Baldini e Gianfranco Marocchi, responsabili del lavoro di ricerca e dei contenuti presentati. Il rapporto punta a creare un collegamento tra il rapporto del WP1 &#8220;<a href=\"https:\/\/www.bwiseproject.eu\/Portals\/bewise\/OpenContent\/Files\/1130\/B-wise_WP1_Research_Report-9.pdf\">Report on current situation of skills gaps, especially in the digital area, in WISEs sector and anticipating future need<\/a><a href=\"about:blank\">s<\/a>&#8220;, pubblicato ad ottobre, ed il lavoro previsto nel WP3 per la progettazione di curricula VET che soddisfino i gap di competenze, di prossima pubblicazione.<\/div>\n<\/div>\n<div><\/div>\n<div><\/div>\n<h5>IL PROGETTO<\/h5>\n<div class=\"col-md-12 mt30\">\n<p>Le imprese sociali europee di inserimento lavorativo (WISE) sono al centro del progetto B-WISE, che ha l&#8217;obiettivo di sviluppare strategie per affrontare i bisogni di competenze nel settore. Scelta metodologica, che ha previsto, durante la ricerca, il coinvolgimento diretto e la partecipazione dell&#8217;intero partenariato che ha contribuito attivamente al lavoro presentato.<\/p>\n<p>La ricerca si \u00e8 sviluppata a partire dal presupposto che l&#8217;obiettivo del potenziamento delle capacit\u00e0 non pu\u00f2 essere adeguatamente realizzato se non si \u00e8 in grado di comprendere che le WISE europei, pur avendo alcuni tratti unificanti, sono diverse tra loro per obiettivi, stili operativi, organizzazione, dimensioni, orientamento imprenditoriale, ecc; e che le persone che lavorano nelle WISE, lavoratori con necessit\u00e0 di supporto, formatori\/job coach e manager, sono diverse in termini di livelli di competenze di partenza, storie di vita, investimenti nell&#8217;apprendimento, ecc.<\/p>\n<p>Da ci\u00f2 consegue che, per essere efficace, la definizione di una strategia di potenziamento delle capacit\u00e0 deve essere progettata con riferimento ai diversi tipi di WISE e alle diverse tipologie di persone che vi lavorano. In altre parole, si \u00e8 prestata attenzione alla creazione di &#8220;Scenari&#8221; (i diversi tipi di WISE) e &#8220;Personas&#8221; (i diversi tipi di lavoratori con necessit\u00e0 di supporto, formatori\/job coach e manager), in modo da garantire che la formazione e l&#8217;apprendimento rispondano alle diverse esigenze in termini di competenze.<\/p>\n<p>Il rapporto cerca infatti di rispondere a due domande principali:<\/p>\n<ul>\n<li>Di quali azioni per il rafforzamento delle competenze hanno bisogno le\u00a0 imprese sociali di inserimento lavorativo in base alle loro caratteristiche, al loro sviluppo, alla loro cultura aziendale e ai loro punti di forza e di debolezza?<\/li>\n<li>Quali sono le caratteristiche dei lavoratori (manager, formatori\/job coach, lavoratori con necessit\u00e0 di supporto) ai quali vorremmo proporre percorsi di rafforzamento delle competenze?<\/li>\n<\/ul>\n<p>In base a queste domande, i rapporti elaborano due tipi di risposte, innanzitutto gli &#8220;scenari&#8221; per le WISE che offrono una descrizione generale del modello adottato, basato sui tre principali tipi di WISE (sociali, formative e produttive). Propone inoltre alcune &#8220;Personas&#8221; che sono una sintesi della classificazione fatta a livello nazionale, suddivise nelle tre categorie di lavoratori con necessit\u00e0 di supporto, manager e formatori\/job coach. Il rapporto comprende un capitolo che riassume le indicazioni a livello nazionale e si conclude con alcune indicazioni politiche generali e una guida specifica per lo sviluppo del WP3 in termini di percorsi di costruzione delle competenze.<\/p>\n<p>I partner del progetto stanno ora lavorando, sulla base di questo rapporto, sui curricula e sui percorsi formativi per le tre categorie di lavoratori WISE.<\/p>\n<p>&nbsp;<\/p>\n<\/div>\n","protected":false},"excerpt":{"rendered":"<p>E&#8217; stato pubblicato il &#8220;Rapporto sui bisogni in termini di competenze (digitali) degli utenti \u00a0nelle WISE&#8221;, le imprese sociali di inserimento lavorativo. Il documento \u00e8 il risultato del lavoro di ricerca condotto durante il WP2 coordinato dal Consorzio Nazionale Idee in Rete, uno dei partner italiani del progetto, sotto la guida di Camilla Baldini e [&hellip;]<\/p>\n","protected":false},"author":32,"featured_media":15212,"comment_status":"closed","ping_status":"closed","sticky":false,"template":"","format":"standard","meta":{"_acf_changed":false,"episode_type":"","audio_file":"","cover_image":"","cover_image_id":"","duration":"","filesize":"","date_recorded":"","explicit":"","block":"","itunes_episode_number":"","itunes_title":"","itunes_season_number":"","itunes_episode_type":"","filesize_raw":"","footnotes":""},"categories":[17],"tags":[],"class_list":["post-18119","post","type-post","status-publish","format-standard","has-post-thumbnail","hentry","category-news-it"],"acf":[],"yoast_head":"<!-- This site is optimized with the Yoast SEO plugin v26.1.1 - https:\/\/yoast.com\/wordpress\/plugins\/seo\/ -->\n<title>Imprese Sociali e inserimento lavorativo - Euricse<\/title>\n<meta name=\"robots\" content=\"index, follow, max-snippet:-1, max-image-preview:large, max-video-preview:-1\" \/>\n<link rel=\"canonical\" href=\"https:\/\/euricse.eu\/it\/rapporto-sui-bisogni-in-termini-di-competenze-digitalidegli-utenti-nelle-wise\/\" \/>\n<meta property=\"og:locale\" content=\"it_IT\" \/>\n<meta property=\"og:type\" content=\"article\" \/>\n<meta property=\"og:title\" content=\"Imprese Sociali e inserimento lavorativo - Euricse\" \/>\n<meta property=\"og:description\" content=\"E&#8217; stato pubblicato il &#8220;Rapporto sui bisogni in termini di competenze (digitali) degli utenti \u00a0nelle WISE&#8221;, le imprese sociali di inserimento lavorativo. Il documento \u00e8 il risultato del lavoro di ricerca condotto durante il WP2 coordinato dal Consorzio Nazionale Idee in Rete, uno dei partner italiani del progetto, sotto la guida di Camilla Baldini e [&hellip;]\" \/>\n<meta property=\"og:url\" content=\"https:\/\/euricse.eu\/it\/rapporto-sui-bisogni-in-termini-di-competenze-digitalidegli-utenti-nelle-wise\/\" \/>\n<meta property=\"og:site_name\" content=\"Euricse\" \/>\n<meta property=\"article:published_time\" content=\"2022-12-14T16:48:00+00:00\" \/>\n<meta property=\"article:modified_time\" content=\"2023-03-09T09:16:18+00:00\" \/>\n<meta property=\"og:image\" content=\"https:\/\/euricse.eu\/wp-content\/uploads\/2022\/04\/BWise2.jpg\" \/>\n\t<meta property=\"og:image:width\" content=\"500\" \/>\n\t<meta property=\"og:image:height\" content=\"315\" \/>\n\t<meta property=\"og:image:type\" content=\"image\/jpeg\" \/>\n<meta name=\"author\" content=\"Silvia\" \/>\n<meta name=\"twitter:card\" content=\"summary_large_image\" \/>\n<meta name=\"twitter:label1\" content=\"Scritto da\" \/>\n\t<meta name=\"twitter:data1\" content=\"Silvia\" \/>\n\t<meta name=\"twitter:label2\" content=\"Tempo di lettura stimato\" \/>\n\t<meta name=\"twitter:data2\" content=\"3 minuti\" \/>\n<script type=\"application\/ld+json\" class=\"yoast-schema-graph\">{\"@context\":\"https:\/\/schema.org\",\"@graph\":[{\"@type\":\"WebPage\",\"@id\":\"https:\/\/euricse.eu\/it\/rapporto-sui-bisogni-in-termini-di-competenze-digitalidegli-utenti-nelle-wise\/\",\"url\":\"https:\/\/euricse.eu\/it\/rapporto-sui-bisogni-in-termini-di-competenze-digitalidegli-utenti-nelle-wise\/\",\"name\":\"Imprese Sociali e inserimento lavorativo - Euricse\",\"isPartOf\":{\"@id\":\"https:\/\/euricse.eu\/en\/#website\"},\"primaryImageOfPage\":{\"@id\":\"https:\/\/euricse.eu\/it\/rapporto-sui-bisogni-in-termini-di-competenze-digitalidegli-utenti-nelle-wise\/#primaryimage\"},\"image\":{\"@id\":\"https:\/\/euricse.eu\/it\/rapporto-sui-bisogni-in-termini-di-competenze-digitalidegli-utenti-nelle-wise\/#primaryimage\"},\"thumbnailUrl\":\"https:\/\/euricse.eu\/wp-content\/uploads\/2022\/04\/BWise2.jpg\",\"datePublished\":\"2022-12-14T16:48:00+00:00\",\"dateModified\":\"2023-03-09T09:16:18+00:00\",\"author\":{\"@id\":\"https:\/\/euricse.eu\/en\/#\/schema\/person\/a5b25693531e3458dfedff34c273ba14\"},\"breadcrumb\":{\"@id\":\"https:\/\/euricse.eu\/it\/rapporto-sui-bisogni-in-termini-di-competenze-digitalidegli-utenti-nelle-wise\/#breadcrumb\"},\"inLanguage\":\"it-IT\",\"potentialAction\":[{\"@type\":\"ReadAction\",\"target\":[\"https:\/\/euricse.eu\/it\/rapporto-sui-bisogni-in-termini-di-competenze-digitalidegli-utenti-nelle-wise\/\"]}]},{\"@type\":\"ImageObject\",\"inLanguage\":\"it-IT\",\"@id\":\"https:\/\/euricse.eu\/it\/rapporto-sui-bisogni-in-termini-di-competenze-digitalidegli-utenti-nelle-wise\/#primaryimage\",\"url\":\"https:\/\/euricse.eu\/wp-content\/uploads\/2022\/04\/BWise2.jpg\",\"contentUrl\":\"https:\/\/euricse.eu\/wp-content\/uploads\/2022\/04\/BWise2.jpg\",\"width\":500,\"height\":315},{\"@type\":\"BreadcrumbList\",\"@id\":\"https:\/\/euricse.eu\/it\/rapporto-sui-bisogni-in-termini-di-competenze-digitalidegli-utenti-nelle-wise\/#breadcrumb\",\"itemListElement\":[{\"@type\":\"ListItem\",\"position\":1,\"name\":\"Home\",\"item\":\"https:\/\/euricse.eu\/it\/\"},{\"@type\":\"ListItem\",\"position\":2,\"name\":\"Imprese Sociali e inserimento lavorativo\"}]},{\"@type\":\"WebSite\",\"@id\":\"https:\/\/euricse.eu\/en\/#website\",\"url\":\"https:\/\/euricse.eu\/en\/\",\"name\":\"Euricse\",\"description\":\"Knowledge and innovation for cooperative and social enterprises.\",\"potentialAction\":[{\"@type\":\"SearchAction\",\"target\":{\"@type\":\"EntryPoint\",\"urlTemplate\":\"https:\/\/euricse.eu\/en\/?s={search_term_string}\"},\"query-input\":{\"@type\":\"PropertyValueSpecification\",\"valueRequired\":true,\"valueName\":\"search_term_string\"}}],\"inLanguage\":\"it-IT\"},{\"@type\":\"Person\",\"@id\":\"https:\/\/euricse.eu\/en\/#\/schema\/person\/a5b25693531e3458dfedff34c273ba14\",\"name\":\"Silvia\",\"image\":{\"@type\":\"ImageObject\",\"inLanguage\":\"it-IT\",\"@id\":\"https:\/\/euricse.eu\/en\/#\/schema\/person\/image\/\",\"url\":\"https:\/\/secure.gravatar.com\/avatar\/3cef1082b65edc85f1a4c0caa7ce4808f397a517b7217eab6215fe435640f8f7?s=96&d=mm&r=g\",\"contentUrl\":\"https:\/\/secure.gravatar.com\/avatar\/3cef1082b65edc85f1a4c0caa7ce4808f397a517b7217eab6215fe435640f8f7?s=96&d=mm&r=g\",\"caption\":\"Silvia\"},\"url\":\"https:\/\/euricse.eu\/it\/author\/silvia\/\"}]}<\/script>\n<!-- \/ Yoast SEO plugin. -->","yoast_head_json":{"title":"Imprese Sociali e inserimento lavorativo - Euricse","robots":{"index":"index","follow":"follow","max-snippet":"max-snippet:-1","max-image-preview":"max-image-preview:large","max-video-preview":"max-video-preview:-1"},"canonical":"https:\/\/euricse.eu\/it\/rapporto-sui-bisogni-in-termini-di-competenze-digitalidegli-utenti-nelle-wise\/","og_locale":"it_IT","og_type":"article","og_title":"Imprese Sociali e inserimento lavorativo - Euricse","og_description":"E&#8217; stato pubblicato il &#8220;Rapporto sui bisogni in termini di competenze (digitali) degli utenti \u00a0nelle WISE&#8221;, le imprese sociali di inserimento lavorativo. Il documento \u00e8 il risultato del lavoro di ricerca condotto durante il WP2 coordinato dal Consorzio Nazionale Idee in Rete, uno dei partner italiani del progetto, sotto la guida di Camilla Baldini e [&hellip;]","og_url":"https:\/\/euricse.eu\/it\/rapporto-sui-bisogni-in-termini-di-competenze-digitalidegli-utenti-nelle-wise\/","og_site_name":"Euricse","article_published_time":"2022-12-14T16:48:00+00:00","article_modified_time":"2023-03-09T09:16:18+00:00","og_image":[{"width":500,"height":315,"url":"https:\/\/euricse.eu\/wp-content\/uploads\/2022\/04\/BWise2.jpg","type":"image\/jpeg"}],"author":"Silvia","twitter_card":"summary_large_image","twitter_misc":{"Scritto da":"Silvia","Tempo di lettura stimato":"3 minuti"},"schema":{"@context":"https:\/\/schema.org","@graph":[{"@type":"WebPage","@id":"https:\/\/euricse.eu\/it\/rapporto-sui-bisogni-in-termini-di-competenze-digitalidegli-utenti-nelle-wise\/","url":"https:\/\/euricse.eu\/it\/rapporto-sui-bisogni-in-termini-di-competenze-digitalidegli-utenti-nelle-wise\/","name":"Imprese Sociali e inserimento lavorativo - Euricse","isPartOf":{"@id":"https:\/\/euricse.eu\/en\/#website"},"primaryImageOfPage":{"@id":"https:\/\/euricse.eu\/it\/rapporto-sui-bisogni-in-termini-di-competenze-digitalidegli-utenti-nelle-wise\/#primaryimage"},"image":{"@id":"https:\/\/euricse.eu\/it\/rapporto-sui-bisogni-in-termini-di-competenze-digitalidegli-utenti-nelle-wise\/#primaryimage"},"thumbnailUrl":"https:\/\/euricse.eu\/wp-content\/uploads\/2022\/04\/BWise2.jpg","datePublished":"2022-12-14T16:48:00+00:00","dateModified":"2023-03-09T09:16:18+00:00","author":{"@id":"https:\/\/euricse.eu\/en\/#\/schema\/person\/a5b25693531e3458dfedff34c273ba14"},"breadcrumb":{"@id":"https:\/\/euricse.eu\/it\/rapporto-sui-bisogni-in-termini-di-competenze-digitalidegli-utenti-nelle-wise\/#breadcrumb"},"inLanguage":"it-IT","potentialAction":[{"@type":"ReadAction","target":["https:\/\/euricse.eu\/it\/rapporto-sui-bisogni-in-termini-di-competenze-digitalidegli-utenti-nelle-wise\/"]}]},{"@type":"ImageObject","inLanguage":"it-IT","@id":"https:\/\/euricse.eu\/it\/rapporto-sui-bisogni-in-termini-di-competenze-digitalidegli-utenti-nelle-wise\/#primaryimage","url":"https:\/\/euricse.eu\/wp-content\/uploads\/2022\/04\/BWise2.jpg","contentUrl":"https:\/\/euricse.eu\/wp-content\/uploads\/2022\/04\/BWise2.jpg","width":500,"height":315},{"@type":"BreadcrumbList","@id":"https:\/\/euricse.eu\/it\/rapporto-sui-bisogni-in-termini-di-competenze-digitalidegli-utenti-nelle-wise\/#breadcrumb","itemListElement":[{"@type":"ListItem","position":1,"name":"Home","item":"https:\/\/euricse.eu\/it\/"},{"@type":"ListItem","position":2,"name":"Imprese Sociali e inserimento lavorativo"}]},{"@type":"WebSite","@id":"https:\/\/euricse.eu\/en\/#website","url":"https:\/\/euricse.eu\/en\/","name":"Euricse","description":"Knowledge and innovation for cooperative and social enterprises.","potentialAction":[{"@type":"SearchAction","target":{"@type":"EntryPoint","urlTemplate":"https:\/\/euricse.eu\/en\/?s={search_term_string}"},"query-input":{"@type":"PropertyValueSpecification","valueRequired":true,"valueName":"search_term_string"}}],"inLanguage":"it-IT"},{"@type":"Person","@id":"https:\/\/euricse.eu\/en\/#\/schema\/person\/a5b25693531e3458dfedff34c273ba14","name":"Silvia","image":{"@type":"ImageObject","inLanguage":"it-IT","@id":"https:\/\/euricse.eu\/en\/#\/schema\/person\/image\/","url":"https:\/\/secure.gravatar.com\/avatar\/3cef1082b65edc85f1a4c0caa7ce4808f397a517b7217eab6215fe435640f8f7?s=96&d=mm&r=g","contentUrl":"https:\/\/secure.gravatar.com\/avatar\/3cef1082b65edc85f1a4c0caa7ce4808f397a517b7217eab6215fe435640f8f7?s=96&d=mm&r=g","caption":"Silvia"},"url":"https:\/\/euricse.eu\/it\/author\/silvia\/"}]}},"_links":{"self":[{"href":"https:\/\/euricse.eu\/it\/wp-json\/wp\/v2\/posts\/18119","targetHints":{"allow":["GET"]}}],"collection":[{"href":"https:\/\/euricse.eu\/it\/wp-json\/wp\/v2\/posts"}],"about":[{"href":"https:\/\/euricse.eu\/it\/wp-json\/wp\/v2\/types\/post"}],"author":[{"embeddable":true,"href":"https:\/\/euricse.eu\/it\/wp-json\/wp\/v2\/users\/32"}],"replies":[{"embeddable":true,"href":"https:\/\/euricse.eu\/it\/wp-json\/wp\/v2\/comments?post=18119"}],"version-history":[{"count":2,"href":"https:\/\/euricse.eu\/it\/wp-json\/wp\/v2\/posts\/18119\/revisions"}],"predecessor-version":[{"id":18696,"href":"https:\/\/euricse.eu\/it\/wp-json\/wp\/v2\/posts\/18119\/revisions\/18696"}],"wp:featuredmedia":[{"embeddable":true,"href":"https:\/\/euricse.eu\/it\/wp-json\/wp\/v2\/media\/15212"}],"wp:attachment":[{"href":"https:\/\/euricse.eu\/it\/wp-json\/wp\/v2\/media?parent=18119"}],"wp:term":[{"taxonomy":"category","embeddable":true,"href":"https:\/\/euricse.eu\/it\/wp-json\/wp\/v2\/categories?post=18119"},{"taxonomy":"post_tag","embeddable":true,"href":"https:\/\/euricse.eu\/it\/wp-json\/wp\/v2\/tags?post=18119"}],"curies":[{"name":"wp","href":"https:\/\/api.w.org\/{rel}","templated":true}]}}