{"id":18146,"date":"2022-12-22T15:10:40","date_gmt":"2022-12-22T15:10:40","guid":{"rendered":"https:\/\/euricse.eu\/?p=18146"},"modified":"2023-01-13T15:40:36","modified_gmt":"2023-01-13T15:40:36","slug":"18146","status":"publish","type":"post","link":"https:\/\/euricse.eu\/it\/18146\/","title":{"rendered":"2022: un anno di grandi novit\u00e0!"},"content":{"rendered":"<p><strong>2022: un anno di grandi novit\u00e0!<\/strong><\/p>\n<p>Dicembre \u00e8 il mese delle feste, ma \u00e8 anche il momento migliore per guardarsi indietro e fare un bilancio di ci\u00f2 che si \u00e8 realizzato. Sono stati dodici mesi proficui, durante i quali abbiamo rafforzato le nostre attivit\u00e0 di ricerca, consulenza e formazione su temi di grande rilevanza e attualit\u00e0 e in tutti gli ambiti di intervento, sia in quelli consolidati che in quelli nuovi. Non senza aver fatto scelte importanti, che hanno portato tra l\u2019altro al\u00a0<a href=\"https:\/\/euricse.eu\/it\/il-nuovo-comitato-di-gestione\/\" target=\"_blank\" rel=\"noopener\">rinnovo del Comitato di Gestione<\/a>\u00a0ed al\u00a0<a href=\"https:\/\/euricse.eu\/it\/mario-diani-e-il-nuovo-presidente-di-euricse\/\" target=\"_blank\" rel=\"noopener\">cambio di presidenza<\/a>\u00a0di\u00a0<strong>Euricse<\/strong>.<\/p>\n<p><strong>Gli sviluppi delle nostre ricerche<\/strong><\/p>\n<p>Abbiamo proseguito la nostra ricerca sulla\u00a0<strong>misurazione delle dimensioni dell&#8217;economia sociale<\/strong>, pubblicando il nuovo\u00a0<a href=\"https:\/\/euricse.eu\/it\/publications\/la-cooperazione-in-trentino-struttura-ruolo-e-dinamiche-durante-la-pandemia\/\" target=\"_blank\" rel=\"noopener\">Rapporto sulle cooperative trentine<\/a>\u00a0e l&#8217;undicesimo\u00a0<a href=\"https:\/\/www.monitor.coop\/\" target=\"_blank\" rel=\"noopener\">World Cooperative Monitor<\/a>\u00a0con l\u2019International Cooperative Alliance.<br \/>\nAbbiamo esplorato alcune nuove declinazioni del\u00a0<strong>ruolo dell&#8217;economia sociale<\/strong>, con il primo\u00a0<a href=\"https:\/\/euricse.eu\/it\/publications\/le-comunita-intraprendenti-in-italia\/\" target=\"_blank\" rel=\"noopener\">Rapporto sulle Comunit\u00e0 Intraprendenti in Italia<\/a>\u00a0e il report sul ruolo attivo del Terzo Settore nei\u00a0<a href=\"https:\/\/euricse.eu\/it\/publications\/tra-sanita-e-assistenza-una-filiera-da-ricomporre-evoluzione-e-ruolo-del-terzo-settore-in-italia\/\" target=\"_blank\" rel=\"noopener\">servizi sanitari e socioassistenziali in Italia<\/a>.<br \/>\nSul tema dell\u2019<strong>inserimento lavorativo<\/strong>\u00a0abbiamo curato il lavoro di ricerca del\u00a0<a href=\"https:\/\/www.bwiseproject.eu\/it\/home\" target=\"_blank\" rel=\"noopener\">progetto B-Wise<\/a>, condotto in partnership con due importanti network europei (ENSI e EASPD), e con altri ventotto partner di tredici Paesi dell&#8217;Unione. Siamo stati coinvolti anche nel progetto\u00a0<a href=\"https:\/\/www.momentumproject.eu\/\" target=\"_blank\" rel=\"noopener\">Amif Momentum<\/a>, cofinanziato dal Fondo per l&#8217;asilo, la\u00a0<strong>migrazione\u00a0<\/strong>e l&#8217;<strong>integrazione\u00a0<\/strong>dell&#8217;<strong>Unione europea<\/strong>, con focus sulle opportunit\u00e0 di accesso al mercato del lavoro per le donne rifugiate. Nell\u2019ambito della\u00a0<strong>cooperazione per lo sviluppo\u00a0<\/strong>insieme al\u00a0<strong>CIRIEC-Brasil\u00a0<\/strong>abbiamo presentato un\u00a0<a href=\"https:\/\/euricse.eu\/it\/publications\/nuovi-modelli-di-organizzazione-produttiva-nellagricoltura-e-nel-turismo-di-comunita-in-brasile-e-in-italia\/\" target=\"_blank\" rel=\"noopener\">rapporto<\/a>\u00a0bilingue sui nuovi modelli di produzione in ambito agricolo e turistico, con casi studio dal Brasile e dal Trentino.<br \/>\nAbbiamo approfondito i temi del\u00a0<strong>welfare plurale\u00a0<\/strong>e dello<strong>\u00a0sviluppo locale<\/strong>,<strong>\u00a0<\/strong>proponendo studi e riflessioni sugli strumenti per il rafforzamento dei servizi sociali e sanitari in senso territoriale e integrato, sulla co-progettazione e sulla co-programmazione, e sulle forme di finanziamento e politiche di sostegno all&#8217;economia sociale.<br \/>\nCon un pizzico di orgoglio possiamo dire anche di aver contribuito ad arricchire l\u2019<a href=\"https:\/\/euricse.eu\/it\/lenciclopedia-delleconomia-sociale-e-solidale\/\" target=\"_blank\" rel=\"noopener\">Enciclopedia dell&#8217;economia sociale e solidale<\/a>\u00a0pubblicata dall&#8217;Osservatorio delle Nazioni Unite sull&#8217;economia sociale e solidale, con tre\u00a0articoli\u00a0sul tema\u00a0della finanza dell\u2019economia sociale e\u00a0sul ruolo delle organizzazioni dell\u2019economia sociale nei processi di accoglienza\u00a0dei migranti.<\/p>\n<p><strong>Dalla teoria alla pratica organizzativa<\/strong><\/p>\n<p>Come \u00e8 insito nella nostra Mission, abbiamo declinato le attivit\u00e0 di ricerca a beneficio delle pratiche\u00a0aziendali, potenziando le attivit\u00e0 di consulenza sia sul fronte della\u00a0<strong>consulenza strategico-organizzativa<\/strong>\u00a0che su quello della\u00a0<strong>valutazione dell&#8217;impatto sociale<\/strong>.<br \/>\nSiamo stati molto impegnati con i\u00a0<a href=\"https:\/\/euricse.eu\/it\/accompagnamento-e-piani-di-sviluppo\/\" target=\"_blank\" rel=\"noopener\">progetti di accompagnamento<\/a>\u00a0per diverse imprese sociali e altri enti del Terzo Settore, come quelli\u00a0tra Piemonte e Liguria\u00a0finanziati dai bandi di Fondazione Compagnia di San Paolo\u00a0per la realizzazione di piani di sviluppo organizzativo, o a Lecco per il design di un nuovo tipo di servizio socio-occupazionale, a Bergamo per lavorare sulle competenze dei dirigenti consortili, a Trento sulla strutturazione dei Distretti dell\u2019Economia Solidale, e molti altri.<br \/>\nPer la<strong>\u00a0valutazione dell&#8217;impatto sociale<\/strong>\u00a0abbiamo affiancato oltre 200 organizzazioni in tutta Italia, tra cui cooperative sociali, consorzi e associazioni, utilizzando il\u00a0<a href=\"https:\/\/euricse.eu\/it\/impact\/\" target=\"_blank\" rel=\"noopener\">Metodo ImpACT<\/a>, disponibile anche per tutti gli enti del Terzo Settore grandi e piccoli, singoli e reti associative.<\/p>\n<p><strong>Una formazione frizzante\u00a0\u00a0<\/strong><\/p>\n<p>Tra le novit\u00e0 dei nostri\u00a0<strong>progetti formativi<\/strong>\u00a0abbiamo lanciato\u00a0<a href=\"https:\/\/euricse.eu\/it\/coop-mindset-soluzioni-cooperative-per-idee-innovative\/\" target=\"_blank\" rel=\"noopener\">Coop Mindset<\/a>, con le Universit\u00e0 di Trento, Bolzano e Palermo ed altri, per acquisire conoscenze fondamentali sull\u2019imprenditorialit\u00e0 cooperativa, progettare l\u2019innovazione e applicarla. Abbiamo scommesso su\u00a0<a href=\"https:\/\/euricse.eu\/it\/feel-coop\/\" target=\"_blank\" rel=\"noopener\">Feel Coo<\/a><a href=\"https:\/\/euricse.eu\/it\/feel-coop\/\" target=\"_blank\" rel=\"noopener\">p<\/a>, per i giovani che desiderano acquisire o perfezionare le proprie competenze in ambito manageriale cos\u00ec da contribuire, professionalmente, al futuro delle imprese cooperative trentine.<br \/>\nForti anche dell&#8217;esperienza pluridecennale del\u00a0<a href=\"https:\/\/www.mastergis.eu\/\" target=\"_blank\" rel=\"noopener\">Master GIS<\/a>\u00a0(quest&#8217;anno \u00e8 partita la 27esima edizione), abbiamo realizzato\u00a0<a href=\"https:\/\/euricse.eu\/it\/dal-master-gis-un-corso-online-per-tutti\/\" target=\"_blank\" rel=\"noopener\">un corso online<\/a>\u00a0e una\u00a0<a href=\"https:\/\/euricse.eu\/it\/gestire-imprese-sociali-ecco-la-guida-digitale\/\" target=\"_blank\" rel=\"noopener\">guida multimediale<\/a>\u00a0sul tema della gestione di imprese sociali. Infine, siamo molto soddisfatti del successo della\u00a0<a href=\"https:\/\/euricse.eu\/it\/euricse-ed-erickson-insieme-per-la-formazione-sul-welfare-collaborativo\/\" target=\"_blank\" rel=\"noopener\">giornata di formazione<\/a>\u00a0sul welfare collaborativo in partnership con\u00a0<strong>Erickson<\/strong>, preludio di nuove collaborazioni e nuove attivit\u00e0 di formazione.<\/p>\n<p><strong>Siamo in\u00a0prima linea quando si parla di economia sociale\u00a0<\/strong><\/p>\n<p>Sempre partecipi nel dibattito pubblico nazionale e internazionale, abbiamo siglato con il Consiglio Nazionale dell&#8217;Economia e del Lavoro un\u00a0<a href=\"https:\/\/euricse.eu\/it\/accordo-di-collaborazione-con-il-cnel\/\" target=\"_blank\" rel=\"noopener\">protocollo di collaborazione<\/a>\u00a0per diffondere la crescita dell&#8217;economia sociale nel nostro Paese e misurarne l&#8217;impatto sociale e produttivo e siamo stati coinvolti nei principali incontri e\u00a0<a href=\"https:\/\/euricse.eu\/it\/leconomia-internazionale-sotto-i-riflettori-2\/\" target=\"_blank\" rel=\"noopener\">festival italiani<\/a>\u00a0dedicati all&#8217;economia ed alla societ\u00e0. Tra questi ricordiamo anche il convegno inaugurale delle attivit\u00e0 del Comitato di Monitoraggio della Dichiarazione di Lussemburgo sull\u2019Economia Sociale e Solidale in Europa, la cui presidenza \u00e8 stata affidata all\u2019Italia per il 2022, che si p svolto proprio a Trento il 15 luglio. Abbiamo proseguito il nostro lavoro all\u2019interno del gruppo di esperti della Commissione Europea sull\u2019impresa sociale (GECES) e nella task force delle Nazioni Unite sull\u2019Economia Sociale e Solidale (UNTFSSE). Anche grazie alle riflessioni scaturite dalla nostra presenza a livello internazionale abbiamo contribuito alla nascita anche in Italia di un&#8217;<a href=\"https:\/\/euricse.eu\/it\/lalleanza-italiana-per-leconomia-sociale\/\" target=\"_blank\" rel=\"noopener\">Alleanza<\/a>\u00a0tra tutte le organizzazioni che operano nel settore dell&#8217;economia sociale, attraverso un\u00a0<a href=\"https:\/\/www.cittametropolitana.bo.it\/portale\/piano_metropolitano_economia_sociale\">Manifesto<\/a>\u00a0che \u00e8 stato presentato agli eventi di Bologna sull&#8217;economia sociale, per scrivere un\u2019agenda europea in vista della Raccomandazione della Commissione al Consiglio europeo sulle condizioni quadro dell\u2019economia sociale, prevista nel 2023.<\/p>\n<p><em>Dulcis in fundo<\/em>&#8230;per migliorare ulteriormente la capacit\u00e0 di divulgazione e la comunicazione del nostro operato abbiamo ammodernato il\u00a0<a href=\"https:\/\/euricse.eu\/it\/\" target=\"_blank\" rel=\"noopener\">sito web<\/a>\u00a0e ampliato la gamma dei canali social con l&#8217;aggiunta di un\u00a0<a href=\"https:\/\/www.instagram.com\/euricse\/\" target=\"_blank\" rel=\"noopener\">profilo Instagram<\/a>.<br \/>\nAnche il\u00a0<strong>Journal of Entrepreneurial and Organizational Diversity\u00a0<\/strong>(<a href=\"https:\/\/jeodonline.com\/\" target=\"_blank\" rel=\"noopener\">JEOD)<\/a>, la rivista scientifica internazionale di Euricse, si \u00e8 arricchita di un nuovo portale, a cui aggiungiamo la pubblicazione di un altro numero della rivista e di cinque originali contributi per la collana dei\u00a0<a href=\"https:\/\/euricse.eu\/it\/pubblicazioni\/?category=working-paper\" target=\"_blank\" rel=\"noopener\">Working Paper<\/a>\u00a0di Euricse.<\/p>\n<p><em><strong>Auguri di Buone Feste da tutto il team di Euricse!\u00a0<\/strong><\/em><\/p>\n","protected":false},"excerpt":{"rendered":"<p>2022: un anno di grandi novit\u00e0! Dicembre \u00e8 il mese delle feste, ma \u00e8 anche il momento migliore per guardarsi indietro e fare un bilancio di ci\u00f2 che si \u00e8 realizzato. Sono stati dodici mesi proficui, durante i quali abbiamo rafforzato le nostre attivit\u00e0 di ricerca, consulenza e formazione su temi di grande rilevanza e [&hellip;]<\/p>\n","protected":false},"author":32,"featured_media":18147,"comment_status":"closed","ping_status":"closed","sticky":false,"template":"","format":"standard","meta":{"_acf_changed":false,"episode_type":"","audio_file":"","cover_image":"","cover_image_id":"","duration":"","filesize":"","date_recorded":"","explicit":"","block":"","itunes_episode_number":"","itunes_title":"","itunes_season_number":"","itunes_episode_type":"","filesize_raw":"","footnotes":""},"categories":[14],"tags":[],"class_list":["post-18146","post","type-post","status-publish","format-standard","has-post-thumbnail","hentry","category-blog-it"],"acf":[],"yoast_head":"<!-- This site is optimized with the Yoast SEO plugin v26.1.1 - https:\/\/yoast.com\/wordpress\/plugins\/seo\/ -->\n<title>2022: un anno di grandi novit\u00e0! - Euricse<\/title>\n<meta name=\"robots\" content=\"index, follow, max-snippet:-1, max-image-preview:large, max-video-preview:-1\" \/>\n<link rel=\"canonical\" href=\"https:\/\/euricse.eu\/it\/18146\/\" \/>\n<meta property=\"og:locale\" content=\"it_IT\" \/>\n<meta property=\"og:type\" content=\"article\" \/>\n<meta property=\"og:title\" content=\"2022: un anno di grandi novit\u00e0! - Euricse\" \/>\n<meta property=\"og:description\" content=\"2022: un anno di grandi novit\u00e0! Dicembre \u00e8 il mese delle feste, ma \u00e8 anche il momento migliore per guardarsi indietro e fare un bilancio di ci\u00f2 che si \u00e8 realizzato. Sono stati dodici mesi proficui, durante i quali abbiamo rafforzato le nostre attivit\u00e0 di ricerca, consulenza e formazione su temi di grande rilevanza e [&hellip;]\" \/>\n<meta property=\"og:url\" content=\"https:\/\/euricse.eu\/it\/18146\/\" \/>\n<meta property=\"og:site_name\" content=\"Euricse\" \/>\n<meta property=\"article:published_time\" content=\"2022-12-22T15:10:40+00:00\" \/>\n<meta property=\"article:modified_time\" content=\"2023-01-13T15:40:36+00:00\" \/>\n<meta property=\"og:image\" content=\"https:\/\/euricse.eu\/wp-content\/uploads\/2022\/12\/BUONE-FESTE.png\" \/>\n\t<meta property=\"og:image:width\" content=\"1640\" \/>\n\t<meta property=\"og:image:height\" content=\"924\" \/>\n\t<meta property=\"og:image:type\" content=\"image\/png\" \/>\n<meta name=\"author\" content=\"Silvia\" \/>\n<meta name=\"twitter:card\" content=\"summary_large_image\" \/>\n<meta name=\"twitter:label1\" content=\"Scritto da\" \/>\n\t<meta name=\"twitter:data1\" content=\"Silvia\" \/>\n\t<meta name=\"twitter:label2\" content=\"Tempo di lettura stimato\" \/>\n\t<meta name=\"twitter:data2\" content=\"5 minuti\" \/>\n<script type=\"application\/ld+json\" class=\"yoast-schema-graph\">{\"@context\":\"https:\/\/schema.org\",\"@graph\":[{\"@type\":\"WebPage\",\"@id\":\"https:\/\/euricse.eu\/it\/18146\/\",\"url\":\"https:\/\/euricse.eu\/it\/18146\/\",\"name\":\"2022: un anno di grandi novit\u00e0! - Euricse\",\"isPartOf\":{\"@id\":\"https:\/\/euricse.eu\/en\/#website\"},\"primaryImageOfPage\":{\"@id\":\"https:\/\/euricse.eu\/it\/18146\/#primaryimage\"},\"image\":{\"@id\":\"https:\/\/euricse.eu\/it\/18146\/#primaryimage\"},\"thumbnailUrl\":\"https:\/\/euricse.eu\/wp-content\/uploads\/2022\/12\/BUONE-FESTE.png\",\"datePublished\":\"2022-12-22T15:10:40+00:00\",\"dateModified\":\"2023-01-13T15:40:36+00:00\",\"author\":{\"@id\":\"https:\/\/euricse.eu\/en\/#\/schema\/person\/a5b25693531e3458dfedff34c273ba14\"},\"breadcrumb\":{\"@id\":\"https:\/\/euricse.eu\/it\/18146\/#breadcrumb\"},\"inLanguage\":\"it-IT\",\"potentialAction\":[{\"@type\":\"ReadAction\",\"target\":[\"https:\/\/euricse.eu\/it\/18146\/\"]}]},{\"@type\":\"ImageObject\",\"inLanguage\":\"it-IT\",\"@id\":\"https:\/\/euricse.eu\/it\/18146\/#primaryimage\",\"url\":\"https:\/\/euricse.eu\/wp-content\/uploads\/2022\/12\/BUONE-FESTE.png\",\"contentUrl\":\"https:\/\/euricse.eu\/wp-content\/uploads\/2022\/12\/BUONE-FESTE.png\",\"width\":1640,\"height\":924},{\"@type\":\"BreadcrumbList\",\"@id\":\"https:\/\/euricse.eu\/it\/18146\/#breadcrumb\",\"itemListElement\":[{\"@type\":\"ListItem\",\"position\":1,\"name\":\"Home\",\"item\":\"https:\/\/euricse.eu\/it\/\"},{\"@type\":\"ListItem\",\"position\":2,\"name\":\"2022: un anno di grandi novit\u00e0!\"}]},{\"@type\":\"WebSite\",\"@id\":\"https:\/\/euricse.eu\/en\/#website\",\"url\":\"https:\/\/euricse.eu\/en\/\",\"name\":\"Euricse\",\"description\":\"Knowledge and innovation for cooperative and social enterprises.\",\"potentialAction\":[{\"@type\":\"SearchAction\",\"target\":{\"@type\":\"EntryPoint\",\"urlTemplate\":\"https:\/\/euricse.eu\/en\/?s={search_term_string}\"},\"query-input\":{\"@type\":\"PropertyValueSpecification\",\"valueRequired\":true,\"valueName\":\"search_term_string\"}}],\"inLanguage\":\"it-IT\"},{\"@type\":\"Person\",\"@id\":\"https:\/\/euricse.eu\/en\/#\/schema\/person\/a5b25693531e3458dfedff34c273ba14\",\"name\":\"Silvia\",\"image\":{\"@type\":\"ImageObject\",\"inLanguage\":\"it-IT\",\"@id\":\"https:\/\/euricse.eu\/en\/#\/schema\/person\/image\/\",\"url\":\"https:\/\/secure.gravatar.com\/avatar\/3cef1082b65edc85f1a4c0caa7ce4808f397a517b7217eab6215fe435640f8f7?s=96&d=mm&r=g\",\"contentUrl\":\"https:\/\/secure.gravatar.com\/avatar\/3cef1082b65edc85f1a4c0caa7ce4808f397a517b7217eab6215fe435640f8f7?s=96&d=mm&r=g\",\"caption\":\"Silvia\"},\"url\":\"https:\/\/euricse.eu\/it\/author\/silvia\/\"}]}<\/script>\n<!-- \/ Yoast SEO plugin. -->","yoast_head_json":{"title":"2022: un anno di grandi novit\u00e0! - Euricse","robots":{"index":"index","follow":"follow","max-snippet":"max-snippet:-1","max-image-preview":"max-image-preview:large","max-video-preview":"max-video-preview:-1"},"canonical":"https:\/\/euricse.eu\/it\/18146\/","og_locale":"it_IT","og_type":"article","og_title":"2022: un anno di grandi novit\u00e0! - Euricse","og_description":"2022: un anno di grandi novit\u00e0! Dicembre \u00e8 il mese delle feste, ma \u00e8 anche il momento migliore per guardarsi indietro e fare un bilancio di ci\u00f2 che si \u00e8 realizzato. Sono stati dodici mesi proficui, durante i quali abbiamo rafforzato le nostre attivit\u00e0 di ricerca, consulenza e formazione su temi di grande rilevanza e [&hellip;]","og_url":"https:\/\/euricse.eu\/it\/18146\/","og_site_name":"Euricse","article_published_time":"2022-12-22T15:10:40+00:00","article_modified_time":"2023-01-13T15:40:36+00:00","og_image":[{"width":1640,"height":924,"url":"https:\/\/euricse.eu\/wp-content\/uploads\/2022\/12\/BUONE-FESTE.png","type":"image\/png"}],"author":"Silvia","twitter_card":"summary_large_image","twitter_misc":{"Scritto da":"Silvia","Tempo di lettura stimato":"5 minuti"},"schema":{"@context":"https:\/\/schema.org","@graph":[{"@type":"WebPage","@id":"https:\/\/euricse.eu\/it\/18146\/","url":"https:\/\/euricse.eu\/it\/18146\/","name":"2022: un anno di grandi novit\u00e0! - Euricse","isPartOf":{"@id":"https:\/\/euricse.eu\/en\/#website"},"primaryImageOfPage":{"@id":"https:\/\/euricse.eu\/it\/18146\/#primaryimage"},"image":{"@id":"https:\/\/euricse.eu\/it\/18146\/#primaryimage"},"thumbnailUrl":"https:\/\/euricse.eu\/wp-content\/uploads\/2022\/12\/BUONE-FESTE.png","datePublished":"2022-12-22T15:10:40+00:00","dateModified":"2023-01-13T15:40:36+00:00","author":{"@id":"https:\/\/euricse.eu\/en\/#\/schema\/person\/a5b25693531e3458dfedff34c273ba14"},"breadcrumb":{"@id":"https:\/\/euricse.eu\/it\/18146\/#breadcrumb"},"inLanguage":"it-IT","potentialAction":[{"@type":"ReadAction","target":["https:\/\/euricse.eu\/it\/18146\/"]}]},{"@type":"ImageObject","inLanguage":"it-IT","@id":"https:\/\/euricse.eu\/it\/18146\/#primaryimage","url":"https:\/\/euricse.eu\/wp-content\/uploads\/2022\/12\/BUONE-FESTE.png","contentUrl":"https:\/\/euricse.eu\/wp-content\/uploads\/2022\/12\/BUONE-FESTE.png","width":1640,"height":924},{"@type":"BreadcrumbList","@id":"https:\/\/euricse.eu\/it\/18146\/#breadcrumb","itemListElement":[{"@type":"ListItem","position":1,"name":"Home","item":"https:\/\/euricse.eu\/it\/"},{"@type":"ListItem","position":2,"name":"2022: un anno di grandi novit\u00e0!"}]},{"@type":"WebSite","@id":"https:\/\/euricse.eu\/en\/#website","url":"https:\/\/euricse.eu\/en\/","name":"Euricse","description":"Knowledge and innovation for cooperative and social enterprises.","potentialAction":[{"@type":"SearchAction","target":{"@type":"EntryPoint","urlTemplate":"https:\/\/euricse.eu\/en\/?s={search_term_string}"},"query-input":{"@type":"PropertyValueSpecification","valueRequired":true,"valueName":"search_term_string"}}],"inLanguage":"it-IT"},{"@type":"Person","@id":"https:\/\/euricse.eu\/en\/#\/schema\/person\/a5b25693531e3458dfedff34c273ba14","name":"Silvia","image":{"@type":"ImageObject","inLanguage":"it-IT","@id":"https:\/\/euricse.eu\/en\/#\/schema\/person\/image\/","url":"https:\/\/secure.gravatar.com\/avatar\/3cef1082b65edc85f1a4c0caa7ce4808f397a517b7217eab6215fe435640f8f7?s=96&d=mm&r=g","contentUrl":"https:\/\/secure.gravatar.com\/avatar\/3cef1082b65edc85f1a4c0caa7ce4808f397a517b7217eab6215fe435640f8f7?s=96&d=mm&r=g","caption":"Silvia"},"url":"https:\/\/euricse.eu\/it\/author\/silvia\/"}]}},"_links":{"self":[{"href":"https:\/\/euricse.eu\/it\/wp-json\/wp\/v2\/posts\/18146","targetHints":{"allow":["GET"]}}],"collection":[{"href":"https:\/\/euricse.eu\/it\/wp-json\/wp\/v2\/posts"}],"about":[{"href":"https:\/\/euricse.eu\/it\/wp-json\/wp\/v2\/types\/post"}],"author":[{"embeddable":true,"href":"https:\/\/euricse.eu\/it\/wp-json\/wp\/v2\/users\/32"}],"replies":[{"embeddable":true,"href":"https:\/\/euricse.eu\/it\/wp-json\/wp\/v2\/comments?post=18146"}],"version-history":[{"count":1,"href":"https:\/\/euricse.eu\/it\/wp-json\/wp\/v2\/posts\/18146\/revisions"}],"predecessor-version":[{"id":18318,"href":"https:\/\/euricse.eu\/it\/wp-json\/wp\/v2\/posts\/18146\/revisions\/18318"}],"wp:featuredmedia":[{"embeddable":true,"href":"https:\/\/euricse.eu\/it\/wp-json\/wp\/v2\/media\/18147"}],"wp:attachment":[{"href":"https:\/\/euricse.eu\/it\/wp-json\/wp\/v2\/media?parent=18146"}],"wp:term":[{"taxonomy":"category","embeddable":true,"href":"https:\/\/euricse.eu\/it\/wp-json\/wp\/v2\/categories?post=18146"},{"taxonomy":"post_tag","embeddable":true,"href":"https:\/\/euricse.eu\/it\/wp-json\/wp\/v2\/tags?post=18146"}],"curies":[{"name":"wp","href":"https:\/\/api.w.org\/{rel}","templated":true}]}}