{"id":18342,"date":"2023-01-23T09:56:19","date_gmt":"2023-01-23T09:56:19","guid":{"rendered":"https:\/\/euricse.eu\/?p=18342"},"modified":"2023-01-31T09:12:31","modified_gmt":"2023-01-31T09:12:31","slug":"lecosistema-delle-competenze-per-il-terzo-settore","status":"publish","type":"post","link":"https:\/\/euricse.eu\/it\/lecosistema-delle-competenze-per-il-terzo-settore\/","title":{"rendered":"L\u2019Ecosistema delle competenze per il Terzo Settore"},"content":{"rendered":"<p>All\u2019Universit\u00e0 di Trento sono stati consegnati i diplomi per la 26esima edizione del master in Gestione di Imprese sociali, l\u2019iniziativa formativa targata Euricse e Universit\u00e0 di Trento avviata nel 1995. L\u2019occasione ha visto anche un focus sulle competenze per lavorare nel Terzo Settore, con la ricerca di Euricse sulle \u201cComunit\u00e0 Intraprendenti in Italia\u201d e i contenuti didattici legati al Master GIS come la Guida multimediale e il MOOC, il corso online sui principali temi riguardanti le Imprese Sociali e la loro gestione. Presenti il direttore di Euricse Riccardo Bodini e il prof. Marco Bombardelli, che \u00e8 stato direttore del Master GIS.<\/p>\n<h5><strong>\u00a0Il Master GIS\u00a0<\/strong><\/h5>\n<p>Il <a href=\"http:\/\/www.mastergis.eu\">Master Universitario in Gestione di Imprese Sociali<\/a>, gestito da Euricse in partnership con l&#8217;Universit\u00e0 di Trento, Consolida Trento e CSV Trentino, \u00e8 un percorso che forma le figure professionali in grado di sostenere le imprese sociali ed altri enti del Terzo Settore nelle molteplici sfide che si trovano ad affrontare, dal punto di vista gestionale, organizzativo e giuridico. La cerimonia di consegna dei diplomi sancisce la fine di un percorso articolato in 6 mesi di didattica, organizzata tra lezioni, seminari e laboratori con docenti di estrazione sia accademica sia imprenditoriale, e 5 mesi di tirocinio full time in imprese sociali ed organizzazioni non profit nazionali ed europee. Al termine dei tirocini, la quasi totalit\u00e0 dei corsisti ha continuato a collaborare con la stessa organizzazione, a conferma dell\u2019alto tasso di placement che ha sempre contraddistinto il master.\u00a0 In tutti quest anni circa l\u201987% dei frequentanti ha trovato occupazione a sei mesi dal diploma, con picchi del 90%.<\/p>\n<p>Venerd\u00ec 20 gennaio 2023 i corsisti dell\u2019anno accademico 2021-22 hanno ricevuto i propri diplomi, e nel suo intervento il prof <strong>Marco Bombardelli<\/strong>, per molti anni direttore del master, si \u00e8 richiamato allo sviluppo di competenze sottolineando l\u2019importanza della formazione per costruire profili adatti a entrare in futuro in questo tipo di organizzazioni.<\/p>\n<p><strong>Tutti i diplomati del Master GIS a.a. 2021-22<\/strong>: Alessandra Baldo, Selene Borletto, Irene Buosi, Rymma Fomenko, Loris Genetin, Jessica Job, Edith Mangraviti, Claudia PinessI, Fabiana Pompermaier, Michele Semeraro. Nella foto insieme al prof. Marco Bombardelli.<\/p>\n<p><img loading=\"lazy\" decoding=\"async\" class=\"aligncenter wp-image-18348 size-large\" src=\"https:\/\/euricse.eu\/wp-content\/uploads\/2023\/01\/corsisti-masterGIS-2021-22-1024x694.jpg\" alt=\"\" width=\"1024\" height=\"694\" srcset=\"https:\/\/euricse.eu\/wp-content\/uploads\/2023\/01\/corsisti-masterGIS-2021-22-1024x694.jpg 1024w, https:\/\/euricse.eu\/wp-content\/uploads\/2023\/01\/corsisti-masterGIS-2021-22-300x203.jpg 300w, https:\/\/euricse.eu\/wp-content\/uploads\/2023\/01\/corsisti-masterGIS-2021-22-590x400.jpg 590w, https:\/\/euricse.eu\/wp-content\/uploads\/2023\/01\/corsisti-masterGIS-2021-22-768x521.jpg 768w, https:\/\/euricse.eu\/wp-content\/uploads\/2023\/01\/corsisti-masterGIS-2021-22-1536x1041.jpg 1536w, https:\/\/euricse.eu\/wp-content\/uploads\/2023\/01\/corsisti-masterGIS-2021-22-2048x1389.jpg 2048w\" sizes=\"auto, (max-width: 1024px) 100vw, 1024px\" \/><\/p>\n<h5><\/h5>\n<h5><\/h5>\n<h5><strong>Le \u201cComunit\u00e0 Intraprendenti\u201d <\/strong><\/h5>\n<p>La cerimonia di consegna dei diplomi \u00e8 stata anche una preziosa occasione per mettere a fuoco le competenze da sviluppare per avviare un futuro professionale nel mondo del Terzo Settore e dell&#8217;Impresa Sociale, e renderlo sostenibile nel tempo. Competenze e professionalit\u00e0 che emergono anche dagli esempi mappati nella ricerca di Euricse sulle &#8220;<a href=\"https:\/\/euricse.eu\/it\/publications\/le-comunita-intraprendenti-in-italia\/\">Comunit\u00e0 Intraprendenti&#8221;,<\/a> la prima di tal genere in Italia che traccia quelle diverse esperienze di cittadinanza attiva, nate in risposta alle sfide e ai bisogni della comunit\u00e0.<\/p>\n<p><strong>Riccardo Bodini<\/strong>, direttore di Euricse, ha ricordato come il rapporto sia solo il primo passo di un progetto pluriennale ed articolato, intitolato appunto &#8220;Comunit\u00e0 Intraprendenti&#8221;, con il quale l&#8217;istituto, che gi\u00e0 vanta una lunga esperienza di ricerca sulle imprese di comunit\u00e0, ha voluto mappare il fenomeno delle diverse economie di comunit\u00e0 emergenti nel nostro Paese. Oltre all\u2019impegno scientifico di <strong>Euricse<\/strong>, il percorso vede il contributo e la collaborazione di <strong>Fondazione Compagnia di San Paolo<\/strong>, <strong>Fondazione Crc<\/strong>, <strong>Fondazione con il Sud<\/strong>, <strong>Fondo sviluppo Fvg<\/strong> e dell\u2019<strong>Alleanza delle Cooperative Italiane<\/strong>.<\/p>\n<p>\u00abSi parla di \u201ccomunit\u00e0 intraprendente\u201d, ha spiegato <strong>Jacopo Sforzi, <\/strong>ricercatore di Euricse e coordinatore scientifico del progetto &#8211; quando coesistono tre elementi fondamentali: l\u2019<strong>auto-organizzazione <\/strong>attraverso iniziative imprenditoriali autonome; <strong>il beneficio comunitario<\/strong> per affrontare problemi economici, sociali ed ambientali; la partecipazione della comunit\u00e0, con un <strong>coinvolgimento attivo<\/strong> dei cittadini. Il primo rapporto pubblicato lo scorso ottobre, a cui seguiranno altri approfondimenti e rapporti specifici, considera <strong>687 realt\u00e0 attive in Italia<\/strong> suddivise in <strong>9 tipologie<\/strong> di comunit\u00e0 intraprendenti ed \u00e8 dedicato ad analizzare la diffusione, l&#8217;evoluzione negli anni, i tratti distintivi e le particolarit\u00e0\u201d di questo fenomeno\u00bb.<\/p>\n<p>&nbsp;<\/p>\n<h5><strong>Le testimonianze: da Trento a Ravenna <\/strong><\/h5>\n<p>La food coop <a href=\"https:\/\/www.staderacoop.it\/\">Stadera<\/a>, di Ravenna, e la <a href=\"https:\/\/www.facebook.com\/portineriadelapaix\/\">Portineria de la Paix<\/a>, di Trento, son due esempi di imprese di comunit\u00e0 che stanno cercando di dare risposte vere ai bisogni delle persone. Se n\u00e9 parlato durante la tavola rotonda, che ha seguito la presentazione della ricerca di Euricse.<\/p>\n<p>La portineria \u00e8 un esempio di welfare di prossimit\u00e0 avviato nel 2021 e rappresenta il volto pi\u00f9 sociale delle attivit\u00e0 del circolo Arci situato in Passaggio Teatro Osele, nel centro storico di Trento. <strong>Giulia Cutello<\/strong>, tra i fondatori e attuale coordinatrice ha raccontato: \u00abL\u2019idea di aprire una portineria \u00e8 nata dall&#8217;osservazione di esempi virtuosi gi\u00e0 diffusi in Italia e all&#8217;estero: il concetto di portineria di quartiere \u00e8 costruito sull&#8217;esempio francese della Portineria Lulu, che \u00e8 stato poi replicato in Europa assumendo caratteristiche specifiche a seconda delle peculiarit\u00e0 dei singoli territori. Quello della portineria \u00e8 un modello che ben si adatta al contesto trentino selezionato: pur essendo in centro storico Passaggio Teatro Osele vive in parte dinamiche sociali tipiche delle periferie dei centri urbani\u00bb. Il progetto di Portineria Sociale \u00e8 stato realizzato grazie alla collaborazione fra Associazioni A.P.S. Dulcamara, che gestisce il Caf\u00e8 de la Paix, La Chichera, Due punti, Alchemica e Arci del Trentino e supportato dal Comune di Trento. Oltre a svolgere, per l\u2019appunto, la funzione di portineria, aprendo i cancelli e svolgendone le funzioni tipiche, si assume anche un compito ben pi\u00f9 delicato e fondamentale: quello di presidiare il Passaggio offrendo, tra gli altri servizi anche il dog sitting o l&#8217;innaffiamento delle piante a domicilio, eventi culturali e i laboratori.<\/p>\n<p><strong>Stadera<\/strong> nasce da un\u2019esperienza diretta di <strong>Enrico De Sanso<\/strong>, il fondatore, di alcuni anni a Bruxelles dove ha gi\u00e0 progettato e gestito una <strong>food coop<\/strong>. Una volta rientrato in Italia \u00e8 venuta l\u2019idea di creare a Ravenna una realt\u00e0 simile per proporre un modello economico alternativo alla grande distribuzione, in cui i soci si riappropriano di una parte dell\u2019attivit\u00e0 legata al consumo. \u00abIl funzionamento di Stadera si rif\u00e0 agli esempi di New York, Parigi e Bruxelles, che sono quelli di maggiore successo nel mondo. \u00c8 una cooperativa di consumatori partecipativa e i soci sono i proprietari della cooperativa, i clienti esclusivi e i gestori, perch\u00e9 intervengono nella conduzione quotidiana del negozio occupandosi della cassa, della sistemazione dei prodotti nelle scaffalature, nella ricezione della merce, della pulizia e dell\u2019accoglienza dei clienti. Stadera \u00e8 stata fondata a febbraio 2020 ma ha aperto ufficialmente a met\u00e0 giugno a causa dell\u2019emergenza sanitaria\u00bb.<\/p>\n<h5><strong>Sviluppare le competenze per il Terzo Settore: gli strumenti open source di Euricse<\/strong><\/h5>\n<p>Sul tema delle imprese sociali, Euricse ha realizzato nell\u2019ultimo anno due prodotti di approfondimento. Il primo consiste in un <a href=\"https:\/\/www.mastergis.eu\/programma\/mooc-limpresa-sociale\/\">MOOC<\/a> (Massive Open Online Courses), ovvero una serie di pillole informative (disponibili sulla <a href=\"https:\/\/youtube.com\/playlist?list=PL516wC0CzEeWUGGxzgqKX9uSGzaDZxnNi\">pagina YouTube di Euricse<\/a>) curate da alcuni docenti del Master e ricercatori Euricse sui principi dell&#8217;impresa cooperativa. Il secondo \u00e8 una <a href=\"https:\/\/www.mastergis.eu\/programma\/guida-multimediale\/\">guida multimediale<\/a> contenente le competenze chiave per la gestione delle imprese sociali. Entrambi, realizzati con il sostegno di <strong>Fondazione Caritro<\/strong> sono online, gratuiti, aperti a tutti e si trovano sul sito del <a href=\"http:\/\/www.mastergis.eu\">MasterGIS<\/a> e di <a href=\"http:\/\/www.euricse.eu\">Euricse<\/a>.<\/p>\n<p>&nbsp;<\/p>\n","protected":false},"excerpt":{"rendered":"<p>All\u2019Universit\u00e0 di Trento sono stati consegnati i diplomi per la 26esima edizione del master in Gestione di Imprese sociali, l\u2019iniziativa formativa targata Euricse e Universit\u00e0 di Trento avviata nel 1995.<\/p>\n","protected":false},"author":32,"featured_media":18345,"comment_status":"closed","ping_status":"closed","sticky":false,"template":"","format":"standard","meta":{"_acf_changed":false,"episode_type":"","audio_file":"","cover_image":"","cover_image_id":"","duration":"","filesize":"","date_recorded":"","explicit":"","block":"","itunes_episode_number":"","itunes_title":"","itunes_season_number":"","itunes_episode_type":"","filesize_raw":"","footnotes":""},"categories":[17],"tags":[292,885],"class_list":["post-18342","post","type-post","status-publish","format-standard","has-post-thumbnail","hentry","category-news-it","tag-master-gis","tag-comunita-intraprendenti"],"acf":[],"yoast_head":"<!-- This site is optimized with the Yoast SEO plugin v26.1.1 - https:\/\/yoast.com\/wordpress\/plugins\/seo\/ -->\n<title>L\u2019Ecosistema delle competenze per il Terzo Settore - Euricse<\/title>\n<meta name=\"robots\" content=\"index, follow, max-snippet:-1, max-image-preview:large, max-video-preview:-1\" \/>\n<link rel=\"canonical\" href=\"https:\/\/euricse.eu\/it\/lecosistema-delle-competenze-per-il-terzo-settore\/\" \/>\n<meta property=\"og:locale\" content=\"it_IT\" \/>\n<meta property=\"og:type\" content=\"article\" \/>\n<meta property=\"og:title\" content=\"L\u2019Ecosistema delle competenze per il Terzo Settore - Euricse\" \/>\n<meta property=\"og:description\" content=\"All\u2019Universit\u00e0 di Trento sono stati consegnati i diplomi per la 26esima edizione del master in Gestione di Imprese sociali, l\u2019iniziativa formativa targata Euricse e Universit\u00e0 di Trento avviata nel 1995.\" \/>\n<meta property=\"og:url\" content=\"https:\/\/euricse.eu\/it\/lecosistema-delle-competenze-per-il-terzo-settore\/\" \/>\n<meta property=\"og:site_name\" content=\"Euricse\" \/>\n<meta property=\"article:published_time\" content=\"2023-01-23T09:56:19+00:00\" \/>\n<meta property=\"article:modified_time\" content=\"2023-01-31T09:12:31+00:00\" \/>\n<meta property=\"og:image\" content=\"https:\/\/euricse.eu\/wp-content\/uploads\/2023\/01\/corsisti-masterGIS-2021-22-Bombardelli-scaled.jpg\" \/>\n\t<meta property=\"og:image:width\" content=\"2560\" \/>\n\t<meta property=\"og:image:height\" content=\"1865\" \/>\n\t<meta property=\"og:image:type\" content=\"image\/jpeg\" \/>\n<meta name=\"author\" content=\"Silvia\" \/>\n<meta name=\"twitter:card\" content=\"summary_large_image\" \/>\n<meta name=\"twitter:label1\" content=\"Scritto da\" \/>\n\t<meta name=\"twitter:data1\" content=\"Silvia\" \/>\n\t<meta name=\"twitter:label2\" content=\"Tempo di lettura stimato\" \/>\n\t<meta name=\"twitter:data2\" content=\"7 minuti\" \/>\n<script type=\"application\/ld+json\" class=\"yoast-schema-graph\">{\"@context\":\"https:\/\/schema.org\",\"@graph\":[{\"@type\":\"WebPage\",\"@id\":\"https:\/\/euricse.eu\/it\/lecosistema-delle-competenze-per-il-terzo-settore\/\",\"url\":\"https:\/\/euricse.eu\/it\/lecosistema-delle-competenze-per-il-terzo-settore\/\",\"name\":\"L\u2019Ecosistema delle competenze per il Terzo Settore - Euricse\",\"isPartOf\":{\"@id\":\"https:\/\/euricse.eu\/en\/#website\"},\"primaryImageOfPage\":{\"@id\":\"https:\/\/euricse.eu\/it\/lecosistema-delle-competenze-per-il-terzo-settore\/#primaryimage\"},\"image\":{\"@id\":\"https:\/\/euricse.eu\/it\/lecosistema-delle-competenze-per-il-terzo-settore\/#primaryimage\"},\"thumbnailUrl\":\"https:\/\/euricse.eu\/wp-content\/uploads\/2023\/01\/corsisti-masterGIS-2021-22-Bombardelli-scaled.jpg\",\"datePublished\":\"2023-01-23T09:56:19+00:00\",\"dateModified\":\"2023-01-31T09:12:31+00:00\",\"author\":{\"@id\":\"https:\/\/euricse.eu\/en\/#\/schema\/person\/a5b25693531e3458dfedff34c273ba14\"},\"breadcrumb\":{\"@id\":\"https:\/\/euricse.eu\/it\/lecosistema-delle-competenze-per-il-terzo-settore\/#breadcrumb\"},\"inLanguage\":\"it-IT\",\"potentialAction\":[{\"@type\":\"ReadAction\",\"target\":[\"https:\/\/euricse.eu\/it\/lecosistema-delle-competenze-per-il-terzo-settore\/\"]}]},{\"@type\":\"ImageObject\",\"inLanguage\":\"it-IT\",\"@id\":\"https:\/\/euricse.eu\/it\/lecosistema-delle-competenze-per-il-terzo-settore\/#primaryimage\",\"url\":\"https:\/\/euricse.eu\/wp-content\/uploads\/2023\/01\/corsisti-masterGIS-2021-22-Bombardelli-scaled.jpg\",\"contentUrl\":\"https:\/\/euricse.eu\/wp-content\/uploads\/2023\/01\/corsisti-masterGIS-2021-22-Bombardelli-scaled.jpg\",\"width\":2560,\"height\":1865},{\"@type\":\"BreadcrumbList\",\"@id\":\"https:\/\/euricse.eu\/it\/lecosistema-delle-competenze-per-il-terzo-settore\/#breadcrumb\",\"itemListElement\":[{\"@type\":\"ListItem\",\"position\":1,\"name\":\"Home\",\"item\":\"https:\/\/euricse.eu\/it\/\"},{\"@type\":\"ListItem\",\"position\":2,\"name\":\"L\u2019Ecosistema delle competenze per il Terzo Settore\"}]},{\"@type\":\"WebSite\",\"@id\":\"https:\/\/euricse.eu\/en\/#website\",\"url\":\"https:\/\/euricse.eu\/en\/\",\"name\":\"Euricse\",\"description\":\"Knowledge and innovation for cooperative and social enterprises.\",\"potentialAction\":[{\"@type\":\"SearchAction\",\"target\":{\"@type\":\"EntryPoint\",\"urlTemplate\":\"https:\/\/euricse.eu\/en\/?s={search_term_string}\"},\"query-input\":{\"@type\":\"PropertyValueSpecification\",\"valueRequired\":true,\"valueName\":\"search_term_string\"}}],\"inLanguage\":\"it-IT\"},{\"@type\":\"Person\",\"@id\":\"https:\/\/euricse.eu\/en\/#\/schema\/person\/a5b25693531e3458dfedff34c273ba14\",\"name\":\"Silvia\",\"image\":{\"@type\":\"ImageObject\",\"inLanguage\":\"it-IT\",\"@id\":\"https:\/\/euricse.eu\/en\/#\/schema\/person\/image\/\",\"url\":\"https:\/\/secure.gravatar.com\/avatar\/3cef1082b65edc85f1a4c0caa7ce4808f397a517b7217eab6215fe435640f8f7?s=96&d=mm&r=g\",\"contentUrl\":\"https:\/\/secure.gravatar.com\/avatar\/3cef1082b65edc85f1a4c0caa7ce4808f397a517b7217eab6215fe435640f8f7?s=96&d=mm&r=g\",\"caption\":\"Silvia\"},\"url\":\"https:\/\/euricse.eu\/it\/author\/silvia\/\"}]}<\/script>\n<!-- \/ Yoast SEO plugin. -->","yoast_head_json":{"title":"L\u2019Ecosistema delle competenze per il Terzo Settore - Euricse","robots":{"index":"index","follow":"follow","max-snippet":"max-snippet:-1","max-image-preview":"max-image-preview:large","max-video-preview":"max-video-preview:-1"},"canonical":"https:\/\/euricse.eu\/it\/lecosistema-delle-competenze-per-il-terzo-settore\/","og_locale":"it_IT","og_type":"article","og_title":"L\u2019Ecosistema delle competenze per il Terzo Settore - Euricse","og_description":"All\u2019Universit\u00e0 di Trento sono stati consegnati i diplomi per la 26esima edizione del master in Gestione di Imprese sociali, l\u2019iniziativa formativa targata Euricse e Universit\u00e0 di Trento avviata nel 1995.","og_url":"https:\/\/euricse.eu\/it\/lecosistema-delle-competenze-per-il-terzo-settore\/","og_site_name":"Euricse","article_published_time":"2023-01-23T09:56:19+00:00","article_modified_time":"2023-01-31T09:12:31+00:00","og_image":[{"width":2560,"height":1865,"url":"https:\/\/euricse.eu\/wp-content\/uploads\/2023\/01\/corsisti-masterGIS-2021-22-Bombardelli-scaled.jpg","type":"image\/jpeg"}],"author":"Silvia","twitter_card":"summary_large_image","twitter_misc":{"Scritto da":"Silvia","Tempo di lettura stimato":"7 minuti"},"schema":{"@context":"https:\/\/schema.org","@graph":[{"@type":"WebPage","@id":"https:\/\/euricse.eu\/it\/lecosistema-delle-competenze-per-il-terzo-settore\/","url":"https:\/\/euricse.eu\/it\/lecosistema-delle-competenze-per-il-terzo-settore\/","name":"L\u2019Ecosistema delle competenze per il Terzo Settore - Euricse","isPartOf":{"@id":"https:\/\/euricse.eu\/en\/#website"},"primaryImageOfPage":{"@id":"https:\/\/euricse.eu\/it\/lecosistema-delle-competenze-per-il-terzo-settore\/#primaryimage"},"image":{"@id":"https:\/\/euricse.eu\/it\/lecosistema-delle-competenze-per-il-terzo-settore\/#primaryimage"},"thumbnailUrl":"https:\/\/euricse.eu\/wp-content\/uploads\/2023\/01\/corsisti-masterGIS-2021-22-Bombardelli-scaled.jpg","datePublished":"2023-01-23T09:56:19+00:00","dateModified":"2023-01-31T09:12:31+00:00","author":{"@id":"https:\/\/euricse.eu\/en\/#\/schema\/person\/a5b25693531e3458dfedff34c273ba14"},"breadcrumb":{"@id":"https:\/\/euricse.eu\/it\/lecosistema-delle-competenze-per-il-terzo-settore\/#breadcrumb"},"inLanguage":"it-IT","potentialAction":[{"@type":"ReadAction","target":["https:\/\/euricse.eu\/it\/lecosistema-delle-competenze-per-il-terzo-settore\/"]}]},{"@type":"ImageObject","inLanguage":"it-IT","@id":"https:\/\/euricse.eu\/it\/lecosistema-delle-competenze-per-il-terzo-settore\/#primaryimage","url":"https:\/\/euricse.eu\/wp-content\/uploads\/2023\/01\/corsisti-masterGIS-2021-22-Bombardelli-scaled.jpg","contentUrl":"https:\/\/euricse.eu\/wp-content\/uploads\/2023\/01\/corsisti-masterGIS-2021-22-Bombardelli-scaled.jpg","width":2560,"height":1865},{"@type":"BreadcrumbList","@id":"https:\/\/euricse.eu\/it\/lecosistema-delle-competenze-per-il-terzo-settore\/#breadcrumb","itemListElement":[{"@type":"ListItem","position":1,"name":"Home","item":"https:\/\/euricse.eu\/it\/"},{"@type":"ListItem","position":2,"name":"L\u2019Ecosistema delle competenze per il Terzo Settore"}]},{"@type":"WebSite","@id":"https:\/\/euricse.eu\/en\/#website","url":"https:\/\/euricse.eu\/en\/","name":"Euricse","description":"Knowledge and innovation for cooperative and social enterprises.","potentialAction":[{"@type":"SearchAction","target":{"@type":"EntryPoint","urlTemplate":"https:\/\/euricse.eu\/en\/?s={search_term_string}"},"query-input":{"@type":"PropertyValueSpecification","valueRequired":true,"valueName":"search_term_string"}}],"inLanguage":"it-IT"},{"@type":"Person","@id":"https:\/\/euricse.eu\/en\/#\/schema\/person\/a5b25693531e3458dfedff34c273ba14","name":"Silvia","image":{"@type":"ImageObject","inLanguage":"it-IT","@id":"https:\/\/euricse.eu\/en\/#\/schema\/person\/image\/","url":"https:\/\/secure.gravatar.com\/avatar\/3cef1082b65edc85f1a4c0caa7ce4808f397a517b7217eab6215fe435640f8f7?s=96&d=mm&r=g","contentUrl":"https:\/\/secure.gravatar.com\/avatar\/3cef1082b65edc85f1a4c0caa7ce4808f397a517b7217eab6215fe435640f8f7?s=96&d=mm&r=g","caption":"Silvia"},"url":"https:\/\/euricse.eu\/it\/author\/silvia\/"}]}},"_links":{"self":[{"href":"https:\/\/euricse.eu\/it\/wp-json\/wp\/v2\/posts\/18342","targetHints":{"allow":["GET"]}}],"collection":[{"href":"https:\/\/euricse.eu\/it\/wp-json\/wp\/v2\/posts"}],"about":[{"href":"https:\/\/euricse.eu\/it\/wp-json\/wp\/v2\/types\/post"}],"author":[{"embeddable":true,"href":"https:\/\/euricse.eu\/it\/wp-json\/wp\/v2\/users\/32"}],"replies":[{"embeddable":true,"href":"https:\/\/euricse.eu\/it\/wp-json\/wp\/v2\/comments?post=18342"}],"version-history":[{"count":2,"href":"https:\/\/euricse.eu\/it\/wp-json\/wp\/v2\/posts\/18342\/revisions"}],"predecessor-version":[{"id":18448,"href":"https:\/\/euricse.eu\/it\/wp-json\/wp\/v2\/posts\/18342\/revisions\/18448"}],"wp:featuredmedia":[{"embeddable":true,"href":"https:\/\/euricse.eu\/it\/wp-json\/wp\/v2\/media\/18345"}],"wp:attachment":[{"href":"https:\/\/euricse.eu\/it\/wp-json\/wp\/v2\/media?parent=18342"}],"wp:term":[{"taxonomy":"category","embeddable":true,"href":"https:\/\/euricse.eu\/it\/wp-json\/wp\/v2\/categories?post=18342"},{"taxonomy":"post_tag","embeddable":true,"href":"https:\/\/euricse.eu\/it\/wp-json\/wp\/v2\/tags?post=18342"}],"curies":[{"name":"wp","href":"https:\/\/api.w.org\/{rel}","templated":true}]}}