{"id":1841,"date":"2014-02-10T14:33:22","date_gmt":"2014-02-10T14:33:22","guid":{"rendered":"https:\/\/euricse.staging.hgblu.com\/?p=1841"},"modified":"2015-07-06T11:28:22","modified_gmt":"2015-07-06T10:28:22","slug":"le-nuove-disposizioni-europee-in-materia-di-appalti-pubblici-e-concessioni","status":"publish","type":"post","link":"https:\/\/euricse.eu\/it\/le-nuove-disposizioni-europee-in-materia-di-appalti-pubblici-e-concessioni\/","title":{"rendered":"Le nuove disposizioni europee in materia di appalti pubblici e concessioni"},"content":{"rendered":"<h3>Euricse Facs&amp;Comments<\/h3>\n<p style=\"text-align: right;\"><em>Silvia Pellizzari, Universit\u00e0 di Trento<\/em><\/p>\n<p><strong>1. Introduzione<\/strong><\/p>\n<p style=\"text-align: justify;\">Il 15 gennaio scorso il Parlamento europeo ha espresso la propria posizione in prima lettura sulle proposte di riforma e modernizzazione degli appalti pubblici e dei contratti di concessione nell\u2019Unione europea pubblicate dalla Commissione europea il 20 dicembre 2011 e sottoposte poi all\u2019esame del Consiglio e del Parlamento europeo nell\u2019ambito della procedura di co &#8211; decisione.<\/p>\n<p style=\"text-align: justify;\">Si tratta, in particolare, di tre proposte di direttiva: <a href=\"http:\/\/www.europarl.europa.eu\/sides\/getDoc.do?pubRef=-\/\/EP\/\/NONSGML+TA+20140115+SIT-02+DOC+PDF+V0\/\/IT&amp;language=IT\" target=\"_blank\">COM (2011) 896<\/a> , <a href=\"http:\/\/www.avcp.it\/portal\/rest\/jcr\/repository\/collaboration\/Digital%20Assets\/pdf\/dossier\/DirettivaSettoriSpeciali.pdf\" target=\"_blank\">COM (2011) 895<\/a> e <a href=\"http:\/\/www.avcp.it\/portal\/rest\/jcr\/repository\/collaboration\/Digital%20Assets\/pdf\/dossier\/DirettivaConcessioni.pdf\" target=\"_blank\">COM (2011) 897<\/a> .<!--more--><\/p>\n<p style=\"text-align: justify;\">Le prime due intendono sostituire le vigenti direttive in materia di appalti pubblici nei settori ordinari (2004\/17\/CE) e speciali (2004\/18\/CE), mentre la terza introduce per la prima volta una disciplina espressamente dedicata ai contratti di concessione.<\/p>\n<p style=\"text-align: justify;\">Per il completamento formale dell\u2019iter normativo sar\u00e0 ora necessaria l\u2019adozione delle direttive da parte del Consiglio, cui seguir\u00e0 la pubblicazione nella Gazzetta Ufficiale dell\u2019Unione europea a partire dalla quale inizier\u00e0 a decorrere il termine di 24 mesi per il recepimento delle nuove direttive da parte degli Stati membri. Tuttavia, in base agli accordi intercorsi tra le tre istituzioni in sede di trilogo, il testo degli atti pu\u00f2 ritenersi pressoch\u00e9 definitivo.<\/p>\n<p style=\"text-align: justify;\">L\u2019obbiettivo della riforma \u00e8 quello di garantire una maggior certezza del diritto dell\u2019Unione europea, la stabilit\u00e0 dei mercati e una pi\u00f9 efficace promozione della concorrenza.<\/p>\n<p><strong>2. I contenuti della riforma: continuit\u00e0 e innovazione per una crescita intelligente, sostenibile ed inclusiva<\/strong><\/p>\n<p style=\"text-align: justify;\">Alcuni contenuti della riforma si pongono in continuit\u00e0 con la tradizione.<\/p>\n<p style=\"text-align: justify;\">Rimangono infatti invariati i principi cui si ispirano le regole europee e nazionali in materia di appalti e concessioni tra cui rientrano, in particolare, quelli previsti dal Trattato sul funzionamento dell\u2019Unione per la tutela della concorrenza e la promozione delle libert\u00e0 di circolazione. Sono parimenti confermati i principi di parit\u00e0 di trattamento e non discriminazione tra gli operatori economici, il mutuo riconoscimento delle regolazioni nazionali, oltre che la proporzionalit\u00e0 e la trasparenza dell\u2019azione amministrativa.<\/p>\n<p style=\"text-align: justify;\">Sul piano dell\u2019applicazione soggettiva delle nuove regole, permane il rinvio alla giurisprudenza comunitaria in materia di organismo di diritto pubblico, al fine di individuare i committenti obbligati al rispetto delle disposizioni europee. Per quanto riguarda i destinatari dell\u2019azione pubblica, si richiama una nozione ampia di operatore economico che comprende qualunque persona e\/o ente che offre sul mercato la realizzazione di lavori, la fornitura di prodotti o la prestazione di servizi, a prescindere dalla forma giuridica prescelta.<\/p>\n<p style=\"text-align: justify;\">Dal punto di vista generale, le novit\u00e0 introdotte riguardano senz\u2019altro l\u2019inquadramento degli interventi sul mercato delle commesse pubbliche nell\u2019ambito della strategia Europa 2020. Ci\u00f2 impone innanzitutto la razionalizzazione e semplificazione della disciplina previgente in un\u2019ottica di maggior certezza. A tale proposito si individuano definizioni pi\u00f9 precise &#8211; come quella di appalto pubblico, concessione, sistemi di accreditamento e forme di collaborazione tra amministrazioni pubbliche &#8211; e ambiti di applicazione pi\u00f9 chiari.<\/p>\n<p style=\"text-align: justify;\">Inoltre, l\u2019obiettivo di promuovere una crescita intelligente, sostenibile ed inclusiva sul mercato interno viene articolato nella necessit\u00e0 di controllare la spesa pubblica secondo criteri di maggior efficienza e consentendo una maggior partecipazione delle piccole e medie imprese alle procedure di evidenza pubblica. Con la medesima logica, le stazioni appaltanti vengono dotate della discrezionalit\u00e0 necessaria per raggiungere e\/o consolidare finalit\u00e0 di rilevanza sociale.<\/p>\n<p style=\"text-align: justify;\"><strong>3. L\u2019importanza delle nuove disposizioni per lo sviluppo dell\u2019impresa sociale<\/strong><\/p>\n<p style=\"text-align: justify;\">Nel pacchetto licenziato dal Parlamento vi sono diverse disposizioni che interessano in misura significativa il mondo delle cooperative e delle imprese sociali in genere.<\/p>\n<p style=\"text-align: justify;\"><em>3.1 Misure generali a favore delle PMI<\/em><\/p>\n<p style=\"text-align: justify;\">In primo luogo vanno richiamate le previsioni che intendono promuovere la partecipazione delle PMI alle gare per l\u2019aggiudicazione di contratti di appalto o di concessione. Tali previsioni assumono particolare rilevanza se si considera che la gran parte delle imprese sociali attive sul mercato unico sono di piccola o media dimensione.<\/p>\n<p style=\"text-align: justify;\">A tal fine, la nuova disciplina europea rinvia ai contenuti del Codice europeo di buone pratiche per facilitare l\u2019accesso delle PMI agli appalti pubblici, adottato dalla Commissione europea nel giugno del 2008, che fornisce orientamenti sul modo in cui le amministrazioni possono applicare la normativa sugli appalti pubblici agevolando la partecipazione delle PMI. Una di queste modalit\u00e0 si identifica con la suddivisione degli appalti &#8211; di grande, ma anche di minore entit\u00e0 &#8211; in lotti. Sempre in questa direzione si prevedono forme e meccanismi per il pagamento diretto dei subappaltatori. Coerentemente, si prevede che i requisiti relativi alla capacit\u00e0 economica e finanziaria devono essere corrispondenti e proporzionati all\u2019oggetto dell\u2019appalto, cos\u00ec da non ostacolare in maniera ingiustificata la partecipazione alle gare da parte delle imprese di minore dimensione.<\/p>\n<p style=\"text-align: justify;\">Infine, un ruolo strategico \u00e8 svolto dalle misure di semplificazione amministrativa. Le procedure di appalto dovrebbero, infatti, divenire pi\u00f9 veloci ed efficaci e concludersi in tempi brevi compatibilmente con la complessit\u00e0 dell\u2019appalto da aggiudicare.<\/p>\n<p style=\"text-align: justify;\"><em>3.2 Documento di gara unico<\/em><\/p>\n<p style=\"text-align: justify;\">Viene introdotto il documento di gara unico europeo, che le amministrazioni aggiudicatrici devono accettare al momento della presentazione delle domande di partecipazione o delle offerte. Si tratta di un&#8217;autodichiarazione aggiornata, fornita in forma elettronica e redatta sulla base di un modello uniforme, che vale quale prova documentale preliminare in sostituzione dei certificati rilasciati da autorit\u00e0 pubbliche o da terzi. Essa conferma che sull&#8217;operatore economico in questione non grava alcun motivo di esclusione e che questi risponde ai criteri di selezione previsti dalla normativa.<\/p>\n<p style=\"text-align: justify;\">In qualsiasi momento, se necessario per assicurare il corretto svolgimento della procedura, l\u2019amministrazione aggiudicatrice pu\u00f2 chiedere agli offerenti e ai candidati di presentare tutti i documenti complementari o parte di essi. Tale facolt\u00e0 diviene un obbligo nei confronti dell\u2019offerente cui l\u2019amministrazione ha deciso di aggiudicare l&#8217;appalto prima della formale aggiudicazione dello stesso.<\/p>\n<p style=\"text-align: justify;\"><em>3.3 Misure a favore delle imprese sociali che impieghino lavoratori disabili o svantaggiati<\/em><\/p>\n<p style=\"text-align: justify;\">La riforma riconosce la fondamentale importanza dei laboratori protetti e delle imprese (sociali) il cui scopo principale sia l\u2019integrazione o la reintegrazione sociale o professionale di persone con disabilit\u00e0 o svantaggiate (disoccupati e appartenenti a minoranze o, comunque, a categorie socialmente emarginate).<\/p>\n<p style=\"text-align: justify;\">Tali imprese costituiscono uno dei mezzi pi\u00f9 efficaci per garantire pari opportunit\u00e0 agli individui e una maggior inclusione sociale dei soggetti svantaggiati. Tuttavia, considerato che dette imprese potrebbero non essere in grado di ottenere i contratti di appalto o di concessione in normali condizioni di concorrenza, gli Stati membri possono riservare loro la partecipazione ad alcune gare per l\u2019aggiudicazione di appalti o concessioni.<\/p>\n<p style=\"text-align: justify;\">Per rendere operativa tale previsione secondo i principi di imparzialit\u00e0 e trasparenza, le norme europee precisano che la possibilit\u00e0 di riservare gli appalti e le concessioni agli operatori economici sopra menzionati vale solamente quando i lavoratori con disabilit\u00e0 o comunque svantaggiati rappresentino almeno il 30% dei lavoratori impiegati. Le nuove disposizioni riducono cos\u00ec la percentuale dei lavoratori disabili o svantaggiati impiegati, portandola dal 50% di cui alla previgente disciplina al 30% stabilito dalle nuove regole.<\/p>\n<p style=\"text-align: justify;\">Si tratta di un dato piuttosto significativo in quanto allinea la disciplina europea a quella nazionale prevista per le cooperative sociali di tipo B). Allo stesso tempo, a differenza di quanto previsto in precedenza, i laboratori protetti, cos\u00ec come le cooperative sociali ex art. 1, lettera b) della Legge 381 del 1991, possono ora svolgere attivit\u00e0 che siano finalizzate all\u2019inserimento lavorativo non solo di persone con disabilit\u00e0, ma svantaggiate perch\u00e9 gravate da differenti condizioni di esclusione sociale.<\/p>\n<p style=\"text-align: justify;\">Pi\u00f9 in particolare, si prevede che nei criteri di aggiudicazione o nelle condizioni di esecuzione dell&#8217;appalto o della concessione possano essere inserite misure volte alla tutela della salute del personale coinvolto nei processi produttivi o alla promozione dell&#8217;integrazione sociale attraverso l\u2019inserimento di persone svantaggiate o di membri di gruppi vulnerabili (quali, per esempio, i disoccupati di lunga durata) nel personale incaricato dell&#8217;esecuzione dell&#8217;appalto.<\/p>\n<p style=\"text-align: justify;\"><em>3.4 Deroghe per servizi di emergenza effettuati da organizzazioni e associazioni senza scopo di lucro<\/em><\/p>\n<p style=\"text-align: justify;\">La nuova disciplina precisa che le direttive appena approvate non si applicano nel caso in cui taluni servizi di emergenza siano effettuati da organizzazioni e associazioni senza scopo di lucro, salvo il caso dei servizi di trasporto dei pazienti in ambulanza (si veda sul punto, in giurisprudenza, la sentenza della Corte di Giustizia del 29 novembre 2007 (causa C-119\/06, Commissione\/Italia, Regione Toscana). Se quindi, da un lato, il carattere particolare delle organizzazioni non-profit potrebbe essere difficile da preservare qualora i prestatori del servizio fossero scelti secondo le procedure di gara previste dalle disposizioni europee, dall\u2019altro si avverte che tale esclusione deve limitarsi alle ipotesi strettamente necessarie.<\/p>\n<p style=\"text-align: justify;\"><em>3.5. Nuove soglie derogatorie per i servizi sociali<\/em><\/p>\n<p style=\"text-align: justify;\">Cambia il quadro giuridico di riferimento per l\u2019organizzazione e l\u2019affidamento dei servizi sociali. Infatti, la nuova articolazione delle soglie in materia di appalti pubblici prevede un innalzamento delle stesse nell\u2019ipotesi di appalti di forniture e servizi aggiudicati da amministrazioni locali (207.000 EUR, anzich\u00e9 130.000 EUR) e nel caso si tratti di servizi sociali o speciali elencati nell\u2019allegato XVI (750.000 EUR, anzich\u00e9 130.000 EUR) e, quindi, di servizi sanitari e sociali, di istruzione, assistenza o di cultura i quali presentano una dimensione trasfrontaliera limitata.<\/p>\n<p style=\"text-align: justify;\">Per questi ultimi, si consente una maggior discrezionalit\u00e0 in capo agli Stati membri i quali possono prevedere una disciplina nazionale che, nel rispetto dei principi di trasparenza e parit\u00e0 di trattamento, assicuri la qualit\u00e0, continuit\u00e0, accessibilit\u00e0 (anche economica), disponibilit\u00e0 e completezza dei servizi attraverso il loro adeguamento alle specifiche esigenze delle diverse categorie di utenti (compresi i gruppi svantaggiati e vulnerabili), garantendo il coinvolgimento e la responsabilizzazione di questi ultimi nella organizzazione e gestione delle prestazioni.<\/p>\n<p style=\"text-align: justify;\">Questa disposizione lascia quindi intravvedere un maggior spazio per l\u2019individuazione di strumenti giuridici adeguati alla promozione di realt\u00e0 imprenditoriali che riescano ad assicurare una effettiva partecipazione degli utenti nella definizione ed erogazione dei servizi.<\/p>\n","protected":false},"excerpt":{"rendered":"<p>Il 15 gennaio scorso il Parlamento europeo ha espresso la propria posizione in prima lettura sulle proposte di riforma e modernizzazione degli appalti pubblici e dei contratti di concessione nell\u2019Unione europea pubblicate dalla Commissione europea il 20 dicembre 2011 e sottoposte poi all\u2019esame del Consiglio e del Parlamento europeo nell\u2019ambito della procedura di co &#8211; decisione.<\/p>\n","protected":false},"author":32,"featured_media":0,"comment_status":"open","ping_status":"closed","sticky":false,"template":"","format":"standard","meta":{"_acf_changed":false,"episode_type":"","audio_file":"","cover_image":"","cover_image_id":"","duration":"","filesize":"","date_recorded":"","explicit":"","block":"","itunes_episode_number":"","itunes_title":"","itunes_season_number":"","itunes_episode_type":"","filesize_raw":"","footnotes":""},"categories":[16],"tags":[107,118,244],"class_list":["post-1841","post","type-post","status-publish","format-standard","hentry","category-approfondimenti","tag-public-procurement","tag-europa","tag-factscomments"],"acf":[],"yoast_head":"<!-- This site is optimized with the Yoast SEO plugin v26.1.1 - https:\/\/yoast.com\/wordpress\/plugins\/seo\/ -->\n<title>Le nuove disposizioni europee in materia di appalti pubblici e concessioni - Euricse<\/title>\n<meta name=\"robots\" content=\"index, follow, max-snippet:-1, max-image-preview:large, max-video-preview:-1\" \/>\n<link rel=\"canonical\" href=\"https:\/\/euricse.eu\/it\/le-nuove-disposizioni-europee-in-materia-di-appalti-pubblici-e-concessioni\/\" \/>\n<meta property=\"og:locale\" content=\"it_IT\" \/>\n<meta property=\"og:type\" content=\"article\" \/>\n<meta property=\"og:title\" content=\"Le nuove disposizioni europee in materia di appalti pubblici e concessioni - Euricse\" \/>\n<meta property=\"og:description\" content=\"Il 15 gennaio scorso il Parlamento europeo ha espresso la propria posizione in prima lettura sulle proposte di riforma e modernizzazione degli appalti pubblici e dei contratti di concessione nell\u2019Unione europea pubblicate dalla Commissione europea il 20 dicembre 2011 e sottoposte poi all\u2019esame del Consiglio e del Parlamento europeo nell\u2019ambito della procedura di co - decisione.\" \/>\n<meta property=\"og:url\" content=\"https:\/\/euricse.eu\/it\/le-nuove-disposizioni-europee-in-materia-di-appalti-pubblici-e-concessioni\/\" \/>\n<meta property=\"og:site_name\" content=\"Euricse\" \/>\n<meta property=\"article:published_time\" content=\"2014-02-10T14:33:22+00:00\" \/>\n<meta property=\"article:modified_time\" content=\"2015-07-06T10:28:22+00:00\" \/>\n<meta name=\"author\" content=\"Silvia\" \/>\n<meta name=\"twitter:card\" content=\"summary_large_image\" \/>\n<meta name=\"twitter:label1\" content=\"Scritto da\" \/>\n\t<meta name=\"twitter:data1\" content=\"Silvia\" \/>\n\t<meta name=\"twitter:label2\" content=\"Tempo di lettura stimato\" \/>\n\t<meta name=\"twitter:data2\" content=\"8 minuti\" \/>\n<script type=\"application\/ld+json\" class=\"yoast-schema-graph\">{\"@context\":\"https:\/\/schema.org\",\"@graph\":[{\"@type\":\"WebPage\",\"@id\":\"https:\/\/euricse.eu\/it\/le-nuove-disposizioni-europee-in-materia-di-appalti-pubblici-e-concessioni\/\",\"url\":\"https:\/\/euricse.eu\/it\/le-nuove-disposizioni-europee-in-materia-di-appalti-pubblici-e-concessioni\/\",\"name\":\"Le nuove disposizioni europee in materia di appalti pubblici e concessioni - Euricse\",\"isPartOf\":{\"@id\":\"https:\/\/euricse.eu\/en\/#website\"},\"datePublished\":\"2014-02-10T14:33:22+00:00\",\"dateModified\":\"2015-07-06T10:28:22+00:00\",\"author\":{\"@id\":\"https:\/\/euricse.eu\/en\/#\/schema\/person\/a5b25693531e3458dfedff34c273ba14\"},\"breadcrumb\":{\"@id\":\"https:\/\/euricse.eu\/it\/le-nuove-disposizioni-europee-in-materia-di-appalti-pubblici-e-concessioni\/#breadcrumb\"},\"inLanguage\":\"it-IT\",\"potentialAction\":[{\"@type\":\"ReadAction\",\"target\":[\"https:\/\/euricse.eu\/it\/le-nuove-disposizioni-europee-in-materia-di-appalti-pubblici-e-concessioni\/\"]}]},{\"@type\":\"BreadcrumbList\",\"@id\":\"https:\/\/euricse.eu\/it\/le-nuove-disposizioni-europee-in-materia-di-appalti-pubblici-e-concessioni\/#breadcrumb\",\"itemListElement\":[{\"@type\":\"ListItem\",\"position\":1,\"name\":\"Home\",\"item\":\"https:\/\/euricse.eu\/it\/\"},{\"@type\":\"ListItem\",\"position\":2,\"name\":\"Le nuove disposizioni europee in materia di appalti pubblici e concessioni\"}]},{\"@type\":\"WebSite\",\"@id\":\"https:\/\/euricse.eu\/en\/#website\",\"url\":\"https:\/\/euricse.eu\/en\/\",\"name\":\"Euricse\",\"description\":\"Knowledge and innovation for cooperative and social enterprises.\",\"potentialAction\":[{\"@type\":\"SearchAction\",\"target\":{\"@type\":\"EntryPoint\",\"urlTemplate\":\"https:\/\/euricse.eu\/en\/?s={search_term_string}\"},\"query-input\":{\"@type\":\"PropertyValueSpecification\",\"valueRequired\":true,\"valueName\":\"search_term_string\"}}],\"inLanguage\":\"it-IT\"},{\"@type\":\"Person\",\"@id\":\"https:\/\/euricse.eu\/en\/#\/schema\/person\/a5b25693531e3458dfedff34c273ba14\",\"name\":\"Silvia\",\"image\":{\"@type\":\"ImageObject\",\"inLanguage\":\"it-IT\",\"@id\":\"https:\/\/euricse.eu\/en\/#\/schema\/person\/image\/\",\"url\":\"https:\/\/secure.gravatar.com\/avatar\/3cef1082b65edc85f1a4c0caa7ce4808f397a517b7217eab6215fe435640f8f7?s=96&d=mm&r=g\",\"contentUrl\":\"https:\/\/secure.gravatar.com\/avatar\/3cef1082b65edc85f1a4c0caa7ce4808f397a517b7217eab6215fe435640f8f7?s=96&d=mm&r=g\",\"caption\":\"Silvia\"},\"url\":\"https:\/\/euricse.eu\/it\/author\/silvia\/\"}]}<\/script>\n<!-- \/ Yoast SEO plugin. -->","yoast_head_json":{"title":"Le nuove disposizioni europee in materia di appalti pubblici e concessioni - Euricse","robots":{"index":"index","follow":"follow","max-snippet":"max-snippet:-1","max-image-preview":"max-image-preview:large","max-video-preview":"max-video-preview:-1"},"canonical":"https:\/\/euricse.eu\/it\/le-nuove-disposizioni-europee-in-materia-di-appalti-pubblici-e-concessioni\/","og_locale":"it_IT","og_type":"article","og_title":"Le nuove disposizioni europee in materia di appalti pubblici e concessioni - Euricse","og_description":"Il 15 gennaio scorso il Parlamento europeo ha espresso la propria posizione in prima lettura sulle proposte di riforma e modernizzazione degli appalti pubblici e dei contratti di concessione nell\u2019Unione europea pubblicate dalla Commissione europea il 20 dicembre 2011 e sottoposte poi all\u2019esame del Consiglio e del Parlamento europeo nell\u2019ambito della procedura di co - decisione.","og_url":"https:\/\/euricse.eu\/it\/le-nuove-disposizioni-europee-in-materia-di-appalti-pubblici-e-concessioni\/","og_site_name":"Euricse","article_published_time":"2014-02-10T14:33:22+00:00","article_modified_time":"2015-07-06T10:28:22+00:00","author":"Silvia","twitter_card":"summary_large_image","twitter_misc":{"Scritto da":"Silvia","Tempo di lettura stimato":"8 minuti"},"schema":{"@context":"https:\/\/schema.org","@graph":[{"@type":"WebPage","@id":"https:\/\/euricse.eu\/it\/le-nuove-disposizioni-europee-in-materia-di-appalti-pubblici-e-concessioni\/","url":"https:\/\/euricse.eu\/it\/le-nuove-disposizioni-europee-in-materia-di-appalti-pubblici-e-concessioni\/","name":"Le nuove disposizioni europee in materia di appalti pubblici e concessioni - Euricse","isPartOf":{"@id":"https:\/\/euricse.eu\/en\/#website"},"datePublished":"2014-02-10T14:33:22+00:00","dateModified":"2015-07-06T10:28:22+00:00","author":{"@id":"https:\/\/euricse.eu\/en\/#\/schema\/person\/a5b25693531e3458dfedff34c273ba14"},"breadcrumb":{"@id":"https:\/\/euricse.eu\/it\/le-nuove-disposizioni-europee-in-materia-di-appalti-pubblici-e-concessioni\/#breadcrumb"},"inLanguage":"it-IT","potentialAction":[{"@type":"ReadAction","target":["https:\/\/euricse.eu\/it\/le-nuove-disposizioni-europee-in-materia-di-appalti-pubblici-e-concessioni\/"]}]},{"@type":"BreadcrumbList","@id":"https:\/\/euricse.eu\/it\/le-nuove-disposizioni-europee-in-materia-di-appalti-pubblici-e-concessioni\/#breadcrumb","itemListElement":[{"@type":"ListItem","position":1,"name":"Home","item":"https:\/\/euricse.eu\/it\/"},{"@type":"ListItem","position":2,"name":"Le nuove disposizioni europee in materia di appalti pubblici e concessioni"}]},{"@type":"WebSite","@id":"https:\/\/euricse.eu\/en\/#website","url":"https:\/\/euricse.eu\/en\/","name":"Euricse","description":"Knowledge and innovation for cooperative and social enterprises.","potentialAction":[{"@type":"SearchAction","target":{"@type":"EntryPoint","urlTemplate":"https:\/\/euricse.eu\/en\/?s={search_term_string}"},"query-input":{"@type":"PropertyValueSpecification","valueRequired":true,"valueName":"search_term_string"}}],"inLanguage":"it-IT"},{"@type":"Person","@id":"https:\/\/euricse.eu\/en\/#\/schema\/person\/a5b25693531e3458dfedff34c273ba14","name":"Silvia","image":{"@type":"ImageObject","inLanguage":"it-IT","@id":"https:\/\/euricse.eu\/en\/#\/schema\/person\/image\/","url":"https:\/\/secure.gravatar.com\/avatar\/3cef1082b65edc85f1a4c0caa7ce4808f397a517b7217eab6215fe435640f8f7?s=96&d=mm&r=g","contentUrl":"https:\/\/secure.gravatar.com\/avatar\/3cef1082b65edc85f1a4c0caa7ce4808f397a517b7217eab6215fe435640f8f7?s=96&d=mm&r=g","caption":"Silvia"},"url":"https:\/\/euricse.eu\/it\/author\/silvia\/"}]}},"_links":{"self":[{"href":"https:\/\/euricse.eu\/it\/wp-json\/wp\/v2\/posts\/1841","targetHints":{"allow":["GET"]}}],"collection":[{"href":"https:\/\/euricse.eu\/it\/wp-json\/wp\/v2\/posts"}],"about":[{"href":"https:\/\/euricse.eu\/it\/wp-json\/wp\/v2\/types\/post"}],"author":[{"embeddable":true,"href":"https:\/\/euricse.eu\/it\/wp-json\/wp\/v2\/users\/32"}],"replies":[{"embeddable":true,"href":"https:\/\/euricse.eu\/it\/wp-json\/wp\/v2\/comments?post=1841"}],"version-history":[{"count":0,"href":"https:\/\/euricse.eu\/it\/wp-json\/wp\/v2\/posts\/1841\/revisions"}],"wp:attachment":[{"href":"https:\/\/euricse.eu\/it\/wp-json\/wp\/v2\/media?parent=1841"}],"wp:term":[{"taxonomy":"category","embeddable":true,"href":"https:\/\/euricse.eu\/it\/wp-json\/wp\/v2\/categories?post=1841"},{"taxonomy":"post_tag","embeddable":true,"href":"https:\/\/euricse.eu\/it\/wp-json\/wp\/v2\/tags?post=1841"}],"curies":[{"name":"wp","href":"https:\/\/api.w.org\/{rel}","templated":true}]}}