{"id":18417,"date":"2023-01-21T08:56:15","date_gmt":"2023-01-21T08:56:15","guid":{"rendered":"https:\/\/euricse.eu\/?p=18417"},"modified":"2023-01-31T09:14:35","modified_gmt":"2023-01-31T09:14:35","slug":"lavoro-in-crisi-il-convegno-di-consolida","status":"publish","type":"post","link":"https:\/\/euricse.eu\/it\/lavoro-in-crisi-il-convegno-di-consolida\/","title":{"rendered":"Lavoro in crisi: il convegno di Consolida"},"content":{"rendered":"<p><strong>Consolida,\u00a0<\/strong>il consorzio delle cooperative sociali trentine, ha organizzato\u00a0venerd\u00ec 20 gennaio un convegno per parlare della\u00a0<strong>crisi del lavoro<\/strong>\u00a0e costruire strategie condivise con gli altri attori territoriali. Il segretario generale\u00a0di Euricse\u00a0<strong>Gianluca Salvatori,\u00a0<\/strong>tra i relatori,<strong>\u00a0<\/strong>nel suo intervento<strong>\u00a0<\/strong>ha rimarcato che<strong>\u00a0<\/strong>&#8220;<em>il valore di questo lavoro dev&#8217;essere riconosciuto, apprezzato e retribuito adeguatamente. Una conferma che questa sia la direzione giusta viene dalle politiche comunitarie:\u00a0l\u2019economia sociale \u00e8 infatti entrata nelle priorit\u00e0 europee e sar\u00e0 un ambito di forti investimenti dei prossimi dieci anni<\/em>&#8220;.<\/p>\n<p>&nbsp;<\/p>\n<p><a href=\"https:\/\/www.consolida.it\/news\/lavoro-di-cura-per-il-futuro-delle-comunita\/\" target=\"_blank\" rel=\"noopener\" data-saferedirecturl=\"https:\/\/www.google.com\/url?q=https:\/\/www.consolida.it\/news\/lavoro-di-cura-per-il-futuro-delle-comunita\/&amp;source=gmail&amp;ust=1675241463746000&amp;usg=AOvVaw211EdGReSEAUCizqmqB8KR\">Leggi la news\u00a0<\/a><\/p>\n","protected":false},"excerpt":{"rendered":"<p>Il segretario generale di Euricse Gianluca Salvatori \u00e8 intervenuto al convegno di Consolida, il consorzio delle cooperative sociali trentine, sul tema della crisi del lavoro e della costruzione di strategie condivise con gli altri attori territoriali.<\/p>\n","protected":false},"author":32,"featured_media":18418,"comment_status":"closed","ping_status":"closed","sticky":false,"template":"","format":"standard","meta":{"_acf_changed":false,"episode_type":"","audio_file":"","cover_image":"","cover_image_id":"","duration":"","filesize":"","date_recorded":"","explicit":"","block":"","itunes_episode_number":"","itunes_title":"","itunes_season_number":"","itunes_episode_type":"","filesize_raw":"","footnotes":""},"categories":[17],"tags":[],"class_list":["post-18417","post","type-post","status-publish","format-standard","has-post-thumbnail","hentry","category-news-it"],"acf":[],"yoast_head":"<!-- This site is optimized with the Yoast SEO plugin v26.1.1 - https:\/\/yoast.com\/wordpress\/plugins\/seo\/ -->\n<title>Lavoro in crisi: il convegno di Consolida - Euricse<\/title>\n<meta name=\"robots\" content=\"index, follow, max-snippet:-1, max-image-preview:large, max-video-preview:-1\" \/>\n<link rel=\"canonical\" href=\"https:\/\/euricse.eu\/it\/lavoro-in-crisi-il-convegno-di-consolida\/\" \/>\n<meta property=\"og:locale\" content=\"it_IT\" \/>\n<meta property=\"og:type\" content=\"article\" \/>\n<meta property=\"og:title\" content=\"Lavoro in crisi: il convegno di Consolida - Euricse\" \/>\n<meta property=\"og:description\" content=\"Il segretario generale di Euricse Gianluca Salvatori \u00e8 intervenuto al convegno di Consolida, il consorzio delle cooperative sociali trentine, sul tema della crisi del lavoro e della costruzione di strategie condivise con gli altri attori territoriali.\" \/>\n<meta property=\"og:url\" content=\"https:\/\/euricse.eu\/it\/lavoro-in-crisi-il-convegno-di-consolida\/\" \/>\n<meta property=\"og:site_name\" content=\"Euricse\" \/>\n<meta property=\"article:published_time\" content=\"2023-01-21T08:56:15+00:00\" \/>\n<meta property=\"article:modified_time\" content=\"2023-01-31T09:14:35+00:00\" \/>\n<meta property=\"og:image\" content=\"https:\/\/euricse.eu\/wp-content\/uploads\/2023\/01\/unnamed.png\" \/>\n\t<meta property=\"og:image:width\" content=\"292\" \/>\n\t<meta property=\"og:image:height\" content=\"292\" \/>\n\t<meta property=\"og:image:type\" content=\"image\/png\" \/>\n<meta name=\"author\" content=\"Silvia\" \/>\n<meta name=\"twitter:card\" content=\"summary_large_image\" \/>\n<meta name=\"twitter:label1\" content=\"Scritto da\" \/>\n\t<meta name=\"twitter:data1\" content=\"Silvia\" \/>\n\t<meta name=\"twitter:label2\" content=\"Tempo di lettura stimato\" \/>\n\t<meta name=\"twitter:data2\" content=\"1 minuto\" \/>\n<script type=\"application\/ld+json\" class=\"yoast-schema-graph\">{\"@context\":\"https:\/\/schema.org\",\"@graph\":[{\"@type\":\"WebPage\",\"@id\":\"https:\/\/euricse.eu\/it\/lavoro-in-crisi-il-convegno-di-consolida\/\",\"url\":\"https:\/\/euricse.eu\/it\/lavoro-in-crisi-il-convegno-di-consolida\/\",\"name\":\"Lavoro in crisi: il convegno di Consolida - Euricse\",\"isPartOf\":{\"@id\":\"https:\/\/euricse.eu\/en\/#website\"},\"primaryImageOfPage\":{\"@id\":\"https:\/\/euricse.eu\/it\/lavoro-in-crisi-il-convegno-di-consolida\/#primaryimage\"},\"image\":{\"@id\":\"https:\/\/euricse.eu\/it\/lavoro-in-crisi-il-convegno-di-consolida\/#primaryimage\"},\"thumbnailUrl\":\"https:\/\/euricse.eu\/wp-content\/uploads\/2023\/01\/unnamed.png\",\"datePublished\":\"2023-01-21T08:56:15+00:00\",\"dateModified\":\"2023-01-31T09:14:35+00:00\",\"author\":{\"@id\":\"https:\/\/euricse.eu\/en\/#\/schema\/person\/a5b25693531e3458dfedff34c273ba14\"},\"breadcrumb\":{\"@id\":\"https:\/\/euricse.eu\/it\/lavoro-in-crisi-il-convegno-di-consolida\/#breadcrumb\"},\"inLanguage\":\"it-IT\",\"potentialAction\":[{\"@type\":\"ReadAction\",\"target\":[\"https:\/\/euricse.eu\/it\/lavoro-in-crisi-il-convegno-di-consolida\/\"]}]},{\"@type\":\"ImageObject\",\"inLanguage\":\"it-IT\",\"@id\":\"https:\/\/euricse.eu\/it\/lavoro-in-crisi-il-convegno-di-consolida\/#primaryimage\",\"url\":\"https:\/\/euricse.eu\/wp-content\/uploads\/2023\/01\/unnamed.png\",\"contentUrl\":\"https:\/\/euricse.eu\/wp-content\/uploads\/2023\/01\/unnamed.png\",\"width\":292,\"height\":292},{\"@type\":\"BreadcrumbList\",\"@id\":\"https:\/\/euricse.eu\/it\/lavoro-in-crisi-il-convegno-di-consolida\/#breadcrumb\",\"itemListElement\":[{\"@type\":\"ListItem\",\"position\":1,\"name\":\"Home\",\"item\":\"https:\/\/euricse.eu\/it\/\"},{\"@type\":\"ListItem\",\"position\":2,\"name\":\"Lavoro in crisi: il convegno di Consolida\"}]},{\"@type\":\"WebSite\",\"@id\":\"https:\/\/euricse.eu\/en\/#website\",\"url\":\"https:\/\/euricse.eu\/en\/\",\"name\":\"Euricse\",\"description\":\"Knowledge and innovation for cooperative and social enterprises.\",\"potentialAction\":[{\"@type\":\"SearchAction\",\"target\":{\"@type\":\"EntryPoint\",\"urlTemplate\":\"https:\/\/euricse.eu\/en\/?s={search_term_string}\"},\"query-input\":{\"@type\":\"PropertyValueSpecification\",\"valueRequired\":true,\"valueName\":\"search_term_string\"}}],\"inLanguage\":\"it-IT\"},{\"@type\":\"Person\",\"@id\":\"https:\/\/euricse.eu\/en\/#\/schema\/person\/a5b25693531e3458dfedff34c273ba14\",\"name\":\"Silvia\",\"image\":{\"@type\":\"ImageObject\",\"inLanguage\":\"it-IT\",\"@id\":\"https:\/\/euricse.eu\/en\/#\/schema\/person\/image\/\",\"url\":\"https:\/\/secure.gravatar.com\/avatar\/3cef1082b65edc85f1a4c0caa7ce4808f397a517b7217eab6215fe435640f8f7?s=96&d=mm&r=g\",\"contentUrl\":\"https:\/\/secure.gravatar.com\/avatar\/3cef1082b65edc85f1a4c0caa7ce4808f397a517b7217eab6215fe435640f8f7?s=96&d=mm&r=g\",\"caption\":\"Silvia\"},\"url\":\"https:\/\/euricse.eu\/it\/author\/silvia\/\"}]}<\/script>\n<!-- \/ Yoast SEO plugin. -->","yoast_head_json":{"title":"Lavoro in crisi: il convegno di Consolida - Euricse","robots":{"index":"index","follow":"follow","max-snippet":"max-snippet:-1","max-image-preview":"max-image-preview:large","max-video-preview":"max-video-preview:-1"},"canonical":"https:\/\/euricse.eu\/it\/lavoro-in-crisi-il-convegno-di-consolida\/","og_locale":"it_IT","og_type":"article","og_title":"Lavoro in crisi: il convegno di Consolida - Euricse","og_description":"Il segretario generale di Euricse Gianluca Salvatori \u00e8 intervenuto al convegno di Consolida, il consorzio delle cooperative sociali trentine, sul tema della crisi del lavoro e della costruzione di strategie condivise con gli altri attori territoriali.","og_url":"https:\/\/euricse.eu\/it\/lavoro-in-crisi-il-convegno-di-consolida\/","og_site_name":"Euricse","article_published_time":"2023-01-21T08:56:15+00:00","article_modified_time":"2023-01-31T09:14:35+00:00","og_image":[{"width":292,"height":292,"url":"https:\/\/euricse.eu\/wp-content\/uploads\/2023\/01\/unnamed.png","type":"image\/png"}],"author":"Silvia","twitter_card":"summary_large_image","twitter_misc":{"Scritto da":"Silvia","Tempo di lettura stimato":"1 minuto"},"schema":{"@context":"https:\/\/schema.org","@graph":[{"@type":"WebPage","@id":"https:\/\/euricse.eu\/it\/lavoro-in-crisi-il-convegno-di-consolida\/","url":"https:\/\/euricse.eu\/it\/lavoro-in-crisi-il-convegno-di-consolida\/","name":"Lavoro in crisi: il convegno di Consolida - Euricse","isPartOf":{"@id":"https:\/\/euricse.eu\/en\/#website"},"primaryImageOfPage":{"@id":"https:\/\/euricse.eu\/it\/lavoro-in-crisi-il-convegno-di-consolida\/#primaryimage"},"image":{"@id":"https:\/\/euricse.eu\/it\/lavoro-in-crisi-il-convegno-di-consolida\/#primaryimage"},"thumbnailUrl":"https:\/\/euricse.eu\/wp-content\/uploads\/2023\/01\/unnamed.png","datePublished":"2023-01-21T08:56:15+00:00","dateModified":"2023-01-31T09:14:35+00:00","author":{"@id":"https:\/\/euricse.eu\/en\/#\/schema\/person\/a5b25693531e3458dfedff34c273ba14"},"breadcrumb":{"@id":"https:\/\/euricse.eu\/it\/lavoro-in-crisi-il-convegno-di-consolida\/#breadcrumb"},"inLanguage":"it-IT","potentialAction":[{"@type":"ReadAction","target":["https:\/\/euricse.eu\/it\/lavoro-in-crisi-il-convegno-di-consolida\/"]}]},{"@type":"ImageObject","inLanguage":"it-IT","@id":"https:\/\/euricse.eu\/it\/lavoro-in-crisi-il-convegno-di-consolida\/#primaryimage","url":"https:\/\/euricse.eu\/wp-content\/uploads\/2023\/01\/unnamed.png","contentUrl":"https:\/\/euricse.eu\/wp-content\/uploads\/2023\/01\/unnamed.png","width":292,"height":292},{"@type":"BreadcrumbList","@id":"https:\/\/euricse.eu\/it\/lavoro-in-crisi-il-convegno-di-consolida\/#breadcrumb","itemListElement":[{"@type":"ListItem","position":1,"name":"Home","item":"https:\/\/euricse.eu\/it\/"},{"@type":"ListItem","position":2,"name":"Lavoro in crisi: il convegno di Consolida"}]},{"@type":"WebSite","@id":"https:\/\/euricse.eu\/en\/#website","url":"https:\/\/euricse.eu\/en\/","name":"Euricse","description":"Knowledge and innovation for cooperative and social enterprises.","potentialAction":[{"@type":"SearchAction","target":{"@type":"EntryPoint","urlTemplate":"https:\/\/euricse.eu\/en\/?s={search_term_string}"},"query-input":{"@type":"PropertyValueSpecification","valueRequired":true,"valueName":"search_term_string"}}],"inLanguage":"it-IT"},{"@type":"Person","@id":"https:\/\/euricse.eu\/en\/#\/schema\/person\/a5b25693531e3458dfedff34c273ba14","name":"Silvia","image":{"@type":"ImageObject","inLanguage":"it-IT","@id":"https:\/\/euricse.eu\/en\/#\/schema\/person\/image\/","url":"https:\/\/secure.gravatar.com\/avatar\/3cef1082b65edc85f1a4c0caa7ce4808f397a517b7217eab6215fe435640f8f7?s=96&d=mm&r=g","contentUrl":"https:\/\/secure.gravatar.com\/avatar\/3cef1082b65edc85f1a4c0caa7ce4808f397a517b7217eab6215fe435640f8f7?s=96&d=mm&r=g","caption":"Silvia"},"url":"https:\/\/euricse.eu\/it\/author\/silvia\/"}]}},"_links":{"self":[{"href":"https:\/\/euricse.eu\/it\/wp-json\/wp\/v2\/posts\/18417","targetHints":{"allow":["GET"]}}],"collection":[{"href":"https:\/\/euricse.eu\/it\/wp-json\/wp\/v2\/posts"}],"about":[{"href":"https:\/\/euricse.eu\/it\/wp-json\/wp\/v2\/types\/post"}],"author":[{"embeddable":true,"href":"https:\/\/euricse.eu\/it\/wp-json\/wp\/v2\/users\/32"}],"replies":[{"embeddable":true,"href":"https:\/\/euricse.eu\/it\/wp-json\/wp\/v2\/comments?post=18417"}],"version-history":[{"count":1,"href":"https:\/\/euricse.eu\/it\/wp-json\/wp\/v2\/posts\/18417\/revisions"}],"predecessor-version":[{"id":18451,"href":"https:\/\/euricse.eu\/it\/wp-json\/wp\/v2\/posts\/18417\/revisions\/18451"}],"wp:featuredmedia":[{"embeddable":true,"href":"https:\/\/euricse.eu\/it\/wp-json\/wp\/v2\/media\/18418"}],"wp:attachment":[{"href":"https:\/\/euricse.eu\/it\/wp-json\/wp\/v2\/media?parent=18417"}],"wp:term":[{"taxonomy":"category","embeddable":true,"href":"https:\/\/euricse.eu\/it\/wp-json\/wp\/v2\/categories?post=18417"},{"taxonomy":"post_tag","embeddable":true,"href":"https:\/\/euricse.eu\/it\/wp-json\/wp\/v2\/tags?post=18417"}],"curies":[{"name":"wp","href":"https:\/\/api.w.org\/{rel}","templated":true}]}}