{"id":18518,"date":"2023-02-07T16:45:37","date_gmt":"2023-02-07T16:45:37","guid":{"rendered":"https:\/\/euricse.eu\/?p=18518"},"modified":"2023-02-20T14:00:45","modified_gmt":"2023-02-20T14:00:45","slug":"il-nuovo-welfare-collaborativo-in-italia-la-ricerca-di-euricse","status":"publish","type":"post","link":"https:\/\/euricse.eu\/it\/il-nuovo-welfare-collaborativo-in-italia-la-ricerca-di-euricse\/","title":{"rendered":"Il nuovo welfare collaborativo in Italia: la ricerca di Euricse"},"content":{"rendered":"<p><strong>Mercoled\u00ec 1\u00b0 marzo<\/strong> alle ore 14:00 presso l\u2019Aula Kessler del Dipartimento di Sociologia dell\u2019Universit\u00e0 di Trento <strong>Euricse<\/strong> presenta i primi risultati della ricerca \u201c<strong>Il nuovo welfare collaborativo in Italia: co-programmazione e co-progettazione come strumenti di innovazione del welfare locale<\/strong>\u201d.<\/p>\n<p>La ricerca, condotta con il supporto della Provincia autonoma di Trento, \u00e8 la pi\u00f9 approfondita realizzata ad oggi in Italia sul tema del welfare collaborativo, e indaga opportunit\u00e0 e rischi legati all\u2019implementazione dei nuovi strumenti di collaborazione tra pubblica amministrazione e privato sociale previsti dal Codice del Terzo Settore.<\/p>\n<p>I risultati saranno resi disponibili in tre Rapporti. Il primo inquadra l\u2019evoluzione del welfare locale a livello nazionale e illustra il quadro di insieme del nuovo welfare collaborativo, con un primo bilancio su effetti positivi e criticit\u00e0 emersi dall\u2019indagine. Il secondo rapporto \u00e8 dedicato alle condizioni abilitanti della collaborazione ed il terzo alle dimensioni operative dei processi collaborativi.<\/p>\n<p>Nel corso dell\u2019evento di presentazione (in presenza) interverranno il prof. <strong>Luca Fazzi, <\/strong>autore del Rapporto (Universit\u00e0 degli Studi di Trento, Dipartimento di Sociologia e Ricerca Sociale), <strong>Federica Sartori, <\/strong>dirigente del Servizio Politiche Sociali della Provincia autonoma di Trento e <strong>Francesca Gennai<\/strong>, vicepresidente del Consorzio Consolida. Introduce e modera l\u2019incontro <strong>Riccardo Bodini<\/strong>, direttore di Euricse.<\/p>\n<p>&nbsp;<\/p>\n<h5><a href=\"https:\/\/docs.google.com\/forms\/d\/e\/1FAIpQLScVCbViF5ibVJyl0-lg8URFQ7Cu4YxGzmCj7FbW7_LkqYYz8Q\/viewform\">Iscriviti qui all&#8217;evento<\/a><\/h5>\n<p>&nbsp;<\/p>\n<h5><a href=\"https:\/\/euricse.eu\/wp-content\/uploads\/2023\/02\/DEF-Locandina-Rapporto-Coprogettazione-Programma-di-conferenza-1.pdf\">Scarica il programma<\/a><\/h5>\n","protected":false},"excerpt":{"rendered":"<p>Mercoled\u00ec 1\u00b0 marzo Euricse presenta i primi risultati della ricerca \u201cIl nuovo welfare collaborativo in Italia: co-programmazione e co-progettazione come strumenti di innovazione del welfare locale\u201d.<\/p>\n","protected":false},"author":32,"featured_media":18593,"comment_status":"closed","ping_status":"closed","sticky":false,"template":"","format":"standard","meta":{"_acf_changed":false,"episode_type":"","audio_file":"","cover_image":"","cover_image_id":"","duration":"","filesize":"","date_recorded":"","explicit":"","block":"","itunes_episode_number":"","itunes_title":"","itunes_season_number":"","itunes_episode_type":"","filesize_raw":"","footnotes":""},"categories":[17],"tags":[1034],"class_list":["post-18518","post","type-post","status-publish","format-standard","has-post-thumbnail","hentry","category-news-it","tag-welfare-collaborativo"],"acf":[],"yoast_head":"<!-- This site is optimized with the Yoast SEO plugin v26.1.1 - https:\/\/yoast.com\/wordpress\/plugins\/seo\/ -->\n<title>Il nuovo welfare collaborativo in Italia: la ricerca di Euricse - Euricse<\/title>\n<meta name=\"robots\" content=\"index, follow, max-snippet:-1, max-image-preview:large, max-video-preview:-1\" \/>\n<link rel=\"canonical\" href=\"https:\/\/euricse.eu\/it\/il-nuovo-welfare-collaborativo-in-italia-la-ricerca-di-euricse\/\" \/>\n<meta property=\"og:locale\" content=\"it_IT\" \/>\n<meta property=\"og:type\" content=\"article\" \/>\n<meta property=\"og:title\" content=\"Il nuovo welfare collaborativo in Italia: la ricerca di Euricse - Euricse\" \/>\n<meta property=\"og:description\" content=\"Mercoled\u00ec 1\u00b0 marzo Euricse presenta i primi risultati della ricerca \u201cIl nuovo welfare collaborativo in Italia: co-programmazione e co-progettazione come strumenti di innovazione del welfare locale\u201d.\" \/>\n<meta property=\"og:url\" content=\"https:\/\/euricse.eu\/it\/il-nuovo-welfare-collaborativo-in-italia-la-ricerca-di-euricse\/\" \/>\n<meta property=\"og:site_name\" content=\"Euricse\" \/>\n<meta property=\"article:published_time\" content=\"2023-02-07T16:45:37+00:00\" \/>\n<meta property=\"article:modified_time\" content=\"2023-02-20T14:00:45+00:00\" \/>\n<meta property=\"og:image\" content=\"https:\/\/euricse.eu\/wp-content\/uploads\/2023\/02\/1-1.png\" \/>\n\t<meta property=\"og:image:width\" content=\"1414\" \/>\n\t<meta property=\"og:image:height\" content=\"2000\" \/>\n\t<meta property=\"og:image:type\" content=\"image\/png\" \/>\n<meta name=\"author\" content=\"Silvia\" \/>\n<meta name=\"twitter:card\" content=\"summary_large_image\" \/>\n<meta name=\"twitter:label1\" content=\"Scritto da\" \/>\n\t<meta name=\"twitter:data1\" content=\"Silvia\" \/>\n\t<meta name=\"twitter:label2\" content=\"Tempo di lettura stimato\" \/>\n\t<meta name=\"twitter:data2\" content=\"2 minuti\" \/>\n<script type=\"application\/ld+json\" class=\"yoast-schema-graph\">{\"@context\":\"https:\/\/schema.org\",\"@graph\":[{\"@type\":\"WebPage\",\"@id\":\"https:\/\/euricse.eu\/it\/il-nuovo-welfare-collaborativo-in-italia-la-ricerca-di-euricse\/\",\"url\":\"https:\/\/euricse.eu\/it\/il-nuovo-welfare-collaborativo-in-italia-la-ricerca-di-euricse\/\",\"name\":\"Il nuovo welfare collaborativo in Italia: la ricerca di Euricse - Euricse\",\"isPartOf\":{\"@id\":\"https:\/\/euricse.eu\/en\/#website\"},\"primaryImageOfPage\":{\"@id\":\"https:\/\/euricse.eu\/it\/il-nuovo-welfare-collaborativo-in-italia-la-ricerca-di-euricse\/#primaryimage\"},\"image\":{\"@id\":\"https:\/\/euricse.eu\/it\/il-nuovo-welfare-collaborativo-in-italia-la-ricerca-di-euricse\/#primaryimage\"},\"thumbnailUrl\":\"https:\/\/euricse.eu\/wp-content\/uploads\/2023\/02\/1-1.png\",\"datePublished\":\"2023-02-07T16:45:37+00:00\",\"dateModified\":\"2023-02-20T14:00:45+00:00\",\"author\":{\"@id\":\"https:\/\/euricse.eu\/en\/#\/schema\/person\/a5b25693531e3458dfedff34c273ba14\"},\"breadcrumb\":{\"@id\":\"https:\/\/euricse.eu\/it\/il-nuovo-welfare-collaborativo-in-italia-la-ricerca-di-euricse\/#breadcrumb\"},\"inLanguage\":\"it-IT\",\"potentialAction\":[{\"@type\":\"ReadAction\",\"target\":[\"https:\/\/euricse.eu\/it\/il-nuovo-welfare-collaborativo-in-italia-la-ricerca-di-euricse\/\"]}]},{\"@type\":\"ImageObject\",\"inLanguage\":\"it-IT\",\"@id\":\"https:\/\/euricse.eu\/it\/il-nuovo-welfare-collaborativo-in-italia-la-ricerca-di-euricse\/#primaryimage\",\"url\":\"https:\/\/euricse.eu\/wp-content\/uploads\/2023\/02\/1-1.png\",\"contentUrl\":\"https:\/\/euricse.eu\/wp-content\/uploads\/2023\/02\/1-1.png\",\"width\":1414,\"height\":2000},{\"@type\":\"BreadcrumbList\",\"@id\":\"https:\/\/euricse.eu\/it\/il-nuovo-welfare-collaborativo-in-italia-la-ricerca-di-euricse\/#breadcrumb\",\"itemListElement\":[{\"@type\":\"ListItem\",\"position\":1,\"name\":\"Home\",\"item\":\"https:\/\/euricse.eu\/it\/\"},{\"@type\":\"ListItem\",\"position\":2,\"name\":\"Il nuovo welfare collaborativo in Italia: la ricerca di Euricse\"}]},{\"@type\":\"WebSite\",\"@id\":\"https:\/\/euricse.eu\/en\/#website\",\"url\":\"https:\/\/euricse.eu\/en\/\",\"name\":\"Euricse\",\"description\":\"Knowledge and innovation for cooperative and social enterprises.\",\"potentialAction\":[{\"@type\":\"SearchAction\",\"target\":{\"@type\":\"EntryPoint\",\"urlTemplate\":\"https:\/\/euricse.eu\/en\/?s={search_term_string}\"},\"query-input\":{\"@type\":\"PropertyValueSpecification\",\"valueRequired\":true,\"valueName\":\"search_term_string\"}}],\"inLanguage\":\"it-IT\"},{\"@type\":\"Person\",\"@id\":\"https:\/\/euricse.eu\/en\/#\/schema\/person\/a5b25693531e3458dfedff34c273ba14\",\"name\":\"Silvia\",\"image\":{\"@type\":\"ImageObject\",\"inLanguage\":\"it-IT\",\"@id\":\"https:\/\/euricse.eu\/en\/#\/schema\/person\/image\/\",\"url\":\"https:\/\/secure.gravatar.com\/avatar\/3cef1082b65edc85f1a4c0caa7ce4808f397a517b7217eab6215fe435640f8f7?s=96&d=mm&r=g\",\"contentUrl\":\"https:\/\/secure.gravatar.com\/avatar\/3cef1082b65edc85f1a4c0caa7ce4808f397a517b7217eab6215fe435640f8f7?s=96&d=mm&r=g\",\"caption\":\"Silvia\"},\"url\":\"https:\/\/euricse.eu\/it\/author\/silvia\/\"}]}<\/script>\n<!-- \/ Yoast SEO plugin. -->","yoast_head_json":{"title":"Il nuovo welfare collaborativo in Italia: la ricerca di Euricse - Euricse","robots":{"index":"index","follow":"follow","max-snippet":"max-snippet:-1","max-image-preview":"max-image-preview:large","max-video-preview":"max-video-preview:-1"},"canonical":"https:\/\/euricse.eu\/it\/il-nuovo-welfare-collaborativo-in-italia-la-ricerca-di-euricse\/","og_locale":"it_IT","og_type":"article","og_title":"Il nuovo welfare collaborativo in Italia: la ricerca di Euricse - Euricse","og_description":"Mercoled\u00ec 1\u00b0 marzo Euricse presenta i primi risultati della ricerca \u201cIl nuovo welfare collaborativo in Italia: co-programmazione e co-progettazione come strumenti di innovazione del welfare locale\u201d.","og_url":"https:\/\/euricse.eu\/it\/il-nuovo-welfare-collaborativo-in-italia-la-ricerca-di-euricse\/","og_site_name":"Euricse","article_published_time":"2023-02-07T16:45:37+00:00","article_modified_time":"2023-02-20T14:00:45+00:00","og_image":[{"width":1414,"height":2000,"url":"https:\/\/euricse.eu\/wp-content\/uploads\/2023\/02\/1-1.png","type":"image\/png"}],"author":"Silvia","twitter_card":"summary_large_image","twitter_misc":{"Scritto da":"Silvia","Tempo di lettura stimato":"2 minuti"},"schema":{"@context":"https:\/\/schema.org","@graph":[{"@type":"WebPage","@id":"https:\/\/euricse.eu\/it\/il-nuovo-welfare-collaborativo-in-italia-la-ricerca-di-euricse\/","url":"https:\/\/euricse.eu\/it\/il-nuovo-welfare-collaborativo-in-italia-la-ricerca-di-euricse\/","name":"Il nuovo welfare collaborativo in Italia: la ricerca di Euricse - Euricse","isPartOf":{"@id":"https:\/\/euricse.eu\/en\/#website"},"primaryImageOfPage":{"@id":"https:\/\/euricse.eu\/it\/il-nuovo-welfare-collaborativo-in-italia-la-ricerca-di-euricse\/#primaryimage"},"image":{"@id":"https:\/\/euricse.eu\/it\/il-nuovo-welfare-collaborativo-in-italia-la-ricerca-di-euricse\/#primaryimage"},"thumbnailUrl":"https:\/\/euricse.eu\/wp-content\/uploads\/2023\/02\/1-1.png","datePublished":"2023-02-07T16:45:37+00:00","dateModified":"2023-02-20T14:00:45+00:00","author":{"@id":"https:\/\/euricse.eu\/en\/#\/schema\/person\/a5b25693531e3458dfedff34c273ba14"},"breadcrumb":{"@id":"https:\/\/euricse.eu\/it\/il-nuovo-welfare-collaborativo-in-italia-la-ricerca-di-euricse\/#breadcrumb"},"inLanguage":"it-IT","potentialAction":[{"@type":"ReadAction","target":["https:\/\/euricse.eu\/it\/il-nuovo-welfare-collaborativo-in-italia-la-ricerca-di-euricse\/"]}]},{"@type":"ImageObject","inLanguage":"it-IT","@id":"https:\/\/euricse.eu\/it\/il-nuovo-welfare-collaborativo-in-italia-la-ricerca-di-euricse\/#primaryimage","url":"https:\/\/euricse.eu\/wp-content\/uploads\/2023\/02\/1-1.png","contentUrl":"https:\/\/euricse.eu\/wp-content\/uploads\/2023\/02\/1-1.png","width":1414,"height":2000},{"@type":"BreadcrumbList","@id":"https:\/\/euricse.eu\/it\/il-nuovo-welfare-collaborativo-in-italia-la-ricerca-di-euricse\/#breadcrumb","itemListElement":[{"@type":"ListItem","position":1,"name":"Home","item":"https:\/\/euricse.eu\/it\/"},{"@type":"ListItem","position":2,"name":"Il nuovo welfare collaborativo in Italia: la ricerca di Euricse"}]},{"@type":"WebSite","@id":"https:\/\/euricse.eu\/en\/#website","url":"https:\/\/euricse.eu\/en\/","name":"Euricse","description":"Knowledge and innovation for cooperative and social enterprises.","potentialAction":[{"@type":"SearchAction","target":{"@type":"EntryPoint","urlTemplate":"https:\/\/euricse.eu\/en\/?s={search_term_string}"},"query-input":{"@type":"PropertyValueSpecification","valueRequired":true,"valueName":"search_term_string"}}],"inLanguage":"it-IT"},{"@type":"Person","@id":"https:\/\/euricse.eu\/en\/#\/schema\/person\/a5b25693531e3458dfedff34c273ba14","name":"Silvia","image":{"@type":"ImageObject","inLanguage":"it-IT","@id":"https:\/\/euricse.eu\/en\/#\/schema\/person\/image\/","url":"https:\/\/secure.gravatar.com\/avatar\/3cef1082b65edc85f1a4c0caa7ce4808f397a517b7217eab6215fe435640f8f7?s=96&d=mm&r=g","contentUrl":"https:\/\/secure.gravatar.com\/avatar\/3cef1082b65edc85f1a4c0caa7ce4808f397a517b7217eab6215fe435640f8f7?s=96&d=mm&r=g","caption":"Silvia"},"url":"https:\/\/euricse.eu\/it\/author\/silvia\/"}]}},"_links":{"self":[{"href":"https:\/\/euricse.eu\/it\/wp-json\/wp\/v2\/posts\/18518","targetHints":{"allow":["GET"]}}],"collection":[{"href":"https:\/\/euricse.eu\/it\/wp-json\/wp\/v2\/posts"}],"about":[{"href":"https:\/\/euricse.eu\/it\/wp-json\/wp\/v2\/types\/post"}],"author":[{"embeddable":true,"href":"https:\/\/euricse.eu\/it\/wp-json\/wp\/v2\/users\/32"}],"replies":[{"embeddable":true,"href":"https:\/\/euricse.eu\/it\/wp-json\/wp\/v2\/comments?post=18518"}],"version-history":[{"count":2,"href":"https:\/\/euricse.eu\/it\/wp-json\/wp\/v2\/posts\/18518\/revisions"}],"predecessor-version":[{"id":18599,"href":"https:\/\/euricse.eu\/it\/wp-json\/wp\/v2\/posts\/18518\/revisions\/18599"}],"wp:featuredmedia":[{"embeddable":true,"href":"https:\/\/euricse.eu\/it\/wp-json\/wp\/v2\/media\/18593"}],"wp:attachment":[{"href":"https:\/\/euricse.eu\/it\/wp-json\/wp\/v2\/media?parent=18518"}],"wp:term":[{"taxonomy":"category","embeddable":true,"href":"https:\/\/euricse.eu\/it\/wp-json\/wp\/v2\/categories?post=18518"},{"taxonomy":"post_tag","embeddable":true,"href":"https:\/\/euricse.eu\/it\/wp-json\/wp\/v2\/tags?post=18518"}],"curies":[{"name":"wp","href":"https:\/\/api.w.org\/{rel}","templated":true}]}}