{"id":18544,"date":"2023-02-14T14:38:32","date_gmt":"2023-02-14T14:38:32","guid":{"rendered":"https:\/\/euricse.eu\/?p=18544"},"modified":"2023-03-13T13:50:59","modified_gmt":"2023-03-13T13:50:59","slug":"euricse-a-torino-per-biennale-democrazia","status":"publish","type":"post","link":"https:\/\/euricse.eu\/it\/euricse-a-torino-per-biennale-democrazia\/","title":{"rendered":"Euricse a Torino per Biennale Democrazia"},"content":{"rendered":"<p><strong>Euricse <\/strong>approda per la prima volta a <a href=\"http:\/\/biennaledemocrazia.it\/\">Biennale Democrazia<\/a>,\u00a0<a href=\"http:\/\/www.fondazioneperlaculturatorino.it\/\">\u00a0<\/a>manifestazione culturale promossa dalla Citt\u00e0 di Torino, ideata e presieduta da Gustavo Zagrebelsky, che dal 2009 si svolge sotto l\u2019Alto Patronato del Presidente della Repubblica. Biennale Democrazia \u00e8 un progetto della Citt\u00e0 di Torino realizzato da\u00a0<a href=\"http:\/\/www.fondazioneperlaculturatorino.it\/\">Fondazione per la Cultura Torino,<\/a> e si svolger\u00e0 <strong>dal 22 al 26 marzo.<\/strong><\/p>\n<p>La data\u00a0 da segnare in agenda \u00e8 quella di <strong>venerd\u00ec 24 marzo alle ore 18<\/strong> presso la Biblioteca civica Centrale (via della Cittadella 5, TO), quando presenteremo i primi risultati del progetto di ricerca &#8220;<a href=\"https:\/\/euricse.eu\/it\/publications\/le-comunita-intraprendenti-in-italia\/\">Comunit\u00e0 intraprendenti alla ricerca di pratiche di trasformazione sociale<\/a>&#8220;. Sar\u00e0 una preziosa occasione di dialogo tra chi ha curato la ricerca scientifica, il nostro Jacopo Sforzi, e due delle esperienze pratiche &#8220;mappate&#8221; &#8211; la food Coop <a href=\"https:\/\/www.staderacoop.it\/\">Stadera<\/a> di Ravenna e la <a href=\"https:\/\/noisiamocresco.it\/\">CSA Cresco<\/a> di Cuneo &#8211; che sono volte a far conoscere le diverse modalit\u00e0 con cui gli abitanti di un territorio si attivano per rispondere ai bisogni della propria comunit\u00e0 locale, attraverso il coinvolgimento diretto dei suoi membri (societ\u00e0 civile, organizzazioni private, enti pubblici) nella gestione dell&#8217;organizzazione e nella realizzazione delle attivit\u00e0. Per ricollegarsi al tema di Biennale Democrazia, questi sono i nuovi modelli organizzativi che possono garantire a ogni abitante la possibilit\u00e0 di pensare, esprimersi e agire senza vincoli per contribuire allo sviluppo socio-economico della propria comunit\u00e0.<\/p>\n<p>L&#8217;<a href=\"http:\/\/biennaledemocrazia.it\/evento\/comunita-intraprendenti-nuovi-modelli-di-partecipazione-e-sviluppo-locale\/\">evento coordinato da Euricse<\/a> fa parte del programma di <strong>Democrazia Diffusa<\/strong>, un insieme di eventi distribuiti sul territorio cittadino per promuovere la partecipazione attiva dei quartieri e delle persone che li abitano, realizzato insieme a <strong>Torino Social Impact<\/strong>, il tavolo <strong>Circoscrizioni al Centro<\/strong>, la rete delle <strong>Biblioteche civiche torinesi<\/strong> e <strong>Arci Torino APS<\/strong>.<\/p>\n<p>Attraverso il progetto &#8221; Comunit\u00e0 intraprendenti&#8221;, lanciato ufficialmente nell&#8217;ottobre 2020, Euricse ha voluto mappare ufficialmente il fenomeno in rapida e costante evoluzione nel nostro Paese. Il progetto ha una base pluriennale e vede, oltre all&#8217;impegno scientifico di Euricse, il contributo e la collaborazione di <strong>Fondazione Compagnia di San Paolo,<\/strong> <strong>Fondazione CRC<\/strong>, <strong>Fondazione con il Sud<\/strong>, <strong>FondoSviluppo FVG<\/strong> e <strong>Alleanza delle Cooperative Italiane.<\/strong><\/p>\n<p>Per conoscere qualcosa in pi\u00f9 e scaricare il Rapporto vai a <a href=\"https:\/\/euricse.eu\/it\/publications\/le-comunita-intraprendenti-in-italia\/\">Le Comunit\u00e0 Intraprendenti in Italia<\/a>.<\/p>\n<p>&nbsp;<\/p>\n<h5><a href=\"http:\/\/biennaledemocrazia.it\/evento\/comunita-intraprendenti-nuovi-modelli-di-partecipazione-e-sviluppo-locale\/\">Info sull&#8217;evento<\/a><\/h5>\n","protected":false},"excerpt":{"rendered":"<p>Euricse approda a Biennale Democrazia con le &#8220;Comunit\u00e0 Intraprendenti&#8221;. Appuntamento a Torino il 24 marzo. <\/p>\n","protected":false},"author":32,"featured_media":18545,"comment_status":"closed","ping_status":"closed","sticky":false,"template":"","format":"standard","meta":{"_acf_changed":false,"episode_type":"","audio_file":"","cover_image":"","cover_image_id":"","duration":"","filesize":"","date_recorded":"","explicit":"","block":"","itunes_episode_number":"","itunes_title":"","itunes_season_number":"","itunes_episode_type":"","filesize_raw":"","footnotes":""},"categories":[17],"tags":[1160],"class_list":["post-18544","post","type-post","status-publish","format-standard","has-post-thumbnail","hentry","category-news-it","tag-comunita-intrapredenti"],"acf":[],"yoast_head":"<!-- This site is optimized with the Yoast SEO plugin v26.1.1 - https:\/\/yoast.com\/wordpress\/plugins\/seo\/ -->\n<title>Euricse a Torino per Biennale Democrazia - Euricse<\/title>\n<meta name=\"robots\" content=\"index, follow, max-snippet:-1, max-image-preview:large, max-video-preview:-1\" \/>\n<link rel=\"canonical\" href=\"https:\/\/euricse.eu\/it\/euricse-a-torino-per-biennale-democrazia\/\" \/>\n<meta property=\"og:locale\" content=\"it_IT\" \/>\n<meta property=\"og:type\" content=\"article\" \/>\n<meta property=\"og:title\" content=\"Euricse a Torino per Biennale Democrazia - Euricse\" \/>\n<meta property=\"og:description\" content=\"Euricse approda a Biennale Democrazia con le &quot;Comunit\u00e0 Intraprendenti&quot;. Appuntamento a Torino il 24 marzo.\" \/>\n<meta property=\"og:url\" content=\"https:\/\/euricse.eu\/it\/euricse-a-torino-per-biennale-democrazia\/\" \/>\n<meta property=\"og:site_name\" content=\"Euricse\" \/>\n<meta property=\"article:published_time\" content=\"2023-02-14T14:38:32+00:00\" \/>\n<meta property=\"article:modified_time\" content=\"2023-03-13T13:50:59+00:00\" \/>\n<meta property=\"og:image\" content=\"https:\/\/euricse.eu\/wp-content\/uploads\/2023\/02\/Copia-di-24-03-2022-1.png\" \/>\n\t<meta property=\"og:image:width\" content=\"940\" \/>\n\t<meta property=\"og:image:height\" content=\"788\" \/>\n\t<meta property=\"og:image:type\" content=\"image\/png\" \/>\n<meta name=\"author\" content=\"Silvia\" \/>\n<meta name=\"twitter:card\" content=\"summary_large_image\" \/>\n<meta name=\"twitter:label1\" content=\"Scritto da\" \/>\n\t<meta name=\"twitter:data1\" content=\"Silvia\" \/>\n\t<meta name=\"twitter:label2\" content=\"Tempo di lettura stimato\" \/>\n\t<meta name=\"twitter:data2\" content=\"2 minuti\" \/>\n<script type=\"application\/ld+json\" class=\"yoast-schema-graph\">{\"@context\":\"https:\/\/schema.org\",\"@graph\":[{\"@type\":\"WebPage\",\"@id\":\"https:\/\/euricse.eu\/it\/euricse-a-torino-per-biennale-democrazia\/\",\"url\":\"https:\/\/euricse.eu\/it\/euricse-a-torino-per-biennale-democrazia\/\",\"name\":\"Euricse a Torino per Biennale Democrazia - Euricse\",\"isPartOf\":{\"@id\":\"https:\/\/euricse.eu\/en\/#website\"},\"primaryImageOfPage\":{\"@id\":\"https:\/\/euricse.eu\/it\/euricse-a-torino-per-biennale-democrazia\/#primaryimage\"},\"image\":{\"@id\":\"https:\/\/euricse.eu\/it\/euricse-a-torino-per-biennale-democrazia\/#primaryimage\"},\"thumbnailUrl\":\"https:\/\/euricse.eu\/wp-content\/uploads\/2023\/02\/Copia-di-24-03-2022-1.png\",\"datePublished\":\"2023-02-14T14:38:32+00:00\",\"dateModified\":\"2023-03-13T13:50:59+00:00\",\"author\":{\"@id\":\"https:\/\/euricse.eu\/en\/#\/schema\/person\/a5b25693531e3458dfedff34c273ba14\"},\"breadcrumb\":{\"@id\":\"https:\/\/euricse.eu\/it\/euricse-a-torino-per-biennale-democrazia\/#breadcrumb\"},\"inLanguage\":\"it-IT\",\"potentialAction\":[{\"@type\":\"ReadAction\",\"target\":[\"https:\/\/euricse.eu\/it\/euricse-a-torino-per-biennale-democrazia\/\"]}]},{\"@type\":\"ImageObject\",\"inLanguage\":\"it-IT\",\"@id\":\"https:\/\/euricse.eu\/it\/euricse-a-torino-per-biennale-democrazia\/#primaryimage\",\"url\":\"https:\/\/euricse.eu\/wp-content\/uploads\/2023\/02\/Copia-di-24-03-2022-1.png\",\"contentUrl\":\"https:\/\/euricse.eu\/wp-content\/uploads\/2023\/02\/Copia-di-24-03-2022-1.png\",\"width\":940,\"height\":788},{\"@type\":\"BreadcrumbList\",\"@id\":\"https:\/\/euricse.eu\/it\/euricse-a-torino-per-biennale-democrazia\/#breadcrumb\",\"itemListElement\":[{\"@type\":\"ListItem\",\"position\":1,\"name\":\"Home\",\"item\":\"https:\/\/euricse.eu\/it\/\"},{\"@type\":\"ListItem\",\"position\":2,\"name\":\"Euricse a Torino per Biennale Democrazia\"}]},{\"@type\":\"WebSite\",\"@id\":\"https:\/\/euricse.eu\/en\/#website\",\"url\":\"https:\/\/euricse.eu\/en\/\",\"name\":\"Euricse\",\"description\":\"Knowledge and innovation for cooperative and social enterprises.\",\"potentialAction\":[{\"@type\":\"SearchAction\",\"target\":{\"@type\":\"EntryPoint\",\"urlTemplate\":\"https:\/\/euricse.eu\/en\/?s={search_term_string}\"},\"query-input\":{\"@type\":\"PropertyValueSpecification\",\"valueRequired\":true,\"valueName\":\"search_term_string\"}}],\"inLanguage\":\"it-IT\"},{\"@type\":\"Person\",\"@id\":\"https:\/\/euricse.eu\/en\/#\/schema\/person\/a5b25693531e3458dfedff34c273ba14\",\"name\":\"Silvia\",\"image\":{\"@type\":\"ImageObject\",\"inLanguage\":\"it-IT\",\"@id\":\"https:\/\/euricse.eu\/en\/#\/schema\/person\/image\/\",\"url\":\"https:\/\/secure.gravatar.com\/avatar\/3cef1082b65edc85f1a4c0caa7ce4808f397a517b7217eab6215fe435640f8f7?s=96&d=mm&r=g\",\"contentUrl\":\"https:\/\/secure.gravatar.com\/avatar\/3cef1082b65edc85f1a4c0caa7ce4808f397a517b7217eab6215fe435640f8f7?s=96&d=mm&r=g\",\"caption\":\"Silvia\"},\"url\":\"https:\/\/euricse.eu\/it\/author\/silvia\/\"}]}<\/script>\n<!-- \/ Yoast SEO plugin. -->","yoast_head_json":{"title":"Euricse a Torino per Biennale Democrazia - Euricse","robots":{"index":"index","follow":"follow","max-snippet":"max-snippet:-1","max-image-preview":"max-image-preview:large","max-video-preview":"max-video-preview:-1"},"canonical":"https:\/\/euricse.eu\/it\/euricse-a-torino-per-biennale-democrazia\/","og_locale":"it_IT","og_type":"article","og_title":"Euricse a Torino per Biennale Democrazia - Euricse","og_description":"Euricse approda a Biennale Democrazia con le \"Comunit\u00e0 Intraprendenti\". Appuntamento a Torino il 24 marzo.","og_url":"https:\/\/euricse.eu\/it\/euricse-a-torino-per-biennale-democrazia\/","og_site_name":"Euricse","article_published_time":"2023-02-14T14:38:32+00:00","article_modified_time":"2023-03-13T13:50:59+00:00","og_image":[{"width":940,"height":788,"url":"https:\/\/euricse.eu\/wp-content\/uploads\/2023\/02\/Copia-di-24-03-2022-1.png","type":"image\/png"}],"author":"Silvia","twitter_card":"summary_large_image","twitter_misc":{"Scritto da":"Silvia","Tempo di lettura stimato":"2 minuti"},"schema":{"@context":"https:\/\/schema.org","@graph":[{"@type":"WebPage","@id":"https:\/\/euricse.eu\/it\/euricse-a-torino-per-biennale-democrazia\/","url":"https:\/\/euricse.eu\/it\/euricse-a-torino-per-biennale-democrazia\/","name":"Euricse a Torino per Biennale Democrazia - Euricse","isPartOf":{"@id":"https:\/\/euricse.eu\/en\/#website"},"primaryImageOfPage":{"@id":"https:\/\/euricse.eu\/it\/euricse-a-torino-per-biennale-democrazia\/#primaryimage"},"image":{"@id":"https:\/\/euricse.eu\/it\/euricse-a-torino-per-biennale-democrazia\/#primaryimage"},"thumbnailUrl":"https:\/\/euricse.eu\/wp-content\/uploads\/2023\/02\/Copia-di-24-03-2022-1.png","datePublished":"2023-02-14T14:38:32+00:00","dateModified":"2023-03-13T13:50:59+00:00","author":{"@id":"https:\/\/euricse.eu\/en\/#\/schema\/person\/a5b25693531e3458dfedff34c273ba14"},"breadcrumb":{"@id":"https:\/\/euricse.eu\/it\/euricse-a-torino-per-biennale-democrazia\/#breadcrumb"},"inLanguage":"it-IT","potentialAction":[{"@type":"ReadAction","target":["https:\/\/euricse.eu\/it\/euricse-a-torino-per-biennale-democrazia\/"]}]},{"@type":"ImageObject","inLanguage":"it-IT","@id":"https:\/\/euricse.eu\/it\/euricse-a-torino-per-biennale-democrazia\/#primaryimage","url":"https:\/\/euricse.eu\/wp-content\/uploads\/2023\/02\/Copia-di-24-03-2022-1.png","contentUrl":"https:\/\/euricse.eu\/wp-content\/uploads\/2023\/02\/Copia-di-24-03-2022-1.png","width":940,"height":788},{"@type":"BreadcrumbList","@id":"https:\/\/euricse.eu\/it\/euricse-a-torino-per-biennale-democrazia\/#breadcrumb","itemListElement":[{"@type":"ListItem","position":1,"name":"Home","item":"https:\/\/euricse.eu\/it\/"},{"@type":"ListItem","position":2,"name":"Euricse a Torino per Biennale Democrazia"}]},{"@type":"WebSite","@id":"https:\/\/euricse.eu\/en\/#website","url":"https:\/\/euricse.eu\/en\/","name":"Euricse","description":"Knowledge and innovation for cooperative and social enterprises.","potentialAction":[{"@type":"SearchAction","target":{"@type":"EntryPoint","urlTemplate":"https:\/\/euricse.eu\/en\/?s={search_term_string}"},"query-input":{"@type":"PropertyValueSpecification","valueRequired":true,"valueName":"search_term_string"}}],"inLanguage":"it-IT"},{"@type":"Person","@id":"https:\/\/euricse.eu\/en\/#\/schema\/person\/a5b25693531e3458dfedff34c273ba14","name":"Silvia","image":{"@type":"ImageObject","inLanguage":"it-IT","@id":"https:\/\/euricse.eu\/en\/#\/schema\/person\/image\/","url":"https:\/\/secure.gravatar.com\/avatar\/3cef1082b65edc85f1a4c0caa7ce4808f397a517b7217eab6215fe435640f8f7?s=96&d=mm&r=g","contentUrl":"https:\/\/secure.gravatar.com\/avatar\/3cef1082b65edc85f1a4c0caa7ce4808f397a517b7217eab6215fe435640f8f7?s=96&d=mm&r=g","caption":"Silvia"},"url":"https:\/\/euricse.eu\/it\/author\/silvia\/"}]}},"_links":{"self":[{"href":"https:\/\/euricse.eu\/it\/wp-json\/wp\/v2\/posts\/18544","targetHints":{"allow":["GET"]}}],"collection":[{"href":"https:\/\/euricse.eu\/it\/wp-json\/wp\/v2\/posts"}],"about":[{"href":"https:\/\/euricse.eu\/it\/wp-json\/wp\/v2\/types\/post"}],"author":[{"embeddable":true,"href":"https:\/\/euricse.eu\/it\/wp-json\/wp\/v2\/users\/32"}],"replies":[{"embeddable":true,"href":"https:\/\/euricse.eu\/it\/wp-json\/wp\/v2\/comments?post=18544"}],"version-history":[{"count":2,"href":"https:\/\/euricse.eu\/it\/wp-json\/wp\/v2\/posts\/18544\/revisions"}],"predecessor-version":[{"id":18719,"href":"https:\/\/euricse.eu\/it\/wp-json\/wp\/v2\/posts\/18544\/revisions\/18719"}],"wp:featuredmedia":[{"embeddable":true,"href":"https:\/\/euricse.eu\/it\/wp-json\/wp\/v2\/media\/18545"}],"wp:attachment":[{"href":"https:\/\/euricse.eu\/it\/wp-json\/wp\/v2\/media?parent=18544"}],"wp:term":[{"taxonomy":"category","embeddable":true,"href":"https:\/\/euricse.eu\/it\/wp-json\/wp\/v2\/categories?post=18544"},{"taxonomy":"post_tag","embeddable":true,"href":"https:\/\/euricse.eu\/it\/wp-json\/wp\/v2\/tags?post=18544"}],"curies":[{"name":"wp","href":"https:\/\/api.w.org\/{rel}","templated":true}]}}