{"id":18629,"date":"2023-03-01T15:54:01","date_gmt":"2023-03-01T15:54:01","guid":{"rendered":"https:\/\/euricse.eu\/?p=18629"},"modified":"2023-03-01T16:21:41","modified_gmt":"2023-03-01T16:21:41","slug":"amministrazione-condivisa-quale-via-percorrere","status":"publish","type":"post","link":"https:\/\/euricse.eu\/it\/amministrazione-condivisa-quale-via-percorrere\/","title":{"rendered":"Amministrazione condivisa: quale via percorrere?"},"content":{"rendered":"<p>In un\u2019affollata Aula Kessler del Dipartimento di Sociologia e Ricerca Sociale dell&#8217;Universit\u00e0 di Trento Euricse ha presentato i primi risultati della ricerca nazionale sul tema del welfare collaborativo. L&#8217;indagine, condotta con il supporto della Provincia autonoma di Trento, offre un quadro di sintesi per comprendere meglio cosa funziona e cosa ancora va messo a punto nelle pratiche di collaborazione tra pubblica amministrazione e privato sociale previste dal Codice del Terzo Settore. Alla prima presentazione dei risultati dello studio hanno partecipato il prof. Luca Fazzi, autore del Rapporto (Universit\u00e0 di Trento, Dipartimento di Sociologia e Ricerca Sociale), Federica Sartori, dirigente del Servizio Politiche Sociali della Provincia Autonoma di Trento, Francesca Gennai, vicepresidente del Consorzio Consolida e Riccardo Bodini, direttore di Euricse.<\/p>\n<p>La ricerca di <strong>Euricse <\/strong>\u201c<strong>Il nuovo welfare collaborativo in Italia: Co-Programmazione e Co-Progettazione come strumenti per l&#8217;innovazione del welfare locale<\/strong>\u201d \u00e8 la prima indagine a livello nazionale che approfondisce l&#8217;applicazione concreta dell&#8217;<strong>articolo 55 <\/strong>del Codice del Terzo Settore, che ha introdotto gli strumenti giuridici per promuovere una nuova concezione pi\u00f9 collaborativa e paritaria dei rapporti tra Stato ed enti del Terzo settore. Alla luce della normativa introdotta dal Codice e consolidata dalla sentenza della Corte Costituzionale del 2020, l&#8217;obiettivo di questo lavoro \u00e8 infatti quello di indagare se e come stanno cambiando i rapporti tra pubblico e Terzo settore e il ruolo che ciascuno dei diversi attori pu\u00f2 svolgere nella costruzione del welfare locale.<\/p>\n<p>I <strong>20 casi<\/strong> di co-progettazione che sono stati analizzati dal team di ricerca coordinato dal prof. <strong>Luca Fazzi <\/strong>dell\u2019Universit\u00e0 degli Studi di Trento, in <strong>10 regioni italiane <\/strong>(Piemonte, Lombardia, Veneto e Trentino, al Nord; Emilia-Romagna, Lazio e Toscana, al Centro e Puglia, Campania e Sicilia, al Sud) attraverso <strong>60 interviste<\/strong> a esperti, professionisti, manager pubblici e rappresentanti del Terzo Settore, fanno luce su un quadro articolato di esperienze, punti di forza, criticit\u00e0 e prospettive di sostenibilit\u00e0 e sviluppo del welfare collaborativo. Le esperienze esaminate non sono solo virtuose: scopo di questa indagine \u00e8 infatti quello di delineare le condizioni che rendono possibile la collaborazione, esaminando tanto i successi quanto gli insuccessi per trarne apprendimenti utili.<\/p>\n<p>Tre sono le domande su cui si \u00e8 concentrata l&#8217;analisi dei ricercatori: come le amministrazioni pubbliche si rapportano al Terzo Settore in termini di strategie e di riconoscimento; quali sono le procedure utilizzate e il loro livello di inclusivit\u00e0; quali sono le capacit\u00e0 del Terzo settore di rappresentare e portare in coprogettazione le istanze e i bisogni della comunit\u00e0.<\/p>\n<p><strong>\u00a0<\/strong><\/p>\n<h5><strong>L&#8217;APPLICAZIONE DEGLI STRUMENTI: UN EQUILIBRIO FATTO DI LUCI E OMBRE<\/strong><\/h5>\n<p>&#8220;L&#8217;unione fa la forza&#8221; \u00e8 il principale motivo di convergenza tra gli intervistati della Pubblica Amministrazione e del Terzo settore, e rimanda alla consapevolezza concreta che contare solo sulle proprie risorse e capacit\u00e0, in questo periodo storico ed economico, non \u00e8 sufficiente per consolidare l&#8217;offerta di servizi e costruire nuovi interventi per rispondere ai bisogni della comunit\u00e0. Anche per questo motivo l\u2019attenzione e le aspettative nei confronti di processi collaborativi che mettono a fattor comune risorse, visione e competenze tra attori diversi sono molto elevate, e gli strumenti previsti dall&#8217;articolo 55 del Codice del Terzo Settore &#8211; co-programmazione e co-progettazione &#8211; cominciano a essere sperimentati su larga scala. \u00c8 quindi il momento opportuno per fare un primo bilancio di cosa sta funzionando e cosa no, e la ricerca mette in luce sia gli effetti positivi sia gli effetti negativi riscontrati in queste prime sperimentazioni.<\/p>\n<p>Tra gli <strong>effetti positivi<\/strong> generati dall\u2019utilizzo di nuovi strumenti collaborativi si riscontrano: maggiore <strong>comprensione<\/strong> reciproca tra istituzioni e attori, <strong>integrazione<\/strong> tra i servizi, <strong>fiducia<\/strong>, <strong>flessibilit\u00e0<\/strong>, orientamento all&#8217;<strong>innovazione, <\/strong>mobilitazione delle <strong>risorse<\/strong>, maggiore capacit\u00e0 di <strong>risposta ai bisogni della comunit\u00e0<\/strong>, aumento dell&#8217;<strong>entusiasmo<\/strong> e dell&#8217;ottimismo che portano gli attori coinvolti, sia pubblici che del Terzo Settore, a riscoprire &#8220;il senso del proprio lavoro&#8221; a volte offuscato, nel corso del tempo, anche dalle dinamiche concorrenziali.<\/p>\n<p>Non mancano tuttavia anche alcune criticit\u00e0. Una linea di possibile tensione tra pubblico e Terzo settore riguarda il tema delle <strong>risorse<\/strong>, perch\u00e9, seppur con fasi alterne, il finanziamento delle politiche di welfare locale \u00e8 stato caratterizzato negli ultimi anni da un contenimento della spesa. Altri effetti indesiderati sono il <strong>rischio di strumentalizzazione<\/strong>, le modalit\u00e0 di <strong>redazione delle procedure<\/strong> e la loro scarsa definizione, che ancora oggi generano confusione e difficolt\u00e0 operative. Vi \u00e8 poi l&#8217;aumento degli <strong>oneri organizzativi<\/strong> e amministrativi legati al coordinamento ed alle procedure di rendicontazione. Sebbene lo scopo della collaborazione sia quello di far lavorare insieme attori diversi, si verificano ancora <strong>incomprensioni<\/strong> e talvolta <strong>una perdita di fiducia<\/strong> nella collaborazione, spesso dovuta al fatto che attori con competenze, valori ed esperienze diverse affrontano lo stesso problema, ma con linguaggi e accezioni differenti.<\/p>\n<p>Da questa prima indagine emerge quindi <strong>un quadro fatto di luci e ombre<\/strong>, che indica la necessit\u00e0 di riflettere su quali siano le condizioni per adottare un cambio di passo nell\u2019interesse generale, quali variabili entrano in gioco e quali processi devono essere attivati per utilizzare al meglio i nuovi strumenti.<\/p>\n<p>In questo contesto, la ricerca di Euricse vuole essere uno strumento utile per le organizzazioni del terzo settore e per i funzionari della pubblica amministrazione, adatto a creare una cultura dell&#8217;amministrazione condivisa. Si tratta di una &#8220;sfida&#8221; importante che vede l&#8217;applicazione della co-programmazione e della co-progettazione non confinata al solo ambito del welfare, ma in una prospettiva pi\u00f9 ampia, all&#8217;intero spettro delle politiche e dei servizi pubblici, se rivolti all&#8217;interesse generale.<\/p>\n<p>I risultati della ricerca sono resi disponibili in <strong>tre Rapporti<\/strong> sul <strong>sito internet di Euricse<\/strong>. Il primo report, che sar\u00e0 online <strong>a partire dal 1\u00b0 marzo,<\/strong> inquadra l&#8217;evoluzione del welfare locale a livello nazionale e illustra il <strong>contesto di riferimento<\/strong> del nuovo welfare collaborativo, con una <strong>prima valutazione degli effetti <\/strong>positivi e delle criticit\u00e0 emerse dall&#8217;indagine. <strong>Il secondo<\/strong> rapporto \u00e8 dedicato alle <strong>condizioni abilitanti<\/strong> della collaborazione e <strong>il terzo<\/strong> alle <strong>dimensioni operative<\/strong> dei processi collaborativi, e saranno pubblicati a breve sul sito di Euricse.<\/p>\n<p>&nbsp;<\/p>\n<h5><strong>SCARICA IL PRIMO RAPPORTO dalla pagina <\/strong><a href=\"https:\/\/euricse.eu\/it\/pubblicazioni\/\"><strong>PUBBLICAZIONI<\/strong><\/a><strong> di Euricse<\/strong><\/h5>\n<p>&nbsp;<\/p>\n<p>&nbsp;<\/p>\n<p>&nbsp;<\/p>\n<p>&nbsp;<\/p>\n<p>&nbsp;<\/p>\n","protected":false},"excerpt":{"rendered":"<p>L&#8217;indagine di Euricse sul welfare collaborativo, condotta con il supporto della Provincia autonoma di Trento, offre un quadro di sintesi per comprendere meglio cosa funziona e cosa ancora va messo a punto nelle pratiche di collaborazione tra pubblica amministrazione e privato sociale previste dal Codice del Terzo Settore.<\/p>\n","protected":false},"author":32,"featured_media":18630,"comment_status":"closed","ping_status":"closed","sticky":false,"template":"","format":"standard","meta":{"_acf_changed":false,"episode_type":"","audio_file":"","cover_image":"","cover_image_id":"","duration":"","filesize":"","date_recorded":"","explicit":"","block":"","itunes_episode_number":"","itunes_title":"","itunes_season_number":"","itunes_episode_type":"","filesize_raw":"","footnotes":""},"categories":[17],"tags":[1034],"class_list":["post-18629","post","type-post","status-publish","format-standard","has-post-thumbnail","hentry","category-news-it","tag-welfare-collaborativo"],"acf":[],"yoast_head":"<!-- This site is optimized with the Yoast SEO plugin v26.1.1 - https:\/\/yoast.com\/wordpress\/plugins\/seo\/ -->\n<title>Amministrazione condivisa: quale via percorrere? - Euricse<\/title>\n<meta name=\"robots\" content=\"index, follow, max-snippet:-1, max-image-preview:large, max-video-preview:-1\" \/>\n<link rel=\"canonical\" href=\"https:\/\/euricse.eu\/it\/amministrazione-condivisa-quale-via-percorrere\/\" \/>\n<meta property=\"og:locale\" content=\"it_IT\" \/>\n<meta property=\"og:type\" content=\"article\" \/>\n<meta property=\"og:title\" content=\"Amministrazione condivisa: quale via percorrere? - Euricse\" \/>\n<meta property=\"og:description\" content=\"L&#039;indagine di Euricse sul welfare collaborativo, condotta con il supporto della Provincia autonoma di Trento, offre un quadro di sintesi per comprendere meglio cosa funziona e cosa ancora va messo a punto nelle pratiche di collaborazione tra pubblica amministrazione e privato sociale previste dal Codice del Terzo Settore.\" \/>\n<meta property=\"og:url\" content=\"https:\/\/euricse.eu\/it\/amministrazione-condivisa-quale-via-percorrere\/\" \/>\n<meta property=\"og:site_name\" content=\"Euricse\" \/>\n<meta property=\"article:published_time\" content=\"2023-03-01T15:54:01+00:00\" \/>\n<meta property=\"article:modified_time\" content=\"2023-03-01T16:21:41+00:00\" \/>\n<meta property=\"og:image\" content=\"https:\/\/euricse.eu\/wp-content\/uploads\/2023\/03\/Relatori-Convegno.jpg\" \/>\n\t<meta property=\"og:image:width\" content=\"1620\" \/>\n\t<meta property=\"og:image:height\" content=\"1080\" \/>\n\t<meta property=\"og:image:type\" content=\"image\/jpeg\" \/>\n<meta name=\"author\" content=\"Silvia\" \/>\n<meta name=\"twitter:card\" content=\"summary_large_image\" \/>\n<meta name=\"twitter:label1\" content=\"Scritto da\" \/>\n\t<meta name=\"twitter:data1\" content=\"Silvia\" \/>\n\t<meta name=\"twitter:label2\" content=\"Tempo di lettura stimato\" \/>\n\t<meta name=\"twitter:data2\" content=\"6 minuti\" \/>\n<script type=\"application\/ld+json\" class=\"yoast-schema-graph\">{\"@context\":\"https:\/\/schema.org\",\"@graph\":[{\"@type\":\"WebPage\",\"@id\":\"https:\/\/euricse.eu\/it\/amministrazione-condivisa-quale-via-percorrere\/\",\"url\":\"https:\/\/euricse.eu\/it\/amministrazione-condivisa-quale-via-percorrere\/\",\"name\":\"Amministrazione condivisa: quale via percorrere? - Euricse\",\"isPartOf\":{\"@id\":\"https:\/\/euricse.eu\/en\/#website\"},\"primaryImageOfPage\":{\"@id\":\"https:\/\/euricse.eu\/it\/amministrazione-condivisa-quale-via-percorrere\/#primaryimage\"},\"image\":{\"@id\":\"https:\/\/euricse.eu\/it\/amministrazione-condivisa-quale-via-percorrere\/#primaryimage\"},\"thumbnailUrl\":\"https:\/\/euricse.eu\/wp-content\/uploads\/2023\/03\/Relatori-Convegno.jpg\",\"datePublished\":\"2023-03-01T15:54:01+00:00\",\"dateModified\":\"2023-03-01T16:21:41+00:00\",\"author\":{\"@id\":\"https:\/\/euricse.eu\/en\/#\/schema\/person\/a5b25693531e3458dfedff34c273ba14\"},\"breadcrumb\":{\"@id\":\"https:\/\/euricse.eu\/it\/amministrazione-condivisa-quale-via-percorrere\/#breadcrumb\"},\"inLanguage\":\"it-IT\",\"potentialAction\":[{\"@type\":\"ReadAction\",\"target\":[\"https:\/\/euricse.eu\/it\/amministrazione-condivisa-quale-via-percorrere\/\"]}]},{\"@type\":\"ImageObject\",\"inLanguage\":\"it-IT\",\"@id\":\"https:\/\/euricse.eu\/it\/amministrazione-condivisa-quale-via-percorrere\/#primaryimage\",\"url\":\"https:\/\/euricse.eu\/wp-content\/uploads\/2023\/03\/Relatori-Convegno.jpg\",\"contentUrl\":\"https:\/\/euricse.eu\/wp-content\/uploads\/2023\/03\/Relatori-Convegno.jpg\",\"width\":1620,\"height\":1080},{\"@type\":\"BreadcrumbList\",\"@id\":\"https:\/\/euricse.eu\/it\/amministrazione-condivisa-quale-via-percorrere\/#breadcrumb\",\"itemListElement\":[{\"@type\":\"ListItem\",\"position\":1,\"name\":\"Home\",\"item\":\"https:\/\/euricse.eu\/it\/\"},{\"@type\":\"ListItem\",\"position\":2,\"name\":\"Amministrazione condivisa: quale via percorrere?\"}]},{\"@type\":\"WebSite\",\"@id\":\"https:\/\/euricse.eu\/en\/#website\",\"url\":\"https:\/\/euricse.eu\/en\/\",\"name\":\"Euricse\",\"description\":\"Knowledge and innovation for cooperative and social enterprises.\",\"potentialAction\":[{\"@type\":\"SearchAction\",\"target\":{\"@type\":\"EntryPoint\",\"urlTemplate\":\"https:\/\/euricse.eu\/en\/?s={search_term_string}\"},\"query-input\":{\"@type\":\"PropertyValueSpecification\",\"valueRequired\":true,\"valueName\":\"search_term_string\"}}],\"inLanguage\":\"it-IT\"},{\"@type\":\"Person\",\"@id\":\"https:\/\/euricse.eu\/en\/#\/schema\/person\/a5b25693531e3458dfedff34c273ba14\",\"name\":\"Silvia\",\"image\":{\"@type\":\"ImageObject\",\"inLanguage\":\"it-IT\",\"@id\":\"https:\/\/euricse.eu\/en\/#\/schema\/person\/image\/\",\"url\":\"https:\/\/secure.gravatar.com\/avatar\/3cef1082b65edc85f1a4c0caa7ce4808f397a517b7217eab6215fe435640f8f7?s=96&d=mm&r=g\",\"contentUrl\":\"https:\/\/secure.gravatar.com\/avatar\/3cef1082b65edc85f1a4c0caa7ce4808f397a517b7217eab6215fe435640f8f7?s=96&d=mm&r=g\",\"caption\":\"Silvia\"},\"url\":\"https:\/\/euricse.eu\/it\/author\/silvia\/\"}]}<\/script>\n<!-- \/ Yoast SEO plugin. -->","yoast_head_json":{"title":"Amministrazione condivisa: quale via percorrere? - Euricse","robots":{"index":"index","follow":"follow","max-snippet":"max-snippet:-1","max-image-preview":"max-image-preview:large","max-video-preview":"max-video-preview:-1"},"canonical":"https:\/\/euricse.eu\/it\/amministrazione-condivisa-quale-via-percorrere\/","og_locale":"it_IT","og_type":"article","og_title":"Amministrazione condivisa: quale via percorrere? - Euricse","og_description":"L'indagine di Euricse sul welfare collaborativo, condotta con il supporto della Provincia autonoma di Trento, offre un quadro di sintesi per comprendere meglio cosa funziona e cosa ancora va messo a punto nelle pratiche di collaborazione tra pubblica amministrazione e privato sociale previste dal Codice del Terzo Settore.","og_url":"https:\/\/euricse.eu\/it\/amministrazione-condivisa-quale-via-percorrere\/","og_site_name":"Euricse","article_published_time":"2023-03-01T15:54:01+00:00","article_modified_time":"2023-03-01T16:21:41+00:00","og_image":[{"width":1620,"height":1080,"url":"https:\/\/euricse.eu\/wp-content\/uploads\/2023\/03\/Relatori-Convegno.jpg","type":"image\/jpeg"}],"author":"Silvia","twitter_card":"summary_large_image","twitter_misc":{"Scritto da":"Silvia","Tempo di lettura stimato":"6 minuti"},"schema":{"@context":"https:\/\/schema.org","@graph":[{"@type":"WebPage","@id":"https:\/\/euricse.eu\/it\/amministrazione-condivisa-quale-via-percorrere\/","url":"https:\/\/euricse.eu\/it\/amministrazione-condivisa-quale-via-percorrere\/","name":"Amministrazione condivisa: quale via percorrere? - Euricse","isPartOf":{"@id":"https:\/\/euricse.eu\/en\/#website"},"primaryImageOfPage":{"@id":"https:\/\/euricse.eu\/it\/amministrazione-condivisa-quale-via-percorrere\/#primaryimage"},"image":{"@id":"https:\/\/euricse.eu\/it\/amministrazione-condivisa-quale-via-percorrere\/#primaryimage"},"thumbnailUrl":"https:\/\/euricse.eu\/wp-content\/uploads\/2023\/03\/Relatori-Convegno.jpg","datePublished":"2023-03-01T15:54:01+00:00","dateModified":"2023-03-01T16:21:41+00:00","author":{"@id":"https:\/\/euricse.eu\/en\/#\/schema\/person\/a5b25693531e3458dfedff34c273ba14"},"breadcrumb":{"@id":"https:\/\/euricse.eu\/it\/amministrazione-condivisa-quale-via-percorrere\/#breadcrumb"},"inLanguage":"it-IT","potentialAction":[{"@type":"ReadAction","target":["https:\/\/euricse.eu\/it\/amministrazione-condivisa-quale-via-percorrere\/"]}]},{"@type":"ImageObject","inLanguage":"it-IT","@id":"https:\/\/euricse.eu\/it\/amministrazione-condivisa-quale-via-percorrere\/#primaryimage","url":"https:\/\/euricse.eu\/wp-content\/uploads\/2023\/03\/Relatori-Convegno.jpg","contentUrl":"https:\/\/euricse.eu\/wp-content\/uploads\/2023\/03\/Relatori-Convegno.jpg","width":1620,"height":1080},{"@type":"BreadcrumbList","@id":"https:\/\/euricse.eu\/it\/amministrazione-condivisa-quale-via-percorrere\/#breadcrumb","itemListElement":[{"@type":"ListItem","position":1,"name":"Home","item":"https:\/\/euricse.eu\/it\/"},{"@type":"ListItem","position":2,"name":"Amministrazione condivisa: quale via percorrere?"}]},{"@type":"WebSite","@id":"https:\/\/euricse.eu\/en\/#website","url":"https:\/\/euricse.eu\/en\/","name":"Euricse","description":"Knowledge and innovation for cooperative and social enterprises.","potentialAction":[{"@type":"SearchAction","target":{"@type":"EntryPoint","urlTemplate":"https:\/\/euricse.eu\/en\/?s={search_term_string}"},"query-input":{"@type":"PropertyValueSpecification","valueRequired":true,"valueName":"search_term_string"}}],"inLanguage":"it-IT"},{"@type":"Person","@id":"https:\/\/euricse.eu\/en\/#\/schema\/person\/a5b25693531e3458dfedff34c273ba14","name":"Silvia","image":{"@type":"ImageObject","inLanguage":"it-IT","@id":"https:\/\/euricse.eu\/en\/#\/schema\/person\/image\/","url":"https:\/\/secure.gravatar.com\/avatar\/3cef1082b65edc85f1a4c0caa7ce4808f397a517b7217eab6215fe435640f8f7?s=96&d=mm&r=g","contentUrl":"https:\/\/secure.gravatar.com\/avatar\/3cef1082b65edc85f1a4c0caa7ce4808f397a517b7217eab6215fe435640f8f7?s=96&d=mm&r=g","caption":"Silvia"},"url":"https:\/\/euricse.eu\/it\/author\/silvia\/"}]}},"_links":{"self":[{"href":"https:\/\/euricse.eu\/it\/wp-json\/wp\/v2\/posts\/18629","targetHints":{"allow":["GET"]}}],"collection":[{"href":"https:\/\/euricse.eu\/it\/wp-json\/wp\/v2\/posts"}],"about":[{"href":"https:\/\/euricse.eu\/it\/wp-json\/wp\/v2\/types\/post"}],"author":[{"embeddable":true,"href":"https:\/\/euricse.eu\/it\/wp-json\/wp\/v2\/users\/32"}],"replies":[{"embeddable":true,"href":"https:\/\/euricse.eu\/it\/wp-json\/wp\/v2\/comments?post=18629"}],"version-history":[{"count":2,"href":"https:\/\/euricse.eu\/it\/wp-json\/wp\/v2\/posts\/18629\/revisions"}],"predecessor-version":[{"id":18644,"href":"https:\/\/euricse.eu\/it\/wp-json\/wp\/v2\/posts\/18629\/revisions\/18644"}],"wp:featuredmedia":[{"embeddable":true,"href":"https:\/\/euricse.eu\/it\/wp-json\/wp\/v2\/media\/18630"}],"wp:attachment":[{"href":"https:\/\/euricse.eu\/it\/wp-json\/wp\/v2\/media?parent=18629"}],"wp:term":[{"taxonomy":"category","embeddable":true,"href":"https:\/\/euricse.eu\/it\/wp-json\/wp\/v2\/categories?post=18629"},{"taxonomy":"post_tag","embeddable":true,"href":"https:\/\/euricse.eu\/it\/wp-json\/wp\/v2\/tags?post=18629"}],"curies":[{"name":"wp","href":"https:\/\/api.w.org\/{rel}","templated":true}]}}