{"id":18794,"date":"2023-03-30T13:41:48","date_gmt":"2023-03-30T12:41:48","guid":{"rendered":"https:\/\/euricse.eu\/?p=18794"},"modified":"2023-03-30T14:50:58","modified_gmt":"2023-03-30T13:50:58","slug":"imprese-profit-e-cooperative-sociali-quali-opportunita-di-filiere-produttive-ed-occupazionali","status":"publish","type":"post","link":"https:\/\/euricse.eu\/it\/imprese-profit-e-cooperative-sociali-quali-opportunita-di-filiere-produttive-ed-occupazionali\/","title":{"rendered":"Imprese profit e cooperative sociali: quali opportunit\u00e0 di filiere produttive ed occupazionali?"},"content":{"rendered":"<p><strong>Euricse<\/strong>, con il supporto di Fondazione Caritro, ha svolto una ricerca per esplorare le opportunit\u00e0 di collaborazione tra imprese trentine e cooperative sociali al fine di promuovere l&#8217;inserimento lavorativo di persone svantaggiate. Un tema sempre pi\u00f9 importante non solo per garantire percorsi di inclusione sociale ma anche per fare fronte ai crescenti problemi di incontro tra domanda e offerta di lavoro. L\u2019indagine \u00e8 stata condotta sia a livello internazionale che in Trentino e ha esaminato i settori in cui potrebbero emergere nuove partnership, le modalit\u00e0 di strutturazione delle stesse e gli strumenti normativi e di policy che potrebbero facilitarle.<\/p>\n<p>I risultati sono stati presentati al pubblico il 30 marzo attraverso un evento pubblico e sono disponibili in due rapporti pubblicati sul sito di Euricse. Il primo rapporto si concentra sulla provincia di Trento, mentre il secondo analizza i casi di studio e le politiche europee allargando lo sguardo a livello internazionale.<\/p>\n<p>&nbsp;<\/p>\n<h4><strong>Il contesto<\/strong><\/h4>\n<p>In provincia di Trento si contano <strong>106 cooperative <\/strong>attive nel settore<strong> sociale<\/strong>, di cui <strong>18 <\/strong>dedicate esclusivamente all\u2019<strong>inserimento di persone svantaggiate <\/strong>e <strong>19<\/strong> con <strong>finalit\u00e0 plurima<\/strong>. Secondo i dati ImpACT di Euricse, nel 2021 esse hanno garantito un&#8217;occupazione stabile a <strong>pi\u00f9 di 700 lavoratori<\/strong> svantaggiati ai sensi della Legge 381\/1991 o inseriti nelle politiche territoriali del lavoro. Si tratta principalmente di persone con disabilit\u00e0 fisica o mentale, ma l&#8217;inserimento lavorativo \u00e8 rivolto anche a nuove categorie fragili emarginate dal mercato del lavoro.<\/p>\n<p>Queste cooperative operano in maniera pi\u00f9 importante nella manutenzione del verde, nelle pulizie e nella ristorazione. Il <strong>valore della produzione <\/strong>totale della cooperazione sociale trentina \u00e8 di <strong>222,6 milioni di euro. <\/strong>Di questi, pi\u00f9 di 80 milioni sono generati dalle cooperative sociali che si occupano di inserimento lavorativo (45 milioni di euro per le tipo &#8220;B&#8221; e 37,4 milioni di euro per le plurime), con ricavi che provengono per il 65% circa da vendite a enti pubblici e per il 35% circa da altre fonti tra cui in particolare le vendite a privati.<\/p>\n<p>Guardando al versante delle<strong> imprese<\/strong>, il Trentino ha un tessuto imprenditoriale importante e variegato, composto da oltre <strong>51 mila aziende<\/strong> (al 30 giugno 2022), in cui prevale la piccola dimensione per numero di addetti (il 61,4% ha un solo addetto). Per numero di imprese, i settori prevalenti sono l&#8217;agricoltura (11.952 imprese), il commercio (8.253), le costruzioni (7.579) e i servizi (7.399). L\u2019analisi dei settori di attivit\u00e0 e dei fabbisogni delle imprese trentine, raffrontata agli ambiti di attivit\u00e0 e alle specificit\u00e0 delle cooperative sociali, evidenzia significative opportunit\u00e0 di collaborazione tra questi due mondi, sia sul fronte delle relazioni commerciali che sul fronte dei percorsi di inclusione lavorativa. Opportunit\u00e0 che contribuirebbero sia allo sviluppo della cooperazione sociale sia alla crescita delle imprese trentine, generando nel contempo maggiori possibilit\u00e0 di occupazione e specializzazione ai lavoratori svantaggiati e a rischio di esclusione sociale.<\/p>\n<p>&nbsp;<\/p>\n<h4><strong>La ricerca di Euricse sulle filiere produttive e occupazionali<\/strong><\/h4>\n<p>Il progetto di ricerca condotto da Euricse \u201c<strong>Filiere produttive ed occupazionali: nuove concrete opportunit\u00e0 per le cooperative sociali trentine<\/strong>\u201d, finanziato dalla <strong>Fondazione Cassa di Risparmio di Trento e Rovereto<\/strong>, ha esaminato le opportunit\u00e0 per la creazione di nuove partnership tra le cooperative sociali trentine e le altre imprese, sia sul fronte dei processi produttivi che sul fronte dei percorsi occupazionali per persone svantaggiate. Il progetto ha preso spunto non solo dal contesto territoriale, ma anche dalle esperienze di altri paesi europei, e ha coinvolto diverse organizzazioni tra cui <strong>Agenzia del Lavoro<\/strong>, <strong>ASAT Trentino<\/strong>, <strong>CIA Trentino<\/strong>, <strong>Consorzio Consolida<\/strong>, <strong>Cooperazione Trentina<\/strong> e <strong>Confindustria Trento<\/strong>.<\/p>\n<p>Il focus della ricerca \u00e8 stato quello di individuare le modalit\u00e0 attraverso cui le cooperative sociali possono strutturare partnership efficaci e produttive con le altre imprese, e di esaminare gli strumenti normativi e di policy che possono incentivare queste collaborazioni. La ricerca ha inoltre permesso di entrare in contatto con le imprese del territorio trentino e di comprendere la loro sensibilit\u00e0 nei confronti delle cooperative sociali, aprendo cos\u00ec la strada a possibili forme di collaborazione.<\/p>\n<p>I dati raccolti nell\u2019indagine e le analisi hanno dimostrato che le imprese sono in generale aperte alla collaborazione con le cooperative sociali di inserimento lavorativo, anche se emergono limiti che hanno finora ostacolato uno sviluppo pi\u00f9 intenso di relazioni. Non mancano tuttavia esempi di collaborazione vincenti, quali il lavoro di <strong>contoterzismo industriale sviluppato dall<\/strong>a <strong>cooperativa sociale Alpi<\/strong>, che ha dimostrato con successo che \u00e8 possibile coniugare l&#8217;attenzione al lavoratore svantaggiato con una relazione commerciale costante e forte con grandi aziende profit.<\/p>\n<p>Un altro esempio viene dalla collaborazione tra le cooperative sociali Impronte e Smart, che ha portato alla realizzazione del progetto <strong>Verso<\/strong>, volto alla creazione di un&#8217;ampia filiera occupazionale per le persone svantaggiate attraverso percorsi di formazione.<\/p>\n<p>In ottica futura sembra possano ricoprire un ruolo di assoluto rilievo i <strong>Distretti dell&#8217;Economia Solidale<\/strong>, fonte potenziale di sviluppo per quanto riguarda l&#8217;inserimento lavorativo e la creazione di nuovi servizi per il territorio, soprattutto ove gli stessi si caratterizzino per una diffusa sensibilit\u00e0 sociale, come rilevato nei territori delle Valli di Fiemme e Fassa, in cui inoltre si registra la presenza di imprese profit ben radicate e cooperative sociali altrettanto conosciute.<\/p>\n<p>Le cooperative sociali e le imprese possono collaborare in diverse forme sul fronte della <strong>produzione<\/strong>, partendo da una semplice <strong>relazione commerciale<\/strong> fino ad arrivare alla condivisione di <strong>marchi<\/strong> e funzioni produttive in <strong>rapporti temporanei<\/strong> o di <strong>lungo termine<\/strong>.<\/p>\n<p>Per quanto riguarda l&#8217;<strong>occupazione<\/strong>, i lavoratori possono beneficiare da rapporti di collaborazione tra cooperativa sociale e impresa che facilitino il flusso verso l\u2019inserimento nel mercato ordinario del lavoro, anche grazie all\u2019utilizzo di strumenti quali il distacco o addirittura, in alcuni casi, la co-datorialit\u00e0. Inoltre, le persone disabili o svantaggiate possono essere assunte esclusivamente dalle cooperative sociali, ma sostenute dall&#8217;impresa attraverso l&#8217;esternalizzazione mirata di attivit\u00e0 produttive (come promosso in modo specifico dall\u2019art. 14. D.lgs. n.276\/2003). Oltre a tali dispositivi e istituti giuridici, sono importanti <strong>le politiche attive del lavoro territoriali<\/strong> e le <strong>politiche a sostegno delle azioni pro-sociali<\/strong> per favorire la collaborazione tra cooperative sociali e imprese. Tuttavia, la collaborazione deve essere basata sulla condivisione di valori e obiettivi comuni per creare sinergie efficaci e durature.<\/p>\n<p>Dalle interviste realizzate e dai tavoli di lavoro sulle strategie di filiera tra cooperative sociali e imprese emergono diverse <strong>azioni auspicabili<\/strong>, come l&#8217;adozione di un <strong>marchio etico e sociale<\/strong> per la sostenibilit\u00e0, <strong>politiche di marketing<\/strong> condivise e <strong>partnership<\/strong> con enti di diversa tipologia per l&#8217;innovazione dei servizi. Inoltre, c&#8217;\u00e8 la speranza di un maggiore supporto per lo <strong>scambio di informazioni<\/strong> e conoscenze sulle cooperative sociali e la formazione di lavoratori in grado di soddisfare le esigenze delle imprese, anche attraverso l\u2019utilizzo di nuove piattaforme e sistemi di incontro domanda\/offerta e mappature per intercettare nuovi settori.<\/p>\n<p>&nbsp;<\/p>\n<h4><strong>Il contesto internazionale ed europeo<\/strong><\/h4>\n<p>Il progetto di ricerca sulle filiere occupazionali e produttive ha prodotto anche <strong>un secondo rapporto<\/strong> che analizza <strong>studi di caso<\/strong> e <strong>politiche europee<\/strong> riguardanti l&#8217;inserimento lavorativo e la formazione di persone svantaggiate attraverso la collaborazione tra imprese sociali di inserimento lavorativo e imprese convenzionali.<\/p>\n<p>Sono state prese in esame <strong>sei esperienze<\/strong> di collaborazione in <strong>Croazia<\/strong>, <strong>Spagna<\/strong> e <strong>Francia<\/strong>.<\/p>\n<p>I risultati emersi dall\u2019analisi dei tre contesti nazionali vengono poi analizzati in un un\u2019ottica comparata, e presentati sottolineando i fattori istituzionali che nei diversi Paesi hanno maggior impatto nel favorire (o, al contrario, ostacolare) la nascita e lo sviluppo di queste collaborazioni, le principali barriere, i driver e i fattori di successo delle collaborazioni tra imprese sociali e imprese convenzionali.<\/p>\n<p>L&#8217;esistenza di politiche di riconoscimento e supporto ad hoc per le imprese sociali di inserimento lavorativo stimola la nascita di nuove interazioni tra queste e le imprese convenzionali in diversi Paesi europei. Ad esempio, in <strong>Francia<\/strong> le imprese sociali di inserimento lavorativo beneficiano di politiche pubbliche generose e di buona visibilit\u00e0 tra l&#8217;opinione pubblica, il che favorisce le partnership di successo con le imprese convenzionali. Al contrario, in <strong>Croazia<\/strong> le partnership tra queste due tipologie di imprese sono pi\u00f9 rare a causa della minor sviluppo delle politiche del lavoro e del minor riconoscimento giuridico delle imprese sociali di inserimento lavorativo. In <strong>Spagna<\/strong>, la maggior parte delle relazioni collaborative tra le due tipologie di imprese prevedono l&#8217;integrazione di persone con disabilit\u00e0, per le quali il sistema di supporto pubblico \u00e8 pi\u00f9 generoso. Sembra quindi esserci una forte correlazione tra l\u2019esistenza di politiche pubbliche a sostegno dei percorsi di inserimento lavorativo e la collaborazione tra imprese sociali e imprese convenzionali.<\/p>\n<p>&nbsp;<\/p>\n<p>I due rapporti di ricerca, <a href=\"https:\/\/euricse.eu\/it\/publications\/filiere-produttive-ed-occupazionali-nuove-concrete-opportunita-per-imprese-e-cooperative-trentine\/\">quello dedicato al trentino<\/a> e quello con <a href=\"https:\/\/euricse.eu\/it\/publications\/filiere-produttive-ed-occupazionali-esempi-di-collaborazione-tra-imprese-sociali-di-inserimento-lavorativo-e-imprese-convenzionali-in-croazia-spagna-e-francia\/\">focus internazionale<\/a>, si possono scaricare dal sito di Euricse alla voce <a href=\"https:\/\/euricse.eu\/it\/pubblicazioni\/?category=rapporti\">pubblicazioni<\/a>.<\/p>\n<p>&nbsp;<\/p>\n<p>&nbsp;<\/p>\n<p>&nbsp;<\/p>\n<p><img loading=\"lazy\" decoding=\"async\" class=\"wp-image-18827 size-full\" src=\"https:\/\/euricse.eu\/wp-content\/uploads\/2023\/03\/RiccardoBodini_Euricse-Carlo-Schonsberg_FCaritro-Filiere-Produttive-Euricse.30.03.23-1.jpg\" alt=\"\" width=\"2126\" height=\"1418\" srcset=\"https:\/\/euricse.eu\/wp-content\/uploads\/2023\/03\/RiccardoBodini_Euricse-Carlo-Schonsberg_FCaritro-Filiere-Produttive-Euricse.30.03.23-1.jpg 2126w, https:\/\/euricse.eu\/wp-content\/uploads\/2023\/03\/RiccardoBodini_Euricse-Carlo-Schonsberg_FCaritro-Filiere-Produttive-Euricse.30.03.23-1-300x200.jpg 300w, https:\/\/euricse.eu\/wp-content\/uploads\/2023\/03\/RiccardoBodini_Euricse-Carlo-Schonsberg_FCaritro-Filiere-Produttive-Euricse.30.03.23-1-1024x683.jpg 1024w, https:\/\/euricse.eu\/wp-content\/uploads\/2023\/03\/RiccardoBodini_Euricse-Carlo-Schonsberg_FCaritro-Filiere-Produttive-Euricse.30.03.23-1-600x400.jpg 600w, https:\/\/euricse.eu\/wp-content\/uploads\/2023\/03\/RiccardoBodini_Euricse-Carlo-Schonsberg_FCaritro-Filiere-Produttive-Euricse.30.03.23-1-768x512.jpg 768w, https:\/\/euricse.eu\/wp-content\/uploads\/2023\/03\/RiccardoBodini_Euricse-Carlo-Schonsberg_FCaritro-Filiere-Produttive-Euricse.30.03.23-1-1536x1024.jpg 1536w, https:\/\/euricse.eu\/wp-content\/uploads\/2023\/03\/RiccardoBodini_Euricse-Carlo-Schonsberg_FCaritro-Filiere-Produttive-Euricse.30.03.23-1-2048x1366.jpg 2048w\" sizes=\"auto, (max-width: 2126px) 100vw, 2126px\" \/><\/p>\n<p><em>Nella foto sopra: momento introduttivo.\u00a0<\/em><\/p>\n<p><em>Da sinistra <strong>Carlo Sch\u00f6nsberg<\/strong>, Presidente Comitato di Gestione di Fondazione Caritro, le ricercatrici di Euricse <strong>Sara Depedri<\/strong>, <strong>Giulia Tallarini<\/strong>, <strong>Stefania Turri<\/strong> e <strong>Riccardo Bodini<\/strong>, direttore di Euricse. Foto di Alessio Coser<\/em><\/p>\n<p>&nbsp;<\/p>\n<p>&nbsp;<\/p>\n<p>&nbsp;<\/p>\n<p>&nbsp;<\/p>\n<p><img loading=\"lazy\" decoding=\"async\" class=\"aligncenter wp-image-18814 size-full\" src=\"https:\/\/euricse.eu\/wp-content\/uploads\/2023\/03\/Tavola-Rotonda-scaled.jpg\" alt=\"\" width=\"2560\" height=\"1916\" srcset=\"https:\/\/euricse.eu\/wp-content\/uploads\/2023\/03\/Tavola-Rotonda-scaled.jpg 2560w, https:\/\/euricse.eu\/wp-content\/uploads\/2023\/03\/Tavola-Rotonda-300x224.jpg 300w, https:\/\/euricse.eu\/wp-content\/uploads\/2023\/03\/Tavola-Rotonda-1024x766.jpg 1024w, https:\/\/euricse.eu\/wp-content\/uploads\/2023\/03\/Tavola-Rotonda-535x400.jpg 535w, https:\/\/euricse.eu\/wp-content\/uploads\/2023\/03\/Tavola-Rotonda-768x575.jpg 768w, https:\/\/euricse.eu\/wp-content\/uploads\/2023\/03\/Tavola-Rotonda-1536x1149.jpg 1536w, https:\/\/euricse.eu\/wp-content\/uploads\/2023\/03\/Tavola-Rotonda-2048x1532.jpg 2048w\" sizes=\"auto, (max-width: 2560px) 100vw, 2560px\" \/><\/p>\n<p><em>Nella foto sopra: tavola rotonda con i partner di progetto.<\/em><\/p>\n<p><em>Da sinistra: <strong><span class=\"S1PPyQ\">Alessandro Ceschi<\/span><\/strong><span class=\"S1PPyQ\">, direttore Cooperazione Trentina, <\/span><span class=\"S1PPyQ\"><strong>Renata Magnago<\/strong>,\u00a0<\/span><span class=\"S1PPyQ\">direttrice<\/span>\u00a0<span class=\"S1PPyQ\">Agenzia del Lavoro Trento \u2013\u00a0Ufficio inserimento lavorativo soggetti svantaggiati , <\/span><strong><span class=\"S1PPyQ\">Massimo Tomasi<\/span><\/strong><span class=\"S1PPyQ\">,\u00a0<\/span><span class=\"S1PPyQ\">direttore CIA Trentino, <\/span><strong><span class=\"S1PPyQ\">Giacomo Libardi<\/span><\/strong><span class=\"S1PPyQ\">, vicepresidente Consorzio Consolida, <\/span><strong><span class=\"S1PPyQ\">Davide Cardell<\/span><\/strong><span class=\"S1PPyQ\"><strong>a<\/strong>, direttore ASAT, <\/span><strong><span class=\"S1PPyQ\">Stefano Salvi<\/span><\/strong><span class=\"S1PPyQ\">, Confindustria Trento, Area Lavoro e Welfare, <strong>Riccardo Bodini<\/strong>, direttore di Euricse nel ruolo di moderatore.\u00a0<\/span><\/em><\/p>\n<p>&nbsp;<\/p>\n","protected":false},"excerpt":{"rendered":"<p>Euricse, con il supporto di Fondazione Caritro, ha svolto una ricerca per esplorare le opportunit\u00e0 di collaborazione tra imprese trentine e cooperative sociali al fine di promuovere l&#8217;inserimento lavorativo di persone svantaggiate. Un tema sempre pi\u00f9 importante non solo per garantire percorsi di inclusione sociale ma anche per fare fronte ai crescenti problemi di incontro [&hellip;]<\/p>\n","protected":false},"author":32,"featured_media":18819,"comment_status":"closed","ping_status":"closed","sticky":false,"template":"","format":"standard","meta":{"_acf_changed":false,"episode_type":"","audio_file":"","cover_image":"","cover_image_id":"","duration":"","filesize":"","date_recorded":"","explicit":"","block":"","itunes_episode_number":"","itunes_title":"","itunes_season_number":"","itunes_episode_type":"","filesize_raw":"","footnotes":""},"categories":[17],"tags":[1161,1173],"class_list":["post-18794","post","type-post","status-publish","format-standard","has-post-thumbnail","hentry","category-news-it","tag-filiere-produttive","tag-occupazione"],"acf":[],"yoast_head":"<!-- This site is optimized with the Yoast SEO plugin v26.1.1 - https:\/\/yoast.com\/wordpress\/plugins\/seo\/ -->\n<title>Imprese profit e cooperative sociali: quali opportunit\u00e0 di filiere produttive ed occupazionali? - Euricse<\/title>\n<meta name=\"robots\" content=\"index, follow, max-snippet:-1, max-image-preview:large, max-video-preview:-1\" \/>\n<link rel=\"canonical\" href=\"https:\/\/euricse.eu\/it\/imprese-profit-e-cooperative-sociali-quali-opportunita-di-filiere-produttive-ed-occupazionali\/\" \/>\n<meta property=\"og:locale\" content=\"it_IT\" \/>\n<meta property=\"og:type\" content=\"article\" \/>\n<meta property=\"og:title\" content=\"Imprese profit e cooperative sociali: quali opportunit\u00e0 di filiere produttive ed occupazionali? - Euricse\" \/>\n<meta property=\"og:description\" content=\"Euricse, con il supporto di Fondazione Caritro, ha svolto una ricerca per esplorare le opportunit\u00e0 di collaborazione tra imprese trentine e cooperative sociali al fine di promuovere l&#8217;inserimento lavorativo di persone svantaggiate. Un tema sempre pi\u00f9 importante non solo per garantire percorsi di inclusione sociale ma anche per fare fronte ai crescenti problemi di incontro [&hellip;]\" \/>\n<meta property=\"og:url\" content=\"https:\/\/euricse.eu\/it\/imprese-profit-e-cooperative-sociali-quali-opportunita-di-filiere-produttive-ed-occupazionali\/\" \/>\n<meta property=\"og:site_name\" content=\"Euricse\" \/>\n<meta property=\"article:published_time\" content=\"2023-03-30T12:41:48+00:00\" \/>\n<meta property=\"article:modified_time\" content=\"2023-03-30T13:50:58+00:00\" \/>\n<meta property=\"og:image\" content=\"https:\/\/euricse.eu\/wp-content\/uploads\/2023\/03\/Sala-Filiere-Produttive-Euricse.30.03.23.jpg\" \/>\n\t<meta property=\"og:image:width\" content=\"2126\" \/>\n\t<meta property=\"og:image:height\" content=\"1417\" \/>\n\t<meta property=\"og:image:type\" content=\"image\/jpeg\" \/>\n<meta name=\"author\" content=\"Silvia\" \/>\n<meta name=\"twitter:card\" content=\"summary_large_image\" \/>\n<meta name=\"twitter:label1\" content=\"Scritto da\" \/>\n\t<meta name=\"twitter:data1\" content=\"Silvia\" \/>\n\t<meta name=\"twitter:label2\" content=\"Tempo di lettura stimato\" \/>\n\t<meta name=\"twitter:data2\" content=\"9 minuti\" \/>\n<script type=\"application\/ld+json\" class=\"yoast-schema-graph\">{\"@context\":\"https:\/\/schema.org\",\"@graph\":[{\"@type\":\"WebPage\",\"@id\":\"https:\/\/euricse.eu\/it\/imprese-profit-e-cooperative-sociali-quali-opportunita-di-filiere-produttive-ed-occupazionali\/\",\"url\":\"https:\/\/euricse.eu\/it\/imprese-profit-e-cooperative-sociali-quali-opportunita-di-filiere-produttive-ed-occupazionali\/\",\"name\":\"Imprese profit e cooperative sociali: quali opportunit\u00e0 di filiere produttive ed occupazionali? - Euricse\",\"isPartOf\":{\"@id\":\"https:\/\/euricse.eu\/en\/#website\"},\"primaryImageOfPage\":{\"@id\":\"https:\/\/euricse.eu\/it\/imprese-profit-e-cooperative-sociali-quali-opportunita-di-filiere-produttive-ed-occupazionali\/#primaryimage\"},\"image\":{\"@id\":\"https:\/\/euricse.eu\/it\/imprese-profit-e-cooperative-sociali-quali-opportunita-di-filiere-produttive-ed-occupazionali\/#primaryimage\"},\"thumbnailUrl\":\"https:\/\/euricse.eu\/wp-content\/uploads\/2023\/03\/Sala-Filiere-Produttive-Euricse.30.03.23.jpg\",\"datePublished\":\"2023-03-30T12:41:48+00:00\",\"dateModified\":\"2023-03-30T13:50:58+00:00\",\"author\":{\"@id\":\"https:\/\/euricse.eu\/en\/#\/schema\/person\/a5b25693531e3458dfedff34c273ba14\"},\"breadcrumb\":{\"@id\":\"https:\/\/euricse.eu\/it\/imprese-profit-e-cooperative-sociali-quali-opportunita-di-filiere-produttive-ed-occupazionali\/#breadcrumb\"},\"inLanguage\":\"it-IT\",\"potentialAction\":[{\"@type\":\"ReadAction\",\"target\":[\"https:\/\/euricse.eu\/it\/imprese-profit-e-cooperative-sociali-quali-opportunita-di-filiere-produttive-ed-occupazionali\/\"]}]},{\"@type\":\"ImageObject\",\"inLanguage\":\"it-IT\",\"@id\":\"https:\/\/euricse.eu\/it\/imprese-profit-e-cooperative-sociali-quali-opportunita-di-filiere-produttive-ed-occupazionali\/#primaryimage\",\"url\":\"https:\/\/euricse.eu\/wp-content\/uploads\/2023\/03\/Sala-Filiere-Produttive-Euricse.30.03.23.jpg\",\"contentUrl\":\"https:\/\/euricse.eu\/wp-content\/uploads\/2023\/03\/Sala-Filiere-Produttive-Euricse.30.03.23.jpg\",\"width\":2126,\"height\":1417,\"caption\":\"CONVEGNO EURICSE INSERIMENTO LAVORATIVO PERSONE SVANTAGGIATE \/ al tavolo da dx le ricercatrici Stefania Turri, Giulia Tallari e Sara Depedri foto di Alessio Coser\"},{\"@type\":\"BreadcrumbList\",\"@id\":\"https:\/\/euricse.eu\/it\/imprese-profit-e-cooperative-sociali-quali-opportunita-di-filiere-produttive-ed-occupazionali\/#breadcrumb\",\"itemListElement\":[{\"@type\":\"ListItem\",\"position\":1,\"name\":\"Home\",\"item\":\"https:\/\/euricse.eu\/it\/\"},{\"@type\":\"ListItem\",\"position\":2,\"name\":\"Imprese profit e cooperative sociali: quali opportunit\u00e0 di filiere produttive ed occupazionali?\"}]},{\"@type\":\"WebSite\",\"@id\":\"https:\/\/euricse.eu\/en\/#website\",\"url\":\"https:\/\/euricse.eu\/en\/\",\"name\":\"Euricse\",\"description\":\"Knowledge and innovation for cooperative and social enterprises.\",\"potentialAction\":[{\"@type\":\"SearchAction\",\"target\":{\"@type\":\"EntryPoint\",\"urlTemplate\":\"https:\/\/euricse.eu\/en\/?s={search_term_string}\"},\"query-input\":{\"@type\":\"PropertyValueSpecification\",\"valueRequired\":true,\"valueName\":\"search_term_string\"}}],\"inLanguage\":\"it-IT\"},{\"@type\":\"Person\",\"@id\":\"https:\/\/euricse.eu\/en\/#\/schema\/person\/a5b25693531e3458dfedff34c273ba14\",\"name\":\"Silvia\",\"image\":{\"@type\":\"ImageObject\",\"inLanguage\":\"it-IT\",\"@id\":\"https:\/\/euricse.eu\/en\/#\/schema\/person\/image\/\",\"url\":\"https:\/\/secure.gravatar.com\/avatar\/3cef1082b65edc85f1a4c0caa7ce4808f397a517b7217eab6215fe435640f8f7?s=96&d=mm&r=g\",\"contentUrl\":\"https:\/\/secure.gravatar.com\/avatar\/3cef1082b65edc85f1a4c0caa7ce4808f397a517b7217eab6215fe435640f8f7?s=96&d=mm&r=g\",\"caption\":\"Silvia\"},\"url\":\"https:\/\/euricse.eu\/it\/author\/silvia\/\"}]}<\/script>\n<!-- \/ Yoast SEO plugin. -->","yoast_head_json":{"title":"Imprese profit e cooperative sociali: quali opportunit\u00e0 di filiere produttive ed occupazionali? - Euricse","robots":{"index":"index","follow":"follow","max-snippet":"max-snippet:-1","max-image-preview":"max-image-preview:large","max-video-preview":"max-video-preview:-1"},"canonical":"https:\/\/euricse.eu\/it\/imprese-profit-e-cooperative-sociali-quali-opportunita-di-filiere-produttive-ed-occupazionali\/","og_locale":"it_IT","og_type":"article","og_title":"Imprese profit e cooperative sociali: quali opportunit\u00e0 di filiere produttive ed occupazionali? - Euricse","og_description":"Euricse, con il supporto di Fondazione Caritro, ha svolto una ricerca per esplorare le opportunit\u00e0 di collaborazione tra imprese trentine e cooperative sociali al fine di promuovere l&#8217;inserimento lavorativo di persone svantaggiate. Un tema sempre pi\u00f9 importante non solo per garantire percorsi di inclusione sociale ma anche per fare fronte ai crescenti problemi di incontro [&hellip;]","og_url":"https:\/\/euricse.eu\/it\/imprese-profit-e-cooperative-sociali-quali-opportunita-di-filiere-produttive-ed-occupazionali\/","og_site_name":"Euricse","article_published_time":"2023-03-30T12:41:48+00:00","article_modified_time":"2023-03-30T13:50:58+00:00","og_image":[{"width":2126,"height":1417,"url":"https:\/\/euricse.eu\/wp-content\/uploads\/2023\/03\/Sala-Filiere-Produttive-Euricse.30.03.23.jpg","type":"image\/jpeg"}],"author":"Silvia","twitter_card":"summary_large_image","twitter_misc":{"Scritto da":"Silvia","Tempo di lettura stimato":"9 minuti"},"schema":{"@context":"https:\/\/schema.org","@graph":[{"@type":"WebPage","@id":"https:\/\/euricse.eu\/it\/imprese-profit-e-cooperative-sociali-quali-opportunita-di-filiere-produttive-ed-occupazionali\/","url":"https:\/\/euricse.eu\/it\/imprese-profit-e-cooperative-sociali-quali-opportunita-di-filiere-produttive-ed-occupazionali\/","name":"Imprese profit e cooperative sociali: quali opportunit\u00e0 di filiere produttive ed occupazionali? - Euricse","isPartOf":{"@id":"https:\/\/euricse.eu\/en\/#website"},"primaryImageOfPage":{"@id":"https:\/\/euricse.eu\/it\/imprese-profit-e-cooperative-sociali-quali-opportunita-di-filiere-produttive-ed-occupazionali\/#primaryimage"},"image":{"@id":"https:\/\/euricse.eu\/it\/imprese-profit-e-cooperative-sociali-quali-opportunita-di-filiere-produttive-ed-occupazionali\/#primaryimage"},"thumbnailUrl":"https:\/\/euricse.eu\/wp-content\/uploads\/2023\/03\/Sala-Filiere-Produttive-Euricse.30.03.23.jpg","datePublished":"2023-03-30T12:41:48+00:00","dateModified":"2023-03-30T13:50:58+00:00","author":{"@id":"https:\/\/euricse.eu\/en\/#\/schema\/person\/a5b25693531e3458dfedff34c273ba14"},"breadcrumb":{"@id":"https:\/\/euricse.eu\/it\/imprese-profit-e-cooperative-sociali-quali-opportunita-di-filiere-produttive-ed-occupazionali\/#breadcrumb"},"inLanguage":"it-IT","potentialAction":[{"@type":"ReadAction","target":["https:\/\/euricse.eu\/it\/imprese-profit-e-cooperative-sociali-quali-opportunita-di-filiere-produttive-ed-occupazionali\/"]}]},{"@type":"ImageObject","inLanguage":"it-IT","@id":"https:\/\/euricse.eu\/it\/imprese-profit-e-cooperative-sociali-quali-opportunita-di-filiere-produttive-ed-occupazionali\/#primaryimage","url":"https:\/\/euricse.eu\/wp-content\/uploads\/2023\/03\/Sala-Filiere-Produttive-Euricse.30.03.23.jpg","contentUrl":"https:\/\/euricse.eu\/wp-content\/uploads\/2023\/03\/Sala-Filiere-Produttive-Euricse.30.03.23.jpg","width":2126,"height":1417,"caption":"CONVEGNO EURICSE INSERIMENTO LAVORATIVO PERSONE SVANTAGGIATE \/ al tavolo da dx le ricercatrici Stefania Turri, Giulia Tallari e Sara Depedri foto di Alessio Coser"},{"@type":"BreadcrumbList","@id":"https:\/\/euricse.eu\/it\/imprese-profit-e-cooperative-sociali-quali-opportunita-di-filiere-produttive-ed-occupazionali\/#breadcrumb","itemListElement":[{"@type":"ListItem","position":1,"name":"Home","item":"https:\/\/euricse.eu\/it\/"},{"@type":"ListItem","position":2,"name":"Imprese profit e cooperative sociali: quali opportunit\u00e0 di filiere produttive ed occupazionali?"}]},{"@type":"WebSite","@id":"https:\/\/euricse.eu\/en\/#website","url":"https:\/\/euricse.eu\/en\/","name":"Euricse","description":"Knowledge and innovation for cooperative and social enterprises.","potentialAction":[{"@type":"SearchAction","target":{"@type":"EntryPoint","urlTemplate":"https:\/\/euricse.eu\/en\/?s={search_term_string}"},"query-input":{"@type":"PropertyValueSpecification","valueRequired":true,"valueName":"search_term_string"}}],"inLanguage":"it-IT"},{"@type":"Person","@id":"https:\/\/euricse.eu\/en\/#\/schema\/person\/a5b25693531e3458dfedff34c273ba14","name":"Silvia","image":{"@type":"ImageObject","inLanguage":"it-IT","@id":"https:\/\/euricse.eu\/en\/#\/schema\/person\/image\/","url":"https:\/\/secure.gravatar.com\/avatar\/3cef1082b65edc85f1a4c0caa7ce4808f397a517b7217eab6215fe435640f8f7?s=96&d=mm&r=g","contentUrl":"https:\/\/secure.gravatar.com\/avatar\/3cef1082b65edc85f1a4c0caa7ce4808f397a517b7217eab6215fe435640f8f7?s=96&d=mm&r=g","caption":"Silvia"},"url":"https:\/\/euricse.eu\/it\/author\/silvia\/"}]}},"_links":{"self":[{"href":"https:\/\/euricse.eu\/it\/wp-json\/wp\/v2\/posts\/18794","targetHints":{"allow":["GET"]}}],"collection":[{"href":"https:\/\/euricse.eu\/it\/wp-json\/wp\/v2\/posts"}],"about":[{"href":"https:\/\/euricse.eu\/it\/wp-json\/wp\/v2\/types\/post"}],"author":[{"embeddable":true,"href":"https:\/\/euricse.eu\/it\/wp-json\/wp\/v2\/users\/32"}],"replies":[{"embeddable":true,"href":"https:\/\/euricse.eu\/it\/wp-json\/wp\/v2\/comments?post=18794"}],"version-history":[{"count":2,"href":"https:\/\/euricse.eu\/it\/wp-json\/wp\/v2\/posts\/18794\/revisions"}],"predecessor-version":[{"id":18847,"href":"https:\/\/euricse.eu\/it\/wp-json\/wp\/v2\/posts\/18794\/revisions\/18847"}],"wp:featuredmedia":[{"embeddable":true,"href":"https:\/\/euricse.eu\/it\/wp-json\/wp\/v2\/media\/18819"}],"wp:attachment":[{"href":"https:\/\/euricse.eu\/it\/wp-json\/wp\/v2\/media?parent=18794"}],"wp:term":[{"taxonomy":"category","embeddable":true,"href":"https:\/\/euricse.eu\/it\/wp-json\/wp\/v2\/categories?post=18794"},{"taxonomy":"post_tag","embeddable":true,"href":"https:\/\/euricse.eu\/it\/wp-json\/wp\/v2\/tags?post=18794"}],"curies":[{"name":"wp","href":"https:\/\/api.w.org\/{rel}","templated":true}]}}