{"id":18990,"date":"2023-04-20T14:59:29","date_gmt":"2023-04-20T13:59:29","guid":{"rendered":"https:\/\/euricse.eu\/?p=18990"},"modified":"2023-04-20T15:41:57","modified_gmt":"2023-04-20T14:41:57","slug":"lamministrazione-condivisa-per-leconomia-sociale","status":"publish","type":"post","link":"https:\/\/euricse.eu\/it\/lamministrazione-condivisa-per-leconomia-sociale\/","title":{"rendered":"L\u2019amministrazione condivisa per l\u2019economia sociale"},"content":{"rendered":"<p>Come parte del percorso di elaborazione del Piano metropolitano per l&#8217;Economia Sociale, coordinato dalla Citt\u00e0 Metropolitana di Bologna, partono nel mese di maggio un ciclo di seminari di approfondimento e coinvolgimento degli stakeholder sulle principali tematiche di interesse del Piano.<\/p>\n<p>Il primo seminario del ciclo, dal titolo &#8220;L&#8217;amministrazione condivisa per l&#8217;economia sociale &#8211; Il welfare collaborativo alla prova dei fatti&#8221; si terr\u00e0 luned\u00ec 8 maggio alle 14.30 presso la Sala Anziani di Palazzo d&#8217;Accursio, Piazza Maggiore 6 e sar\u00e0 aperto dai saluti del Sindaco metropolitano Matteo Lepore.<\/p>\n<p>Partendo dalle evidenze della ricerca di <strong>Euricse<\/strong> su diverse pratiche di amministrazione condivisa a livello nazionale, avr\u00e0 come obiettivo quello di comprendere e discutere i punti di forza e di debolezza del welfare collaborativo, al fine di individuare i contesti e le condizioni utili o necessarie per una sua estesa ed efficace applicazione. Il seminario sar\u00e0 anche l&#8217;occasione per approfondire la conoscenza della nuova Legge regionale sul Terzo settore e l&#8217;amministrazione condivisa. Ad intervenire sar\u00e0 anche il coordinatore scientifico del gruppo di lavoro, prof. <strong>Luca Fazzi,<\/strong> anche autore del Rapporto che si pu\u00f2 <a href=\"https:\/\/euricse.eu\/it\/publications\/il-nuovo-welfare-collaborativo-in-italia-co-programmazione-e-co-progettazione-come-strumenti-di-innovazione-del-welfare-locale\/\">scaricare qui<\/a>.<\/p>\n<p>Il primo seminario del ciclo, dal titolo\u00a0<strong>&#8220;L&#8217;amministrazione condivisa per l&#8217;economia sociale &#8211; Il welfare collaborativo alla prova dei fatti&#8221;<\/strong>\u00a0si terr\u00e0 luned\u00ec\u00a0<strong>8 maggio alle 14.30<\/strong>\u00a0presso la Sala Anziani di Palazzo d&#8217;Accursio, Piazza Maggiore 6 e sar\u00e0 aperto dai saluti del Sindaco metropolitano Matteo Lepore.<\/p>\n<h3><a href=\"https:\/\/euricse.eu\/wp-content\/uploads\/2023\/04\/Seminari_Piano-Economia-sociale_programma-8-maggio-2023-1.pdf\">Programma<\/a><\/h3>\n","protected":false},"excerpt":{"rendered":"<p>La ricerca di Euricse sul welfare collaborativo \u00e8 al centro del seminario sull&#8217;amministrazione condivisa per l&#8217;economia sociale, in programma a Bologna l&#8217;8 maggio. <\/p>\n","protected":false},"author":32,"featured_media":18994,"comment_status":"closed","ping_status":"closed","sticky":false,"template":"","format":"standard","meta":{"_acf_changed":false,"episode_type":"","audio_file":"","cover_image":"","cover_image_id":"","duration":"","filesize":"","date_recorded":"","explicit":"","block":"","itunes_episode_number":"","itunes_title":"","itunes_season_number":"","itunes_episode_type":"","filesize_raw":"","footnotes":""},"categories":[17],"tags":[65,121,1034],"class_list":["post-18990","post","type-post","status-publish","format-standard","has-post-thumbnail","hentry","category-news-it","tag-welfare","tag-economia-sociale","tag-welfare-collaborativo"],"acf":[],"yoast_head":"<!-- This site is optimized with the Yoast SEO plugin v26.1.1 - https:\/\/yoast.com\/wordpress\/plugins\/seo\/ -->\n<title>L\u2019amministrazione condivisa per l\u2019economia sociale - Euricse<\/title>\n<meta name=\"description\" content=\"La ricerca di Euricse sul welfare collaborativo \u00e8 al centro del seminario sull&#039;amministrazione condivisa per l&#039;economia sociale, in programma a Bologna l&#039;8 maggio.\" \/>\n<meta name=\"robots\" content=\"index, follow, max-snippet:-1, max-image-preview:large, max-video-preview:-1\" \/>\n<link rel=\"canonical\" href=\"https:\/\/euricse.eu\/it\/lamministrazione-condivisa-per-leconomia-sociale\/\" \/>\n<meta property=\"og:locale\" content=\"it_IT\" \/>\n<meta property=\"og:type\" content=\"article\" \/>\n<meta property=\"og:title\" content=\"L\u2019amministrazione condivisa per l\u2019economia sociale - Euricse\" \/>\n<meta property=\"og:description\" content=\"La ricerca di Euricse sul welfare collaborativo \u00e8 al centro del seminario sull&#039;amministrazione condivisa per l&#039;economia sociale, in programma a Bologna l&#039;8 maggio.\" \/>\n<meta property=\"og:url\" content=\"https:\/\/euricse.eu\/it\/lamministrazione-condivisa-per-leconomia-sociale\/\" \/>\n<meta property=\"og:site_name\" content=\"Euricse\" \/>\n<meta property=\"article:published_time\" content=\"2023-04-20T13:59:29+00:00\" \/>\n<meta property=\"article:modified_time\" content=\"2023-04-20T14:41:57+00:00\" \/>\n<meta property=\"og:image\" content=\"https:\/\/euricse.eu\/wp-content\/uploads\/2023\/04\/Bologna-welfare-.jpg\" \/>\n\t<meta property=\"og:image:width\" content=\"666\" \/>\n\t<meta property=\"og:image:height\" content=\"872\" \/>\n\t<meta property=\"og:image:type\" content=\"image\/jpeg\" \/>\n<meta name=\"author\" content=\"Silvia\" \/>\n<meta name=\"twitter:card\" content=\"summary_large_image\" \/>\n<meta name=\"twitter:label1\" content=\"Scritto da\" \/>\n\t<meta name=\"twitter:data1\" content=\"Silvia\" \/>\n\t<meta name=\"twitter:label2\" content=\"Tempo di lettura stimato\" \/>\n\t<meta name=\"twitter:data2\" content=\"2 minuti\" \/>\n<script type=\"application\/ld+json\" class=\"yoast-schema-graph\">{\"@context\":\"https:\/\/schema.org\",\"@graph\":[{\"@type\":\"WebPage\",\"@id\":\"https:\/\/euricse.eu\/it\/lamministrazione-condivisa-per-leconomia-sociale\/\",\"url\":\"https:\/\/euricse.eu\/it\/lamministrazione-condivisa-per-leconomia-sociale\/\",\"name\":\"L\u2019amministrazione condivisa per l\u2019economia sociale - Euricse\",\"isPartOf\":{\"@id\":\"https:\/\/euricse.eu\/en\/#website\"},\"primaryImageOfPage\":{\"@id\":\"https:\/\/euricse.eu\/it\/lamministrazione-condivisa-per-leconomia-sociale\/#primaryimage\"},\"image\":{\"@id\":\"https:\/\/euricse.eu\/it\/lamministrazione-condivisa-per-leconomia-sociale\/#primaryimage\"},\"thumbnailUrl\":\"https:\/\/euricse.eu\/wp-content\/uploads\/2023\/04\/Bologna-welfare-.jpg\",\"datePublished\":\"2023-04-20T13:59:29+00:00\",\"dateModified\":\"2023-04-20T14:41:57+00:00\",\"author\":{\"@id\":\"https:\/\/euricse.eu\/en\/#\/schema\/person\/a5b25693531e3458dfedff34c273ba14\"},\"description\":\"La ricerca di Euricse sul welfare collaborativo \u00e8 al centro del seminario sull'amministrazione condivisa per l'economia sociale, in programma a Bologna l'8 maggio.\",\"breadcrumb\":{\"@id\":\"https:\/\/euricse.eu\/it\/lamministrazione-condivisa-per-leconomia-sociale\/#breadcrumb\"},\"inLanguage\":\"it-IT\",\"potentialAction\":[{\"@type\":\"ReadAction\",\"target\":[\"https:\/\/euricse.eu\/it\/lamministrazione-condivisa-per-leconomia-sociale\/\"]}]},{\"@type\":\"ImageObject\",\"inLanguage\":\"it-IT\",\"@id\":\"https:\/\/euricse.eu\/it\/lamministrazione-condivisa-per-leconomia-sociale\/#primaryimage\",\"url\":\"https:\/\/euricse.eu\/wp-content\/uploads\/2023\/04\/Bologna-welfare-.jpg\",\"contentUrl\":\"https:\/\/euricse.eu\/wp-content\/uploads\/2023\/04\/Bologna-welfare-.jpg\",\"width\":666,\"height\":872},{\"@type\":\"BreadcrumbList\",\"@id\":\"https:\/\/euricse.eu\/it\/lamministrazione-condivisa-per-leconomia-sociale\/#breadcrumb\",\"itemListElement\":[{\"@type\":\"ListItem\",\"position\":1,\"name\":\"Home\",\"item\":\"https:\/\/euricse.eu\/it\/\"},{\"@type\":\"ListItem\",\"position\":2,\"name\":\"L\u2019amministrazione condivisa per l\u2019economia sociale\"}]},{\"@type\":\"WebSite\",\"@id\":\"https:\/\/euricse.eu\/en\/#website\",\"url\":\"https:\/\/euricse.eu\/en\/\",\"name\":\"Euricse\",\"description\":\"Knowledge and innovation for cooperative and social enterprises.\",\"potentialAction\":[{\"@type\":\"SearchAction\",\"target\":{\"@type\":\"EntryPoint\",\"urlTemplate\":\"https:\/\/euricse.eu\/en\/?s={search_term_string}\"},\"query-input\":{\"@type\":\"PropertyValueSpecification\",\"valueRequired\":true,\"valueName\":\"search_term_string\"}}],\"inLanguage\":\"it-IT\"},{\"@type\":\"Person\",\"@id\":\"https:\/\/euricse.eu\/en\/#\/schema\/person\/a5b25693531e3458dfedff34c273ba14\",\"name\":\"Silvia\",\"image\":{\"@type\":\"ImageObject\",\"inLanguage\":\"it-IT\",\"@id\":\"https:\/\/euricse.eu\/en\/#\/schema\/person\/image\/\",\"url\":\"https:\/\/secure.gravatar.com\/avatar\/3cef1082b65edc85f1a4c0caa7ce4808f397a517b7217eab6215fe435640f8f7?s=96&d=mm&r=g\",\"contentUrl\":\"https:\/\/secure.gravatar.com\/avatar\/3cef1082b65edc85f1a4c0caa7ce4808f397a517b7217eab6215fe435640f8f7?s=96&d=mm&r=g\",\"caption\":\"Silvia\"},\"url\":\"https:\/\/euricse.eu\/it\/author\/silvia\/\"}]}<\/script>\n<!-- \/ Yoast SEO plugin. -->","yoast_head_json":{"title":"L\u2019amministrazione condivisa per l\u2019economia sociale - Euricse","description":"La ricerca di Euricse sul welfare collaborativo \u00e8 al centro del seminario sull'amministrazione condivisa per l'economia sociale, in programma a Bologna l'8 maggio.","robots":{"index":"index","follow":"follow","max-snippet":"max-snippet:-1","max-image-preview":"max-image-preview:large","max-video-preview":"max-video-preview:-1"},"canonical":"https:\/\/euricse.eu\/it\/lamministrazione-condivisa-per-leconomia-sociale\/","og_locale":"it_IT","og_type":"article","og_title":"L\u2019amministrazione condivisa per l\u2019economia sociale - Euricse","og_description":"La ricerca di Euricse sul welfare collaborativo \u00e8 al centro del seminario sull'amministrazione condivisa per l'economia sociale, in programma a Bologna l'8 maggio.","og_url":"https:\/\/euricse.eu\/it\/lamministrazione-condivisa-per-leconomia-sociale\/","og_site_name":"Euricse","article_published_time":"2023-04-20T13:59:29+00:00","article_modified_time":"2023-04-20T14:41:57+00:00","og_image":[{"width":666,"height":872,"url":"https:\/\/euricse.eu\/wp-content\/uploads\/2023\/04\/Bologna-welfare-.jpg","type":"image\/jpeg"}],"author":"Silvia","twitter_card":"summary_large_image","twitter_misc":{"Scritto da":"Silvia","Tempo di lettura stimato":"2 minuti"},"schema":{"@context":"https:\/\/schema.org","@graph":[{"@type":"WebPage","@id":"https:\/\/euricse.eu\/it\/lamministrazione-condivisa-per-leconomia-sociale\/","url":"https:\/\/euricse.eu\/it\/lamministrazione-condivisa-per-leconomia-sociale\/","name":"L\u2019amministrazione condivisa per l\u2019economia sociale - Euricse","isPartOf":{"@id":"https:\/\/euricse.eu\/en\/#website"},"primaryImageOfPage":{"@id":"https:\/\/euricse.eu\/it\/lamministrazione-condivisa-per-leconomia-sociale\/#primaryimage"},"image":{"@id":"https:\/\/euricse.eu\/it\/lamministrazione-condivisa-per-leconomia-sociale\/#primaryimage"},"thumbnailUrl":"https:\/\/euricse.eu\/wp-content\/uploads\/2023\/04\/Bologna-welfare-.jpg","datePublished":"2023-04-20T13:59:29+00:00","dateModified":"2023-04-20T14:41:57+00:00","author":{"@id":"https:\/\/euricse.eu\/en\/#\/schema\/person\/a5b25693531e3458dfedff34c273ba14"},"description":"La ricerca di Euricse sul welfare collaborativo \u00e8 al centro del seminario sull'amministrazione condivisa per l'economia sociale, in programma a Bologna l'8 maggio.","breadcrumb":{"@id":"https:\/\/euricse.eu\/it\/lamministrazione-condivisa-per-leconomia-sociale\/#breadcrumb"},"inLanguage":"it-IT","potentialAction":[{"@type":"ReadAction","target":["https:\/\/euricse.eu\/it\/lamministrazione-condivisa-per-leconomia-sociale\/"]}]},{"@type":"ImageObject","inLanguage":"it-IT","@id":"https:\/\/euricse.eu\/it\/lamministrazione-condivisa-per-leconomia-sociale\/#primaryimage","url":"https:\/\/euricse.eu\/wp-content\/uploads\/2023\/04\/Bologna-welfare-.jpg","contentUrl":"https:\/\/euricse.eu\/wp-content\/uploads\/2023\/04\/Bologna-welfare-.jpg","width":666,"height":872},{"@type":"BreadcrumbList","@id":"https:\/\/euricse.eu\/it\/lamministrazione-condivisa-per-leconomia-sociale\/#breadcrumb","itemListElement":[{"@type":"ListItem","position":1,"name":"Home","item":"https:\/\/euricse.eu\/it\/"},{"@type":"ListItem","position":2,"name":"L\u2019amministrazione condivisa per l\u2019economia sociale"}]},{"@type":"WebSite","@id":"https:\/\/euricse.eu\/en\/#website","url":"https:\/\/euricse.eu\/en\/","name":"Euricse","description":"Knowledge and innovation for cooperative and social enterprises.","potentialAction":[{"@type":"SearchAction","target":{"@type":"EntryPoint","urlTemplate":"https:\/\/euricse.eu\/en\/?s={search_term_string}"},"query-input":{"@type":"PropertyValueSpecification","valueRequired":true,"valueName":"search_term_string"}}],"inLanguage":"it-IT"},{"@type":"Person","@id":"https:\/\/euricse.eu\/en\/#\/schema\/person\/a5b25693531e3458dfedff34c273ba14","name":"Silvia","image":{"@type":"ImageObject","inLanguage":"it-IT","@id":"https:\/\/euricse.eu\/en\/#\/schema\/person\/image\/","url":"https:\/\/secure.gravatar.com\/avatar\/3cef1082b65edc85f1a4c0caa7ce4808f397a517b7217eab6215fe435640f8f7?s=96&d=mm&r=g","contentUrl":"https:\/\/secure.gravatar.com\/avatar\/3cef1082b65edc85f1a4c0caa7ce4808f397a517b7217eab6215fe435640f8f7?s=96&d=mm&r=g","caption":"Silvia"},"url":"https:\/\/euricse.eu\/it\/author\/silvia\/"}]}},"_links":{"self":[{"href":"https:\/\/euricse.eu\/it\/wp-json\/wp\/v2\/posts\/18990","targetHints":{"allow":["GET"]}}],"collection":[{"href":"https:\/\/euricse.eu\/it\/wp-json\/wp\/v2\/posts"}],"about":[{"href":"https:\/\/euricse.eu\/it\/wp-json\/wp\/v2\/types\/post"}],"author":[{"embeddable":true,"href":"https:\/\/euricse.eu\/it\/wp-json\/wp\/v2\/users\/32"}],"replies":[{"embeddable":true,"href":"https:\/\/euricse.eu\/it\/wp-json\/wp\/v2\/comments?post=18990"}],"version-history":[{"count":1,"href":"https:\/\/euricse.eu\/it\/wp-json\/wp\/v2\/posts\/18990\/revisions"}],"predecessor-version":[{"id":19000,"href":"https:\/\/euricse.eu\/it\/wp-json\/wp\/v2\/posts\/18990\/revisions\/19000"}],"wp:featuredmedia":[{"embeddable":true,"href":"https:\/\/euricse.eu\/it\/wp-json\/wp\/v2\/media\/18994"}],"wp:attachment":[{"href":"https:\/\/euricse.eu\/it\/wp-json\/wp\/v2\/media?parent=18990"}],"wp:term":[{"taxonomy":"category","embeddable":true,"href":"https:\/\/euricse.eu\/it\/wp-json\/wp\/v2\/categories?post=18990"},{"taxonomy":"post_tag","embeddable":true,"href":"https:\/\/euricse.eu\/it\/wp-json\/wp\/v2\/tags?post=18990"}],"curies":[{"name":"wp","href":"https:\/\/api.w.org\/{rel}","templated":true}]}}