{"id":19239,"date":"2023-05-17T13:39:04","date_gmt":"2023-05-17T12:39:04","guid":{"rendered":"https:\/\/euricse.eu\/?p=19239"},"modified":"2023-05-17T13:47:11","modified_gmt":"2023-05-17T12:47:11","slug":"euricse-e-fondazione-caritro-azioni-comuni-per-il-terzo-settore-2","status":"publish","type":"post","link":"https:\/\/euricse.eu\/it\/euricse-e-fondazione-caritro-azioni-comuni-per-il-terzo-settore-2\/","title":{"rendered":"Euricse e Fondazione Caritro: azioni comuni per il Terzo Settore"},"content":{"rendered":"<p>L&#8217;accordo siglato tra l&#8217;Istituto di ricerca e la Fondazione Cassa di Risparmio di Trento e Rovereto rappresenta un importante impegno per la promozione e la crescita del Terzo Settore e dell&#8217;imprenditorialit\u00e0 sociale nel territorio trentino. L\u2019intesa, che ha una durata di tre anni, rafforza e amplia la collaborazione gi\u00e0 da tempo avviata tra le due organizzazioni, creando nuove opportunit\u00e0 per gli enti mirate all\u2019inserimento lavorativo dei giovani ed alla promozione del benessere della comunit\u00e0 attraverso progetti di sviluppo sostenibile.<\/p>\n<p>La partnership tra <strong>Euricse<\/strong>, l&#8217;Istituto europeo di ricerca sulle cooperative e imprese sociali, e la <strong>Fondazione Cassa di Risparmio di Trento e Rovereto<\/strong> (Fondazione Caritro) rinnova le intese gi\u00e0 assunte in precedenza, ma con un obiettivo in pi\u00f9: promuovere e favorire il Terzo Settore e l&#8217;imprenditorialit\u00e0 sociale nel territorio trentino. Euricse, grazie alla sua vasta esperienza nello studio del Terzo Settore e delle imprese cooperative e sociali, fornir\u00e0 supporto e consulenza strategica alla Fondazione Caritro per la pianificazione di progetti di sviluppo e di iniziative destinate al Terzo Settore. Un aspetto di particolare importanza nell&#8217;ambito di questa collaborazione sar\u00e0 il focus sull&#8217;acquisizione di competenze per migliorare le <strong>opportunit\u00e0 di lavoro<\/strong> dei giovani laureati nella <strong>gestione delle imprese sociali<\/strong>.<\/p>\n<p>La convenzione firmata dal presidente di Euricse <strong>Mario Diani<\/strong> e da <strong>Carlo Sch\u00f6nsberg<\/strong>, presidente del Consiglio di gestione della Fondazione, si propone di promuovere <strong>progetti di sviluppo sostenibile<\/strong> con logiche di <strong>innovazione sociale<\/strong> e di <strong>comunit\u00e0 intraprendenti<\/strong>. Ci\u00f2 significa che le iniziative promosse dalle due organizzazioni avranno un&#8217;attenzione speciale verso l&#8217;impatto sociale, ambientale ed economico a lungo termine. L&#8217;obiettivo sar\u00e0 quello di creare soluzioni innovative e sostenibili per affrontare le sfide attuali, contribuendo cos\u00ec al progresso e al benessere della comunit\u00e0 trentina.<\/p>\n<p>Durante il periodo di collaborazione, che si protrarr\u00e0 fino al 2026, Euricse e la Fondazione Caritro lavoreranno insieme per redigere un <strong>documento operativo condiviso<\/strong>. Annualmente, saranno stabilite le iniziative specifiche e gli obiettivi da raggiungere nell&#8217;anno in corso, fornendo una guida chiara sulle azioni da intraprendere e sui risultati attesi. In questo modo, entrambe le organizzazioni avranno una visione chiara delle attivit\u00e0 da svolgere e potranno monitorare i progressi raggiunti nel tempo.<\/p>\n<p>\u00abCi fa molto piacere formalizzare e dare nuova sostanza con questo Accordo di collaborazione istituzionale al rapporto che dalla nostra nascita ci lega a Fondazione Caritro. Oltre che essere Membro Fondatore di Euricse, infatti, la Fondazione ha sempre sostenuto parti importanti della nostra attivit\u00e0, a partire dal Master in Gestione di Imprese Sociali. \u00c8 anche grazie al suo supporto che Euricse ha maturato negli anni le competenze che ora possono essere messe a servizio del Terzo settore trentino. Questo Accordo rappresenta quindi anche un impegno per il nostro territorio, che deriva dalla condivisione di obiettivi e strategie per il sostegno all\u2019economia sociale su cui Euricse e Fondazione Caritro operano in sintonia\u00bb ha detto <strong>Riccardo Bodini, direttore di Euricse<\/strong>.<\/p>\n<p>Cos\u00ec <strong>Anita Penati<\/strong>, <strong>direttrice di Fondazione Caritro<\/strong>, ha commentato: \u00abLa firma dell\u2019accordo di collaborazione triennale con Euricse testimonia l\u2019impegno condiviso e l\u2019unione delle forze a favore degli Enti del Terzo Settore, con un nuovo approccio di facilitazione delle capacit\u00e0 di progettazione, offrendo anche opportunit\u00e0 di approfondimento tematico o percorsi di sviluppo delle capacit\u00e0 di progettare. In linea con questa nuova modalit\u00e0 la Fondazione ed Euricse svilupperanno un percorso di accompagnamento per lo sviluppo strategico ed organizzativo per gli enti di terzo settore che agiscono nell\u2019ambito della cultura e del sociale, con crescenti livelli di esperienza, di maturit\u00e0 organizzativa ed ambizioni di professionalit\u00e0\u00bb.<\/p>\n<p>&nbsp;<\/p>\n<p>&nbsp;<\/p>\n<p><em>Nell&#8217;immagine: la &#8220;stretta di mano&#8221; tra i due direttori Anita Penati (Fondazione Caritro) e Riccardo Bodini (Euricse)<\/em><\/p>\n","protected":false},"excerpt":{"rendered":"<p>L&#8217;accordo siglato tra Euricse e la Fondazione Caritro rappresenta un importante impegno per la promozione e la crescita del Terzo Settore e dell&#8217;imprenditorialit\u00e0 sociale nel territorio trentino.<\/p>\n","protected":false},"author":32,"featured_media":19243,"comment_status":"closed","ping_status":"closed","sticky":false,"template":"","format":"standard","meta":{"_acf_changed":false,"episode_type":"","audio_file":"","cover_image":"","cover_image_id":"","duration":"","filesize":"","date_recorded":"","explicit":"","block":"","itunes_episode_number":"","itunes_title":"","itunes_season_number":"","itunes_episode_type":"","filesize_raw":"","footnotes":""},"categories":[17],"tags":[280,1193,1194],"class_list":["post-19239","post","type-post","status-publish","format-standard","has-post-thumbnail","hentry","category-news-it","tag-terzo-settore","tag-partnership","tag-caritro-it"],"acf":[],"yoast_head":"<!-- This site is optimized with the Yoast SEO plugin v26.1.1 - https:\/\/yoast.com\/wordpress\/plugins\/seo\/ -->\n<title>Euricse e Fondazione Caritro: azioni comuni per il Terzo Settore - Euricse<\/title>\n<meta name=\"description\" content=\"L&#039;accordo siglato tra Euricse e la Fondazione Caritro rappresenta un importante impegno per la promozione e la crescita del Terzo Settore e dell&#039;imprenditorialit\u00e0 sociale nel territorio trentino.\" \/>\n<meta name=\"robots\" content=\"index, follow, max-snippet:-1, max-image-preview:large, max-video-preview:-1\" \/>\n<link rel=\"canonical\" href=\"https:\/\/euricse.eu\/it\/euricse-e-fondazione-caritro-azioni-comuni-per-il-terzo-settore-2\/\" \/>\n<meta property=\"og:locale\" content=\"it_IT\" \/>\n<meta property=\"og:type\" content=\"article\" \/>\n<meta property=\"og:title\" content=\"Euricse e Fondazione Caritro: azioni comuni per il Terzo Settore - Euricse\" \/>\n<meta property=\"og:description\" content=\"L&#039;accordo siglato tra Euricse e la Fondazione Caritro rappresenta un importante impegno per la promozione e la crescita del Terzo Settore e dell&#039;imprenditorialit\u00e0 sociale nel territorio trentino.\" \/>\n<meta property=\"og:url\" content=\"https:\/\/euricse.eu\/it\/euricse-e-fondazione-caritro-azioni-comuni-per-il-terzo-settore-2\/\" \/>\n<meta property=\"og:site_name\" content=\"Euricse\" \/>\n<meta property=\"article:published_time\" content=\"2023-05-17T12:39:04+00:00\" \/>\n<meta property=\"article:modified_time\" content=\"2023-05-17T12:47:11+00:00\" \/>\n<meta property=\"og:image\" content=\"https:\/\/euricse.eu\/wp-content\/uploads\/2023\/05\/Ricccardo-e-Anita-scaled.jpeg\" \/>\n\t<meta property=\"og:image:width\" content=\"2560\" \/>\n\t<meta property=\"og:image:height\" content=\"1920\" \/>\n\t<meta property=\"og:image:type\" content=\"image\/jpeg\" \/>\n<meta name=\"author\" content=\"Silvia\" \/>\n<meta name=\"twitter:card\" content=\"summary_large_image\" \/>\n<meta name=\"twitter:label1\" content=\"Scritto da\" \/>\n\t<meta name=\"twitter:data1\" content=\"Silvia\" \/>\n\t<meta name=\"twitter:label2\" content=\"Tempo di lettura stimato\" \/>\n\t<meta name=\"twitter:data2\" content=\"4 minuti\" \/>\n<script type=\"application\/ld+json\" class=\"yoast-schema-graph\">{\"@context\":\"https:\/\/schema.org\",\"@graph\":[{\"@type\":\"WebPage\",\"@id\":\"https:\/\/euricse.eu\/it\/euricse-e-fondazione-caritro-azioni-comuni-per-il-terzo-settore-2\/\",\"url\":\"https:\/\/euricse.eu\/it\/euricse-e-fondazione-caritro-azioni-comuni-per-il-terzo-settore-2\/\",\"name\":\"Euricse e Fondazione Caritro: azioni comuni per il Terzo Settore - Euricse\",\"isPartOf\":{\"@id\":\"https:\/\/euricse.eu\/en\/#website\"},\"primaryImageOfPage\":{\"@id\":\"https:\/\/euricse.eu\/it\/euricse-e-fondazione-caritro-azioni-comuni-per-il-terzo-settore-2\/#primaryimage\"},\"image\":{\"@id\":\"https:\/\/euricse.eu\/it\/euricse-e-fondazione-caritro-azioni-comuni-per-il-terzo-settore-2\/#primaryimage\"},\"thumbnailUrl\":\"https:\/\/euricse.eu\/wp-content\/uploads\/2023\/05\/Ricccardo-e-Anita-scaled.jpeg\",\"datePublished\":\"2023-05-17T12:39:04+00:00\",\"dateModified\":\"2023-05-17T12:47:11+00:00\",\"author\":{\"@id\":\"https:\/\/euricse.eu\/en\/#\/schema\/person\/a5b25693531e3458dfedff34c273ba14\"},\"description\":\"L'accordo siglato tra Euricse e la Fondazione Caritro rappresenta un importante impegno per la promozione e la crescita del Terzo Settore e dell'imprenditorialit\u00e0 sociale nel territorio trentino.\",\"breadcrumb\":{\"@id\":\"https:\/\/euricse.eu\/it\/euricse-e-fondazione-caritro-azioni-comuni-per-il-terzo-settore-2\/#breadcrumb\"},\"inLanguage\":\"it-IT\",\"potentialAction\":[{\"@type\":\"ReadAction\",\"target\":[\"https:\/\/euricse.eu\/it\/euricse-e-fondazione-caritro-azioni-comuni-per-il-terzo-settore-2\/\"]}]},{\"@type\":\"ImageObject\",\"inLanguage\":\"it-IT\",\"@id\":\"https:\/\/euricse.eu\/it\/euricse-e-fondazione-caritro-azioni-comuni-per-il-terzo-settore-2\/#primaryimage\",\"url\":\"https:\/\/euricse.eu\/wp-content\/uploads\/2023\/05\/Ricccardo-e-Anita-scaled.jpeg\",\"contentUrl\":\"https:\/\/euricse.eu\/wp-content\/uploads\/2023\/05\/Ricccardo-e-Anita-scaled.jpeg\",\"width\":2560,\"height\":1920},{\"@type\":\"BreadcrumbList\",\"@id\":\"https:\/\/euricse.eu\/it\/euricse-e-fondazione-caritro-azioni-comuni-per-il-terzo-settore-2\/#breadcrumb\",\"itemListElement\":[{\"@type\":\"ListItem\",\"position\":1,\"name\":\"Home\",\"item\":\"https:\/\/euricse.eu\/it\/\"},{\"@type\":\"ListItem\",\"position\":2,\"name\":\"Euricse e Fondazione Caritro: azioni comuni per il Terzo Settore\"}]},{\"@type\":\"WebSite\",\"@id\":\"https:\/\/euricse.eu\/en\/#website\",\"url\":\"https:\/\/euricse.eu\/en\/\",\"name\":\"Euricse\",\"description\":\"Knowledge and innovation for cooperative and social enterprises.\",\"potentialAction\":[{\"@type\":\"SearchAction\",\"target\":{\"@type\":\"EntryPoint\",\"urlTemplate\":\"https:\/\/euricse.eu\/en\/?s={search_term_string}\"},\"query-input\":{\"@type\":\"PropertyValueSpecification\",\"valueRequired\":true,\"valueName\":\"search_term_string\"}}],\"inLanguage\":\"it-IT\"},{\"@type\":\"Person\",\"@id\":\"https:\/\/euricse.eu\/en\/#\/schema\/person\/a5b25693531e3458dfedff34c273ba14\",\"name\":\"Silvia\",\"image\":{\"@type\":\"ImageObject\",\"inLanguage\":\"it-IT\",\"@id\":\"https:\/\/euricse.eu\/en\/#\/schema\/person\/image\/\",\"url\":\"https:\/\/secure.gravatar.com\/avatar\/3cef1082b65edc85f1a4c0caa7ce4808f397a517b7217eab6215fe435640f8f7?s=96&d=mm&r=g\",\"contentUrl\":\"https:\/\/secure.gravatar.com\/avatar\/3cef1082b65edc85f1a4c0caa7ce4808f397a517b7217eab6215fe435640f8f7?s=96&d=mm&r=g\",\"caption\":\"Silvia\"},\"url\":\"https:\/\/euricse.eu\/it\/author\/silvia\/\"}]}<\/script>\n<!-- \/ Yoast SEO plugin. -->","yoast_head_json":{"title":"Euricse e Fondazione Caritro: azioni comuni per il Terzo Settore - Euricse","description":"L'accordo siglato tra Euricse e la Fondazione Caritro rappresenta un importante impegno per la promozione e la crescita del Terzo Settore e dell'imprenditorialit\u00e0 sociale nel territorio trentino.","robots":{"index":"index","follow":"follow","max-snippet":"max-snippet:-1","max-image-preview":"max-image-preview:large","max-video-preview":"max-video-preview:-1"},"canonical":"https:\/\/euricse.eu\/it\/euricse-e-fondazione-caritro-azioni-comuni-per-il-terzo-settore-2\/","og_locale":"it_IT","og_type":"article","og_title":"Euricse e Fondazione Caritro: azioni comuni per il Terzo Settore - Euricse","og_description":"L'accordo siglato tra Euricse e la Fondazione Caritro rappresenta un importante impegno per la promozione e la crescita del Terzo Settore e dell'imprenditorialit\u00e0 sociale nel territorio trentino.","og_url":"https:\/\/euricse.eu\/it\/euricse-e-fondazione-caritro-azioni-comuni-per-il-terzo-settore-2\/","og_site_name":"Euricse","article_published_time":"2023-05-17T12:39:04+00:00","article_modified_time":"2023-05-17T12:47:11+00:00","og_image":[{"width":2560,"height":1920,"url":"https:\/\/euricse.eu\/wp-content\/uploads\/2023\/05\/Ricccardo-e-Anita-scaled.jpeg","type":"image\/jpeg"}],"author":"Silvia","twitter_card":"summary_large_image","twitter_misc":{"Scritto da":"Silvia","Tempo di lettura stimato":"4 minuti"},"schema":{"@context":"https:\/\/schema.org","@graph":[{"@type":"WebPage","@id":"https:\/\/euricse.eu\/it\/euricse-e-fondazione-caritro-azioni-comuni-per-il-terzo-settore-2\/","url":"https:\/\/euricse.eu\/it\/euricse-e-fondazione-caritro-azioni-comuni-per-il-terzo-settore-2\/","name":"Euricse e Fondazione Caritro: azioni comuni per il Terzo Settore - Euricse","isPartOf":{"@id":"https:\/\/euricse.eu\/en\/#website"},"primaryImageOfPage":{"@id":"https:\/\/euricse.eu\/it\/euricse-e-fondazione-caritro-azioni-comuni-per-il-terzo-settore-2\/#primaryimage"},"image":{"@id":"https:\/\/euricse.eu\/it\/euricse-e-fondazione-caritro-azioni-comuni-per-il-terzo-settore-2\/#primaryimage"},"thumbnailUrl":"https:\/\/euricse.eu\/wp-content\/uploads\/2023\/05\/Ricccardo-e-Anita-scaled.jpeg","datePublished":"2023-05-17T12:39:04+00:00","dateModified":"2023-05-17T12:47:11+00:00","author":{"@id":"https:\/\/euricse.eu\/en\/#\/schema\/person\/a5b25693531e3458dfedff34c273ba14"},"description":"L'accordo siglato tra Euricse e la Fondazione Caritro rappresenta un importante impegno per la promozione e la crescita del Terzo Settore e dell'imprenditorialit\u00e0 sociale nel territorio trentino.","breadcrumb":{"@id":"https:\/\/euricse.eu\/it\/euricse-e-fondazione-caritro-azioni-comuni-per-il-terzo-settore-2\/#breadcrumb"},"inLanguage":"it-IT","potentialAction":[{"@type":"ReadAction","target":["https:\/\/euricse.eu\/it\/euricse-e-fondazione-caritro-azioni-comuni-per-il-terzo-settore-2\/"]}]},{"@type":"ImageObject","inLanguage":"it-IT","@id":"https:\/\/euricse.eu\/it\/euricse-e-fondazione-caritro-azioni-comuni-per-il-terzo-settore-2\/#primaryimage","url":"https:\/\/euricse.eu\/wp-content\/uploads\/2023\/05\/Ricccardo-e-Anita-scaled.jpeg","contentUrl":"https:\/\/euricse.eu\/wp-content\/uploads\/2023\/05\/Ricccardo-e-Anita-scaled.jpeg","width":2560,"height":1920},{"@type":"BreadcrumbList","@id":"https:\/\/euricse.eu\/it\/euricse-e-fondazione-caritro-azioni-comuni-per-il-terzo-settore-2\/#breadcrumb","itemListElement":[{"@type":"ListItem","position":1,"name":"Home","item":"https:\/\/euricse.eu\/it\/"},{"@type":"ListItem","position":2,"name":"Euricse e Fondazione Caritro: azioni comuni per il Terzo Settore"}]},{"@type":"WebSite","@id":"https:\/\/euricse.eu\/en\/#website","url":"https:\/\/euricse.eu\/en\/","name":"Euricse","description":"Knowledge and innovation for cooperative and social enterprises.","potentialAction":[{"@type":"SearchAction","target":{"@type":"EntryPoint","urlTemplate":"https:\/\/euricse.eu\/en\/?s={search_term_string}"},"query-input":{"@type":"PropertyValueSpecification","valueRequired":true,"valueName":"search_term_string"}}],"inLanguage":"it-IT"},{"@type":"Person","@id":"https:\/\/euricse.eu\/en\/#\/schema\/person\/a5b25693531e3458dfedff34c273ba14","name":"Silvia","image":{"@type":"ImageObject","inLanguage":"it-IT","@id":"https:\/\/euricse.eu\/en\/#\/schema\/person\/image\/","url":"https:\/\/secure.gravatar.com\/avatar\/3cef1082b65edc85f1a4c0caa7ce4808f397a517b7217eab6215fe435640f8f7?s=96&d=mm&r=g","contentUrl":"https:\/\/secure.gravatar.com\/avatar\/3cef1082b65edc85f1a4c0caa7ce4808f397a517b7217eab6215fe435640f8f7?s=96&d=mm&r=g","caption":"Silvia"},"url":"https:\/\/euricse.eu\/it\/author\/silvia\/"}]}},"_links":{"self":[{"href":"https:\/\/euricse.eu\/it\/wp-json\/wp\/v2\/posts\/19239","targetHints":{"allow":["GET"]}}],"collection":[{"href":"https:\/\/euricse.eu\/it\/wp-json\/wp\/v2\/posts"}],"about":[{"href":"https:\/\/euricse.eu\/it\/wp-json\/wp\/v2\/types\/post"}],"author":[{"embeddable":true,"href":"https:\/\/euricse.eu\/it\/wp-json\/wp\/v2\/users\/32"}],"replies":[{"embeddable":true,"href":"https:\/\/euricse.eu\/it\/wp-json\/wp\/v2\/comments?post=19239"}],"version-history":[{"count":2,"href":"https:\/\/euricse.eu\/it\/wp-json\/wp\/v2\/posts\/19239\/revisions"}],"predecessor-version":[{"id":19245,"href":"https:\/\/euricse.eu\/it\/wp-json\/wp\/v2\/posts\/19239\/revisions\/19245"}],"wp:featuredmedia":[{"embeddable":true,"href":"https:\/\/euricse.eu\/it\/wp-json\/wp\/v2\/media\/19243"}],"wp:attachment":[{"href":"https:\/\/euricse.eu\/it\/wp-json\/wp\/v2\/media?parent=19239"}],"wp:term":[{"taxonomy":"category","embeddable":true,"href":"https:\/\/euricse.eu\/it\/wp-json\/wp\/v2\/categories?post=19239"},{"taxonomy":"post_tag","embeddable":true,"href":"https:\/\/euricse.eu\/it\/wp-json\/wp\/v2\/tags?post=19239"}],"curies":[{"name":"wp","href":"https:\/\/api.w.org\/{rel}","templated":true}]}}